{"id":1015,"date":"2014-02-13T10:54:45","date_gmt":"2014-02-13T09:54:45","guid":{"rendered":"http:\/\/deportesycomunicacion.com\/?p=1015"},"modified":"2014-02-13T10:54:45","modified_gmt":"2014-02-13T09:54:45","slug":"el-lado-oscuro-del-futbol","status":"publish","type":"post","link":"https:\/\/deportesycomunicacion.com\/?p=1015","title":{"rendered":"Bienvenidos al lado oscuro&#8230;"},"content":{"rendered":"<p style=\"text-align: justify;\">El 19 de abril tenemos servido el en\u00e9simo enfrentamiento Real Madrid &#8211; FC Barcelona, con la Copa del Rey en juego. Pasi\u00f3n y cansancio a raudales, en un cl\u00e1sico que a veces ya es demasido cl\u00e1sico&#8230; El Madrid pas\u00f3 como una apisonadora sobre el Atl\u00e9tico y el Bar\u00e7a dobleg\u00f3, de forma mucho m\u00e1s discreta, a la Real Sociedad. Final 100% atractiva pero te\u00f1ida siempre por la misma sombra&#8230;<\/p>\n<p style=\"text-align: justify;\">Como dijo Mourinho en su c\u00e9lebre rueda de prensa: <a title=\"Rueda prensa Mourinho\" href=\"http:\/\/www.youtube.com\/watch?v=5v4xuFpWQg0\" target=\"_blank\"><strong>\u00ab\u00bf\u00bf\u00bfPor qu\u00e9, por qu\u00e9, por qu\u00e9???\u00bb<\/strong><\/a>. \u00bfPor qu\u00e9 los descerebrados acaban siendo siempre noticia? \u00bfPor qu\u00e9 hay tanta violencia contenida en los aficionados al f\u00fatbol? \u00bfPor qu\u00e9 insultamos tanto en los estadios? \u00bfPorqu\u00e9 usamos el deporte para desfogarnos? \u00bfPor qu\u00e9 no nos conformamos disfrutando con nuestro equipo y nos encanta descalificar al rival? \u00bfPor qu\u00e9 polemizamos, discutimos y descalificamos tanto en discusiones alrededor del f\u00fatbol?<\/p>\n<p style=\"text-align: justify;\">El lado oscuro ti\u00f1e constantemente un deporte que deber\u00eda sencillamente divertir y transmitir otros valores: deportividad, honestidad, esfuerzo y juego limpio. Una lecci\u00f3n que nos dio en 1997 el jugador del Liverpool Robbie Fowler (diciendo que no hab\u00eda sido objeto de un <a title=\"Penalty Robbie Fowler Liverpool - Arsenal\" href=\"http:\/\/www.youtube.com\/watch?v=ZUrcX6kpkU0\" target=\"_blank\"><strong>penalty<\/strong><\/a> pitado por el \u00e1rbitro equivocadamente). De momento aqu\u00ed vamos dando lecciones de pobreza, esta vez en forma de un\u00a0<a title=\"Incidente Atl\u00e9tico - Real Madrid\" href=\"http:\/\/www.elmundo.es\/deportes\/2014\/02\/11\/52fa937e22601db0018b4581.html\" target=\"_blank\"><strong>mechero<\/strong><\/a> que impact\u00f3 en la cabeza de <strong>Cristiano Ronaldo<\/strong>, lanzado desde la grada. Mucha pobreza para un deporte que mueve tanto dinero y a la vez genera tantas bajas pasiones y <strong>violencia<\/strong>&#8230;<\/p>\n<p style=\"text-align: justify;\"><strong>\u00bfConsideras normal desfogar tus tensiones en los estadios de f\u00fatbol? \u00bfEntiendes que pasi\u00f3n y violencia no van re\u00f1idas en ocasiones? \u00bfO eres de los que simplemente disfruta del espect\u00e1culo, como si se tratara de una pel\u00edcula, una obra de teatro o un libro?<\/strong><\/p>\n<p>photo credit: <a href=\"http:\/\/www.flickr.com\/photos\/legofenris\/5426012042\/\">leg0fenris<\/a> via <a href=\"http:\/\/photopin.com\">photopin<\/a> <a href=\"http:\/\/creativecommons.org\/licenses\/by-nc-nd\/2.0\/\">cc<\/a><\/p>\n","protected":false},"excerpt":{"rendered":"<p>El 19 de abril tenemos servido el en\u00e9simo enfrentamiento Real Madrid &#8211; FC Barcelona, con la &hellip; <a title=\"Bienvenidos al lado oscuro&#8230;\" class=\"hm-read-more\" href=\"https:\/\/deportesycomunicacion.com\/?p=1015\"><span class=\"screen-reader-text\">Bienvenidos al lado oscuro&#8230;<\/span>Leer m\u00e1s<\/a><\/p>\n","protected":false},"author":2,"featured_media":1018,"comment_status":"open","ping_status":"open","sticky":false,"template":"","format":"standard","meta":{"footnotes":""},"categories":[7],"tags":[249,1056,288,228],"class_list":["post-1015","post","type-post","status-publish","format-standard","has-post-thumbnail","hentry","category-futbol","tag-cristiano-ronaldo","tag-futbol","tag-mechero","tag-violencia"],"yoast_head":"<!-- This site is optimized with the Yoast SEO plugin v24.8.1 - https:\/\/yoast.com\/wordpress\/plugins\/seo\/ -->\n<title>Bienvenidos al lado oscuro...<\/title>\n<meta name=\"description\" content=\"El 19 de abril tenemos servido el en\u00e9simo enfrentamiento Real Madrid - FC Barcelona, con la Copa del Rey en juego. Pasi\u00f3n y cansancio a raudales, en un\" \/>\n<meta name=\"robots\" content=\"index, follow, max-snippet:-1, max-image-preview:large, max-video-preview:-1\" \/>\n<link rel=\"canonical\" href=\"https:\/\/deportesycomunicacion.com\/?p=1015\" \/>\n<meta property=\"og:locale\" content=\"es_ES\" \/>\n<meta property=\"og:type\" content=\"article\" \/>\n<meta property=\"og:title\" content=\"Bienvenidos al lado oscuro...\" \/>\n<meta property=\"og:description\" content=\"El 19 de abril tenemos servido el en\u00e9simo enfrentamiento Real Madrid - FC Barcelona, con la Copa del Rey en juego. Pasi\u00f3n y cansancio a raudales, en un\" \/>\n<meta property=\"og:url\" content=\"https:\/\/deportesycomunicacion.com\/?p=1015\" \/>\n<meta property=\"og:site_name\" content=\"Deportes y Comunicaci\u00f3n\" \/>\n<meta property=\"article:publisher\" content=\"https:\/\/www.facebook.com\/ivan.ferrercayuela\" \/>\n<meta property=\"article:published_time\" content=\"2014-02-13T09:54:45+00:00\" \/>\n<meta property=\"og:image\" content=\"https:\/\/deportesycomunicacion.com\/wp-content\/uploads\/2014\/02\/Lado-oscuro.jpg\" \/>\n\t<meta property=\"og:image:width\" content=\"640\" \/>\n\t<meta property=\"og:image:height\" content=\"427\" \/>\n\t<meta property=\"og:image:type\" content=\"image\/jpeg\" \/>\n<meta name=\"author\" content=\"ivanferrer\" \/>\n<meta name=\"twitter:card\" content=\"summary_large_image\" \/>\n<meta name=\"twitter:creator\" content=\"@IFC1976\" \/>\n<meta name=\"twitter:site\" content=\"@IFC1976\" \/>\n<meta name=\"twitter:label1\" content=\"Escrito por\" \/>\n\t<meta name=\"twitter:data1\" content=\"ivanferrer\" \/>\n\t<meta name=\"twitter:label2\" content=\"Tiempo de lectura\" \/>\n\t<meta name=\"twitter:data2\" content=\"2 minutos\" \/>\n<script type=\"application\/ld+json\" class=\"yoast-schema-graph\">{\"@context\":\"https:\/\/schema.org\",\"@graph\":[{\"@type\":\"Article\",\"@id\":\"https:\/\/deportesycomunicacion.com\/?p=1015#article\",\"isPartOf\":{\"@id\":\"https:\/\/deportesycomunicacion.com\/?p=1015\"},\"author\":{\"name\":\"ivanferrer\",\"@id\":\"https:\/\/deportesycomunicacion.com\/#\/schema\/person\/5bd536572b924420557d2db2f98bdd16\"},\"headline\":\"Bienvenidos al lado oscuro&#8230;\",\"datePublished\":\"2014-02-13T09:54:45+00:00\",\"mainEntityOfPage\":{\"@id\":\"https:\/\/deportesycomunicacion.com\/?p=1015\"},\"wordCount\":307,\"commentCount\":0,\"publisher\":{\"@id\":\"https:\/\/deportesycomunicacion.com\/#organization\"},\"image\":{\"@id\":\"https:\/\/deportesycomunicacion.com\/?p=1015#primaryimage\"},\"thumbnailUrl\":\"https:\/\/deportesycomunicacion.com\/wp-content\/uploads\/2014\/02\/Lado-oscuro.jpg\",\"keywords\":[\"CRISTIANO RONALDO\",\"FUTBOL\",\"MECHERO\",\"VIOLENCIA\"],\"articleSection\":[\"FUTBOL\"],\"inLanguage\":\"es\",\"potentialAction\":[{\"@type\":\"CommentAction\",\"name\":\"Comment\",\"target\":[\"https:\/\/deportesycomunicacion.com\/?p=1015#respond\"]}]},{\"@type\":\"WebPage\",\"@id\":\"https:\/\/deportesycomunicacion.com\/?p=1015\",\"url\":\"https:\/\/deportesycomunicacion.com\/?p=1015\",\"name\":\"Bienvenidos al lado oscuro...\",\"isPartOf\":{\"@id\":\"https:\/\/deportesycomunicacion.com\/#website\"},\"primaryImageOfPage\":{\"@id\":\"https:\/\/deportesycomunicacion.com\/?p=1015#primaryimage\"},\"image\":{\"@id\":\"https:\/\/deportesycomunicacion.com\/?p=1015#primaryimage\"},\"thumbnailUrl\":\"https:\/\/deportesycomunicacion.com\/wp-content\/uploads\/2014\/02\/Lado-oscuro.jpg\",\"datePublished\":\"2014-02-13T09:54:45+00:00\",\"description\":\"El 19 de abril tenemos servido el en\u00e9simo enfrentamiento Real Madrid - FC Barcelona, con la Copa del Rey en juego. Pasi\u00f3n y cansancio a raudales, en un\",\"breadcrumb\":{\"@id\":\"https:\/\/deportesycomunicacion.com\/?p=1015#breadcrumb\"},\"inLanguage\":\"es\",\"potentialAction\":[{\"@type\":\"ReadAction\",\"target\":[\"https:\/\/deportesycomunicacion.com\/?p=1015\"]}]},{\"@type\":\"ImageObject\",\"inLanguage\":\"es\",\"@id\":\"https:\/\/deportesycomunicacion.com\/?p=1015#primaryimage\",\"url\":\"https:\/\/deportesycomunicacion.com\/wp-content\/uploads\/2014\/02\/Lado-oscuro.jpg\",\"contentUrl\":\"https:\/\/deportesycomunicacion.com\/wp-content\/uploads\/2014\/02\/Lado-oscuro.jpg\",\"width\":640,\"height\":427},{\"@type\":\"BreadcrumbList\",\"@id\":\"https:\/\/deportesycomunicacion.com\/?p=1015#breadcrumb\",\"itemListElement\":[{\"@type\":\"ListItem\",\"position\":1,\"name\":\"Portada\",\"item\":\"https:\/\/deportesycomunicacion.com\/\"},{\"@type\":\"ListItem\",\"position\":2,\"name\":\"Bienvenidos al lado oscuro&#8230;\"}]},{\"@type\":\"WebSite\",\"@id\":\"https:\/\/deportesycomunicacion.com\/#website\",\"url\":\"https:\/\/deportesycomunicacion.com\/\",\"name\":\"Deportes y Comunicaci\u00f3n\",\"description\":\"Powered by Ivan Ferrer\",\"publisher\":{\"@id\":\"https:\/\/deportesycomunicacion.com\/#organization\"},\"potentialAction\":[{\"@type\":\"SearchAction\",\"target\":{\"@type\":\"EntryPoint\",\"urlTemplate\":\"https:\/\/deportesycomunicacion.com\/?s={search_term_string}\"},\"query-input\":{\"@type\":\"PropertyValueSpecification\",\"valueRequired\":true,\"valueName\":\"search_term_string\"}}],\"inLanguage\":\"es\"},{\"@type\":\"Organization\",\"@id\":\"https:\/\/deportesycomunicacion.com\/#organization\",\"name\":\"Deportes y Comunicaci\u00f3n\",\"url\":\"https:\/\/deportesycomunicacion.com\/\",\"logo\":{\"@type\":\"ImageObject\",\"inLanguage\":\"es\",\"@id\":\"https:\/\/deportesycomunicacion.com\/#\/schema\/logo\/image\/\",\"url\":\"https:\/\/deportesycomunicacion.com\/wp-content\/uploads\/2013\/05\/cropped-Logo-Deportes-Comunicacion.jpg\",\"contentUrl\":\"https:\/\/deportesycomunicacion.com\/wp-content\/uploads\/2013\/05\/cropped-Logo-Deportes-Comunicacion.jpg\",\"width\":300,\"height\":65,\"caption\":\"Deportes y Comunicaci\u00f3n\"},\"image\":{\"@id\":\"https:\/\/deportesycomunicacion.com\/#\/schema\/logo\/image\/\"},\"sameAs\":[\"https:\/\/www.facebook.com\/ivan.ferrercayuela\",\"https:\/\/x.com\/IFC1976\"]},{\"@type\":\"Person\",\"@id\":\"https:\/\/deportesycomunicacion.com\/#\/schema\/person\/5bd536572b924420557d2db2f98bdd16\",\"name\":\"ivanferrer\",\"url\":\"https:\/\/deportesycomunicacion.com\/?author=2\"}]}<\/script>\n<!-- \/ Yoast SEO plugin. -->","yoast_head_json":{"title":"Bienvenidos al lado oscuro...","description":"El 19 de abril tenemos servido el en\u00e9simo enfrentamiento Real Madrid - FC Barcelona, con la Copa del Rey en juego. Pasi\u00f3n y cansancio a raudales, en un","robots":{"index":"index","follow":"follow","max-snippet":"max-snippet:-1","max-image-preview":"max-image-preview:large","max-video-preview":"max-video-preview:-1"},"canonical":"https:\/\/deportesycomunicacion.com\/?p=1015","og_locale":"es_ES","og_type":"article","og_title":"Bienvenidos al lado oscuro...","og_description":"El 19 de abril tenemos servido el en\u00e9simo enfrentamiento Real Madrid - FC Barcelona, con la Copa del Rey en juego. Pasi\u00f3n y cansancio a raudales, en un","og_url":"https:\/\/deportesycomunicacion.com\/?p=1015","og_site_name":"Deportes y Comunicaci\u00f3n","article_publisher":"https:\/\/www.facebook.com\/ivan.ferrercayuela","article_published_time":"2014-02-13T09:54:45+00:00","og_image":[{"width":640,"height":427,"url":"https:\/\/deportesycomunicacion.com\/wp-content\/uploads\/2014\/02\/Lado-oscuro.jpg","type":"image\/jpeg"}],"author":"ivanferrer","twitter_card":"summary_large_image","twitter_creator":"@IFC1976","twitter_site":"@IFC1976","twitter_misc":{"Escrito por":"ivanferrer","Tiempo de lectura":"2 minutos"},"schema":{"@context":"https:\/\/schema.org","@graph":[{"@type":"Article","@id":"https:\/\/deportesycomunicacion.com\/?p=1015#article","isPartOf":{"@id":"https:\/\/deportesycomunicacion.com\/?p=1015"},"author":{"name":"ivanferrer","@id":"https:\/\/deportesycomunicacion.com\/#\/schema\/person\/5bd536572b924420557d2db2f98bdd16"},"headline":"Bienvenidos al lado oscuro&#8230;","datePublished":"2014-02-13T09:54:45+00:00","mainEntityOfPage":{"@id":"https:\/\/deportesycomunicacion.com\/?p=1015"},"wordCount":307,"commentCount":0,"publisher":{"@id":"https:\/\/deportesycomunicacion.com\/#organization"},"image":{"@id":"https:\/\/deportesycomunicacion.com\/?p=1015#primaryimage"},"thumbnailUrl":"https:\/\/deportesycomunicacion.com\/wp-content\/uploads\/2014\/02\/Lado-oscuro.jpg","keywords":["CRISTIANO RONALDO","FUTBOL","MECHERO","VIOLENCIA"],"articleSection":["FUTBOL"],"inLanguage":"es","potentialAction":[{"@type":"CommentAction","name":"Comment","target":["https:\/\/deportesycomunicacion.com\/?p=1015#respond"]}]},{"@type":"WebPage","@id":"https:\/\/deportesycomunicacion.com\/?p=1015","url":"https:\/\/deportesycomunicacion.com\/?p=1015","name":"Bienvenidos al lado oscuro...","isPartOf":{"@id":"https:\/\/deportesycomunicacion.com\/#website"},"primaryImageOfPage":{"@id":"https:\/\/deportesycomunicacion.com\/?p=1015#primaryimage"},"image":{"@id":"https:\/\/deportesycomunicacion.com\/?p=1015#primaryimage"},"thumbnailUrl":"https:\/\/deportesycomunicacion.com\/wp-content\/uploads\/2014\/02\/Lado-oscuro.jpg","datePublished":"2014-02-13T09:54:45+00:00","description":"El 19 de abril tenemos servido el en\u00e9simo enfrentamiento Real Madrid - FC Barcelona, con la Copa del Rey en juego. Pasi\u00f3n y cansancio a raudales, en un","breadcrumb":{"@id":"https:\/\/deportesycomunicacion.com\/?p=1015#breadcrumb"},"inLanguage":"es","potentialAction":[{"@type":"ReadAction","target":["https:\/\/deportesycomunicacion.com\/?p=1015"]}]},{"@type":"ImageObject","inLanguage":"es","@id":"https:\/\/deportesycomunicacion.com\/?p=1015#primaryimage","url":"https:\/\/deportesycomunicacion.com\/wp-content\/uploads\/2014\/02\/Lado-oscuro.jpg","contentUrl":"https:\/\/deportesycomunicacion.com\/wp-content\/uploads\/2014\/02\/Lado-oscuro.jpg","width":640,"height":427},{"@type":"BreadcrumbList","@id":"https:\/\/deportesycomunicacion.com\/?p=1015#breadcrumb","itemListElement":[{"@type":"ListItem","position":1,"name":"Portada","item":"https:\/\/deportesycomunicacion.com\/"},{"@type":"ListItem","position":2,"name":"Bienvenidos al lado oscuro&#8230;"}]},{"@type":"WebSite","@id":"https:\/\/deportesycomunicacion.com\/#website","url":"https:\/\/deportesycomunicacion.com\/","name":"Deportes y Comunicaci\u00f3n","description":"Powered by Ivan Ferrer","publisher":{"@id":"https:\/\/deportesycomunicacion.com\/#organization"},"potentialAction":[{"@type":"SearchAction","target":{"@type":"EntryPoint","urlTemplate":"https:\/\/deportesycomunicacion.com\/?s={search_term_string}"},"query-input":{"@type":"PropertyValueSpecification","valueRequired":true,"valueName":"search_term_string"}}],"inLanguage":"es"},{"@type":"Organization","@id":"https:\/\/deportesycomunicacion.com\/#organization","name":"Deportes y Comunicaci\u00f3n","url":"https:\/\/deportesycomunicacion.com\/","logo":{"@type":"ImageObject","inLanguage":"es","@id":"https:\/\/deportesycomunicacion.com\/#\/schema\/logo\/image\/","url":"https:\/\/deportesycomunicacion.com\/wp-content\/uploads\/2013\/05\/cropped-Logo-Deportes-Comunicacion.jpg","contentUrl":"https:\/\/deportesycomunicacion.com\/wp-content\/uploads\/2013\/05\/cropped-Logo-Deportes-Comunicacion.jpg","width":300,"height":65,"caption":"Deportes y Comunicaci\u00f3n"},"image":{"@id":"https:\/\/deportesycomunicacion.com\/#\/schema\/logo\/image\/"},"sameAs":["https:\/\/www.facebook.com\/ivan.ferrercayuela","https:\/\/x.com\/IFC1976"]},{"@type":"Person","@id":"https:\/\/deportesycomunicacion.com\/#\/schema\/person\/5bd536572b924420557d2db2f98bdd16","name":"ivanferrer","url":"https:\/\/deportesycomunicacion.com\/?author=2"}]}},"_links":{"self":[{"href":"https:\/\/deportesycomunicacion.com\/index.php?rest_route=\/wp\/v2\/posts\/1015","targetHints":{"allow":["GET"]}}],"collection":[{"href":"https:\/\/deportesycomunicacion.com\/index.php?rest_route=\/wp\/v2\/posts"}],"about":[{"href":"https:\/\/deportesycomunicacion.com\/index.php?rest_route=\/wp\/v2\/types\/post"}],"author":[{"embeddable":true,"href":"https:\/\/deportesycomunicacion.com\/index.php?rest_route=\/wp\/v2\/users\/2"}],"replies":[{"embeddable":true,"href":"https:\/\/deportesycomunicacion.com\/index.php?rest_route=%2Fwp%2Fv2%2Fcomments&post=1015"}],"version-history":[{"count":8,"href":"https:\/\/deportesycomunicacion.com\/index.php?rest_route=\/wp\/v2\/posts\/1015\/revisions"}],"predecessor-version":[{"id":1024,"href":"https:\/\/deportesycomunicacion.com\/index.php?rest_route=\/wp\/v2\/posts\/1015\/revisions\/1024"}],"wp:featuredmedia":[{"embeddable":true,"href":"https:\/\/deportesycomunicacion.com\/index.php?rest_route=\/wp\/v2\/media\/1018"}],"wp:attachment":[{"href":"https:\/\/deportesycomunicacion.com\/index.php?rest_route=%2Fwp%2Fv2%2Fmedia&parent=1015"}],"wp:term":[{"taxonomy":"category","embeddable":true,"href":"https:\/\/deportesycomunicacion.com\/index.php?rest_route=%2Fwp%2Fv2%2Fcategories&post=1015"},{"taxonomy":"post_tag","embeddable":true,"href":"https:\/\/deportesycomunicacion.com\/index.php?rest_route=%2Fwp%2Fv2%2Ftags&post=1015"}],"curies":[{"name":"wp","href":"https:\/\/api.w.org\/{rel}","templated":true}]}}