{"id":1415,"date":"2014-05-26T12:34:31","date_gmt":"2014-05-26T10:34:31","guid":{"rendered":"http:\/\/deportesycomunicacion.com\/?p=1415"},"modified":"2014-05-26T12:34:31","modified_gmt":"2014-05-26T10:34:31","slug":"y-ahora-que","status":"publish","type":"post","link":"https:\/\/deportesycomunicacion.com\/?p=1415","title":{"rendered":"\u00bfY ahora qu\u00e9?"},"content":{"rendered":"<p style=\"text-align: justify;\">Por fin encontr\u00f3 <a title=\"Leyenda El Dorado\" href=\"http:\/\/es.wikipedia.org\/wiki\/El_Dorado\" target=\"_blank\"><strong>El Dorado<\/strong><\/a>, ese tesoro que con tanto ah\u00ednco y desesperaci\u00f3n llevaba buscando desde hac\u00eda doce a\u00f1os. Mucho picar piedra, muchas decepciones, infinidad de millones invertidos. Por fin Florentino tiene la <strong>D\u00e9cima<\/strong>, ese trozo de metal con dos orejas inmensas a lo Dumbo, la copa con la que so\u00f1aban los madridistas de todo el planeta.<\/p>\n<p style=\"text-align: justify;\">Pero la sudaron, vaya si les cost\u00f3 conseguirla&#8230; En la grada se desesperaba <strong>Xabi Alonso<\/strong> como un ni\u00f1o a punto de perder su juguete favorito. Gesticulaba y pataleaba con sus compa\u00f1eros. Y resopl\u00f3, como un caballo despu\u00e9s de correr el <strong><a title=\"Grand National\" href=\"http:\/\/es.wikipedia.org\/wiki\/Grand_National\" target=\"_blank\">Grand National<\/a><\/strong>, al ver c\u00f3mo Ramos sal\u00eda al rescate y empataba en el \u00faltimo suspiro&#8230; Y en el gol de Bale, que medio mataba a su rival, utiliz\u00f3 sus dotes de <a title=\"Plastic Man\" href=\"http:\/\/es.wikipedia.org\/wiki\/Plastic_Man\" target=\"_blank\"><strong>Plastic Man<\/strong><\/a> y se present\u00f3 en un instante en el c\u00e9sped y <a title=\"Carrera Xabi Alonso\" href=\"https:\/\/www.youtube.com\/watch?v=CHwhSpXOJ2g\" target=\"_blank\"><strong>celebr\u00f3<\/strong><\/a> el 2-1 como uno m\u00e1s.<\/p>\n<p style=\"text-align: justify;\">Pero aunque hizo de hombre invisible casi todo el encuentro, apareci\u00f3 en el \u00faltimo instante <a title=\"La Masa\" href=\"http:\/\/es.wikipedia.org\/wiki\/Hulk\" target=\"_blank\"><strong>Hulk<\/strong><\/a>, sum\u00e1ndose a la fiesta y mostrando al respetable que \u00e9l se prepara a conciencia, cada d\u00eda, en el gimnasio, para estar al 100%. Lo quieras o no, as\u00ed es <a title=\"Celebraci\u00f3n gol CR7 Final Champions\" href=\"http:\/\/planetadeporte.es\/futbol\/champions-league\/2014\/celebracion-cristiano-ronaldo-final-champions-645341\" target=\"_blank\"><strong>Cristiano Ronaldo<\/strong><\/a>.<\/p>\n<p style=\"text-align: justify;\"><strong>Campeones<\/strong> como Casillas cierran un c\u00edrculo perfecto en el <strong>Real Madrid<\/strong>, otros como Ramos dicen que se pueden morir tranquilos, algunos como Varane llegan a la c\u00faspide con solo 21 a\u00f1os y el presidente ya duerme por las noches. Han llegado a lo m\u00e1s alto, pero cuando haces cumbre en el Everest te queda una sensaci\u00f3n de que has conseguido algo grande y m\u00edtico y despu\u00e9s viene un <strong>vac\u00edo<\/strong> que se tiene que volver a llenar&#8230; Y si no que se lo pregunten a <a title=\"Salto desde la estratosfera\" href=\"https:\/\/www.youtube.com\/watch?v=FHtvDA0W34I\" target=\"_blank\"><strong>Felix Baumgartner<\/strong><\/a>, tras saltar desde 39km de altura sin m\u00e1s ayuda que su traje de astronauta y un paraca\u00eddas&#8230;<\/p>\n<p style=\"text-align: justify;\"><strong>\u00bfC\u00f3mo llenas el vac\u00edo tras conseguir lo que hab\u00edas perseguido media vida? \u00a0<\/strong><\/p>\n<p>photo credit: <a href=\"http:\/\/www.flickr.com\/photos\/llolker\/9294258548\/\">Llolker<\/a> via <a href=\"http:\/\/photopin.com\">photopin<\/a> <a href=\"http:\/\/creativecommons.org\/licenses\/by-nc-sa\/2.0\/\">cc<\/a><\/p>\n","protected":false},"excerpt":{"rendered":"<p>Por fin encontr\u00f3 El Dorado, ese tesoro que con tanto ah\u00ednco y desesperaci\u00f3n llevaba buscando desde &hellip; <a title=\"\u00bfY ahora qu\u00e9?\" class=\"hm-read-more\" href=\"https:\/\/deportesycomunicacion.com\/?p=1415\"><span class=\"screen-reader-text\">\u00bfY ahora qu\u00e9?<\/span>Leer m\u00e1s<\/a><\/p>\n","protected":false},"author":2,"featured_media":1417,"comment_status":"open","ping_status":"open","sticky":false,"template":"","format":"standard","meta":{"footnotes":""},"categories":[7],"tags":[76,345,249,400,1056,285,402,401],"class_list":["post-1415","post","type-post","status-publish","format-standard","has-post-thumbnail","hentry","category-futbol","tag-campeon","tag-champions-league","tag-cristiano-ronaldo","tag-decima","tag-futbol","tag-real-madrid","tag-vacio","tag-xabi-alonso"],"yoast_head":"<!-- This site is optimized with the Yoast SEO plugin v24.8.1 - https:\/\/yoast.com\/wordpress\/plugins\/seo\/ -->\n<title>\u00bfY ahora qu\u00e9?<\/title>\n<meta name=\"description\" content=\"Por fin encontr\u00f3 El Dorado, ese tesoro que con tanto ah\u00ednco y desesperaci\u00f3n llevaba buscando desde hac\u00eda doce a\u00f1os. Mucho picar piedra, muchas\" \/>\n<meta name=\"robots\" content=\"index, follow, max-snippet:-1, max-image-preview:large, max-video-preview:-1\" \/>\n<link rel=\"canonical\" href=\"https:\/\/deportesycomunicacion.com\/?p=1415\" \/>\n<meta property=\"og:locale\" content=\"es_ES\" \/>\n<meta property=\"og:type\" content=\"article\" \/>\n<meta property=\"og:title\" content=\"\u00bfY ahora qu\u00e9?\" \/>\n<meta property=\"og:description\" content=\"Por fin encontr\u00f3 El Dorado, ese tesoro que con tanto ah\u00ednco y desesperaci\u00f3n llevaba buscando desde hac\u00eda doce a\u00f1os. Mucho picar piedra, muchas\" \/>\n<meta property=\"og:url\" content=\"https:\/\/deportesycomunicacion.com\/?p=1415\" \/>\n<meta property=\"og:site_name\" content=\"Deportes y Comunicaci\u00f3n\" \/>\n<meta property=\"article:publisher\" content=\"https:\/\/www.facebook.com\/ivan.ferrercayuela\" \/>\n<meta property=\"article:published_time\" content=\"2014-05-26T10:34:31+00:00\" \/>\n<meta property=\"og:image\" content=\"https:\/\/deportesycomunicacion.com\/wp-content\/uploads\/2014\/05\/vac\u00edo.jpg\" \/>\n\t<meta property=\"og:image:width\" content=\"640\" \/>\n\t<meta property=\"og:image:height\" content=\"387\" \/>\n\t<meta property=\"og:image:type\" content=\"image\/jpeg\" \/>\n<meta name=\"author\" content=\"ivanferrer\" \/>\n<meta name=\"twitter:card\" content=\"summary_large_image\" \/>\n<meta name=\"twitter:creator\" content=\"@IFC1976\" \/>\n<meta name=\"twitter:site\" content=\"@IFC1976\" \/>\n<meta name=\"twitter:label1\" content=\"Escrito por\" \/>\n\t<meta name=\"twitter:data1\" content=\"ivanferrer\" \/>\n\t<meta name=\"twitter:label2\" content=\"Tiempo de lectura\" \/>\n\t<meta name=\"twitter:data2\" content=\"2 minutos\" \/>\n<script type=\"application\/ld+json\" class=\"yoast-schema-graph\">{\"@context\":\"https:\/\/schema.org\",\"@graph\":[{\"@type\":\"Article\",\"@id\":\"https:\/\/deportesycomunicacion.com\/?p=1415#article\",\"isPartOf\":{\"@id\":\"https:\/\/deportesycomunicacion.com\/?p=1415\"},\"author\":{\"name\":\"ivanferrer\",\"@id\":\"https:\/\/deportesycomunicacion.com\/#\/schema\/person\/5bd536572b924420557d2db2f98bdd16\"},\"headline\":\"\u00bfY ahora qu\u00e9?\",\"datePublished\":\"2014-05-26T10:34:31+00:00\",\"mainEntityOfPage\":{\"@id\":\"https:\/\/deportesycomunicacion.com\/?p=1415\"},\"wordCount\":343,\"commentCount\":0,\"publisher\":{\"@id\":\"https:\/\/deportesycomunicacion.com\/#organization\"},\"image\":{\"@id\":\"https:\/\/deportesycomunicacion.com\/?p=1415#primaryimage\"},\"thumbnailUrl\":\"https:\/\/deportesycomunicacion.com\/wp-content\/uploads\/2014\/05\/vac\u00edo.jpg\",\"keywords\":[\"CAMPEON\",\"CHAMPIONS LEAGUE\",\"CRISTIANO RONALDO\",\"DECIMA\",\"FUTBOL\",\"REAL MADRID\",\"VACIO\",\"XABI ALONSO\"],\"articleSection\":[\"FUTBOL\"],\"inLanguage\":\"es\",\"potentialAction\":[{\"@type\":\"CommentAction\",\"name\":\"Comment\",\"target\":[\"https:\/\/deportesycomunicacion.com\/?p=1415#respond\"]}]},{\"@type\":\"WebPage\",\"@id\":\"https:\/\/deportesycomunicacion.com\/?p=1415\",\"url\":\"https:\/\/deportesycomunicacion.com\/?p=1415\",\"name\":\"\u00bfY ahora qu\u00e9?\",\"isPartOf\":{\"@id\":\"https:\/\/deportesycomunicacion.com\/#website\"},\"primaryImageOfPage\":{\"@id\":\"https:\/\/deportesycomunicacion.com\/?p=1415#primaryimage\"},\"image\":{\"@id\":\"https:\/\/deportesycomunicacion.com\/?p=1415#primaryimage\"},\"thumbnailUrl\":\"https:\/\/deportesycomunicacion.com\/wp-content\/uploads\/2014\/05\/vac\u00edo.jpg\",\"datePublished\":\"2014-05-26T10:34:31+00:00\",\"description\":\"Por fin encontr\u00f3 El Dorado, ese tesoro que con tanto ah\u00ednco y desesperaci\u00f3n llevaba buscando desde hac\u00eda doce a\u00f1os. Mucho picar piedra, muchas\",\"breadcrumb\":{\"@id\":\"https:\/\/deportesycomunicacion.com\/?p=1415#breadcrumb\"},\"inLanguage\":\"es\",\"potentialAction\":[{\"@type\":\"ReadAction\",\"target\":[\"https:\/\/deportesycomunicacion.com\/?p=1415\"]}]},{\"@type\":\"ImageObject\",\"inLanguage\":\"es\",\"@id\":\"https:\/\/deportesycomunicacion.com\/?p=1415#primaryimage\",\"url\":\"https:\/\/deportesycomunicacion.com\/wp-content\/uploads\/2014\/05\/vac\u00edo.jpg\",\"contentUrl\":\"https:\/\/deportesycomunicacion.com\/wp-content\/uploads\/2014\/05\/vac\u00edo.jpg\",\"width\":640,\"height\":387},{\"@type\":\"BreadcrumbList\",\"@id\":\"https:\/\/deportesycomunicacion.com\/?p=1415#breadcrumb\",\"itemListElement\":[{\"@type\":\"ListItem\",\"position\":1,\"name\":\"Portada\",\"item\":\"https:\/\/deportesycomunicacion.com\/\"},{\"@type\":\"ListItem\",\"position\":2,\"name\":\"\u00bfY ahora qu\u00e9?\"}]},{\"@type\":\"WebSite\",\"@id\":\"https:\/\/deportesycomunicacion.com\/#website\",\"url\":\"https:\/\/deportesycomunicacion.com\/\",\"name\":\"Deportes y Comunicaci\u00f3n\",\"description\":\"Powered by Ivan Ferrer\",\"publisher\":{\"@id\":\"https:\/\/deportesycomunicacion.com\/#organization\"},\"potentialAction\":[{\"@type\":\"SearchAction\",\"target\":{\"@type\":\"EntryPoint\",\"urlTemplate\":\"https:\/\/deportesycomunicacion.com\/?s={search_term_string}\"},\"query-input\":{\"@type\":\"PropertyValueSpecification\",\"valueRequired\":true,\"valueName\":\"search_term_string\"}}],\"inLanguage\":\"es\"},{\"@type\":\"Organization\",\"@id\":\"https:\/\/deportesycomunicacion.com\/#organization\",\"name\":\"Deportes y Comunicaci\u00f3n\",\"url\":\"https:\/\/deportesycomunicacion.com\/\",\"logo\":{\"@type\":\"ImageObject\",\"inLanguage\":\"es\",\"@id\":\"https:\/\/deportesycomunicacion.com\/#\/schema\/logo\/image\/\",\"url\":\"https:\/\/deportesycomunicacion.com\/wp-content\/uploads\/2013\/05\/cropped-Logo-Deportes-Comunicacion.jpg\",\"contentUrl\":\"https:\/\/deportesycomunicacion.com\/wp-content\/uploads\/2013\/05\/cropped-Logo-Deportes-Comunicacion.jpg\",\"width\":300,\"height\":65,\"caption\":\"Deportes y Comunicaci\u00f3n\"},\"image\":{\"@id\":\"https:\/\/deportesycomunicacion.com\/#\/schema\/logo\/image\/\"},\"sameAs\":[\"https:\/\/www.facebook.com\/ivan.ferrercayuela\",\"https:\/\/x.com\/IFC1976\"]},{\"@type\":\"Person\",\"@id\":\"https:\/\/deportesycomunicacion.com\/#\/schema\/person\/5bd536572b924420557d2db2f98bdd16\",\"name\":\"ivanferrer\",\"url\":\"https:\/\/deportesycomunicacion.com\/?author=2\"}]}<\/script>\n<!-- \/ Yoast SEO plugin. -->","yoast_head_json":{"title":"\u00bfY ahora qu\u00e9?","description":"Por fin encontr\u00f3 El Dorado, ese tesoro que con tanto ah\u00ednco y desesperaci\u00f3n llevaba buscando desde hac\u00eda doce a\u00f1os. Mucho picar piedra, muchas","robots":{"index":"index","follow":"follow","max-snippet":"max-snippet:-1","max-image-preview":"max-image-preview:large","max-video-preview":"max-video-preview:-1"},"canonical":"https:\/\/deportesycomunicacion.com\/?p=1415","og_locale":"es_ES","og_type":"article","og_title":"\u00bfY ahora qu\u00e9?","og_description":"Por fin encontr\u00f3 El Dorado, ese tesoro que con tanto ah\u00ednco y desesperaci\u00f3n llevaba buscando desde hac\u00eda doce a\u00f1os. Mucho picar piedra, muchas","og_url":"https:\/\/deportesycomunicacion.com\/?p=1415","og_site_name":"Deportes y Comunicaci\u00f3n","article_publisher":"https:\/\/www.facebook.com\/ivan.ferrercayuela","article_published_time":"2014-05-26T10:34:31+00:00","og_image":[{"width":640,"height":387,"url":"https:\/\/deportesycomunicacion.com\/wp-content\/uploads\/2014\/05\/vac\u00edo.jpg","type":"image\/jpeg"}],"author":"ivanferrer","twitter_card":"summary_large_image","twitter_creator":"@IFC1976","twitter_site":"@IFC1976","twitter_misc":{"Escrito por":"ivanferrer","Tiempo de lectura":"2 minutos"},"schema":{"@context":"https:\/\/schema.org","@graph":[{"@type":"Article","@id":"https:\/\/deportesycomunicacion.com\/?p=1415#article","isPartOf":{"@id":"https:\/\/deportesycomunicacion.com\/?p=1415"},"author":{"name":"ivanferrer","@id":"https:\/\/deportesycomunicacion.com\/#\/schema\/person\/5bd536572b924420557d2db2f98bdd16"},"headline":"\u00bfY ahora qu\u00e9?","datePublished":"2014-05-26T10:34:31+00:00","mainEntityOfPage":{"@id":"https:\/\/deportesycomunicacion.com\/?p=1415"},"wordCount":343,"commentCount":0,"publisher":{"@id":"https:\/\/deportesycomunicacion.com\/#organization"},"image":{"@id":"https:\/\/deportesycomunicacion.com\/?p=1415#primaryimage"},"thumbnailUrl":"https:\/\/deportesycomunicacion.com\/wp-content\/uploads\/2014\/05\/vac\u00edo.jpg","keywords":["CAMPEON","CHAMPIONS LEAGUE","CRISTIANO RONALDO","DECIMA","FUTBOL","REAL MADRID","VACIO","XABI ALONSO"],"articleSection":["FUTBOL"],"inLanguage":"es","potentialAction":[{"@type":"CommentAction","name":"Comment","target":["https:\/\/deportesycomunicacion.com\/?p=1415#respond"]}]},{"@type":"WebPage","@id":"https:\/\/deportesycomunicacion.com\/?p=1415","url":"https:\/\/deportesycomunicacion.com\/?p=1415","name":"\u00bfY ahora qu\u00e9?","isPartOf":{"@id":"https:\/\/deportesycomunicacion.com\/#website"},"primaryImageOfPage":{"@id":"https:\/\/deportesycomunicacion.com\/?p=1415#primaryimage"},"image":{"@id":"https:\/\/deportesycomunicacion.com\/?p=1415#primaryimage"},"thumbnailUrl":"https:\/\/deportesycomunicacion.com\/wp-content\/uploads\/2014\/05\/vac\u00edo.jpg","datePublished":"2014-05-26T10:34:31+00:00","description":"Por fin encontr\u00f3 El Dorado, ese tesoro que con tanto ah\u00ednco y desesperaci\u00f3n llevaba buscando desde hac\u00eda doce a\u00f1os. Mucho picar piedra, muchas","breadcrumb":{"@id":"https:\/\/deportesycomunicacion.com\/?p=1415#breadcrumb"},"inLanguage":"es","potentialAction":[{"@type":"ReadAction","target":["https:\/\/deportesycomunicacion.com\/?p=1415"]}]},{"@type":"ImageObject","inLanguage":"es","@id":"https:\/\/deportesycomunicacion.com\/?p=1415#primaryimage","url":"https:\/\/deportesycomunicacion.com\/wp-content\/uploads\/2014\/05\/vac\u00edo.jpg","contentUrl":"https:\/\/deportesycomunicacion.com\/wp-content\/uploads\/2014\/05\/vac\u00edo.jpg","width":640,"height":387},{"@type":"BreadcrumbList","@id":"https:\/\/deportesycomunicacion.com\/?p=1415#breadcrumb","itemListElement":[{"@type":"ListItem","position":1,"name":"Portada","item":"https:\/\/deportesycomunicacion.com\/"},{"@type":"ListItem","position":2,"name":"\u00bfY ahora qu\u00e9?"}]},{"@type":"WebSite","@id":"https:\/\/deportesycomunicacion.com\/#website","url":"https:\/\/deportesycomunicacion.com\/","name":"Deportes y Comunicaci\u00f3n","description":"Powered by Ivan Ferrer","publisher":{"@id":"https:\/\/deportesycomunicacion.com\/#organization"},"potentialAction":[{"@type":"SearchAction","target":{"@type":"EntryPoint","urlTemplate":"https:\/\/deportesycomunicacion.com\/?s={search_term_string}"},"query-input":{"@type":"PropertyValueSpecification","valueRequired":true,"valueName":"search_term_string"}}],"inLanguage":"es"},{"@type":"Organization","@id":"https:\/\/deportesycomunicacion.com\/#organization","name":"Deportes y Comunicaci\u00f3n","url":"https:\/\/deportesycomunicacion.com\/","logo":{"@type":"ImageObject","inLanguage":"es","@id":"https:\/\/deportesycomunicacion.com\/#\/schema\/logo\/image\/","url":"https:\/\/deportesycomunicacion.com\/wp-content\/uploads\/2013\/05\/cropped-Logo-Deportes-Comunicacion.jpg","contentUrl":"https:\/\/deportesycomunicacion.com\/wp-content\/uploads\/2013\/05\/cropped-Logo-Deportes-Comunicacion.jpg","width":300,"height":65,"caption":"Deportes y Comunicaci\u00f3n"},"image":{"@id":"https:\/\/deportesycomunicacion.com\/#\/schema\/logo\/image\/"},"sameAs":["https:\/\/www.facebook.com\/ivan.ferrercayuela","https:\/\/x.com\/IFC1976"]},{"@type":"Person","@id":"https:\/\/deportesycomunicacion.com\/#\/schema\/person\/5bd536572b924420557d2db2f98bdd16","name":"ivanferrer","url":"https:\/\/deportesycomunicacion.com\/?author=2"}]}},"_links":{"self":[{"href":"https:\/\/deportesycomunicacion.com\/index.php?rest_route=\/wp\/v2\/posts\/1415","targetHints":{"allow":["GET"]}}],"collection":[{"href":"https:\/\/deportesycomunicacion.com\/index.php?rest_route=\/wp\/v2\/posts"}],"about":[{"href":"https:\/\/deportesycomunicacion.com\/index.php?rest_route=\/wp\/v2\/types\/post"}],"author":[{"embeddable":true,"href":"https:\/\/deportesycomunicacion.com\/index.php?rest_route=\/wp\/v2\/users\/2"}],"replies":[{"embeddable":true,"href":"https:\/\/deportesycomunicacion.com\/index.php?rest_route=%2Fwp%2Fv2%2Fcomments&post=1415"}],"version-history":[{"count":3,"href":"https:\/\/deportesycomunicacion.com\/index.php?rest_route=\/wp\/v2\/posts\/1415\/revisions"}],"predecessor-version":[{"id":1419,"href":"https:\/\/deportesycomunicacion.com\/index.php?rest_route=\/wp\/v2\/posts\/1415\/revisions\/1419"}],"wp:featuredmedia":[{"embeddable":true,"href":"https:\/\/deportesycomunicacion.com\/index.php?rest_route=\/wp\/v2\/media\/1417"}],"wp:attachment":[{"href":"https:\/\/deportesycomunicacion.com\/index.php?rest_route=%2Fwp%2Fv2%2Fmedia&parent=1415"}],"wp:term":[{"taxonomy":"category","embeddable":true,"href":"https:\/\/deportesycomunicacion.com\/index.php?rest_route=%2Fwp%2Fv2%2Fcategories&post=1415"},{"taxonomy":"post_tag","embeddable":true,"href":"https:\/\/deportesycomunicacion.com\/index.php?rest_route=%2Fwp%2Fv2%2Ftags&post=1415"}],"curies":[{"name":"wp","href":"https:\/\/api.w.org\/{rel}","templated":true}]}}