{"id":1460,"date":"2014-06-10T12:56:53","date_gmt":"2014-06-10T10:56:53","guid":{"rendered":"http:\/\/deportesycomunicacion.com\/?p=1460"},"modified":"2014-06-10T12:56:53","modified_gmt":"2014-06-10T10:56:53","slug":"empieza-el-festival-o-la-pesadilla","status":"publish","type":"post","link":"https:\/\/deportesycomunicacion.com\/?p=1460","title":{"rendered":"\u00bf\u00bf\u00bfEmpieza el festival o la pesadilla???"},"content":{"rendered":"<p style=\"text-align: justify;\">En solo 48 horas <strong>Brasil<\/strong> se lanzar\u00e1 a tumba abierta para empezar a convencer a su hinchada que no hay lugar para otro <a title=\"Maracanazo\" href=\"http:\/\/es.wikipedia.org\/wiki\/Maracanazo\" target=\"_blank\"><strong>Maracanazo<\/strong><\/a>. Que son apuesta segura para llevarse su sexto entorchado mundial. Enfrente tendr\u00e1n a Croacia, selecci\u00f3n balc\u00e1nica de impredecible rendimiento. Capaz de alcanzar un incre\u00edble tercer puesto en 1998 o naufragar en primera ronda en sus otras dos participaciones.<\/p>\n<p style=\"text-align: justify;\">El principio del espect\u00e1culo futbol\u00edstico va a marcar el inicio de la <a title=\"Cr\u00edticas al mundial de f\u00fatbol\" href=\"http:\/\/deportes.elpais.com\/deportes\/2014\/06\/09\/mundial_futbol\/1402335017_169948.html\" target=\"_blank\"><strong>batalla fuera del campo<\/strong><\/a>.\u00a0Una <strong>batalla<\/strong> frontal que est\u00e1n librando sectores muy <strong>cr\u00edticos<\/strong> con la organizaci\u00f3n de tan ingente evento. Cr\u00edticas dirigidas a un escaparate que ha costado 2.500 millones de Euros (el mundial de Sud\u00e1frica cost\u00f3 \u00absolo\u00bb 1.000\u20ac). Y el dispendio no ha asegurado llegar a tiempo; encima tarde y mal. Tan desastroso que se ha tenido que reducir el aforo de algunos estadios por no tener listas algunas zonas de asientos. Los <a title=\"Huelga metro Sao Paolo\" href=\"http:\/\/internacional.elpais.com\/internacional\/2014\/06\/09\/actualidad\/1402271595_026240.html\" target=\"_blank\"><strong>empleados del metro de Sao Paolo<\/strong><\/a> llevan la delantera, poniendo en jaque el partido inaugural con una huelga. Todos los sectores descontentos quieren aprovechar el foco medi\u00e1tico para hacerse visibles, para <strong>protestar<\/strong>&#8230;<\/p>\n<p style=\"text-align: justify;\">Hay quienes quieren disfrutar de la funci\u00f3n, pero otros prefieren aprovecharlo para otros fines: demostrar que el f\u00fatbol es el <a title=\"Opio del pueblo\" href=\"http:\/\/es.wikipedia.org\/wiki\/Opio_del_pueblo\" target=\"_blank\"><strong>opio del pueblo<\/strong><\/a>, un opio muy caro que costar\u00e1 mucho, mucho, pagar&#8230; Brasil se debate entre el festival de su sexta victoria o una pesadilla materializada en may\u00fascula decepci\u00f3n. Entre el festival del bal\u00f3n o la pesadilla en las calles. Unas calles decepcionadas y descontentas que les importa poco si entra o no el bal\u00f3n. Porqu\u00e9 no alimenta ni paga hospitales&#8230;<\/p>\n<p style=\"text-align: justify;\">Druga via <a href=\"http:\/\/photopin.com\">photopin<\/a> <a href=\"http:\/\/creativecommons.org\/licenses\/by-nc-sa\/2.0\/\">cc<\/a><\/p>\n","protected":false},"excerpt":{"rendered":"<p>En solo 48 horas Brasil se lanzar\u00e1 a tumba abierta para empezar a convencer a su &hellip; <a title=\"\u00bf\u00bf\u00bfEmpieza el festival o la pesadilla???\" class=\"hm-read-more\" href=\"https:\/\/deportesycomunicacion.com\/?p=1460\"><span class=\"screen-reader-text\">\u00bf\u00bf\u00bfEmpieza el festival o la pesadilla???<\/span>Leer m\u00e1s<\/a><\/p>\n","protected":false},"author":2,"featured_media":1463,"comment_status":"open","ping_status":"open","sticky":false,"template":"","format":"standard","meta":{"footnotes":""},"categories":[87],"tags":[423,180,422,1056,424],"class_list":["post-1460","post","type-post","status-publish","format-standard","has-post-thumbnail","hentry","category-este-mes-se-sale","tag-batalla","tag-brasil","tag-criticas","tag-futbol","tag-protestas"],"yoast_head":"<!-- This site is optimized with the Yoast SEO plugin v24.8.1 - https:\/\/yoast.com\/wordpress\/plugins\/seo\/ -->\n<title>\u00bf\u00bf\u00bfEmpieza el festival o la pesadilla???<\/title>\n<meta name=\"description\" content=\"En solo 48 horas Brasil se lanzar\u00e1 a tumba abierta para empezar a convencer a su hinchada que no hay lugar para otro Maracanazo. Que son apuesta segura\" \/>\n<meta name=\"robots\" content=\"index, follow, max-snippet:-1, max-image-preview:large, max-video-preview:-1\" \/>\n<link rel=\"canonical\" href=\"https:\/\/deportesycomunicacion.com\/?p=1460\" \/>\n<meta property=\"og:locale\" content=\"es_ES\" \/>\n<meta property=\"og:type\" content=\"article\" \/>\n<meta property=\"og:title\" content=\"\u00bf\u00bf\u00bfEmpieza el festival o la pesadilla???\" \/>\n<meta property=\"og:description\" content=\"En solo 48 horas Brasil se lanzar\u00e1 a tumba abierta para empezar a convencer a su hinchada que no hay lugar para otro Maracanazo. Que son apuesta segura\" \/>\n<meta property=\"og:url\" content=\"https:\/\/deportesycomunicacion.com\/?p=1460\" \/>\n<meta property=\"og:site_name\" content=\"Deportes y Comunicaci\u00f3n\" \/>\n<meta property=\"article:publisher\" content=\"https:\/\/www.facebook.com\/ivan.ferrercayuela\" \/>\n<meta property=\"article:published_time\" content=\"2014-06-10T10:56:53+00:00\" \/>\n<meta property=\"og:image\" content=\"https:\/\/deportesycomunicacion.com\/wp-content\/uploads\/2014\/06\/pesadilla.jpg\" \/>\n\t<meta property=\"og:image:width\" content=\"640\" \/>\n\t<meta property=\"og:image:height\" content=\"454\" \/>\n\t<meta property=\"og:image:type\" content=\"image\/jpeg\" \/>\n<meta name=\"author\" content=\"ivanferrer\" \/>\n<meta name=\"twitter:card\" content=\"summary_large_image\" \/>\n<meta name=\"twitter:creator\" content=\"@IFC1976\" \/>\n<meta name=\"twitter:site\" content=\"@IFC1976\" \/>\n<meta name=\"twitter:label1\" content=\"Escrito por\" \/>\n\t<meta name=\"twitter:data1\" content=\"ivanferrer\" \/>\n\t<meta name=\"twitter:label2\" content=\"Tiempo de lectura\" \/>\n\t<meta name=\"twitter:data2\" content=\"1 minuto\" \/>\n<script type=\"application\/ld+json\" class=\"yoast-schema-graph\">{\"@context\":\"https:\/\/schema.org\",\"@graph\":[{\"@type\":\"Article\",\"@id\":\"https:\/\/deportesycomunicacion.com\/?p=1460#article\",\"isPartOf\":{\"@id\":\"https:\/\/deportesycomunicacion.com\/?p=1460\"},\"author\":{\"name\":\"ivanferrer\",\"@id\":\"https:\/\/deportesycomunicacion.com\/#\/schema\/person\/5bd536572b924420557d2db2f98bdd16\"},\"headline\":\"\u00bf\u00bf\u00bfEmpieza el festival o la pesadilla???\",\"datePublished\":\"2014-06-10T10:56:53+00:00\",\"mainEntityOfPage\":{\"@id\":\"https:\/\/deportesycomunicacion.com\/?p=1460\"},\"wordCount\":285,\"commentCount\":0,\"publisher\":{\"@id\":\"https:\/\/deportesycomunicacion.com\/#organization\"},\"image\":{\"@id\":\"https:\/\/deportesycomunicacion.com\/?p=1460#primaryimage\"},\"thumbnailUrl\":\"https:\/\/deportesycomunicacion.com\/wp-content\/uploads\/2014\/06\/pesadilla.jpg\",\"keywords\":[\"BATALLA\",\"BRASIL\",\"CRITICAS\",\"FUTBOL\",\"PROTESTAS\"],\"articleSection\":[\"ESTE MES SE SALE...\"],\"inLanguage\":\"es\",\"potentialAction\":[{\"@type\":\"CommentAction\",\"name\":\"Comment\",\"target\":[\"https:\/\/deportesycomunicacion.com\/?p=1460#respond\"]}]},{\"@type\":\"WebPage\",\"@id\":\"https:\/\/deportesycomunicacion.com\/?p=1460\",\"url\":\"https:\/\/deportesycomunicacion.com\/?p=1460\",\"name\":\"\u00bf\u00bf\u00bfEmpieza el festival o la pesadilla???\",\"isPartOf\":{\"@id\":\"https:\/\/deportesycomunicacion.com\/#website\"},\"primaryImageOfPage\":{\"@id\":\"https:\/\/deportesycomunicacion.com\/?p=1460#primaryimage\"},\"image\":{\"@id\":\"https:\/\/deportesycomunicacion.com\/?p=1460#primaryimage\"},\"thumbnailUrl\":\"https:\/\/deportesycomunicacion.com\/wp-content\/uploads\/2014\/06\/pesadilla.jpg\",\"datePublished\":\"2014-06-10T10:56:53+00:00\",\"description\":\"En solo 48 horas Brasil se lanzar\u00e1 a tumba abierta para empezar a convencer a su hinchada que no hay lugar para otro Maracanazo. Que son apuesta segura\",\"breadcrumb\":{\"@id\":\"https:\/\/deportesycomunicacion.com\/?p=1460#breadcrumb\"},\"inLanguage\":\"es\",\"potentialAction\":[{\"@type\":\"ReadAction\",\"target\":[\"https:\/\/deportesycomunicacion.com\/?p=1460\"]}]},{\"@type\":\"ImageObject\",\"inLanguage\":\"es\",\"@id\":\"https:\/\/deportesycomunicacion.com\/?p=1460#primaryimage\",\"url\":\"https:\/\/deportesycomunicacion.com\/wp-content\/uploads\/2014\/06\/pesadilla.jpg\",\"contentUrl\":\"https:\/\/deportesycomunicacion.com\/wp-content\/uploads\/2014\/06\/pesadilla.jpg\",\"width\":640,\"height\":454},{\"@type\":\"BreadcrumbList\",\"@id\":\"https:\/\/deportesycomunicacion.com\/?p=1460#breadcrumb\",\"itemListElement\":[{\"@type\":\"ListItem\",\"position\":1,\"name\":\"Portada\",\"item\":\"https:\/\/deportesycomunicacion.com\/\"},{\"@type\":\"ListItem\",\"position\":2,\"name\":\"\u00bf\u00bf\u00bfEmpieza el festival o la pesadilla???\"}]},{\"@type\":\"WebSite\",\"@id\":\"https:\/\/deportesycomunicacion.com\/#website\",\"url\":\"https:\/\/deportesycomunicacion.com\/\",\"name\":\"Deportes y Comunicaci\u00f3n\",\"description\":\"Powered by Ivan Ferrer\",\"publisher\":{\"@id\":\"https:\/\/deportesycomunicacion.com\/#organization\"},\"potentialAction\":[{\"@type\":\"SearchAction\",\"target\":{\"@type\":\"EntryPoint\",\"urlTemplate\":\"https:\/\/deportesycomunicacion.com\/?s={search_term_string}\"},\"query-input\":{\"@type\":\"PropertyValueSpecification\",\"valueRequired\":true,\"valueName\":\"search_term_string\"}}],\"inLanguage\":\"es\"},{\"@type\":\"Organization\",\"@id\":\"https:\/\/deportesycomunicacion.com\/#organization\",\"name\":\"Deportes y Comunicaci\u00f3n\",\"url\":\"https:\/\/deportesycomunicacion.com\/\",\"logo\":{\"@type\":\"ImageObject\",\"inLanguage\":\"es\",\"@id\":\"https:\/\/deportesycomunicacion.com\/#\/schema\/logo\/image\/\",\"url\":\"https:\/\/deportesycomunicacion.com\/wp-content\/uploads\/2013\/05\/cropped-Logo-Deportes-Comunicacion.jpg\",\"contentUrl\":\"https:\/\/deportesycomunicacion.com\/wp-content\/uploads\/2013\/05\/cropped-Logo-Deportes-Comunicacion.jpg\",\"width\":300,\"height\":65,\"caption\":\"Deportes y Comunicaci\u00f3n\"},\"image\":{\"@id\":\"https:\/\/deportesycomunicacion.com\/#\/schema\/logo\/image\/\"},\"sameAs\":[\"https:\/\/www.facebook.com\/ivan.ferrercayuela\",\"https:\/\/x.com\/IFC1976\"]},{\"@type\":\"Person\",\"@id\":\"https:\/\/deportesycomunicacion.com\/#\/schema\/person\/5bd536572b924420557d2db2f98bdd16\",\"name\":\"ivanferrer\",\"url\":\"https:\/\/deportesycomunicacion.com\/?author=2\"}]}<\/script>\n<!-- \/ Yoast SEO plugin. -->","yoast_head_json":{"title":"\u00bf\u00bf\u00bfEmpieza el festival o la pesadilla???","description":"En solo 48 horas Brasil se lanzar\u00e1 a tumba abierta para empezar a convencer a su hinchada que no hay lugar para otro Maracanazo. Que son apuesta segura","robots":{"index":"index","follow":"follow","max-snippet":"max-snippet:-1","max-image-preview":"max-image-preview:large","max-video-preview":"max-video-preview:-1"},"canonical":"https:\/\/deportesycomunicacion.com\/?p=1460","og_locale":"es_ES","og_type":"article","og_title":"\u00bf\u00bf\u00bfEmpieza el festival o la pesadilla???","og_description":"En solo 48 horas Brasil se lanzar\u00e1 a tumba abierta para empezar a convencer a su hinchada que no hay lugar para otro Maracanazo. Que son apuesta segura","og_url":"https:\/\/deportesycomunicacion.com\/?p=1460","og_site_name":"Deportes y Comunicaci\u00f3n","article_publisher":"https:\/\/www.facebook.com\/ivan.ferrercayuela","article_published_time":"2014-06-10T10:56:53+00:00","og_image":[{"width":640,"height":454,"url":"https:\/\/deportesycomunicacion.com\/wp-content\/uploads\/2014\/06\/pesadilla.jpg","type":"image\/jpeg"}],"author":"ivanferrer","twitter_card":"summary_large_image","twitter_creator":"@IFC1976","twitter_site":"@IFC1976","twitter_misc":{"Escrito por":"ivanferrer","Tiempo de lectura":"1 minuto"},"schema":{"@context":"https:\/\/schema.org","@graph":[{"@type":"Article","@id":"https:\/\/deportesycomunicacion.com\/?p=1460#article","isPartOf":{"@id":"https:\/\/deportesycomunicacion.com\/?p=1460"},"author":{"name":"ivanferrer","@id":"https:\/\/deportesycomunicacion.com\/#\/schema\/person\/5bd536572b924420557d2db2f98bdd16"},"headline":"\u00bf\u00bf\u00bfEmpieza el festival o la pesadilla???","datePublished":"2014-06-10T10:56:53+00:00","mainEntityOfPage":{"@id":"https:\/\/deportesycomunicacion.com\/?p=1460"},"wordCount":285,"commentCount":0,"publisher":{"@id":"https:\/\/deportesycomunicacion.com\/#organization"},"image":{"@id":"https:\/\/deportesycomunicacion.com\/?p=1460#primaryimage"},"thumbnailUrl":"https:\/\/deportesycomunicacion.com\/wp-content\/uploads\/2014\/06\/pesadilla.jpg","keywords":["BATALLA","BRASIL","CRITICAS","FUTBOL","PROTESTAS"],"articleSection":["ESTE MES SE SALE..."],"inLanguage":"es","potentialAction":[{"@type":"CommentAction","name":"Comment","target":["https:\/\/deportesycomunicacion.com\/?p=1460#respond"]}]},{"@type":"WebPage","@id":"https:\/\/deportesycomunicacion.com\/?p=1460","url":"https:\/\/deportesycomunicacion.com\/?p=1460","name":"\u00bf\u00bf\u00bfEmpieza el festival o la pesadilla???","isPartOf":{"@id":"https:\/\/deportesycomunicacion.com\/#website"},"primaryImageOfPage":{"@id":"https:\/\/deportesycomunicacion.com\/?p=1460#primaryimage"},"image":{"@id":"https:\/\/deportesycomunicacion.com\/?p=1460#primaryimage"},"thumbnailUrl":"https:\/\/deportesycomunicacion.com\/wp-content\/uploads\/2014\/06\/pesadilla.jpg","datePublished":"2014-06-10T10:56:53+00:00","description":"En solo 48 horas Brasil se lanzar\u00e1 a tumba abierta para empezar a convencer a su hinchada que no hay lugar para otro Maracanazo. Que son apuesta segura","breadcrumb":{"@id":"https:\/\/deportesycomunicacion.com\/?p=1460#breadcrumb"},"inLanguage":"es","potentialAction":[{"@type":"ReadAction","target":["https:\/\/deportesycomunicacion.com\/?p=1460"]}]},{"@type":"ImageObject","inLanguage":"es","@id":"https:\/\/deportesycomunicacion.com\/?p=1460#primaryimage","url":"https:\/\/deportesycomunicacion.com\/wp-content\/uploads\/2014\/06\/pesadilla.jpg","contentUrl":"https:\/\/deportesycomunicacion.com\/wp-content\/uploads\/2014\/06\/pesadilla.jpg","width":640,"height":454},{"@type":"BreadcrumbList","@id":"https:\/\/deportesycomunicacion.com\/?p=1460#breadcrumb","itemListElement":[{"@type":"ListItem","position":1,"name":"Portada","item":"https:\/\/deportesycomunicacion.com\/"},{"@type":"ListItem","position":2,"name":"\u00bf\u00bf\u00bfEmpieza el festival o la pesadilla???"}]},{"@type":"WebSite","@id":"https:\/\/deportesycomunicacion.com\/#website","url":"https:\/\/deportesycomunicacion.com\/","name":"Deportes y Comunicaci\u00f3n","description":"Powered by Ivan Ferrer","publisher":{"@id":"https:\/\/deportesycomunicacion.com\/#organization"},"potentialAction":[{"@type":"SearchAction","target":{"@type":"EntryPoint","urlTemplate":"https:\/\/deportesycomunicacion.com\/?s={search_term_string}"},"query-input":{"@type":"PropertyValueSpecification","valueRequired":true,"valueName":"search_term_string"}}],"inLanguage":"es"},{"@type":"Organization","@id":"https:\/\/deportesycomunicacion.com\/#organization","name":"Deportes y Comunicaci\u00f3n","url":"https:\/\/deportesycomunicacion.com\/","logo":{"@type":"ImageObject","inLanguage":"es","@id":"https:\/\/deportesycomunicacion.com\/#\/schema\/logo\/image\/","url":"https:\/\/deportesycomunicacion.com\/wp-content\/uploads\/2013\/05\/cropped-Logo-Deportes-Comunicacion.jpg","contentUrl":"https:\/\/deportesycomunicacion.com\/wp-content\/uploads\/2013\/05\/cropped-Logo-Deportes-Comunicacion.jpg","width":300,"height":65,"caption":"Deportes y Comunicaci\u00f3n"},"image":{"@id":"https:\/\/deportesycomunicacion.com\/#\/schema\/logo\/image\/"},"sameAs":["https:\/\/www.facebook.com\/ivan.ferrercayuela","https:\/\/x.com\/IFC1976"]},{"@type":"Person","@id":"https:\/\/deportesycomunicacion.com\/#\/schema\/person\/5bd536572b924420557d2db2f98bdd16","name":"ivanferrer","url":"https:\/\/deportesycomunicacion.com\/?author=2"}]}},"_links":{"self":[{"href":"https:\/\/deportesycomunicacion.com\/index.php?rest_route=\/wp\/v2\/posts\/1460","targetHints":{"allow":["GET"]}}],"collection":[{"href":"https:\/\/deportesycomunicacion.com\/index.php?rest_route=\/wp\/v2\/posts"}],"about":[{"href":"https:\/\/deportesycomunicacion.com\/index.php?rest_route=\/wp\/v2\/types\/post"}],"author":[{"embeddable":true,"href":"https:\/\/deportesycomunicacion.com\/index.php?rest_route=\/wp\/v2\/users\/2"}],"replies":[{"embeddable":true,"href":"https:\/\/deportesycomunicacion.com\/index.php?rest_route=%2Fwp%2Fv2%2Fcomments&post=1460"}],"version-history":[{"count":4,"href":"https:\/\/deportesycomunicacion.com\/index.php?rest_route=\/wp\/v2\/posts\/1460\/revisions"}],"predecessor-version":[{"id":1465,"href":"https:\/\/deportesycomunicacion.com\/index.php?rest_route=\/wp\/v2\/posts\/1460\/revisions\/1465"}],"wp:featuredmedia":[{"embeddable":true,"href":"https:\/\/deportesycomunicacion.com\/index.php?rest_route=\/wp\/v2\/media\/1463"}],"wp:attachment":[{"href":"https:\/\/deportesycomunicacion.com\/index.php?rest_route=%2Fwp%2Fv2%2Fmedia&parent=1460"}],"wp:term":[{"taxonomy":"category","embeddable":true,"href":"https:\/\/deportesycomunicacion.com\/index.php?rest_route=%2Fwp%2Fv2%2Fcategories&post=1460"},{"taxonomy":"post_tag","embeddable":true,"href":"https:\/\/deportesycomunicacion.com\/index.php?rest_route=%2Fwp%2Fv2%2Ftags&post=1460"}],"curies":[{"name":"wp","href":"https:\/\/api.w.org\/{rel}","templated":true}]}}