{"id":1914,"date":"2014-10-15T23:24:54","date_gmt":"2014-10-15T21:24:54","guid":{"rendered":"http:\/\/deportesycomunicacion.com\/?p=1914"},"modified":"2014-10-15T23:24:54","modified_gmt":"2014-10-15T21:24:54","slug":"hay-que-dejarlo-todo-en-manos-de-los-sabios","status":"publish","type":"post","link":"https:\/\/deportesycomunicacion.com\/?p=1914","title":{"rendered":"\u00bfHay que dejarlo todo en manos de los sabios?"},"content":{"rendered":"<p style=\"text-align: justify;\">Cuando las cosas van bien tendemos a subirnos por las nubes, a creer que todo es de color de rosa y que el \u00e9xito ser\u00e1 eterno&#8230; Y cuando van mal nos mortificamos, flagelamos, vislumbramos un t\u00fanel infinito y la oscuridad impera&#8230; En el deporte no abunda la calma ni el largo plazo, siempre hay que ganar y si puede ser antes de ayer mejor que ahora. Como en la ruleta rusa: todo o nada&#8230;<\/p>\n<p style=\"text-align: justify;\">Y calma buscan los estadounidenses, que van de desastre en desastre en la Ryder Cup. Los europeos les han levantado <a title=\"Palmar\u00e9s Ryder Cup\" href=\"http:\/\/es.wikipedia.org\/wiki\/Ryder_Cup\" target=\"_blank\"><strong>seis de las siete \u00faltimas ediciones<\/strong><\/a>. Ha llegado el momento de parar y analizar c\u00f3mo se han hecho las cosas desde 2002. Es hora de pensar, ver qu\u00e9 se ha hecho mal, qu\u00e9 se puede mejorar y que debe cambiarse. Se trata de cuestion\u00e1rselo todo, desde los pilares hasta el tejado.<\/p>\n<p style=\"text-align: justify;\">La f\u00f3rmula escogida ha sido la misma que en la <a title=\"Orden Jedi\" href=\"http:\/\/es.starwars.wikia.com\/wiki\/Orden_Jedi\" target=\"_blank\"><strong>Guerra de las Galaxias<\/strong><\/a> o en la <a title=\"Caballeros mesa redonda\" href=\"http:\/\/es.wikipedia.org\/wiki\/Anexo:Caballeros_de_la_Mesa_Redonda\" target=\"_blank\"><strong>Corte del Rey Arturo<\/strong><\/a>: un consejo de sabios. La \u00e9pica de la Edad Media o del hiperespacio se ha trasladado al cuartel general del golf en <strong>EEUU<\/strong>.\u00a0<span style=\"color: #333333;\">Son <a title=\"Comit\u00e9 de sabios en EEUU para analizar la Ryder Cup\" href=\"http:\/\/deportes.elpais.com\/deportes\/2014\/10\/14\/actualidad\/1413304006_558277.html\" target=\"_blank\"><strong>11 elegidos<\/strong><\/a> -entre jugadores, excapitanes de la competici\u00f3n y miembros del circuito americano- que van a <strong>asesorar<\/strong> todo el proceso. En sus manos est\u00e1 dar con las teclas para acabar con la supremac\u00eda europea en la competici\u00f3n y resurgir como equipo.<\/span><\/p>\n<p style=\"text-align: justify;\"><strong>\u00bfEs bueno tener un comit\u00e9 de sabios para tener siempre una gu\u00eda? \u00bfO es mejor ir a golpe de decisi\u00f3n?<\/strong><\/p>\n<p>photo credit: <a href=\"https:\/\/www.flickr.com\/photos\/amarga\/2078644799\/\">a_marga<\/a> via <a href=\"http:\/\/photopin.com\">photopin<\/a> <a href=\"http:\/\/creativecommons.org\/licenses\/by-sa\/2.0\/\">cc<\/a><\/p>\n","protected":false},"excerpt":{"rendered":"<p>Cuando las cosas van bien tendemos a subirnos por las nubes, a creer que todo es &hellip; <a title=\"\u00bfHay que dejarlo todo en manos de los sabios?\" class=\"hm-read-more\" href=\"https:\/\/deportesycomunicacion.com\/?p=1914\"><span class=\"screen-reader-text\">\u00bfHay que dejarlo todo en manos de los sabios?<\/span>Leer m\u00e1s<\/a><\/p>\n","protected":false},"author":2,"featured_media":1926,"comment_status":"open","ping_status":"open","sticky":false,"template":"","format":"standard","meta":{"footnotes":""},"categories":[440],"tags":[529,528,1081,527],"class_list":["post-1914","post","type-post","status-publish","format-standard","has-post-thumbnail","hentry","category-golf","tag-asesores","tag-eeuu","tag-golf","tag-ryder-cup"],"yoast_head":"<!-- This site is optimized with the Yoast SEO plugin v24.8.1 - https:\/\/yoast.com\/wordpress\/plugins\/seo\/ -->\n<title>\u00bfHay que dejarlo todo en manos de los sabios?<\/title>\n<meta name=\"description\" content=\"Cuando las cosas van bien tendemos a subirnos por las nubes, a creer que todo es de color de rosa y que el \u00e9xito ser\u00e1 eterno... Y cuando van mal nos\" \/>\n<meta name=\"robots\" content=\"index, follow, max-snippet:-1, max-image-preview:large, max-video-preview:-1\" \/>\n<link rel=\"canonical\" href=\"https:\/\/deportesycomunicacion.com\/?p=1914\" \/>\n<meta property=\"og:locale\" content=\"es_ES\" \/>\n<meta property=\"og:type\" content=\"article\" \/>\n<meta property=\"og:title\" content=\"\u00bfHay que dejarlo todo en manos de los sabios?\" \/>\n<meta property=\"og:description\" content=\"Cuando las cosas van bien tendemos a subirnos por las nubes, a creer que todo es de color de rosa y que el \u00e9xito ser\u00e1 eterno... Y cuando van mal nos\" \/>\n<meta property=\"og:url\" content=\"https:\/\/deportesycomunicacion.com\/?p=1914\" \/>\n<meta property=\"og:site_name\" content=\"Deportes y Comunicaci\u00f3n\" \/>\n<meta property=\"article:publisher\" content=\"https:\/\/www.facebook.com\/ivan.ferrercayuela\" \/>\n<meta property=\"article:published_time\" content=\"2014-10-15T21:24:54+00:00\" \/>\n<meta property=\"og:image\" content=\"https:\/\/deportesycomunicacion.com\/wp-content\/uploads\/2014\/10\/consejo-sabios.jpg\" \/>\n\t<meta property=\"og:image:width\" content=\"1\" \/>\n\t<meta property=\"og:image:height\" content=\"1\" \/>\n\t<meta property=\"og:image:type\" content=\"image\/jpeg\" \/>\n<meta name=\"author\" content=\"ivanferrer\" \/>\n<meta name=\"twitter:card\" content=\"summary_large_image\" \/>\n<meta name=\"twitter:creator\" content=\"@IFC1976\" \/>\n<meta name=\"twitter:site\" content=\"@IFC1976\" \/>\n<meta name=\"twitter:label1\" content=\"Escrito por\" \/>\n\t<meta name=\"twitter:data1\" content=\"ivanferrer\" \/>\n\t<meta name=\"twitter:label2\" content=\"Tiempo de lectura\" \/>\n\t<meta name=\"twitter:data2\" content=\"1 minuto\" \/>\n<script type=\"application\/ld+json\" class=\"yoast-schema-graph\">{\"@context\":\"https:\/\/schema.org\",\"@graph\":[{\"@type\":\"Article\",\"@id\":\"https:\/\/deportesycomunicacion.com\/?p=1914#article\",\"isPartOf\":{\"@id\":\"https:\/\/deportesycomunicacion.com\/?p=1914\"},\"author\":{\"name\":\"ivanferrer\",\"@id\":\"https:\/\/deportesycomunicacion.com\/#\/schema\/person\/5bd536572b924420557d2db2f98bdd16\"},\"headline\":\"\u00bfHay que dejarlo todo en manos de los sabios?\",\"datePublished\":\"2014-10-15T21:24:54+00:00\",\"mainEntityOfPage\":{\"@id\":\"https:\/\/deportesycomunicacion.com\/?p=1914\"},\"wordCount\":274,\"commentCount\":0,\"publisher\":{\"@id\":\"https:\/\/deportesycomunicacion.com\/#organization\"},\"image\":{\"@id\":\"https:\/\/deportesycomunicacion.com\/?p=1914#primaryimage\"},\"thumbnailUrl\":\"https:\/\/deportesycomunicacion.com\/wp-content\/uploads\/2014\/10\/consejo-sabios.jpg\",\"keywords\":[\"ASESORES\",\"EEUU\",\"GOLF\",\"RYDER CUP\"],\"articleSection\":[\"GOLF\"],\"inLanguage\":\"es\",\"potentialAction\":[{\"@type\":\"CommentAction\",\"name\":\"Comment\",\"target\":[\"https:\/\/deportesycomunicacion.com\/?p=1914#respond\"]}]},{\"@type\":\"WebPage\",\"@id\":\"https:\/\/deportesycomunicacion.com\/?p=1914\",\"url\":\"https:\/\/deportesycomunicacion.com\/?p=1914\",\"name\":\"\u00bfHay que dejarlo todo en manos de los sabios?\",\"isPartOf\":{\"@id\":\"https:\/\/deportesycomunicacion.com\/#website\"},\"primaryImageOfPage\":{\"@id\":\"https:\/\/deportesycomunicacion.com\/?p=1914#primaryimage\"},\"image\":{\"@id\":\"https:\/\/deportesycomunicacion.com\/?p=1914#primaryimage\"},\"thumbnailUrl\":\"https:\/\/deportesycomunicacion.com\/wp-content\/uploads\/2014\/10\/consejo-sabios.jpg\",\"datePublished\":\"2014-10-15T21:24:54+00:00\",\"description\":\"Cuando las cosas van bien tendemos a subirnos por las nubes, a creer que todo es de color de rosa y que el \u00e9xito ser\u00e1 eterno... Y cuando van mal nos\",\"breadcrumb\":{\"@id\":\"https:\/\/deportesycomunicacion.com\/?p=1914#breadcrumb\"},\"inLanguage\":\"es\",\"potentialAction\":[{\"@type\":\"ReadAction\",\"target\":[\"https:\/\/deportesycomunicacion.com\/?p=1914\"]}]},{\"@type\":\"ImageObject\",\"inLanguage\":\"es\",\"@id\":\"https:\/\/deportesycomunicacion.com\/?p=1914#primaryimage\",\"url\":\"https:\/\/deportesycomunicacion.com\/wp-content\/uploads\/2014\/10\/consejo-sabios.jpg\",\"contentUrl\":\"https:\/\/deportesycomunicacion.com\/wp-content\/uploads\/2014\/10\/consejo-sabios.jpg\"},{\"@type\":\"BreadcrumbList\",\"@id\":\"https:\/\/deportesycomunicacion.com\/?p=1914#breadcrumb\",\"itemListElement\":[{\"@type\":\"ListItem\",\"position\":1,\"name\":\"Portada\",\"item\":\"https:\/\/deportesycomunicacion.com\/\"},{\"@type\":\"ListItem\",\"position\":2,\"name\":\"\u00bfHay que dejarlo todo en manos de los sabios?\"}]},{\"@type\":\"WebSite\",\"@id\":\"https:\/\/deportesycomunicacion.com\/#website\",\"url\":\"https:\/\/deportesycomunicacion.com\/\",\"name\":\"Deportes y Comunicaci\u00f3n\",\"description\":\"Powered by Ivan Ferrer\",\"publisher\":{\"@id\":\"https:\/\/deportesycomunicacion.com\/#organization\"},\"potentialAction\":[{\"@type\":\"SearchAction\",\"target\":{\"@type\":\"EntryPoint\",\"urlTemplate\":\"https:\/\/deportesycomunicacion.com\/?s={search_term_string}\"},\"query-input\":{\"@type\":\"PropertyValueSpecification\",\"valueRequired\":true,\"valueName\":\"search_term_string\"}}],\"inLanguage\":\"es\"},{\"@type\":\"Organization\",\"@id\":\"https:\/\/deportesycomunicacion.com\/#organization\",\"name\":\"Deportes y Comunicaci\u00f3n\",\"url\":\"https:\/\/deportesycomunicacion.com\/\",\"logo\":{\"@type\":\"ImageObject\",\"inLanguage\":\"es\",\"@id\":\"https:\/\/deportesycomunicacion.com\/#\/schema\/logo\/image\/\",\"url\":\"https:\/\/deportesycomunicacion.com\/wp-content\/uploads\/2013\/05\/cropped-Logo-Deportes-Comunicacion.jpg\",\"contentUrl\":\"https:\/\/deportesycomunicacion.com\/wp-content\/uploads\/2013\/05\/cropped-Logo-Deportes-Comunicacion.jpg\",\"width\":300,\"height\":65,\"caption\":\"Deportes y Comunicaci\u00f3n\"},\"image\":{\"@id\":\"https:\/\/deportesycomunicacion.com\/#\/schema\/logo\/image\/\"},\"sameAs\":[\"https:\/\/www.facebook.com\/ivan.ferrercayuela\",\"https:\/\/x.com\/IFC1976\"]},{\"@type\":\"Person\",\"@id\":\"https:\/\/deportesycomunicacion.com\/#\/schema\/person\/5bd536572b924420557d2db2f98bdd16\",\"name\":\"ivanferrer\",\"url\":\"https:\/\/deportesycomunicacion.com\/?author=2\"}]}<\/script>\n<!-- \/ Yoast SEO plugin. -->","yoast_head_json":{"title":"\u00bfHay que dejarlo todo en manos de los sabios?","description":"Cuando las cosas van bien tendemos a subirnos por las nubes, a creer que todo es de color de rosa y que el \u00e9xito ser\u00e1 eterno... Y cuando van mal nos","robots":{"index":"index","follow":"follow","max-snippet":"max-snippet:-1","max-image-preview":"max-image-preview:large","max-video-preview":"max-video-preview:-1"},"canonical":"https:\/\/deportesycomunicacion.com\/?p=1914","og_locale":"es_ES","og_type":"article","og_title":"\u00bfHay que dejarlo todo en manos de los sabios?","og_description":"Cuando las cosas van bien tendemos a subirnos por las nubes, a creer que todo es de color de rosa y que el \u00e9xito ser\u00e1 eterno... Y cuando van mal nos","og_url":"https:\/\/deportesycomunicacion.com\/?p=1914","og_site_name":"Deportes y Comunicaci\u00f3n","article_publisher":"https:\/\/www.facebook.com\/ivan.ferrercayuela","article_published_time":"2014-10-15T21:24:54+00:00","og_image":[{"url":"https:\/\/deportesycomunicacion.com\/wp-content\/uploads\/2014\/10\/consejo-sabios.jpg","width":1,"height":1,"type":"image\/jpeg"}],"author":"ivanferrer","twitter_card":"summary_large_image","twitter_creator":"@IFC1976","twitter_site":"@IFC1976","twitter_misc":{"Escrito por":"ivanferrer","Tiempo de lectura":"1 minuto"},"schema":{"@context":"https:\/\/schema.org","@graph":[{"@type":"Article","@id":"https:\/\/deportesycomunicacion.com\/?p=1914#article","isPartOf":{"@id":"https:\/\/deportesycomunicacion.com\/?p=1914"},"author":{"name":"ivanferrer","@id":"https:\/\/deportesycomunicacion.com\/#\/schema\/person\/5bd536572b924420557d2db2f98bdd16"},"headline":"\u00bfHay que dejarlo todo en manos de los sabios?","datePublished":"2014-10-15T21:24:54+00:00","mainEntityOfPage":{"@id":"https:\/\/deportesycomunicacion.com\/?p=1914"},"wordCount":274,"commentCount":0,"publisher":{"@id":"https:\/\/deportesycomunicacion.com\/#organization"},"image":{"@id":"https:\/\/deportesycomunicacion.com\/?p=1914#primaryimage"},"thumbnailUrl":"https:\/\/deportesycomunicacion.com\/wp-content\/uploads\/2014\/10\/consejo-sabios.jpg","keywords":["ASESORES","EEUU","GOLF","RYDER CUP"],"articleSection":["GOLF"],"inLanguage":"es","potentialAction":[{"@type":"CommentAction","name":"Comment","target":["https:\/\/deportesycomunicacion.com\/?p=1914#respond"]}]},{"@type":"WebPage","@id":"https:\/\/deportesycomunicacion.com\/?p=1914","url":"https:\/\/deportesycomunicacion.com\/?p=1914","name":"\u00bfHay que dejarlo todo en manos de los sabios?","isPartOf":{"@id":"https:\/\/deportesycomunicacion.com\/#website"},"primaryImageOfPage":{"@id":"https:\/\/deportesycomunicacion.com\/?p=1914#primaryimage"},"image":{"@id":"https:\/\/deportesycomunicacion.com\/?p=1914#primaryimage"},"thumbnailUrl":"https:\/\/deportesycomunicacion.com\/wp-content\/uploads\/2014\/10\/consejo-sabios.jpg","datePublished":"2014-10-15T21:24:54+00:00","description":"Cuando las cosas van bien tendemos a subirnos por las nubes, a creer que todo es de color de rosa y que el \u00e9xito ser\u00e1 eterno... Y cuando van mal nos","breadcrumb":{"@id":"https:\/\/deportesycomunicacion.com\/?p=1914#breadcrumb"},"inLanguage":"es","potentialAction":[{"@type":"ReadAction","target":["https:\/\/deportesycomunicacion.com\/?p=1914"]}]},{"@type":"ImageObject","inLanguage":"es","@id":"https:\/\/deportesycomunicacion.com\/?p=1914#primaryimage","url":"https:\/\/deportesycomunicacion.com\/wp-content\/uploads\/2014\/10\/consejo-sabios.jpg","contentUrl":"https:\/\/deportesycomunicacion.com\/wp-content\/uploads\/2014\/10\/consejo-sabios.jpg"},{"@type":"BreadcrumbList","@id":"https:\/\/deportesycomunicacion.com\/?p=1914#breadcrumb","itemListElement":[{"@type":"ListItem","position":1,"name":"Portada","item":"https:\/\/deportesycomunicacion.com\/"},{"@type":"ListItem","position":2,"name":"\u00bfHay que dejarlo todo en manos de los sabios?"}]},{"@type":"WebSite","@id":"https:\/\/deportesycomunicacion.com\/#website","url":"https:\/\/deportesycomunicacion.com\/","name":"Deportes y Comunicaci\u00f3n","description":"Powered by Ivan Ferrer","publisher":{"@id":"https:\/\/deportesycomunicacion.com\/#organization"},"potentialAction":[{"@type":"SearchAction","target":{"@type":"EntryPoint","urlTemplate":"https:\/\/deportesycomunicacion.com\/?s={search_term_string}"},"query-input":{"@type":"PropertyValueSpecification","valueRequired":true,"valueName":"search_term_string"}}],"inLanguage":"es"},{"@type":"Organization","@id":"https:\/\/deportesycomunicacion.com\/#organization","name":"Deportes y Comunicaci\u00f3n","url":"https:\/\/deportesycomunicacion.com\/","logo":{"@type":"ImageObject","inLanguage":"es","@id":"https:\/\/deportesycomunicacion.com\/#\/schema\/logo\/image\/","url":"https:\/\/deportesycomunicacion.com\/wp-content\/uploads\/2013\/05\/cropped-Logo-Deportes-Comunicacion.jpg","contentUrl":"https:\/\/deportesycomunicacion.com\/wp-content\/uploads\/2013\/05\/cropped-Logo-Deportes-Comunicacion.jpg","width":300,"height":65,"caption":"Deportes y Comunicaci\u00f3n"},"image":{"@id":"https:\/\/deportesycomunicacion.com\/#\/schema\/logo\/image\/"},"sameAs":["https:\/\/www.facebook.com\/ivan.ferrercayuela","https:\/\/x.com\/IFC1976"]},{"@type":"Person","@id":"https:\/\/deportesycomunicacion.com\/#\/schema\/person\/5bd536572b924420557d2db2f98bdd16","name":"ivanferrer","url":"https:\/\/deportesycomunicacion.com\/?author=2"}]}},"_links":{"self":[{"href":"https:\/\/deportesycomunicacion.com\/index.php?rest_route=\/wp\/v2\/posts\/1914","targetHints":{"allow":["GET"]}}],"collection":[{"href":"https:\/\/deportesycomunicacion.com\/index.php?rest_route=\/wp\/v2\/posts"}],"about":[{"href":"https:\/\/deportesycomunicacion.com\/index.php?rest_route=\/wp\/v2\/types\/post"}],"author":[{"embeddable":true,"href":"https:\/\/deportesycomunicacion.com\/index.php?rest_route=\/wp\/v2\/users\/2"}],"replies":[{"embeddable":true,"href":"https:\/\/deportesycomunicacion.com\/index.php?rest_route=%2Fwp%2Fv2%2Fcomments&post=1914"}],"version-history":[{"count":8,"href":"https:\/\/deportesycomunicacion.com\/index.php?rest_route=\/wp\/v2\/posts\/1914\/revisions"}],"predecessor-version":[{"id":1930,"href":"https:\/\/deportesycomunicacion.com\/index.php?rest_route=\/wp\/v2\/posts\/1914\/revisions\/1930"}],"wp:featuredmedia":[{"embeddable":true,"href":"https:\/\/deportesycomunicacion.com\/index.php?rest_route=\/wp\/v2\/media\/1926"}],"wp:attachment":[{"href":"https:\/\/deportesycomunicacion.com\/index.php?rest_route=%2Fwp%2Fv2%2Fmedia&parent=1914"}],"wp:term":[{"taxonomy":"category","embeddable":true,"href":"https:\/\/deportesycomunicacion.com\/index.php?rest_route=%2Fwp%2Fv2%2Fcategories&post=1914"},{"taxonomy":"post_tag","embeddable":true,"href":"https:\/\/deportesycomunicacion.com\/index.php?rest_route=%2Fwp%2Fv2%2Ftags&post=1914"}],"curies":[{"name":"wp","href":"https:\/\/api.w.org\/{rel}","templated":true}]}}