{"id":2817,"date":"2015-06-18T22:14:23","date_gmt":"2015-06-18T20:14:23","guid":{"rendered":"http:\/\/deportesycomunicacion.com\/?p=2817"},"modified":"2015-06-18T22:14:23","modified_gmt":"2015-06-18T20:14:23","slug":"a-tu-rival-ni-agua","status":"publish","type":"post","link":"https:\/\/deportesycomunicacion.com\/?p=2817","title":{"rendered":"\u00bfA tu rival ni agua?"},"content":{"rendered":"<p style=\"text-align: justify;\">La \u00faltima vuelta suele llegar envuelta de emoci\u00f3n y riesgo. Y cuando acaba se desencadenan l\u00e1grimas, risas, rabia, impotencia, alegr\u00eda, euforia&#8230; En esa \u00faltima vuelta, se desarrollan las rivalidades que desencadenan en duelos de leyenda. El mundial de 250 de 1988 estuvo lleno de apasionantes \u00faltimas vueltas protagonizadas entre <strong>Sito Pons<\/strong> y <strong>Joan Garriga<\/strong>. El primero anal\u00edtico y pausado, el segundo impulsivo a morir. Protagonizaron un duelo tan intenso que, como catalog\u00f3 el gran \u00c1ngel Nieto, parec\u00eda una <strong>rivalidad<\/strong> Bar\u00e7a-Madrid. La afici\u00f3n estaba dividida entre partidarios de cada piloto, una situaci\u00f3n in\u00e9dita hasta entonces.<\/p>\n<p style=\"text-align: justify;\">El t\u00edtulo se lo llev\u00f3\u00a0<strong><a title=\"Cr\u00f3nica temporada 1988 Mundial motociclismo 250CC\" href=\"http:\/\/www.motorpasion.com\/otras-competiciones\/joan-garriga-contra-sito-pons-asi-fue-la-mayor-rivalidad-de-la-historia-del-motociclismo-espanol\" target=\"_blank\">Sito<\/a><\/strong>. Y se acabaron retirando los dos a principios de los 90. La vida continu\u00f3 m\u00e1s all\u00e1 del pilotaje&#8230; Aunque fueron destinos diametralmente opuestos&#8230; Pons\u00a0sigue unido al mundo de las dos ruedas, oliendo a gasolina. Garriga se apag\u00f3 personalmente, tuvo problemas con las drogas, pis\u00f3 la c\u00e1rcel e incluso lleg\u00f3 a quedarse sin lugar donde dormir, al perder su casa.<\/p>\n<p style=\"text-align: justify;\">Tras unas largas bodas de plata, ya no quedaba nada de esa rivalidad; solo recuerdos. Y el hast\u00edo y la desaz\u00f3n que le gener\u00f3 al hermano rico que su m\u00e1ximo contendiente se hubiera convertido en un aut\u00e9ntico hombre pobre, miserable y con la dignidad por los suelos. 26 a\u00f1os m\u00e1s tarde se reencontraron y Sito le tendi\u00f3 una mano a Garriga que en 1988 se la hubiera dirigido a la yugular, al cuello&#8230; Toda la emoci\u00f3n de una \u00faltima vuelta condensada en un <a title=\"Documental &quot;\u00daltima vuelta&quot;\" href=\"http:\/\/www.telecinco.es\/motogp\/reportajes\/ultima-vuelta\/documental-ultima-vuelta-integro-carta_2_2003430012.html\" target=\"_blank\"><strong>documental de Tele 5<\/strong><\/a>.<\/p>\n<p style=\"text-align: justify;\"><strong>\u00bfSer\u00edas capaz de ayudar a tu m\u00e1ximo rival para sacarlo de una situaci\u00f3n muy comprometida? \u00bfO lo que pas\u00f3 en la pista se qued\u00f3 all\u00ed, en la pista?<\/strong><\/p>\n<p>photo credit: <a href=\"http:\/\/www.flickr.com\/photos\/88589821@N00\/4784075400\">Top Gear Lap Times Farnborough Business Park IMG_0614<\/a> via <a href=\"http:\/\/photopin.com\">photopin<\/a> <a href=\"https:\/\/creativecommons.org\/licenses\/by-sa\/2.0\/\">(license)<\/a><\/p>\n","protected":false},"excerpt":{"rendered":"<p>La \u00faltima vuelta suele llegar envuelta de emoci\u00f3n y riesgo. Y cuando acaba se desencadenan l\u00e1grimas, &hellip; <a title=\"\u00bfA tu rival ni agua?\" class=\"hm-read-more\" href=\"https:\/\/deportesycomunicacion.com\/?p=2817\"><span class=\"screen-reader-text\">\u00bfA tu rival ni agua?<\/span>Leer m\u00e1s<\/a><\/p>\n","protected":false},"author":2,"featured_media":2832,"comment_status":"open","ping_status":"open","sticky":false,"template":"","format":"standard","meta":{"footnotes":""},"categories":[68,4],"tags":[858,1062,856,1055,117,857],"class_list":["post-2817","post","type-post","status-publish","format-standard","has-post-thumbnail","hentry","category-desde-la-barrera","category-motociclismo","tag-ayudar","tag-desde-la-barrera","tag-joan-garriga","tag-motociclismo","tag-rivalidad","tag-sito-pons"],"yoast_head":"<!-- This site is optimized with the Yoast SEO plugin v24.8.1 - https:\/\/yoast.com\/wordpress\/plugins\/seo\/ -->\n<title>\u00bfA tu rival ni agua?<\/title>\n<meta name=\"description\" content=\"La \u00faltima vuelta suele llegar envuelta de emoci\u00f3n y riesgo. Y cuando acaba se desencadenan l\u00e1grimas, risas, rabia, impotencia, alegr\u00eda, euforia... En esa\" \/>\n<meta name=\"robots\" content=\"index, follow, max-snippet:-1, max-image-preview:large, max-video-preview:-1\" \/>\n<link rel=\"canonical\" href=\"https:\/\/deportesycomunicacion.com\/?p=2817\" \/>\n<meta property=\"og:locale\" content=\"es_ES\" \/>\n<meta property=\"og:type\" content=\"article\" \/>\n<meta property=\"og:title\" content=\"\u00bfA tu rival ni agua?\" \/>\n<meta property=\"og:description\" content=\"La \u00faltima vuelta suele llegar envuelta de emoci\u00f3n y riesgo. Y cuando acaba se desencadenan l\u00e1grimas, risas, rabia, impotencia, alegr\u00eda, euforia... En esa\" \/>\n<meta property=\"og:url\" content=\"https:\/\/deportesycomunicacion.com\/?p=2817\" \/>\n<meta property=\"og:site_name\" content=\"Deportes y Comunicaci\u00f3n\" \/>\n<meta property=\"article:publisher\" content=\"https:\/\/www.facebook.com\/ivan.ferrercayuela\" \/>\n<meta property=\"article:published_time\" content=\"2015-06-18T20:14:23+00:00\" \/>\n<meta property=\"og:image\" content=\"https:\/\/deportesycomunicacion.com\/wp-content\/uploads\/2015\/06\/vuelta.jpg\" \/>\n\t<meta property=\"og:image:width\" content=\"500\" \/>\n\t<meta property=\"og:image:height\" content=\"333\" \/>\n\t<meta property=\"og:image:type\" content=\"image\/jpeg\" \/>\n<meta name=\"author\" content=\"ivanferrer\" \/>\n<meta name=\"twitter:card\" content=\"summary_large_image\" \/>\n<meta name=\"twitter:creator\" content=\"@IFC1976\" \/>\n<meta name=\"twitter:site\" content=\"@IFC1976\" \/>\n<meta name=\"twitter:label1\" content=\"Escrito por\" \/>\n\t<meta name=\"twitter:data1\" content=\"ivanferrer\" \/>\n\t<meta name=\"twitter:label2\" content=\"Tiempo de lectura\" \/>\n\t<meta name=\"twitter:data2\" content=\"2 minutos\" \/>\n<script type=\"application\/ld+json\" class=\"yoast-schema-graph\">{\"@context\":\"https:\/\/schema.org\",\"@graph\":[{\"@type\":\"Article\",\"@id\":\"https:\/\/deportesycomunicacion.com\/?p=2817#article\",\"isPartOf\":{\"@id\":\"https:\/\/deportesycomunicacion.com\/?p=2817\"},\"author\":{\"name\":\"ivanferrer\",\"@id\":\"https:\/\/deportesycomunicacion.com\/#\/schema\/person\/5bd536572b924420557d2db2f98bdd16\"},\"headline\":\"\u00bfA tu rival ni agua?\",\"datePublished\":\"2015-06-18T20:14:23+00:00\",\"mainEntityOfPage\":{\"@id\":\"https:\/\/deportesycomunicacion.com\/?p=2817\"},\"wordCount\":309,\"commentCount\":0,\"publisher\":{\"@id\":\"https:\/\/deportesycomunicacion.com\/#organization\"},\"image\":{\"@id\":\"https:\/\/deportesycomunicacion.com\/?p=2817#primaryimage\"},\"thumbnailUrl\":\"https:\/\/deportesycomunicacion.com\/wp-content\/uploads\/2015\/06\/vuelta.jpg\",\"keywords\":[\"AYUDAR\",\"DESDE LA BARRERA\",\"JOAN GARRIGA\",\"MOTOCICLISMO\",\"RIVALIDAD\",\"SITO PONS\"],\"articleSection\":[\"DESDE LA BARRERA\",\"MOTOCICLISMO\"],\"inLanguage\":\"es\",\"potentialAction\":[{\"@type\":\"CommentAction\",\"name\":\"Comment\",\"target\":[\"https:\/\/deportesycomunicacion.com\/?p=2817#respond\"]}]},{\"@type\":\"WebPage\",\"@id\":\"https:\/\/deportesycomunicacion.com\/?p=2817\",\"url\":\"https:\/\/deportesycomunicacion.com\/?p=2817\",\"name\":\"\u00bfA tu rival ni agua?\",\"isPartOf\":{\"@id\":\"https:\/\/deportesycomunicacion.com\/#website\"},\"primaryImageOfPage\":{\"@id\":\"https:\/\/deportesycomunicacion.com\/?p=2817#primaryimage\"},\"image\":{\"@id\":\"https:\/\/deportesycomunicacion.com\/?p=2817#primaryimage\"},\"thumbnailUrl\":\"https:\/\/deportesycomunicacion.com\/wp-content\/uploads\/2015\/06\/vuelta.jpg\",\"datePublished\":\"2015-06-18T20:14:23+00:00\",\"description\":\"La \u00faltima vuelta suele llegar envuelta de emoci\u00f3n y riesgo. Y cuando acaba se desencadenan l\u00e1grimas, risas, rabia, impotencia, alegr\u00eda, euforia... En esa\",\"breadcrumb\":{\"@id\":\"https:\/\/deportesycomunicacion.com\/?p=2817#breadcrumb\"},\"inLanguage\":\"es\",\"potentialAction\":[{\"@type\":\"ReadAction\",\"target\":[\"https:\/\/deportesycomunicacion.com\/?p=2817\"]}]},{\"@type\":\"ImageObject\",\"inLanguage\":\"es\",\"@id\":\"https:\/\/deportesycomunicacion.com\/?p=2817#primaryimage\",\"url\":\"https:\/\/deportesycomunicacion.com\/wp-content\/uploads\/2015\/06\/vuelta.jpg\",\"contentUrl\":\"https:\/\/deportesycomunicacion.com\/wp-content\/uploads\/2015\/06\/vuelta.jpg\",\"width\":500,\"height\":333},{\"@type\":\"BreadcrumbList\",\"@id\":\"https:\/\/deportesycomunicacion.com\/?p=2817#breadcrumb\",\"itemListElement\":[{\"@type\":\"ListItem\",\"position\":1,\"name\":\"Portada\",\"item\":\"https:\/\/deportesycomunicacion.com\/\"},{\"@type\":\"ListItem\",\"position\":2,\"name\":\"\u00bfA tu rival ni agua?\"}]},{\"@type\":\"WebSite\",\"@id\":\"https:\/\/deportesycomunicacion.com\/#website\",\"url\":\"https:\/\/deportesycomunicacion.com\/\",\"name\":\"Deportes y Comunicaci\u00f3n\",\"description\":\"Powered by Ivan Ferrer\",\"publisher\":{\"@id\":\"https:\/\/deportesycomunicacion.com\/#organization\"},\"potentialAction\":[{\"@type\":\"SearchAction\",\"target\":{\"@type\":\"EntryPoint\",\"urlTemplate\":\"https:\/\/deportesycomunicacion.com\/?s={search_term_string}\"},\"query-input\":{\"@type\":\"PropertyValueSpecification\",\"valueRequired\":true,\"valueName\":\"search_term_string\"}}],\"inLanguage\":\"es\"},{\"@type\":\"Organization\",\"@id\":\"https:\/\/deportesycomunicacion.com\/#organization\",\"name\":\"Deportes y Comunicaci\u00f3n\",\"url\":\"https:\/\/deportesycomunicacion.com\/\",\"logo\":{\"@type\":\"ImageObject\",\"inLanguage\":\"es\",\"@id\":\"https:\/\/deportesycomunicacion.com\/#\/schema\/logo\/image\/\",\"url\":\"https:\/\/deportesycomunicacion.com\/wp-content\/uploads\/2013\/05\/cropped-Logo-Deportes-Comunicacion.jpg\",\"contentUrl\":\"https:\/\/deportesycomunicacion.com\/wp-content\/uploads\/2013\/05\/cropped-Logo-Deportes-Comunicacion.jpg\",\"width\":300,\"height\":65,\"caption\":\"Deportes y Comunicaci\u00f3n\"},\"image\":{\"@id\":\"https:\/\/deportesycomunicacion.com\/#\/schema\/logo\/image\/\"},\"sameAs\":[\"https:\/\/www.facebook.com\/ivan.ferrercayuela\",\"https:\/\/x.com\/IFC1976\"]},{\"@type\":\"Person\",\"@id\":\"https:\/\/deportesycomunicacion.com\/#\/schema\/person\/5bd536572b924420557d2db2f98bdd16\",\"name\":\"ivanferrer\",\"url\":\"https:\/\/deportesycomunicacion.com\/?author=2\"}]}<\/script>\n<!-- \/ Yoast SEO plugin. -->","yoast_head_json":{"title":"\u00bfA tu rival ni agua?","description":"La \u00faltima vuelta suele llegar envuelta de emoci\u00f3n y riesgo. Y cuando acaba se desencadenan l\u00e1grimas, risas, rabia, impotencia, alegr\u00eda, euforia... En esa","robots":{"index":"index","follow":"follow","max-snippet":"max-snippet:-1","max-image-preview":"max-image-preview:large","max-video-preview":"max-video-preview:-1"},"canonical":"https:\/\/deportesycomunicacion.com\/?p=2817","og_locale":"es_ES","og_type":"article","og_title":"\u00bfA tu rival ni agua?","og_description":"La \u00faltima vuelta suele llegar envuelta de emoci\u00f3n y riesgo. Y cuando acaba se desencadenan l\u00e1grimas, risas, rabia, impotencia, alegr\u00eda, euforia... En esa","og_url":"https:\/\/deportesycomunicacion.com\/?p=2817","og_site_name":"Deportes y Comunicaci\u00f3n","article_publisher":"https:\/\/www.facebook.com\/ivan.ferrercayuela","article_published_time":"2015-06-18T20:14:23+00:00","og_image":[{"width":500,"height":333,"url":"https:\/\/deportesycomunicacion.com\/wp-content\/uploads\/2015\/06\/vuelta.jpg","type":"image\/jpeg"}],"author":"ivanferrer","twitter_card":"summary_large_image","twitter_creator":"@IFC1976","twitter_site":"@IFC1976","twitter_misc":{"Escrito por":"ivanferrer","Tiempo de lectura":"2 minutos"},"schema":{"@context":"https:\/\/schema.org","@graph":[{"@type":"Article","@id":"https:\/\/deportesycomunicacion.com\/?p=2817#article","isPartOf":{"@id":"https:\/\/deportesycomunicacion.com\/?p=2817"},"author":{"name":"ivanferrer","@id":"https:\/\/deportesycomunicacion.com\/#\/schema\/person\/5bd536572b924420557d2db2f98bdd16"},"headline":"\u00bfA tu rival ni agua?","datePublished":"2015-06-18T20:14:23+00:00","mainEntityOfPage":{"@id":"https:\/\/deportesycomunicacion.com\/?p=2817"},"wordCount":309,"commentCount":0,"publisher":{"@id":"https:\/\/deportesycomunicacion.com\/#organization"},"image":{"@id":"https:\/\/deportesycomunicacion.com\/?p=2817#primaryimage"},"thumbnailUrl":"https:\/\/deportesycomunicacion.com\/wp-content\/uploads\/2015\/06\/vuelta.jpg","keywords":["AYUDAR","DESDE LA BARRERA","JOAN GARRIGA","MOTOCICLISMO","RIVALIDAD","SITO PONS"],"articleSection":["DESDE LA BARRERA","MOTOCICLISMO"],"inLanguage":"es","potentialAction":[{"@type":"CommentAction","name":"Comment","target":["https:\/\/deportesycomunicacion.com\/?p=2817#respond"]}]},{"@type":"WebPage","@id":"https:\/\/deportesycomunicacion.com\/?p=2817","url":"https:\/\/deportesycomunicacion.com\/?p=2817","name":"\u00bfA tu rival ni agua?","isPartOf":{"@id":"https:\/\/deportesycomunicacion.com\/#website"},"primaryImageOfPage":{"@id":"https:\/\/deportesycomunicacion.com\/?p=2817#primaryimage"},"image":{"@id":"https:\/\/deportesycomunicacion.com\/?p=2817#primaryimage"},"thumbnailUrl":"https:\/\/deportesycomunicacion.com\/wp-content\/uploads\/2015\/06\/vuelta.jpg","datePublished":"2015-06-18T20:14:23+00:00","description":"La \u00faltima vuelta suele llegar envuelta de emoci\u00f3n y riesgo. Y cuando acaba se desencadenan l\u00e1grimas, risas, rabia, impotencia, alegr\u00eda, euforia... En esa","breadcrumb":{"@id":"https:\/\/deportesycomunicacion.com\/?p=2817#breadcrumb"},"inLanguage":"es","potentialAction":[{"@type":"ReadAction","target":["https:\/\/deportesycomunicacion.com\/?p=2817"]}]},{"@type":"ImageObject","inLanguage":"es","@id":"https:\/\/deportesycomunicacion.com\/?p=2817#primaryimage","url":"https:\/\/deportesycomunicacion.com\/wp-content\/uploads\/2015\/06\/vuelta.jpg","contentUrl":"https:\/\/deportesycomunicacion.com\/wp-content\/uploads\/2015\/06\/vuelta.jpg","width":500,"height":333},{"@type":"BreadcrumbList","@id":"https:\/\/deportesycomunicacion.com\/?p=2817#breadcrumb","itemListElement":[{"@type":"ListItem","position":1,"name":"Portada","item":"https:\/\/deportesycomunicacion.com\/"},{"@type":"ListItem","position":2,"name":"\u00bfA tu rival ni agua?"}]},{"@type":"WebSite","@id":"https:\/\/deportesycomunicacion.com\/#website","url":"https:\/\/deportesycomunicacion.com\/","name":"Deportes y Comunicaci\u00f3n","description":"Powered by Ivan Ferrer","publisher":{"@id":"https:\/\/deportesycomunicacion.com\/#organization"},"potentialAction":[{"@type":"SearchAction","target":{"@type":"EntryPoint","urlTemplate":"https:\/\/deportesycomunicacion.com\/?s={search_term_string}"},"query-input":{"@type":"PropertyValueSpecification","valueRequired":true,"valueName":"search_term_string"}}],"inLanguage":"es"},{"@type":"Organization","@id":"https:\/\/deportesycomunicacion.com\/#organization","name":"Deportes y Comunicaci\u00f3n","url":"https:\/\/deportesycomunicacion.com\/","logo":{"@type":"ImageObject","inLanguage":"es","@id":"https:\/\/deportesycomunicacion.com\/#\/schema\/logo\/image\/","url":"https:\/\/deportesycomunicacion.com\/wp-content\/uploads\/2013\/05\/cropped-Logo-Deportes-Comunicacion.jpg","contentUrl":"https:\/\/deportesycomunicacion.com\/wp-content\/uploads\/2013\/05\/cropped-Logo-Deportes-Comunicacion.jpg","width":300,"height":65,"caption":"Deportes y Comunicaci\u00f3n"},"image":{"@id":"https:\/\/deportesycomunicacion.com\/#\/schema\/logo\/image\/"},"sameAs":["https:\/\/www.facebook.com\/ivan.ferrercayuela","https:\/\/x.com\/IFC1976"]},{"@type":"Person","@id":"https:\/\/deportesycomunicacion.com\/#\/schema\/person\/5bd536572b924420557d2db2f98bdd16","name":"ivanferrer","url":"https:\/\/deportesycomunicacion.com\/?author=2"}]}},"_links":{"self":[{"href":"https:\/\/deportesycomunicacion.com\/index.php?rest_route=\/wp\/v2\/posts\/2817","targetHints":{"allow":["GET"]}}],"collection":[{"href":"https:\/\/deportesycomunicacion.com\/index.php?rest_route=\/wp\/v2\/posts"}],"about":[{"href":"https:\/\/deportesycomunicacion.com\/index.php?rest_route=\/wp\/v2\/types\/post"}],"author":[{"embeddable":true,"href":"https:\/\/deportesycomunicacion.com\/index.php?rest_route=\/wp\/v2\/users\/2"}],"replies":[{"embeddable":true,"href":"https:\/\/deportesycomunicacion.com\/index.php?rest_route=%2Fwp%2Fv2%2Fcomments&post=2817"}],"version-history":[{"count":7,"href":"https:\/\/deportesycomunicacion.com\/index.php?rest_route=\/wp\/v2\/posts\/2817\/revisions"}],"predecessor-version":[{"id":2837,"href":"https:\/\/deportesycomunicacion.com\/index.php?rest_route=\/wp\/v2\/posts\/2817\/revisions\/2837"}],"wp:featuredmedia":[{"embeddable":true,"href":"https:\/\/deportesycomunicacion.com\/index.php?rest_route=\/wp\/v2\/media\/2832"}],"wp:attachment":[{"href":"https:\/\/deportesycomunicacion.com\/index.php?rest_route=%2Fwp%2Fv2%2Fmedia&parent=2817"}],"wp:term":[{"taxonomy":"category","embeddable":true,"href":"https:\/\/deportesycomunicacion.com\/index.php?rest_route=%2Fwp%2Fv2%2Fcategories&post=2817"},{"taxonomy":"post_tag","embeddable":true,"href":"https:\/\/deportesycomunicacion.com\/index.php?rest_route=%2Fwp%2Fv2%2Ftags&post=2817"}],"curies":[{"name":"wp","href":"https:\/\/api.w.org\/{rel}","templated":true}]}}