{"id":2860,"date":"2015-06-29T09:29:41","date_gmt":"2015-06-29T07:29:41","guid":{"rendered":"http:\/\/deportesycomunicacion.com\/?p=2860"},"modified":"2015-06-29T09:29:41","modified_gmt":"2015-06-29T07:29:41","slug":"sin-competir-la-vida-es-menos","status":"publish","type":"post","link":"https:\/\/deportesycomunicacion.com\/?p=2860","title":{"rendered":"\u00bfSin competir la vida es menos?"},"content":{"rendered":"<p style=\"text-align: justify;\">El deporte de alta competici\u00f3n es un amplificador brutal de emociones. Eleva hasta el infinito la sensaci\u00f3n de presencia en el aqu\u00ed y ahora. \u00bfCuantas veces has estado practicando deporte o viendo alg\u00fan partido en directo y te has metido tanto que te importaba un pimiento el resto del planeta? Pues imag\u00ednate que pasar\u00eda si estuvieras en una final de una juegos ol\u00edmpicos o disputando las medallas. Ser\u00eda realmente algo \u00fanico e inigualable a lo largo de toda tu vida&#8230;<\/p>\n<p style=\"text-align: justify;\">Es como si un ni\u00f1o de ocho a\u00f1os tuviera la posibilidad de entrar en Disneylandia con un grupo reducido de amigos y pudiera disfrutar de todo el parque para ellos solos. Ser\u00eda algo alucinante, magn\u00edfico&#8230; pero cuando cerraran las atracciones te quedar\u00eda la sensaci\u00f3n de tristeza de que ese gran d\u00eda ha acabado y que casi con toda seguridad nunca m\u00e1s va a volver. Con esa desaz\u00f3n se enfrentan muchos deportistas, <strong>medallistas ol\u00edmpicos<\/strong>, que han tocado el cielo con las manos, que se han sentido las estrellas m\u00e1s rutilantes en el firmamento&#8230; Lo han dado todo por el deporte, y ahora luchan por salir adelante, sin haber cotizado pr\u00e1cticamente, con <strong>trabajos<\/strong> espor\u00e1dicos o engrosando la infame cola del paro.<\/p>\n<p style=\"text-align: justify;\">Ese es el duro tr\u00e1nsito desde la c\u00faspide de la pir\u00e1mide del \u00e9xito a las catacumbas del olvido. Es el relato de judocas, marchadores, gimnastas, saltadores, triatletas, baloncestistas o jugadoras de balonmano que vimos en la tele saborear la gloria. Relatos que tras los focos del podium y la <strong>retirada<\/strong> son pasto para un <strong>futuro<\/strong> de v\u00e9rtigo, <strong>dudas<\/strong>, <strong>depresiones<\/strong>, rabia por no encontrar su sitio en un mundo que nunca han vivido porqu\u00e9 estuvieron demasiado ocupados con la carrera de deportista de \u00e9lite&#8230; As\u00ed es como se transita del <a title=\"Documentos TV: Del podio al olvido\" href=\"http:\/\/www.rtve.es\/alacarta\/videos\/documentos-tv\/documentos-tv-del-podio-olvido\/3180920\/\" target=\"_blank\"><strong>podio al olvido<\/strong><\/a>&#8230;<\/p>\n<p style=\"text-align: justify;\"><strong>\u00bfCuando dejas el deporte competitivo lo vives como una nueva etapa? \u00bfO es el principio de un profundo duelo de lo que nunca volver\u00e1s a vivir?<\/strong><\/p>\n<p>photo credit: <a href=\"http:\/\/www.flickr.com\/photos\/17509603@N00\/2535638435\">Mexico &#8211; Chichen Itza<\/a> via <a href=\"http:\/\/photopin.com\">photopin<\/a> <a href=\"https:\/\/creativecommons.org\/licenses\/by\/2.0\/\">(license)<\/a><\/p>\n","protected":false},"excerpt":{"rendered":"<p>El deporte de alta competici\u00f3n es un amplificador brutal de emociones. Eleva hasta el infinito la &hellip; <a title=\"\u00bfSin competir la vida es menos?\" class=\"hm-read-more\" href=\"https:\/\/deportesycomunicacion.com\/?p=2860\"><span class=\"screen-reader-text\">\u00bfSin competir la vida es menos?<\/span>Leer m\u00e1s<\/a><\/p>\n","protected":false},"author":2,"featured_media":2873,"comment_status":"open","ping_status":"open","sticky":false,"template":"","format":"standard","meta":{"footnotes":""},"categories":[1,68],"tags":[280,392,333,1067,869,741,868],"class_list":["post-2860","post","type-post","status-publish","format-standard","has-post-thumbnail","hentry","category-deportes-comunicacion","category-desde-la-barrera","tag-depresion","tag-dudas","tag-futuro","tag-jjoo","tag-medallistas","tag-retirada","tag-trabajo"],"yoast_head":"<!-- This site is optimized with the Yoast SEO plugin v24.8.1 - https:\/\/yoast.com\/wordpress\/plugins\/seo\/ -->\n<title>\u00bfSin competir la vida es menos?<\/title>\n<meta name=\"description\" content=\"El deporte de alta competici\u00f3n es un amplificador brutal de emociones. Eleva hasta el infinito la sensaci\u00f3n de presencia en el aqu\u00ed y ahora. \u00bfCuantas\" \/>\n<meta name=\"robots\" content=\"index, follow, max-snippet:-1, max-image-preview:large, max-video-preview:-1\" \/>\n<link rel=\"canonical\" href=\"https:\/\/deportesycomunicacion.com\/?p=2860\" \/>\n<meta property=\"og:locale\" content=\"es_ES\" \/>\n<meta property=\"og:type\" content=\"article\" \/>\n<meta property=\"og:title\" content=\"\u00bfSin competir la vida es menos?\" \/>\n<meta property=\"og:description\" content=\"El deporte de alta competici\u00f3n es un amplificador brutal de emociones. Eleva hasta el infinito la sensaci\u00f3n de presencia en el aqu\u00ed y ahora. \u00bfCuantas\" \/>\n<meta property=\"og:url\" content=\"https:\/\/deportesycomunicacion.com\/?p=2860\" \/>\n<meta property=\"og:site_name\" content=\"Deportes y Comunicaci\u00f3n\" \/>\n<meta property=\"article:publisher\" content=\"https:\/\/www.facebook.com\/ivan.ferrercayuela\" \/>\n<meta property=\"article:published_time\" content=\"2015-06-29T07:29:41+00:00\" \/>\n<meta property=\"og:image\" content=\"https:\/\/deportesycomunicacion.com\/wp-content\/uploads\/2015\/06\/piramide.jpg\" \/>\n\t<meta property=\"og:image:width\" content=\"500\" \/>\n\t<meta property=\"og:image:height\" content=\"334\" \/>\n\t<meta property=\"og:image:type\" content=\"image\/jpeg\" \/>\n<meta name=\"author\" content=\"ivanferrer\" \/>\n<meta name=\"twitter:card\" content=\"summary_large_image\" \/>\n<meta name=\"twitter:creator\" content=\"@IFC1976\" \/>\n<meta name=\"twitter:site\" content=\"@IFC1976\" \/>\n<meta name=\"twitter:label1\" content=\"Escrito por\" \/>\n\t<meta name=\"twitter:data1\" content=\"ivanferrer\" \/>\n\t<meta name=\"twitter:label2\" content=\"Tiempo de lectura\" \/>\n\t<meta name=\"twitter:data2\" content=\"2 minutos\" \/>\n<script type=\"application\/ld+json\" class=\"yoast-schema-graph\">{\"@context\":\"https:\/\/schema.org\",\"@graph\":[{\"@type\":\"Article\",\"@id\":\"https:\/\/deportesycomunicacion.com\/?p=2860#article\",\"isPartOf\":{\"@id\":\"https:\/\/deportesycomunicacion.com\/?p=2860\"},\"author\":{\"name\":\"ivanferrer\",\"@id\":\"https:\/\/deportesycomunicacion.com\/#\/schema\/person\/5bd536572b924420557d2db2f98bdd16\"},\"headline\":\"\u00bfSin competir la vida es menos?\",\"datePublished\":\"2015-06-29T07:29:41+00:00\",\"mainEntityOfPage\":{\"@id\":\"https:\/\/deportesycomunicacion.com\/?p=2860\"},\"wordCount\":357,\"commentCount\":0,\"publisher\":{\"@id\":\"https:\/\/deportesycomunicacion.com\/#organization\"},\"image\":{\"@id\":\"https:\/\/deportesycomunicacion.com\/?p=2860#primaryimage\"},\"thumbnailUrl\":\"https:\/\/deportesycomunicacion.com\/wp-content\/uploads\/2015\/06\/piramide.jpg\",\"keywords\":[\"DEPRESION\",\"DUDAS\",\"FUTURO\",\"JJOO\",\"MEDALLISTAS\",\"RETIRADA\",\"TRABAJO\"],\"articleSection\":[\"DEPORTES &amp; COMUNICACI\u00d3N\",\"DESDE LA BARRERA\"],\"inLanguage\":\"es\",\"potentialAction\":[{\"@type\":\"CommentAction\",\"name\":\"Comment\",\"target\":[\"https:\/\/deportesycomunicacion.com\/?p=2860#respond\"]}]},{\"@type\":\"WebPage\",\"@id\":\"https:\/\/deportesycomunicacion.com\/?p=2860\",\"url\":\"https:\/\/deportesycomunicacion.com\/?p=2860\",\"name\":\"\u00bfSin competir la vida es menos?\",\"isPartOf\":{\"@id\":\"https:\/\/deportesycomunicacion.com\/#website\"},\"primaryImageOfPage\":{\"@id\":\"https:\/\/deportesycomunicacion.com\/?p=2860#primaryimage\"},\"image\":{\"@id\":\"https:\/\/deportesycomunicacion.com\/?p=2860#primaryimage\"},\"thumbnailUrl\":\"https:\/\/deportesycomunicacion.com\/wp-content\/uploads\/2015\/06\/piramide.jpg\",\"datePublished\":\"2015-06-29T07:29:41+00:00\",\"description\":\"El deporte de alta competici\u00f3n es un amplificador brutal de emociones. Eleva hasta el infinito la sensaci\u00f3n de presencia en el aqu\u00ed y ahora. \u00bfCuantas\",\"breadcrumb\":{\"@id\":\"https:\/\/deportesycomunicacion.com\/?p=2860#breadcrumb\"},\"inLanguage\":\"es\",\"potentialAction\":[{\"@type\":\"ReadAction\",\"target\":[\"https:\/\/deportesycomunicacion.com\/?p=2860\"]}]},{\"@type\":\"ImageObject\",\"inLanguage\":\"es\",\"@id\":\"https:\/\/deportesycomunicacion.com\/?p=2860#primaryimage\",\"url\":\"https:\/\/deportesycomunicacion.com\/wp-content\/uploads\/2015\/06\/piramide.jpg\",\"contentUrl\":\"https:\/\/deportesycomunicacion.com\/wp-content\/uploads\/2015\/06\/piramide.jpg\",\"width\":500,\"height\":334},{\"@type\":\"BreadcrumbList\",\"@id\":\"https:\/\/deportesycomunicacion.com\/?p=2860#breadcrumb\",\"itemListElement\":[{\"@type\":\"ListItem\",\"position\":1,\"name\":\"Portada\",\"item\":\"https:\/\/deportesycomunicacion.com\/\"},{\"@type\":\"ListItem\",\"position\":2,\"name\":\"\u00bfSin competir la vida es menos?\"}]},{\"@type\":\"WebSite\",\"@id\":\"https:\/\/deportesycomunicacion.com\/#website\",\"url\":\"https:\/\/deportesycomunicacion.com\/\",\"name\":\"Deportes y Comunicaci\u00f3n\",\"description\":\"Powered by Ivan Ferrer\",\"publisher\":{\"@id\":\"https:\/\/deportesycomunicacion.com\/#organization\"},\"potentialAction\":[{\"@type\":\"SearchAction\",\"target\":{\"@type\":\"EntryPoint\",\"urlTemplate\":\"https:\/\/deportesycomunicacion.com\/?s={search_term_string}\"},\"query-input\":{\"@type\":\"PropertyValueSpecification\",\"valueRequired\":true,\"valueName\":\"search_term_string\"}}],\"inLanguage\":\"es\"},{\"@type\":\"Organization\",\"@id\":\"https:\/\/deportesycomunicacion.com\/#organization\",\"name\":\"Deportes y Comunicaci\u00f3n\",\"url\":\"https:\/\/deportesycomunicacion.com\/\",\"logo\":{\"@type\":\"ImageObject\",\"inLanguage\":\"es\",\"@id\":\"https:\/\/deportesycomunicacion.com\/#\/schema\/logo\/image\/\",\"url\":\"https:\/\/deportesycomunicacion.com\/wp-content\/uploads\/2013\/05\/cropped-Logo-Deportes-Comunicacion.jpg\",\"contentUrl\":\"https:\/\/deportesycomunicacion.com\/wp-content\/uploads\/2013\/05\/cropped-Logo-Deportes-Comunicacion.jpg\",\"width\":300,\"height\":65,\"caption\":\"Deportes y Comunicaci\u00f3n\"},\"image\":{\"@id\":\"https:\/\/deportesycomunicacion.com\/#\/schema\/logo\/image\/\"},\"sameAs\":[\"https:\/\/www.facebook.com\/ivan.ferrercayuela\",\"https:\/\/x.com\/IFC1976\"]},{\"@type\":\"Person\",\"@id\":\"https:\/\/deportesycomunicacion.com\/#\/schema\/person\/5bd536572b924420557d2db2f98bdd16\",\"name\":\"ivanferrer\",\"url\":\"https:\/\/deportesycomunicacion.com\/?author=2\"}]}<\/script>\n<!-- \/ Yoast SEO plugin. -->","yoast_head_json":{"title":"\u00bfSin competir la vida es menos?","description":"El deporte de alta competici\u00f3n es un amplificador brutal de emociones. Eleva hasta el infinito la sensaci\u00f3n de presencia en el aqu\u00ed y ahora. \u00bfCuantas","robots":{"index":"index","follow":"follow","max-snippet":"max-snippet:-1","max-image-preview":"max-image-preview:large","max-video-preview":"max-video-preview:-1"},"canonical":"https:\/\/deportesycomunicacion.com\/?p=2860","og_locale":"es_ES","og_type":"article","og_title":"\u00bfSin competir la vida es menos?","og_description":"El deporte de alta competici\u00f3n es un amplificador brutal de emociones. Eleva hasta el infinito la sensaci\u00f3n de presencia en el aqu\u00ed y ahora. \u00bfCuantas","og_url":"https:\/\/deportesycomunicacion.com\/?p=2860","og_site_name":"Deportes y Comunicaci\u00f3n","article_publisher":"https:\/\/www.facebook.com\/ivan.ferrercayuela","article_published_time":"2015-06-29T07:29:41+00:00","og_image":[{"width":500,"height":334,"url":"https:\/\/deportesycomunicacion.com\/wp-content\/uploads\/2015\/06\/piramide.jpg","type":"image\/jpeg"}],"author":"ivanferrer","twitter_card":"summary_large_image","twitter_creator":"@IFC1976","twitter_site":"@IFC1976","twitter_misc":{"Escrito por":"ivanferrer","Tiempo de lectura":"2 minutos"},"schema":{"@context":"https:\/\/schema.org","@graph":[{"@type":"Article","@id":"https:\/\/deportesycomunicacion.com\/?p=2860#article","isPartOf":{"@id":"https:\/\/deportesycomunicacion.com\/?p=2860"},"author":{"name":"ivanferrer","@id":"https:\/\/deportesycomunicacion.com\/#\/schema\/person\/5bd536572b924420557d2db2f98bdd16"},"headline":"\u00bfSin competir la vida es menos?","datePublished":"2015-06-29T07:29:41+00:00","mainEntityOfPage":{"@id":"https:\/\/deportesycomunicacion.com\/?p=2860"},"wordCount":357,"commentCount":0,"publisher":{"@id":"https:\/\/deportesycomunicacion.com\/#organization"},"image":{"@id":"https:\/\/deportesycomunicacion.com\/?p=2860#primaryimage"},"thumbnailUrl":"https:\/\/deportesycomunicacion.com\/wp-content\/uploads\/2015\/06\/piramide.jpg","keywords":["DEPRESION","DUDAS","FUTURO","JJOO","MEDALLISTAS","RETIRADA","TRABAJO"],"articleSection":["DEPORTES &amp; COMUNICACI\u00d3N","DESDE LA BARRERA"],"inLanguage":"es","potentialAction":[{"@type":"CommentAction","name":"Comment","target":["https:\/\/deportesycomunicacion.com\/?p=2860#respond"]}]},{"@type":"WebPage","@id":"https:\/\/deportesycomunicacion.com\/?p=2860","url":"https:\/\/deportesycomunicacion.com\/?p=2860","name":"\u00bfSin competir la vida es menos?","isPartOf":{"@id":"https:\/\/deportesycomunicacion.com\/#website"},"primaryImageOfPage":{"@id":"https:\/\/deportesycomunicacion.com\/?p=2860#primaryimage"},"image":{"@id":"https:\/\/deportesycomunicacion.com\/?p=2860#primaryimage"},"thumbnailUrl":"https:\/\/deportesycomunicacion.com\/wp-content\/uploads\/2015\/06\/piramide.jpg","datePublished":"2015-06-29T07:29:41+00:00","description":"El deporte de alta competici\u00f3n es un amplificador brutal de emociones. Eleva hasta el infinito la sensaci\u00f3n de presencia en el aqu\u00ed y ahora. \u00bfCuantas","breadcrumb":{"@id":"https:\/\/deportesycomunicacion.com\/?p=2860#breadcrumb"},"inLanguage":"es","potentialAction":[{"@type":"ReadAction","target":["https:\/\/deportesycomunicacion.com\/?p=2860"]}]},{"@type":"ImageObject","inLanguage":"es","@id":"https:\/\/deportesycomunicacion.com\/?p=2860#primaryimage","url":"https:\/\/deportesycomunicacion.com\/wp-content\/uploads\/2015\/06\/piramide.jpg","contentUrl":"https:\/\/deportesycomunicacion.com\/wp-content\/uploads\/2015\/06\/piramide.jpg","width":500,"height":334},{"@type":"BreadcrumbList","@id":"https:\/\/deportesycomunicacion.com\/?p=2860#breadcrumb","itemListElement":[{"@type":"ListItem","position":1,"name":"Portada","item":"https:\/\/deportesycomunicacion.com\/"},{"@type":"ListItem","position":2,"name":"\u00bfSin competir la vida es menos?"}]},{"@type":"WebSite","@id":"https:\/\/deportesycomunicacion.com\/#website","url":"https:\/\/deportesycomunicacion.com\/","name":"Deportes y Comunicaci\u00f3n","description":"Powered by Ivan Ferrer","publisher":{"@id":"https:\/\/deportesycomunicacion.com\/#organization"},"potentialAction":[{"@type":"SearchAction","target":{"@type":"EntryPoint","urlTemplate":"https:\/\/deportesycomunicacion.com\/?s={search_term_string}"},"query-input":{"@type":"PropertyValueSpecification","valueRequired":true,"valueName":"search_term_string"}}],"inLanguage":"es"},{"@type":"Organization","@id":"https:\/\/deportesycomunicacion.com\/#organization","name":"Deportes y Comunicaci\u00f3n","url":"https:\/\/deportesycomunicacion.com\/","logo":{"@type":"ImageObject","inLanguage":"es","@id":"https:\/\/deportesycomunicacion.com\/#\/schema\/logo\/image\/","url":"https:\/\/deportesycomunicacion.com\/wp-content\/uploads\/2013\/05\/cropped-Logo-Deportes-Comunicacion.jpg","contentUrl":"https:\/\/deportesycomunicacion.com\/wp-content\/uploads\/2013\/05\/cropped-Logo-Deportes-Comunicacion.jpg","width":300,"height":65,"caption":"Deportes y Comunicaci\u00f3n"},"image":{"@id":"https:\/\/deportesycomunicacion.com\/#\/schema\/logo\/image\/"},"sameAs":["https:\/\/www.facebook.com\/ivan.ferrercayuela","https:\/\/x.com\/IFC1976"]},{"@type":"Person","@id":"https:\/\/deportesycomunicacion.com\/#\/schema\/person\/5bd536572b924420557d2db2f98bdd16","name":"ivanferrer","url":"https:\/\/deportesycomunicacion.com\/?author=2"}]}},"_links":{"self":[{"href":"https:\/\/deportesycomunicacion.com\/index.php?rest_route=\/wp\/v2\/posts\/2860","targetHints":{"allow":["GET"]}}],"collection":[{"href":"https:\/\/deportesycomunicacion.com\/index.php?rest_route=\/wp\/v2\/posts"}],"about":[{"href":"https:\/\/deportesycomunicacion.com\/index.php?rest_route=\/wp\/v2\/types\/post"}],"author":[{"embeddable":true,"href":"https:\/\/deportesycomunicacion.com\/index.php?rest_route=\/wp\/v2\/users\/2"}],"replies":[{"embeddable":true,"href":"https:\/\/deportesycomunicacion.com\/index.php?rest_route=%2Fwp%2Fv2%2Fcomments&post=2860"}],"version-history":[{"count":6,"href":"https:\/\/deportesycomunicacion.com\/index.php?rest_route=\/wp\/v2\/posts\/2860\/revisions"}],"predecessor-version":[{"id":2874,"href":"https:\/\/deportesycomunicacion.com\/index.php?rest_route=\/wp\/v2\/posts\/2860\/revisions\/2874"}],"wp:featuredmedia":[{"embeddable":true,"href":"https:\/\/deportesycomunicacion.com\/index.php?rest_route=\/wp\/v2\/media\/2873"}],"wp:attachment":[{"href":"https:\/\/deportesycomunicacion.com\/index.php?rest_route=%2Fwp%2Fv2%2Fmedia&parent=2860"}],"wp:term":[{"taxonomy":"category","embeddable":true,"href":"https:\/\/deportesycomunicacion.com\/index.php?rest_route=%2Fwp%2Fv2%2Fcategories&post=2860"},{"taxonomy":"post_tag","embeddable":true,"href":"https:\/\/deportesycomunicacion.com\/index.php?rest_route=%2Fwp%2Fv2%2Ftags&post=2860"}],"curies":[{"name":"wp","href":"https:\/\/api.w.org\/{rel}","templated":true}]}}