{"id":3015,"date":"2015-09-16T21:19:00","date_gmt":"2015-09-16T19:19:00","guid":{"rendered":"http:\/\/deportesycomunicacion.com\/?p=3015"},"modified":"2015-09-16T21:19:00","modified_gmt":"2015-09-16T19:19:00","slug":"las-tablas-moises-parte-2","status":"publish","type":"post","link":"https:\/\/deportesycomunicacion.com\/?p=3015","title":{"rendered":"Las tablas de Mois\u00e9s (parte 2)"},"content":{"rendered":"<p style=\"text-align: justify;\"><strong>Valverde y Purito, Purito y Valverde<\/strong>. El <strong>Mundial de Ciclismo<\/strong> est\u00e1 a la vuelta de la esquina. La <strong><a href=\"http:\/\/ciclismo.as.com\/ciclismo\/2015\/09\/15\/mas_ciclismo\/1442311689_263136.html\" target=\"_blank\">lista<\/a><\/strong> ya es p\u00fablica y definitiva. Y por mucho que todo Dios le intente quitar importancia, el ambiente no es el mejor. En la atm\u00f3sfera se contiene los desencuentros de los dos ciclistas buques insignia del combinado nacional en el mundial en ruta de\u00a0<strong><a href=\"http:\/\/richmond2015.com\/\" target=\"_blank\">Richmond<\/a><\/strong>. Y el seleccionador tampoco ayuda con sus <strong><a href=\"http:\/\/ciclismo.as.com\/ciclismo\/2015\/09\/14\/mas_ciclismo\/1442255920_440277.html\" target=\"_blank\">declaraciones<\/a><\/strong>. Dice que es un calent\u00f3n del momento de Rodr\u00edguez, que ahora la tensi\u00f3n se va a disipar y que ambos se van a olvidar de todo y van a luchar a muerte para llevar a <strong>Espa\u00f1a<\/strong> a lo m\u00e1s alto del caj\u00f3n.<\/p>\n<p style=\"text-align: justify;\">Tres encontronazos, tres momentazos para alimentar el descontento, la <strong>rabia<\/strong>, e irlos cociendo a fuego lento&#8230; Valverde le ha quitado en 2013 y 2015 el maillot de la regularidad a Rodr\u00edguez en la \u00faltima etapa (en la que en teor\u00eda no se puede atacar). Pero lo peor lleg\u00f3 durante el mundial de 2013, en el que un <strong><a href=\"http:\/\/www.elmundo.es\/elmundodeporte\/2013\/09\/29\/ciclismo\/1380470973.html\" target=\"_blank\">despiste del murciano<\/a><\/strong> priv\u00f3 a Espa\u00f1a de la medalla de oro. Y el Purito se qued\u00f3 con la plata, la miel en los labios, exhausto y puteado&#8230;<\/p>\n<p style=\"text-align: justify;\">La mente, mal gestionada es muy oscura&#8230; y la rabia extrema, alimentada por la sed de justicia y disfrazada de una falsa y candida sonrisa, se puede convertir en un estilete certero y silencioso del Purito, clavado por la espalda en el peor momento, para contrarrestar los tres hachazos de Valverde y devolverla, como vulgarmente se dice \u00abdoblada\u00bb&#8230; Solo espero que la selecci\u00f3n de ciclismo disponga de un buen <strong>psic\u00f3logo<\/strong> o <strong>coach<\/strong>; de lo contrario en Richmond tal vez veamos un final sangriento, a lo Stephen King&#8230;<\/p>\n<p style=\"text-align: justify;\"><strong>\u00bfLos problemas entre personas adultas se resuelven solos? \u00bfO hay que trabajarlos para que no estalle una posible bomba?<\/strong><\/p>\n<p>photo credit: <a href=\"http:\/\/www.flickr.com\/photos\/23757669@N05\/2697396849\">Surfers -1-<\/a> via <a href=\"http:\/\/photopin.com\">photopin<\/a> <a href=\"https:\/\/creativecommons.org\/licenses\/by-nd\/2.0\/\">(license)<\/a><\/p>\n","protected":false},"excerpt":{"rendered":"<p>Valverde y Purito, Purito y Valverde. El Mundial de Ciclismo est\u00e1 a la vuelta de la &hellip; <a title=\"Las tablas de Mois\u00e9s (parte 2)\" class=\"hm-read-more\" href=\"https:\/\/deportesycomunicacion.com\/?p=3015\"><span class=\"screen-reader-text\">Las tablas de Mois\u00e9s (parte 2)<\/span>Leer m\u00e1s<\/a><\/p>\n","protected":false},"author":2,"featured_media":3031,"comment_status":"open","ping_status":"open","sticky":false,"template":"","format":"standard","meta":{"footnotes":""},"categories":[50],"tags":[1061,924,33,57,919,923,920,922,117,921],"class_list":["post-3015","post","type-post","status-publish","format-standard","has-post-thumbnail","hentry","category-ciclismo","tag-ciclismo","tag-coach","tag-equipo","tag-espana","tag-mundial-2015","tag-psicologo","tag-purito","tag-rabia","tag-rivalidad","tag-valverde"],"yoast_head":"<!-- This site is optimized with the Yoast SEO plugin v24.8.1 - https:\/\/yoast.com\/wordpress\/plugins\/seo\/ -->\n<title>Las tablas de Mois\u00e9s (parte 2)<\/title>\n<meta name=\"description\" content=\"Valverde y Purito, Purito y Valverde. El Mundial de Ciclismo est\u00e1 a la vuelta de la esquina. La lista ya es p\u00fablica y definitiva. Y por mucho que todo\" \/>\n<meta name=\"robots\" content=\"index, follow, max-snippet:-1, max-image-preview:large, max-video-preview:-1\" \/>\n<link rel=\"canonical\" href=\"https:\/\/deportesycomunicacion.com\/?p=3015\" \/>\n<meta property=\"og:locale\" content=\"es_ES\" \/>\n<meta property=\"og:type\" content=\"article\" \/>\n<meta property=\"og:title\" content=\"Las tablas de Mois\u00e9s (parte 2)\" \/>\n<meta property=\"og:description\" content=\"Valverde y Purito, Purito y Valverde. El Mundial de Ciclismo est\u00e1 a la vuelta de la esquina. La lista ya es p\u00fablica y definitiva. Y por mucho que todo\" \/>\n<meta property=\"og:url\" content=\"https:\/\/deportesycomunicacion.com\/?p=3015\" \/>\n<meta property=\"og:site_name\" content=\"Deportes y Comunicaci\u00f3n\" \/>\n<meta property=\"article:publisher\" content=\"https:\/\/www.facebook.com\/ivan.ferrercayuela\" \/>\n<meta property=\"article:published_time\" content=\"2015-09-16T19:19:00+00:00\" \/>\n<meta property=\"og:image\" content=\"https:\/\/deportesycomunicacion.com\/wp-content\/uploads\/2015\/09\/tabla2.jpg\" \/>\n\t<meta property=\"og:image:width\" content=\"500\" \/>\n\t<meta property=\"og:image:height\" content=\"333\" \/>\n\t<meta property=\"og:image:type\" content=\"image\/jpeg\" \/>\n<meta name=\"author\" content=\"ivanferrer\" \/>\n<meta name=\"twitter:card\" content=\"summary_large_image\" \/>\n<meta name=\"twitter:creator\" content=\"@IFC1976\" \/>\n<meta name=\"twitter:site\" content=\"@IFC1976\" \/>\n<meta name=\"twitter:label1\" content=\"Escrito por\" \/>\n\t<meta name=\"twitter:data1\" content=\"ivanferrer\" \/>\n\t<meta name=\"twitter:label2\" content=\"Tiempo de lectura\" \/>\n\t<meta name=\"twitter:data2\" content=\"2 minutos\" \/>\n<script type=\"application\/ld+json\" class=\"yoast-schema-graph\">{\"@context\":\"https:\/\/schema.org\",\"@graph\":[{\"@type\":\"Article\",\"@id\":\"https:\/\/deportesycomunicacion.com\/?p=3015#article\",\"isPartOf\":{\"@id\":\"https:\/\/deportesycomunicacion.com\/?p=3015\"},\"author\":{\"name\":\"ivanferrer\",\"@id\":\"https:\/\/deportesycomunicacion.com\/#\/schema\/person\/5bd536572b924420557d2db2f98bdd16\"},\"headline\":\"Las tablas de Mois\u00e9s (parte 2)\",\"datePublished\":\"2015-09-16T19:19:00+00:00\",\"mainEntityOfPage\":{\"@id\":\"https:\/\/deportesycomunicacion.com\/?p=3015\"},\"wordCount\":327,\"commentCount\":0,\"publisher\":{\"@id\":\"https:\/\/deportesycomunicacion.com\/#organization\"},\"image\":{\"@id\":\"https:\/\/deportesycomunicacion.com\/?p=3015#primaryimage\"},\"thumbnailUrl\":\"https:\/\/deportesycomunicacion.com\/wp-content\/uploads\/2015\/09\/tabla2.jpg\",\"keywords\":[\"CICLISMO\",\"COACH\",\"EQUIPO\",\"ESPA\u00d1A\",\"MUNDIAL 2015\",\"PSICOLOGO\",\"PURITO\",\"RABIA\",\"RIVALIDAD\",\"VALVERDE\"],\"articleSection\":[\"CICLISMO\"],\"inLanguage\":\"es\",\"potentialAction\":[{\"@type\":\"CommentAction\",\"name\":\"Comment\",\"target\":[\"https:\/\/deportesycomunicacion.com\/?p=3015#respond\"]}]},{\"@type\":\"WebPage\",\"@id\":\"https:\/\/deportesycomunicacion.com\/?p=3015\",\"url\":\"https:\/\/deportesycomunicacion.com\/?p=3015\",\"name\":\"Las tablas de Mois\u00e9s (parte 2)\",\"isPartOf\":{\"@id\":\"https:\/\/deportesycomunicacion.com\/#website\"},\"primaryImageOfPage\":{\"@id\":\"https:\/\/deportesycomunicacion.com\/?p=3015#primaryimage\"},\"image\":{\"@id\":\"https:\/\/deportesycomunicacion.com\/?p=3015#primaryimage\"},\"thumbnailUrl\":\"https:\/\/deportesycomunicacion.com\/wp-content\/uploads\/2015\/09\/tabla2.jpg\",\"datePublished\":\"2015-09-16T19:19:00+00:00\",\"description\":\"Valverde y Purito, Purito y Valverde. El Mundial de Ciclismo est\u00e1 a la vuelta de la esquina. La lista ya es p\u00fablica y definitiva. Y por mucho que todo\",\"breadcrumb\":{\"@id\":\"https:\/\/deportesycomunicacion.com\/?p=3015#breadcrumb\"},\"inLanguage\":\"es\",\"potentialAction\":[{\"@type\":\"ReadAction\",\"target\":[\"https:\/\/deportesycomunicacion.com\/?p=3015\"]}]},{\"@type\":\"ImageObject\",\"inLanguage\":\"es\",\"@id\":\"https:\/\/deportesycomunicacion.com\/?p=3015#primaryimage\",\"url\":\"https:\/\/deportesycomunicacion.com\/wp-content\/uploads\/2015\/09\/tabla2.jpg\",\"contentUrl\":\"https:\/\/deportesycomunicacion.com\/wp-content\/uploads\/2015\/09\/tabla2.jpg\",\"width\":500,\"height\":333},{\"@type\":\"BreadcrumbList\",\"@id\":\"https:\/\/deportesycomunicacion.com\/?p=3015#breadcrumb\",\"itemListElement\":[{\"@type\":\"ListItem\",\"position\":1,\"name\":\"Portada\",\"item\":\"https:\/\/deportesycomunicacion.com\/\"},{\"@type\":\"ListItem\",\"position\":2,\"name\":\"Las tablas de Mois\u00e9s (parte 2)\"}]},{\"@type\":\"WebSite\",\"@id\":\"https:\/\/deportesycomunicacion.com\/#website\",\"url\":\"https:\/\/deportesycomunicacion.com\/\",\"name\":\"Deportes y Comunicaci\u00f3n\",\"description\":\"Powered by Ivan Ferrer\",\"publisher\":{\"@id\":\"https:\/\/deportesycomunicacion.com\/#organization\"},\"potentialAction\":[{\"@type\":\"SearchAction\",\"target\":{\"@type\":\"EntryPoint\",\"urlTemplate\":\"https:\/\/deportesycomunicacion.com\/?s={search_term_string}\"},\"query-input\":{\"@type\":\"PropertyValueSpecification\",\"valueRequired\":true,\"valueName\":\"search_term_string\"}}],\"inLanguage\":\"es\"},{\"@type\":\"Organization\",\"@id\":\"https:\/\/deportesycomunicacion.com\/#organization\",\"name\":\"Deportes y Comunicaci\u00f3n\",\"url\":\"https:\/\/deportesycomunicacion.com\/\",\"logo\":{\"@type\":\"ImageObject\",\"inLanguage\":\"es\",\"@id\":\"https:\/\/deportesycomunicacion.com\/#\/schema\/logo\/image\/\",\"url\":\"https:\/\/deportesycomunicacion.com\/wp-content\/uploads\/2013\/05\/cropped-Logo-Deportes-Comunicacion.jpg\",\"contentUrl\":\"https:\/\/deportesycomunicacion.com\/wp-content\/uploads\/2013\/05\/cropped-Logo-Deportes-Comunicacion.jpg\",\"width\":300,\"height\":65,\"caption\":\"Deportes y Comunicaci\u00f3n\"},\"image\":{\"@id\":\"https:\/\/deportesycomunicacion.com\/#\/schema\/logo\/image\/\"},\"sameAs\":[\"https:\/\/www.facebook.com\/ivan.ferrercayuela\",\"https:\/\/x.com\/IFC1976\"]},{\"@type\":\"Person\",\"@id\":\"https:\/\/deportesycomunicacion.com\/#\/schema\/person\/5bd536572b924420557d2db2f98bdd16\",\"name\":\"ivanferrer\",\"url\":\"https:\/\/deportesycomunicacion.com\/?author=2\"}]}<\/script>\n<!-- \/ Yoast SEO plugin. -->","yoast_head_json":{"title":"Las tablas de Mois\u00e9s (parte 2)","description":"Valverde y Purito, Purito y Valverde. El Mundial de Ciclismo est\u00e1 a la vuelta de la esquina. La lista ya es p\u00fablica y definitiva. Y por mucho que todo","robots":{"index":"index","follow":"follow","max-snippet":"max-snippet:-1","max-image-preview":"max-image-preview:large","max-video-preview":"max-video-preview:-1"},"canonical":"https:\/\/deportesycomunicacion.com\/?p=3015","og_locale":"es_ES","og_type":"article","og_title":"Las tablas de Mois\u00e9s (parte 2)","og_description":"Valverde y Purito, Purito y Valverde. El Mundial de Ciclismo est\u00e1 a la vuelta de la esquina. La lista ya es p\u00fablica y definitiva. Y por mucho que todo","og_url":"https:\/\/deportesycomunicacion.com\/?p=3015","og_site_name":"Deportes y Comunicaci\u00f3n","article_publisher":"https:\/\/www.facebook.com\/ivan.ferrercayuela","article_published_time":"2015-09-16T19:19:00+00:00","og_image":[{"width":500,"height":333,"url":"https:\/\/deportesycomunicacion.com\/wp-content\/uploads\/2015\/09\/tabla2.jpg","type":"image\/jpeg"}],"author":"ivanferrer","twitter_card":"summary_large_image","twitter_creator":"@IFC1976","twitter_site":"@IFC1976","twitter_misc":{"Escrito por":"ivanferrer","Tiempo de lectura":"2 minutos"},"schema":{"@context":"https:\/\/schema.org","@graph":[{"@type":"Article","@id":"https:\/\/deportesycomunicacion.com\/?p=3015#article","isPartOf":{"@id":"https:\/\/deportesycomunicacion.com\/?p=3015"},"author":{"name":"ivanferrer","@id":"https:\/\/deportesycomunicacion.com\/#\/schema\/person\/5bd536572b924420557d2db2f98bdd16"},"headline":"Las tablas de Mois\u00e9s (parte 2)","datePublished":"2015-09-16T19:19:00+00:00","mainEntityOfPage":{"@id":"https:\/\/deportesycomunicacion.com\/?p=3015"},"wordCount":327,"commentCount":0,"publisher":{"@id":"https:\/\/deportesycomunicacion.com\/#organization"},"image":{"@id":"https:\/\/deportesycomunicacion.com\/?p=3015#primaryimage"},"thumbnailUrl":"https:\/\/deportesycomunicacion.com\/wp-content\/uploads\/2015\/09\/tabla2.jpg","keywords":["CICLISMO","COACH","EQUIPO","ESPA\u00d1A","MUNDIAL 2015","PSICOLOGO","PURITO","RABIA","RIVALIDAD","VALVERDE"],"articleSection":["CICLISMO"],"inLanguage":"es","potentialAction":[{"@type":"CommentAction","name":"Comment","target":["https:\/\/deportesycomunicacion.com\/?p=3015#respond"]}]},{"@type":"WebPage","@id":"https:\/\/deportesycomunicacion.com\/?p=3015","url":"https:\/\/deportesycomunicacion.com\/?p=3015","name":"Las tablas de Mois\u00e9s (parte 2)","isPartOf":{"@id":"https:\/\/deportesycomunicacion.com\/#website"},"primaryImageOfPage":{"@id":"https:\/\/deportesycomunicacion.com\/?p=3015#primaryimage"},"image":{"@id":"https:\/\/deportesycomunicacion.com\/?p=3015#primaryimage"},"thumbnailUrl":"https:\/\/deportesycomunicacion.com\/wp-content\/uploads\/2015\/09\/tabla2.jpg","datePublished":"2015-09-16T19:19:00+00:00","description":"Valverde y Purito, Purito y Valverde. El Mundial de Ciclismo est\u00e1 a la vuelta de la esquina. La lista ya es p\u00fablica y definitiva. Y por mucho que todo","breadcrumb":{"@id":"https:\/\/deportesycomunicacion.com\/?p=3015#breadcrumb"},"inLanguage":"es","potentialAction":[{"@type":"ReadAction","target":["https:\/\/deportesycomunicacion.com\/?p=3015"]}]},{"@type":"ImageObject","inLanguage":"es","@id":"https:\/\/deportesycomunicacion.com\/?p=3015#primaryimage","url":"https:\/\/deportesycomunicacion.com\/wp-content\/uploads\/2015\/09\/tabla2.jpg","contentUrl":"https:\/\/deportesycomunicacion.com\/wp-content\/uploads\/2015\/09\/tabla2.jpg","width":500,"height":333},{"@type":"BreadcrumbList","@id":"https:\/\/deportesycomunicacion.com\/?p=3015#breadcrumb","itemListElement":[{"@type":"ListItem","position":1,"name":"Portada","item":"https:\/\/deportesycomunicacion.com\/"},{"@type":"ListItem","position":2,"name":"Las tablas de Mois\u00e9s (parte 2)"}]},{"@type":"WebSite","@id":"https:\/\/deportesycomunicacion.com\/#website","url":"https:\/\/deportesycomunicacion.com\/","name":"Deportes y Comunicaci\u00f3n","description":"Powered by Ivan Ferrer","publisher":{"@id":"https:\/\/deportesycomunicacion.com\/#organization"},"potentialAction":[{"@type":"SearchAction","target":{"@type":"EntryPoint","urlTemplate":"https:\/\/deportesycomunicacion.com\/?s={search_term_string}"},"query-input":{"@type":"PropertyValueSpecification","valueRequired":true,"valueName":"search_term_string"}}],"inLanguage":"es"},{"@type":"Organization","@id":"https:\/\/deportesycomunicacion.com\/#organization","name":"Deportes y Comunicaci\u00f3n","url":"https:\/\/deportesycomunicacion.com\/","logo":{"@type":"ImageObject","inLanguage":"es","@id":"https:\/\/deportesycomunicacion.com\/#\/schema\/logo\/image\/","url":"https:\/\/deportesycomunicacion.com\/wp-content\/uploads\/2013\/05\/cropped-Logo-Deportes-Comunicacion.jpg","contentUrl":"https:\/\/deportesycomunicacion.com\/wp-content\/uploads\/2013\/05\/cropped-Logo-Deportes-Comunicacion.jpg","width":300,"height":65,"caption":"Deportes y Comunicaci\u00f3n"},"image":{"@id":"https:\/\/deportesycomunicacion.com\/#\/schema\/logo\/image\/"},"sameAs":["https:\/\/www.facebook.com\/ivan.ferrercayuela","https:\/\/x.com\/IFC1976"]},{"@type":"Person","@id":"https:\/\/deportesycomunicacion.com\/#\/schema\/person\/5bd536572b924420557d2db2f98bdd16","name":"ivanferrer","url":"https:\/\/deportesycomunicacion.com\/?author=2"}]}},"_links":{"self":[{"href":"https:\/\/deportesycomunicacion.com\/index.php?rest_route=\/wp\/v2\/posts\/3015","targetHints":{"allow":["GET"]}}],"collection":[{"href":"https:\/\/deportesycomunicacion.com\/index.php?rest_route=\/wp\/v2\/posts"}],"about":[{"href":"https:\/\/deportesycomunicacion.com\/index.php?rest_route=\/wp\/v2\/types\/post"}],"author":[{"embeddable":true,"href":"https:\/\/deportesycomunicacion.com\/index.php?rest_route=\/wp\/v2\/users\/2"}],"replies":[{"embeddable":true,"href":"https:\/\/deportesycomunicacion.com\/index.php?rest_route=%2Fwp%2Fv2%2Fcomments&post=3015"}],"version-history":[{"count":6,"href":"https:\/\/deportesycomunicacion.com\/index.php?rest_route=\/wp\/v2\/posts\/3015\/revisions"}],"predecessor-version":[{"id":3030,"href":"https:\/\/deportesycomunicacion.com\/index.php?rest_route=\/wp\/v2\/posts\/3015\/revisions\/3030"}],"wp:featuredmedia":[{"embeddable":true,"href":"https:\/\/deportesycomunicacion.com\/index.php?rest_route=\/wp\/v2\/media\/3031"}],"wp:attachment":[{"href":"https:\/\/deportesycomunicacion.com\/index.php?rest_route=%2Fwp%2Fv2%2Fmedia&parent=3015"}],"wp:term":[{"taxonomy":"category","embeddable":true,"href":"https:\/\/deportesycomunicacion.com\/index.php?rest_route=%2Fwp%2Fv2%2Fcategories&post=3015"},{"taxonomy":"post_tag","embeddable":true,"href":"https:\/\/deportesycomunicacion.com\/index.php?rest_route=%2Fwp%2Fv2%2Ftags&post=3015"}],"curies":[{"name":"wp","href":"https:\/\/api.w.org\/{rel}","templated":true}]}}