{"id":3354,"date":"2015-12-15T19:56:18","date_gmt":"2015-12-15T18:56:18","guid":{"rendered":"http:\/\/deportesycomunicacion.com\/?p=3354"},"modified":"2015-12-15T19:56:18","modified_gmt":"2015-12-15T18:56:18","slug":"usas-el-deporte-para-olvidar","status":"publish","type":"post","link":"https:\/\/deportesycomunicacion.com\/?p=3354","title":{"rendered":"\u00bfUsas el deporte para olvidar?"},"content":{"rendered":"<p style=\"text-align: justify;\">El <strong>f\u00fatbol<\/strong> es muy <strong><a href=\"https:\/\/es.wikipedia.org\/wiki\/Ciclotimia\" target=\"_blank\">ciclot\u00edmico<\/a><\/strong>. Este transtorno bipolar se acent\u00faa a medida que el equipo es m\u00e1s grande y medi\u00e1tico. Son 90 minutos de juego, pero que se extienden mucho m\u00e1s all\u00e1. Una derrota te sume en la oscuridad, te lleva a la depresi\u00f3n. Pero seguida de una victoria se convierte m\u00e1gicamente en euforia, en una realidad explosiva y expansiva multicolor que lo inunda todo. No hay recorrido, no hay memoria. Solo manda el \u00faltimo resultado. El equilibrio, el punto medio, se ha desterrado del deporte rey&#8230; Parece que jugamos a todo o nada&#8230; Como dec\u00eda <strong><a href=\"https:\/\/es.wikipedia.org\/wiki\/Bill_Shankly\" target=\"_blank\">Bill Shankly<\/a><\/strong>\u00a0es lo m\u00e1s de lo m\u00e1s: \u00abAlgunos creen que el f\u00fatbol es solo una cuesti\u00f3n de vida o muerte, pero es algo mucho m\u00e1s importante que eso\u00bb.<\/p>\n<p style=\"text-align: justify;\">Pero realmente hay cosas m\u00e1s importante que la famosa pelotita. Situaciones que pasan fuera del terreno de juego que dejan el deporte como una mera tonter\u00eda. La semana m\u00e1s apasionante, radiante y feliz del <strong>Bournemouth<\/strong> -que por primera vez juega en la primera divisi\u00f3n inglesa-, se ti\u00f1i\u00f3 de tristeza y emoci\u00f3n. Gan\u00f3 a domicilio al actual campe\u00f3n, el Chelsea y solo nueve d\u00edas m\u00e1s tarde pas\u00f3 por encima de un cl\u00e1sico, el Manchester United. Se ti\u00f1i\u00f3 de emoci\u00f3n y tristeza porqu\u00e9 entre esos dos encuentros, <strong>Harry Arter<\/strong> <strong><a href=\"http:\/\/www.elperiodico.com\/es\/noticias\/deportes\/gloria-drama-bournemouth-harry-arter-pierde-hija-parto-4747995\" target=\"_blank\">perdi\u00f3 a su hija<\/a><\/strong> durante el parto.<\/p>\n<p style=\"text-align: justify;\">Dud\u00f3 mucho su entrenador a la hora de alinearlo contra el United, pero tras una conversaci\u00f3n con el jugador acabaron las dudas. Arter\u00a0aguant\u00f3 84 minutos, hasta que una tarjeta amarilla le hizo explotar. El t\u00e9cnico le cambi\u00f3 y se fundieron en un abrazo. Durante casi 90 minutos Arter jug\u00f3 no para ganar, sino para sobrellevar el momento m\u00e1s doloroso de su vida&#8230;<\/p>\n<p style=\"text-align: justify;\"><strong>\u00bfLos palos m\u00e1s gordos los afrontas desapareciendo de escena? \u00bfO prefieres volver a la normalidad cuanto antes para sobrellevarlo mejor?<\/strong><\/p>\n<p>photo credit: <a href=\"http:\/\/www.flickr.com\/photos\/35468141611@N01\/97911703\">Forget<\/a> via <a href=\"http:\/\/photopin.com\">photopin<\/a> <a href=\"https:\/\/creativecommons.org\/licenses\/by-nc\/2.0\/\">(license)<\/a><\/p>\n","protected":false},"excerpt":{"rendered":"<p>El f\u00fatbol es muy ciclot\u00edmico. Este transtorno bipolar se acent\u00faa a medida que el equipo es &hellip; <a title=\"\u00bfUsas el deporte para olvidar?\" class=\"hm-read-more\" href=\"https:\/\/deportesycomunicacion.com\/?p=3354\"><span class=\"screen-reader-text\">\u00bfUsas el deporte para olvidar?<\/span>Leer m\u00e1s<\/a><\/p>\n","protected":false},"author":2,"featured_media":3367,"comment_status":"open","ping_status":"open","sticky":false,"template":"","format":"standard","meta":{"footnotes":""},"categories":[7],"tags":[1038,1039,1056,1040,1041,159],"class_list":["post-3354","post","type-post","status-publish","format-standard","has-post-thumbnail","hentry","category-futbol","tag-bournemouth","tag-ciclotimia","tag-futbol","tag-harry-arter","tag-hija","tag-muerte"],"yoast_head":"<!-- This site is optimized with the Yoast SEO plugin v24.8.1 - https:\/\/yoast.com\/wordpress\/plugins\/seo\/ -->\n<title>\u00bfUsas el deporte para olvidar?<\/title>\n<meta name=\"description\" content=\"El f\u00fatbol es muy ciclot\u00edmico. Este transtorno bipolar se acent\u00faa a medida que el equipo es m\u00e1s grande y medi\u00e1tico. Son 90 minutos de juego, pero que se\" \/>\n<meta name=\"robots\" content=\"index, follow, max-snippet:-1, max-image-preview:large, max-video-preview:-1\" \/>\n<link rel=\"canonical\" href=\"https:\/\/deportesycomunicacion.com\/?p=3354\" \/>\n<meta property=\"og:locale\" content=\"es_ES\" \/>\n<meta property=\"og:type\" content=\"article\" \/>\n<meta property=\"og:title\" content=\"\u00bfUsas el deporte para olvidar?\" \/>\n<meta property=\"og:description\" content=\"El f\u00fatbol es muy ciclot\u00edmico. Este transtorno bipolar se acent\u00faa a medida que el equipo es m\u00e1s grande y medi\u00e1tico. Son 90 minutos de juego, pero que se\" \/>\n<meta property=\"og:url\" content=\"https:\/\/deportesycomunicacion.com\/?p=3354\" \/>\n<meta property=\"og:site_name\" content=\"Deportes y Comunicaci\u00f3n\" \/>\n<meta property=\"article:publisher\" content=\"https:\/\/www.facebook.com\/ivan.ferrercayuela\" \/>\n<meta property=\"article:published_time\" content=\"2015-12-15T18:56:18+00:00\" \/>\n<meta property=\"og:image\" content=\"https:\/\/deportesycomunicacion.com\/wp-content\/uploads\/2015\/12\/olvidar.jpg\" \/>\n\t<meta property=\"og:image:width\" content=\"500\" \/>\n\t<meta property=\"og:image:height\" content=\"500\" \/>\n\t<meta property=\"og:image:type\" content=\"image\/jpeg\" \/>\n<meta name=\"author\" content=\"ivanferrer\" \/>\n<meta name=\"twitter:card\" content=\"summary_large_image\" \/>\n<meta name=\"twitter:creator\" content=\"@IFC1976\" \/>\n<meta name=\"twitter:site\" content=\"@IFC1976\" \/>\n<meta name=\"twitter:label1\" content=\"Escrito por\" \/>\n\t<meta name=\"twitter:data1\" content=\"ivanferrer\" \/>\n\t<meta name=\"twitter:label2\" content=\"Tiempo de lectura\" \/>\n\t<meta name=\"twitter:data2\" content=\"2 minutos\" \/>\n<script type=\"application\/ld+json\" class=\"yoast-schema-graph\">{\"@context\":\"https:\/\/schema.org\",\"@graph\":[{\"@type\":\"Article\",\"@id\":\"https:\/\/deportesycomunicacion.com\/?p=3354#article\",\"isPartOf\":{\"@id\":\"https:\/\/deportesycomunicacion.com\/?p=3354\"},\"author\":{\"name\":\"ivanferrer\",\"@id\":\"https:\/\/deportesycomunicacion.com\/#\/schema\/person\/5bd536572b924420557d2db2f98bdd16\"},\"headline\":\"\u00bfUsas el deporte para olvidar?\",\"datePublished\":\"2015-12-15T18:56:18+00:00\",\"mainEntityOfPage\":{\"@id\":\"https:\/\/deportesycomunicacion.com\/?p=3354\"},\"wordCount\":340,\"commentCount\":0,\"publisher\":{\"@id\":\"https:\/\/deportesycomunicacion.com\/#organization\"},\"image\":{\"@id\":\"https:\/\/deportesycomunicacion.com\/?p=3354#primaryimage\"},\"thumbnailUrl\":\"https:\/\/deportesycomunicacion.com\/wp-content\/uploads\/2015\/12\/olvidar.jpg\",\"keywords\":[\"BOURNEMOUTH\",\"CICLOTIMIA\",\"FUTBOL\",\"HARRY ARTER\",\"HIJA\",\"MUERTE\"],\"articleSection\":[\"FUTBOL\"],\"inLanguage\":\"es\",\"potentialAction\":[{\"@type\":\"CommentAction\",\"name\":\"Comment\",\"target\":[\"https:\/\/deportesycomunicacion.com\/?p=3354#respond\"]}]},{\"@type\":\"WebPage\",\"@id\":\"https:\/\/deportesycomunicacion.com\/?p=3354\",\"url\":\"https:\/\/deportesycomunicacion.com\/?p=3354\",\"name\":\"\u00bfUsas el deporte para olvidar?\",\"isPartOf\":{\"@id\":\"https:\/\/deportesycomunicacion.com\/#website\"},\"primaryImageOfPage\":{\"@id\":\"https:\/\/deportesycomunicacion.com\/?p=3354#primaryimage\"},\"image\":{\"@id\":\"https:\/\/deportesycomunicacion.com\/?p=3354#primaryimage\"},\"thumbnailUrl\":\"https:\/\/deportesycomunicacion.com\/wp-content\/uploads\/2015\/12\/olvidar.jpg\",\"datePublished\":\"2015-12-15T18:56:18+00:00\",\"description\":\"El f\u00fatbol es muy ciclot\u00edmico. Este transtorno bipolar se acent\u00faa a medida que el equipo es m\u00e1s grande y medi\u00e1tico. Son 90 minutos de juego, pero que se\",\"breadcrumb\":{\"@id\":\"https:\/\/deportesycomunicacion.com\/?p=3354#breadcrumb\"},\"inLanguage\":\"es\",\"potentialAction\":[{\"@type\":\"ReadAction\",\"target\":[\"https:\/\/deportesycomunicacion.com\/?p=3354\"]}]},{\"@type\":\"ImageObject\",\"inLanguage\":\"es\",\"@id\":\"https:\/\/deportesycomunicacion.com\/?p=3354#primaryimage\",\"url\":\"https:\/\/deportesycomunicacion.com\/wp-content\/uploads\/2015\/12\/olvidar.jpg\",\"contentUrl\":\"https:\/\/deportesycomunicacion.com\/wp-content\/uploads\/2015\/12\/olvidar.jpg\",\"width\":500,\"height\":500},{\"@type\":\"BreadcrumbList\",\"@id\":\"https:\/\/deportesycomunicacion.com\/?p=3354#breadcrumb\",\"itemListElement\":[{\"@type\":\"ListItem\",\"position\":1,\"name\":\"Portada\",\"item\":\"https:\/\/deportesycomunicacion.com\/\"},{\"@type\":\"ListItem\",\"position\":2,\"name\":\"\u00bfUsas el deporte para olvidar?\"}]},{\"@type\":\"WebSite\",\"@id\":\"https:\/\/deportesycomunicacion.com\/#website\",\"url\":\"https:\/\/deportesycomunicacion.com\/\",\"name\":\"Deportes y Comunicaci\u00f3n\",\"description\":\"Powered by Ivan Ferrer\",\"publisher\":{\"@id\":\"https:\/\/deportesycomunicacion.com\/#organization\"},\"potentialAction\":[{\"@type\":\"SearchAction\",\"target\":{\"@type\":\"EntryPoint\",\"urlTemplate\":\"https:\/\/deportesycomunicacion.com\/?s={search_term_string}\"},\"query-input\":{\"@type\":\"PropertyValueSpecification\",\"valueRequired\":true,\"valueName\":\"search_term_string\"}}],\"inLanguage\":\"es\"},{\"@type\":\"Organization\",\"@id\":\"https:\/\/deportesycomunicacion.com\/#organization\",\"name\":\"Deportes y Comunicaci\u00f3n\",\"url\":\"https:\/\/deportesycomunicacion.com\/\",\"logo\":{\"@type\":\"ImageObject\",\"inLanguage\":\"es\",\"@id\":\"https:\/\/deportesycomunicacion.com\/#\/schema\/logo\/image\/\",\"url\":\"https:\/\/deportesycomunicacion.com\/wp-content\/uploads\/2013\/05\/cropped-Logo-Deportes-Comunicacion.jpg\",\"contentUrl\":\"https:\/\/deportesycomunicacion.com\/wp-content\/uploads\/2013\/05\/cropped-Logo-Deportes-Comunicacion.jpg\",\"width\":300,\"height\":65,\"caption\":\"Deportes y Comunicaci\u00f3n\"},\"image\":{\"@id\":\"https:\/\/deportesycomunicacion.com\/#\/schema\/logo\/image\/\"},\"sameAs\":[\"https:\/\/www.facebook.com\/ivan.ferrercayuela\",\"https:\/\/x.com\/IFC1976\"]},{\"@type\":\"Person\",\"@id\":\"https:\/\/deportesycomunicacion.com\/#\/schema\/person\/5bd536572b924420557d2db2f98bdd16\",\"name\":\"ivanferrer\",\"url\":\"https:\/\/deportesycomunicacion.com\/?author=2\"}]}<\/script>\n<!-- \/ Yoast SEO plugin. -->","yoast_head_json":{"title":"\u00bfUsas el deporte para olvidar?","description":"El f\u00fatbol es muy ciclot\u00edmico. Este transtorno bipolar se acent\u00faa a medida que el equipo es m\u00e1s grande y medi\u00e1tico. Son 90 minutos de juego, pero que se","robots":{"index":"index","follow":"follow","max-snippet":"max-snippet:-1","max-image-preview":"max-image-preview:large","max-video-preview":"max-video-preview:-1"},"canonical":"https:\/\/deportesycomunicacion.com\/?p=3354","og_locale":"es_ES","og_type":"article","og_title":"\u00bfUsas el deporte para olvidar?","og_description":"El f\u00fatbol es muy ciclot\u00edmico. Este transtorno bipolar se acent\u00faa a medida que el equipo es m\u00e1s grande y medi\u00e1tico. Son 90 minutos de juego, pero que se","og_url":"https:\/\/deportesycomunicacion.com\/?p=3354","og_site_name":"Deportes y Comunicaci\u00f3n","article_publisher":"https:\/\/www.facebook.com\/ivan.ferrercayuela","article_published_time":"2015-12-15T18:56:18+00:00","og_image":[{"width":500,"height":500,"url":"https:\/\/deportesycomunicacion.com\/wp-content\/uploads\/2015\/12\/olvidar.jpg","type":"image\/jpeg"}],"author":"ivanferrer","twitter_card":"summary_large_image","twitter_creator":"@IFC1976","twitter_site":"@IFC1976","twitter_misc":{"Escrito por":"ivanferrer","Tiempo de lectura":"2 minutos"},"schema":{"@context":"https:\/\/schema.org","@graph":[{"@type":"Article","@id":"https:\/\/deportesycomunicacion.com\/?p=3354#article","isPartOf":{"@id":"https:\/\/deportesycomunicacion.com\/?p=3354"},"author":{"name":"ivanferrer","@id":"https:\/\/deportesycomunicacion.com\/#\/schema\/person\/5bd536572b924420557d2db2f98bdd16"},"headline":"\u00bfUsas el deporte para olvidar?","datePublished":"2015-12-15T18:56:18+00:00","mainEntityOfPage":{"@id":"https:\/\/deportesycomunicacion.com\/?p=3354"},"wordCount":340,"commentCount":0,"publisher":{"@id":"https:\/\/deportesycomunicacion.com\/#organization"},"image":{"@id":"https:\/\/deportesycomunicacion.com\/?p=3354#primaryimage"},"thumbnailUrl":"https:\/\/deportesycomunicacion.com\/wp-content\/uploads\/2015\/12\/olvidar.jpg","keywords":["BOURNEMOUTH","CICLOTIMIA","FUTBOL","HARRY ARTER","HIJA","MUERTE"],"articleSection":["FUTBOL"],"inLanguage":"es","potentialAction":[{"@type":"CommentAction","name":"Comment","target":["https:\/\/deportesycomunicacion.com\/?p=3354#respond"]}]},{"@type":"WebPage","@id":"https:\/\/deportesycomunicacion.com\/?p=3354","url":"https:\/\/deportesycomunicacion.com\/?p=3354","name":"\u00bfUsas el deporte para olvidar?","isPartOf":{"@id":"https:\/\/deportesycomunicacion.com\/#website"},"primaryImageOfPage":{"@id":"https:\/\/deportesycomunicacion.com\/?p=3354#primaryimage"},"image":{"@id":"https:\/\/deportesycomunicacion.com\/?p=3354#primaryimage"},"thumbnailUrl":"https:\/\/deportesycomunicacion.com\/wp-content\/uploads\/2015\/12\/olvidar.jpg","datePublished":"2015-12-15T18:56:18+00:00","description":"El f\u00fatbol es muy ciclot\u00edmico. Este transtorno bipolar se acent\u00faa a medida que el equipo es m\u00e1s grande y medi\u00e1tico. Son 90 minutos de juego, pero que se","breadcrumb":{"@id":"https:\/\/deportesycomunicacion.com\/?p=3354#breadcrumb"},"inLanguage":"es","potentialAction":[{"@type":"ReadAction","target":["https:\/\/deportesycomunicacion.com\/?p=3354"]}]},{"@type":"ImageObject","inLanguage":"es","@id":"https:\/\/deportesycomunicacion.com\/?p=3354#primaryimage","url":"https:\/\/deportesycomunicacion.com\/wp-content\/uploads\/2015\/12\/olvidar.jpg","contentUrl":"https:\/\/deportesycomunicacion.com\/wp-content\/uploads\/2015\/12\/olvidar.jpg","width":500,"height":500},{"@type":"BreadcrumbList","@id":"https:\/\/deportesycomunicacion.com\/?p=3354#breadcrumb","itemListElement":[{"@type":"ListItem","position":1,"name":"Portada","item":"https:\/\/deportesycomunicacion.com\/"},{"@type":"ListItem","position":2,"name":"\u00bfUsas el deporte para olvidar?"}]},{"@type":"WebSite","@id":"https:\/\/deportesycomunicacion.com\/#website","url":"https:\/\/deportesycomunicacion.com\/","name":"Deportes y Comunicaci\u00f3n","description":"Powered by Ivan Ferrer","publisher":{"@id":"https:\/\/deportesycomunicacion.com\/#organization"},"potentialAction":[{"@type":"SearchAction","target":{"@type":"EntryPoint","urlTemplate":"https:\/\/deportesycomunicacion.com\/?s={search_term_string}"},"query-input":{"@type":"PropertyValueSpecification","valueRequired":true,"valueName":"search_term_string"}}],"inLanguage":"es"},{"@type":"Organization","@id":"https:\/\/deportesycomunicacion.com\/#organization","name":"Deportes y Comunicaci\u00f3n","url":"https:\/\/deportesycomunicacion.com\/","logo":{"@type":"ImageObject","inLanguage":"es","@id":"https:\/\/deportesycomunicacion.com\/#\/schema\/logo\/image\/","url":"https:\/\/deportesycomunicacion.com\/wp-content\/uploads\/2013\/05\/cropped-Logo-Deportes-Comunicacion.jpg","contentUrl":"https:\/\/deportesycomunicacion.com\/wp-content\/uploads\/2013\/05\/cropped-Logo-Deportes-Comunicacion.jpg","width":300,"height":65,"caption":"Deportes y Comunicaci\u00f3n"},"image":{"@id":"https:\/\/deportesycomunicacion.com\/#\/schema\/logo\/image\/"},"sameAs":["https:\/\/www.facebook.com\/ivan.ferrercayuela","https:\/\/x.com\/IFC1976"]},{"@type":"Person","@id":"https:\/\/deportesycomunicacion.com\/#\/schema\/person\/5bd536572b924420557d2db2f98bdd16","name":"ivanferrer","url":"https:\/\/deportesycomunicacion.com\/?author=2"}]}},"_links":{"self":[{"href":"https:\/\/deportesycomunicacion.com\/index.php?rest_route=\/wp\/v2\/posts\/3354","targetHints":{"allow":["GET"]}}],"collection":[{"href":"https:\/\/deportesycomunicacion.com\/index.php?rest_route=\/wp\/v2\/posts"}],"about":[{"href":"https:\/\/deportesycomunicacion.com\/index.php?rest_route=\/wp\/v2\/types\/post"}],"author":[{"embeddable":true,"href":"https:\/\/deportesycomunicacion.com\/index.php?rest_route=\/wp\/v2\/users\/2"}],"replies":[{"embeddable":true,"href":"https:\/\/deportesycomunicacion.com\/index.php?rest_route=%2Fwp%2Fv2%2Fcomments&post=3354"}],"version-history":[{"count":7,"href":"https:\/\/deportesycomunicacion.com\/index.php?rest_route=\/wp\/v2\/posts\/3354\/revisions"}],"predecessor-version":[{"id":3368,"href":"https:\/\/deportesycomunicacion.com\/index.php?rest_route=\/wp\/v2\/posts\/3354\/revisions\/3368"}],"wp:featuredmedia":[{"embeddable":true,"href":"https:\/\/deportesycomunicacion.com\/index.php?rest_route=\/wp\/v2\/media\/3367"}],"wp:attachment":[{"href":"https:\/\/deportesycomunicacion.com\/index.php?rest_route=%2Fwp%2Fv2%2Fmedia&parent=3354"}],"wp:term":[{"taxonomy":"category","embeddable":true,"href":"https:\/\/deportesycomunicacion.com\/index.php?rest_route=%2Fwp%2Fv2%2Fcategories&post=3354"},{"taxonomy":"post_tag","embeddable":true,"href":"https:\/\/deportesycomunicacion.com\/index.php?rest_route=%2Fwp%2Fv2%2Ftags&post=3354"}],"curies":[{"name":"wp","href":"https:\/\/api.w.org\/{rel}","templated":true}]}}