{"id":4616,"date":"2016-12-19T23:33:39","date_gmt":"2016-12-19T22:33:39","guid":{"rendered":"http:\/\/deportesycomunicacion.com\/?p=4616"},"modified":"2016-12-19T23:35:37","modified_gmt":"2016-12-19T22:35:37","slug":"te-preocupa-ir-contracorriente","status":"publish","type":"post","link":"https:\/\/deportesycomunicacion.com\/?p=4616","title":{"rendered":"\u00bfTe preocupa ir a contracorriente?"},"content":{"rendered":"<p style=\"text-align: justify;\">No quiero ser pesado. No quiero repetirme m\u00e1s que el ajo; como los anuncios de <strong><a href=\"https:\/\/www.youtube.com\/watch?v=8wMVFMDIT40\" target=\"_blank\">El Almendro<\/a><\/strong>. Pero hay cosas que siempre vuelven, como la Navidad. Un tema recurrente son las denuncias por violencia verbal en los campos de <strong>f\u00fatbol<\/strong> en Espa\u00f1a. El tema es ya de chiste malo recurrente. Todo un cl\u00e1sico para estas fechas y para cualquier resto de meses del a\u00f1o. Con unos comit\u00e9s de disciplina con el mismito poder de decisi\u00f3n y coerci\u00f3n que las Naciones Unidas en Alepo. Las denuncias van cayendo, las amenazas, acompa\u00f1adas de sanciones de risa, pueblan los fines de semana, los meses, las temporadas\u2026 Ah\u00ed, queda eso: tema cerrado, protegido con candado y llave en el fondo del mar, matarile rile, rile\u2026<\/p>\n<p style=\"text-align: justify;\">Ahora que nos acercamos a esta \u00e9poca de concordia (m\u00e1s humana o artificial, seg\u00fan se mire), las redes sociales parece que se encienden a cualquier atisbo de gesto o normalidad hacia el eterno rival. Tras el partido entre <strong><a href=\"http:\/\/www.lavanguardia.com\/deportes\/futbol\/20161219\/412728886979\/espanyol-insultos-camp-nou-barca.html\" target=\"_blank\">Bar\u00e7a-Espanyol<\/a><\/strong>, <strong>Quique S\u00e1nchez Flores<\/strong> no sac\u00f3 el hacha, blandi\u00f3 un ramo de flores. Adem\u00e1s de no considerar hostil el ambiente del Camp Nou, el entrenador espa\u00f1olista se abraz\u00f3 tras el partido sobre el c\u00e9sped con Messi y Luis Su\u00e1rez, ech\u00f3 flores argentino y explic\u00f3 que uno de sus hijos es del Bar\u00e7a y colecciona sus camisetas, que \u00e9l mismo le consigue.<\/p>\n<p style=\"text-align: justify;\">No s\u00e9 que m\u00e1s decir, queremos aleccionar a todo el mundo en la teor\u00eda que el f\u00fatbol es solo eso; f\u00fatbol. Que hay cosas m\u00e1s importantes y transcendentes en la vida. Pero, en cambio, practicamos el antediluviano argumento de \u201cal enemigo ni agua\u201d\u2026 Y despu\u00e9s nos exclamamos de todo\u2026 Y palo al que se salga de la l\u00ednea\u2026<\/p>\n<p style=\"text-align: justify;\"><strong>\u00bfElogias a tus contrincantes? \u00bfO hay que machacarlos para que parezca que lo das todo por tus colores?<\/strong><\/p>\n<p>photo credit: mclcbooks <a href=\"http:\/\/www.flickr.com\/photos\/39877441@N05\/29795564302\">Aster<\/a> via <a href=\"http:\/\/photopin.com\">photopin<\/a> <a href=\"https:\/\/creativecommons.org\/licenses\/by-nc-nd\/2.0\/\">(license)<\/a><\/p>\n","protected":false},"excerpt":{"rendered":"<p>No quiero ser pesado. No quiero repetirme m\u00e1s que el ajo; como los anuncios de El &hellip; <a title=\"\u00bfTe preocupa ir a contracorriente?\" class=\"hm-read-more\" href=\"https:\/\/deportesycomunicacion.com\/?p=4616\"><span class=\"screen-reader-text\">\u00bfTe preocupa ir a contracorriente?<\/span>Leer m\u00e1s<\/a><\/p>\n","protected":false},"author":2,"featured_media":4625,"comment_status":"open","ping_status":"open","sticky":false,"template":"","format":"standard","meta":{"footnotes":""},"categories":[7],"tags":[1405,1406,218,598,1404,117],"class_list":["post-4616","post","type-post","status-publish","format-standard","has-post-thumbnail","hentry","category-futbol","tag-barca-espanyol","tag-cordialidad","tag-declaraciones","tag-derby","tag-quique-sanchez-flores","tag-rivalidad"],"yoast_head":"<!-- This site is optimized with the Yoast SEO plugin v24.8.1 - https:\/\/yoast.com\/wordpress\/plugins\/seo\/ -->\n<title>\u00bfTe preocupa ir a contracorriente?<\/title>\n<meta name=\"description\" content=\"No quiero ser pesado. No quiero repetirme m\u00e1s que el ajo; como los anuncios de El Almendro. Pero hay cosas que siempre vuelven, como la Navidad. Un tema\" \/>\n<meta name=\"robots\" content=\"index, follow, max-snippet:-1, max-image-preview:large, max-video-preview:-1\" \/>\n<link rel=\"canonical\" href=\"https:\/\/deportesycomunicacion.com\/?p=4616\" \/>\n<meta property=\"og:locale\" content=\"es_ES\" \/>\n<meta property=\"og:type\" content=\"article\" \/>\n<meta property=\"og:title\" content=\"\u00bfTe preocupa ir a contracorriente?\" \/>\n<meta property=\"og:description\" content=\"No quiero ser pesado. No quiero repetirme m\u00e1s que el ajo; como los anuncios de El Almendro. Pero hay cosas que siempre vuelven, como la Navidad. Un tema\" \/>\n<meta property=\"og:url\" content=\"https:\/\/deportesycomunicacion.com\/?p=4616\" \/>\n<meta property=\"og:site_name\" content=\"Deportes y Comunicaci\u00f3n\" \/>\n<meta property=\"article:publisher\" content=\"https:\/\/www.facebook.com\/ivan.ferrercayuela\" \/>\n<meta property=\"article:published_time\" content=\"2016-12-19T22:33:39+00:00\" \/>\n<meta property=\"article:modified_time\" content=\"2016-12-19T22:35:37+00:00\" \/>\n<meta property=\"og:image\" content=\"https:\/\/deportesycomunicacion.com\/wp-content\/uploads\/2016\/12\/flores.jpg\" \/>\n\t<meta property=\"og:image:width\" content=\"500\" \/>\n\t<meta property=\"og:image:height\" content=\"333\" \/>\n\t<meta property=\"og:image:type\" content=\"image\/jpeg\" \/>\n<meta name=\"author\" content=\"ivanferrer\" \/>\n<meta name=\"twitter:card\" content=\"summary_large_image\" \/>\n<meta name=\"twitter:creator\" content=\"@IFC1976\" \/>\n<meta name=\"twitter:site\" content=\"@IFC1976\" \/>\n<meta name=\"twitter:label1\" content=\"Escrito por\" \/>\n\t<meta name=\"twitter:data1\" content=\"ivanferrer\" \/>\n\t<meta name=\"twitter:label2\" content=\"Tiempo de lectura\" \/>\n\t<meta name=\"twitter:data2\" content=\"2 minutos\" \/>\n<script type=\"application\/ld+json\" class=\"yoast-schema-graph\">{\"@context\":\"https:\/\/schema.org\",\"@graph\":[{\"@type\":\"Article\",\"@id\":\"https:\/\/deportesycomunicacion.com\/?p=4616#article\",\"isPartOf\":{\"@id\":\"https:\/\/deportesycomunicacion.com\/?p=4616\"},\"author\":{\"name\":\"ivanferrer\",\"@id\":\"https:\/\/deportesycomunicacion.com\/#\/schema\/person\/5bd536572b924420557d2db2f98bdd16\"},\"headline\":\"\u00bfTe preocupa ir a contracorriente?\",\"datePublished\":\"2016-12-19T22:33:39+00:00\",\"dateModified\":\"2016-12-19T22:35:37+00:00\",\"mainEntityOfPage\":{\"@id\":\"https:\/\/deportesycomunicacion.com\/?p=4616\"},\"wordCount\":333,\"commentCount\":0,\"publisher\":{\"@id\":\"https:\/\/deportesycomunicacion.com\/#organization\"},\"image\":{\"@id\":\"https:\/\/deportesycomunicacion.com\/?p=4616#primaryimage\"},\"thumbnailUrl\":\"https:\/\/deportesycomunicacion.com\/wp-content\/uploads\/2016\/12\/flores.jpg\",\"keywords\":[\"BAR\u00c7A - ESPANYOL\",\"CORDIALIDAD\",\"DECLARACIONES\",\"DERBY\",\"QUIQUE SANCHEZ FLORES\",\"RIVALIDAD\"],\"articleSection\":[\"FUTBOL\"],\"inLanguage\":\"es\",\"potentialAction\":[{\"@type\":\"CommentAction\",\"name\":\"Comment\",\"target\":[\"https:\/\/deportesycomunicacion.com\/?p=4616#respond\"]}]},{\"@type\":\"WebPage\",\"@id\":\"https:\/\/deportesycomunicacion.com\/?p=4616\",\"url\":\"https:\/\/deportesycomunicacion.com\/?p=4616\",\"name\":\"\u00bfTe preocupa ir a contracorriente?\",\"isPartOf\":{\"@id\":\"https:\/\/deportesycomunicacion.com\/#website\"},\"primaryImageOfPage\":{\"@id\":\"https:\/\/deportesycomunicacion.com\/?p=4616#primaryimage\"},\"image\":{\"@id\":\"https:\/\/deportesycomunicacion.com\/?p=4616#primaryimage\"},\"thumbnailUrl\":\"https:\/\/deportesycomunicacion.com\/wp-content\/uploads\/2016\/12\/flores.jpg\",\"datePublished\":\"2016-12-19T22:33:39+00:00\",\"dateModified\":\"2016-12-19T22:35:37+00:00\",\"description\":\"No quiero ser pesado. No quiero repetirme m\u00e1s que el ajo; como los anuncios de El Almendro. Pero hay cosas que siempre vuelven, como la Navidad. Un tema\",\"breadcrumb\":{\"@id\":\"https:\/\/deportesycomunicacion.com\/?p=4616#breadcrumb\"},\"inLanguage\":\"es\",\"potentialAction\":[{\"@type\":\"ReadAction\",\"target\":[\"https:\/\/deportesycomunicacion.com\/?p=4616\"]}]},{\"@type\":\"ImageObject\",\"inLanguage\":\"es\",\"@id\":\"https:\/\/deportesycomunicacion.com\/?p=4616#primaryimage\",\"url\":\"https:\/\/deportesycomunicacion.com\/wp-content\/uploads\/2016\/12\/flores.jpg\",\"contentUrl\":\"https:\/\/deportesycomunicacion.com\/wp-content\/uploads\/2016\/12\/flores.jpg\",\"width\":500,\"height\":333},{\"@type\":\"BreadcrumbList\",\"@id\":\"https:\/\/deportesycomunicacion.com\/?p=4616#breadcrumb\",\"itemListElement\":[{\"@type\":\"ListItem\",\"position\":1,\"name\":\"Portada\",\"item\":\"https:\/\/deportesycomunicacion.com\/\"},{\"@type\":\"ListItem\",\"position\":2,\"name\":\"\u00bfTe preocupa ir a contracorriente?\"}]},{\"@type\":\"WebSite\",\"@id\":\"https:\/\/deportesycomunicacion.com\/#website\",\"url\":\"https:\/\/deportesycomunicacion.com\/\",\"name\":\"Deportes y Comunicaci\u00f3n\",\"description\":\"Powered by Ivan Ferrer\",\"publisher\":{\"@id\":\"https:\/\/deportesycomunicacion.com\/#organization\"},\"potentialAction\":[{\"@type\":\"SearchAction\",\"target\":{\"@type\":\"EntryPoint\",\"urlTemplate\":\"https:\/\/deportesycomunicacion.com\/?s={search_term_string}\"},\"query-input\":{\"@type\":\"PropertyValueSpecification\",\"valueRequired\":true,\"valueName\":\"search_term_string\"}}],\"inLanguage\":\"es\"},{\"@type\":\"Organization\",\"@id\":\"https:\/\/deportesycomunicacion.com\/#organization\",\"name\":\"Deportes y Comunicaci\u00f3n\",\"url\":\"https:\/\/deportesycomunicacion.com\/\",\"logo\":{\"@type\":\"ImageObject\",\"inLanguage\":\"es\",\"@id\":\"https:\/\/deportesycomunicacion.com\/#\/schema\/logo\/image\/\",\"url\":\"https:\/\/deportesycomunicacion.com\/wp-content\/uploads\/2013\/05\/cropped-Logo-Deportes-Comunicacion.jpg\",\"contentUrl\":\"https:\/\/deportesycomunicacion.com\/wp-content\/uploads\/2013\/05\/cropped-Logo-Deportes-Comunicacion.jpg\",\"width\":300,\"height\":65,\"caption\":\"Deportes y Comunicaci\u00f3n\"},\"image\":{\"@id\":\"https:\/\/deportesycomunicacion.com\/#\/schema\/logo\/image\/\"},\"sameAs\":[\"https:\/\/www.facebook.com\/ivan.ferrercayuela\",\"https:\/\/x.com\/IFC1976\"]},{\"@type\":\"Person\",\"@id\":\"https:\/\/deportesycomunicacion.com\/#\/schema\/person\/5bd536572b924420557d2db2f98bdd16\",\"name\":\"ivanferrer\",\"url\":\"https:\/\/deportesycomunicacion.com\/?author=2\"}]}<\/script>\n<!-- \/ Yoast SEO plugin. -->","yoast_head_json":{"title":"\u00bfTe preocupa ir a contracorriente?","description":"No quiero ser pesado. No quiero repetirme m\u00e1s que el ajo; como los anuncios de El Almendro. Pero hay cosas que siempre vuelven, como la Navidad. Un tema","robots":{"index":"index","follow":"follow","max-snippet":"max-snippet:-1","max-image-preview":"max-image-preview:large","max-video-preview":"max-video-preview:-1"},"canonical":"https:\/\/deportesycomunicacion.com\/?p=4616","og_locale":"es_ES","og_type":"article","og_title":"\u00bfTe preocupa ir a contracorriente?","og_description":"No quiero ser pesado. No quiero repetirme m\u00e1s que el ajo; como los anuncios de El Almendro. Pero hay cosas que siempre vuelven, como la Navidad. Un tema","og_url":"https:\/\/deportesycomunicacion.com\/?p=4616","og_site_name":"Deportes y Comunicaci\u00f3n","article_publisher":"https:\/\/www.facebook.com\/ivan.ferrercayuela","article_published_time":"2016-12-19T22:33:39+00:00","article_modified_time":"2016-12-19T22:35:37+00:00","og_image":[{"width":500,"height":333,"url":"https:\/\/deportesycomunicacion.com\/wp-content\/uploads\/2016\/12\/flores.jpg","type":"image\/jpeg"}],"author":"ivanferrer","twitter_card":"summary_large_image","twitter_creator":"@IFC1976","twitter_site":"@IFC1976","twitter_misc":{"Escrito por":"ivanferrer","Tiempo de lectura":"2 minutos"},"schema":{"@context":"https:\/\/schema.org","@graph":[{"@type":"Article","@id":"https:\/\/deportesycomunicacion.com\/?p=4616#article","isPartOf":{"@id":"https:\/\/deportesycomunicacion.com\/?p=4616"},"author":{"name":"ivanferrer","@id":"https:\/\/deportesycomunicacion.com\/#\/schema\/person\/5bd536572b924420557d2db2f98bdd16"},"headline":"\u00bfTe preocupa ir a contracorriente?","datePublished":"2016-12-19T22:33:39+00:00","dateModified":"2016-12-19T22:35:37+00:00","mainEntityOfPage":{"@id":"https:\/\/deportesycomunicacion.com\/?p=4616"},"wordCount":333,"commentCount":0,"publisher":{"@id":"https:\/\/deportesycomunicacion.com\/#organization"},"image":{"@id":"https:\/\/deportesycomunicacion.com\/?p=4616#primaryimage"},"thumbnailUrl":"https:\/\/deportesycomunicacion.com\/wp-content\/uploads\/2016\/12\/flores.jpg","keywords":["BAR\u00c7A - ESPANYOL","CORDIALIDAD","DECLARACIONES","DERBY","QUIQUE SANCHEZ FLORES","RIVALIDAD"],"articleSection":["FUTBOL"],"inLanguage":"es","potentialAction":[{"@type":"CommentAction","name":"Comment","target":["https:\/\/deportesycomunicacion.com\/?p=4616#respond"]}]},{"@type":"WebPage","@id":"https:\/\/deportesycomunicacion.com\/?p=4616","url":"https:\/\/deportesycomunicacion.com\/?p=4616","name":"\u00bfTe preocupa ir a contracorriente?","isPartOf":{"@id":"https:\/\/deportesycomunicacion.com\/#website"},"primaryImageOfPage":{"@id":"https:\/\/deportesycomunicacion.com\/?p=4616#primaryimage"},"image":{"@id":"https:\/\/deportesycomunicacion.com\/?p=4616#primaryimage"},"thumbnailUrl":"https:\/\/deportesycomunicacion.com\/wp-content\/uploads\/2016\/12\/flores.jpg","datePublished":"2016-12-19T22:33:39+00:00","dateModified":"2016-12-19T22:35:37+00:00","description":"No quiero ser pesado. No quiero repetirme m\u00e1s que el ajo; como los anuncios de El Almendro. Pero hay cosas que siempre vuelven, como la Navidad. Un tema","breadcrumb":{"@id":"https:\/\/deportesycomunicacion.com\/?p=4616#breadcrumb"},"inLanguage":"es","potentialAction":[{"@type":"ReadAction","target":["https:\/\/deportesycomunicacion.com\/?p=4616"]}]},{"@type":"ImageObject","inLanguage":"es","@id":"https:\/\/deportesycomunicacion.com\/?p=4616#primaryimage","url":"https:\/\/deportesycomunicacion.com\/wp-content\/uploads\/2016\/12\/flores.jpg","contentUrl":"https:\/\/deportesycomunicacion.com\/wp-content\/uploads\/2016\/12\/flores.jpg","width":500,"height":333},{"@type":"BreadcrumbList","@id":"https:\/\/deportesycomunicacion.com\/?p=4616#breadcrumb","itemListElement":[{"@type":"ListItem","position":1,"name":"Portada","item":"https:\/\/deportesycomunicacion.com\/"},{"@type":"ListItem","position":2,"name":"\u00bfTe preocupa ir a contracorriente?"}]},{"@type":"WebSite","@id":"https:\/\/deportesycomunicacion.com\/#website","url":"https:\/\/deportesycomunicacion.com\/","name":"Deportes y Comunicaci\u00f3n","description":"Powered by Ivan Ferrer","publisher":{"@id":"https:\/\/deportesycomunicacion.com\/#organization"},"potentialAction":[{"@type":"SearchAction","target":{"@type":"EntryPoint","urlTemplate":"https:\/\/deportesycomunicacion.com\/?s={search_term_string}"},"query-input":{"@type":"PropertyValueSpecification","valueRequired":true,"valueName":"search_term_string"}}],"inLanguage":"es"},{"@type":"Organization","@id":"https:\/\/deportesycomunicacion.com\/#organization","name":"Deportes y Comunicaci\u00f3n","url":"https:\/\/deportesycomunicacion.com\/","logo":{"@type":"ImageObject","inLanguage":"es","@id":"https:\/\/deportesycomunicacion.com\/#\/schema\/logo\/image\/","url":"https:\/\/deportesycomunicacion.com\/wp-content\/uploads\/2013\/05\/cropped-Logo-Deportes-Comunicacion.jpg","contentUrl":"https:\/\/deportesycomunicacion.com\/wp-content\/uploads\/2013\/05\/cropped-Logo-Deportes-Comunicacion.jpg","width":300,"height":65,"caption":"Deportes y Comunicaci\u00f3n"},"image":{"@id":"https:\/\/deportesycomunicacion.com\/#\/schema\/logo\/image\/"},"sameAs":["https:\/\/www.facebook.com\/ivan.ferrercayuela","https:\/\/x.com\/IFC1976"]},{"@type":"Person","@id":"https:\/\/deportesycomunicacion.com\/#\/schema\/person\/5bd536572b924420557d2db2f98bdd16","name":"ivanferrer","url":"https:\/\/deportesycomunicacion.com\/?author=2"}]}},"_links":{"self":[{"href":"https:\/\/deportesycomunicacion.com\/index.php?rest_route=\/wp\/v2\/posts\/4616","targetHints":{"allow":["GET"]}}],"collection":[{"href":"https:\/\/deportesycomunicacion.com\/index.php?rest_route=\/wp\/v2\/posts"}],"about":[{"href":"https:\/\/deportesycomunicacion.com\/index.php?rest_route=\/wp\/v2\/types\/post"}],"author":[{"embeddable":true,"href":"https:\/\/deportesycomunicacion.com\/index.php?rest_route=\/wp\/v2\/users\/2"}],"replies":[{"embeddable":true,"href":"https:\/\/deportesycomunicacion.com\/index.php?rest_route=%2Fwp%2Fv2%2Fcomments&post=4616"}],"version-history":[{"count":4,"href":"https:\/\/deportesycomunicacion.com\/index.php?rest_route=\/wp\/v2\/posts\/4616\/revisions"}],"predecessor-version":[{"id":4626,"href":"https:\/\/deportesycomunicacion.com\/index.php?rest_route=\/wp\/v2\/posts\/4616\/revisions\/4626"}],"wp:featuredmedia":[{"embeddable":true,"href":"https:\/\/deportesycomunicacion.com\/index.php?rest_route=\/wp\/v2\/media\/4625"}],"wp:attachment":[{"href":"https:\/\/deportesycomunicacion.com\/index.php?rest_route=%2Fwp%2Fv2%2Fmedia&parent=4616"}],"wp:term":[{"taxonomy":"category","embeddable":true,"href":"https:\/\/deportesycomunicacion.com\/index.php?rest_route=%2Fwp%2Fv2%2Fcategories&post=4616"},{"taxonomy":"post_tag","embeddable":true,"href":"https:\/\/deportesycomunicacion.com\/index.php?rest_route=%2Fwp%2Fv2%2Ftags&post=4616"}],"curies":[{"name":"wp","href":"https:\/\/api.w.org\/{rel}","templated":true}]}}