{"id":4818,"date":"2017-03-10T20:42:15","date_gmt":"2017-03-10T19:42:15","guid":{"rendered":"http:\/\/deportesycomunicacion.com\/?p=4818"},"modified":"2017-03-10T20:42:15","modified_gmt":"2017-03-10T19:42:15","slug":"vives-dar-la-nota","status":"publish","type":"post","link":"https:\/\/deportesycomunicacion.com\/?p=4818","title":{"rendered":"\u00bfVives para dar la nota?"},"content":{"rendered":"<p style=\"text-align: justify;\">Ahora no s\u00e9 si le han cambiado el nombre pero, cuando era bastante m\u00e1s joven, en todo grupo hab\u00eda alguien que siempre ten\u00eda que significarse. En muchas ocasiones lo hac\u00eda abriendo la caja de la risa de todos los presentes, en otras provocando verg\u00fcenza ajena. E incluso algunas veces cabreaba profundamente al personal. Era el popularmente llamado \u201cel notas\u201d.<\/p>\n<p style=\"text-align: justify;\">Y lo m\u00e1s peligroso es todo es que si el notas, encima de ser consciente que es un notas, le gusta dotar de argumentos cient\u00edficos o dial\u00e9cticos a su sobrada, la tenemos bien liada. Porqu\u00e9 encima de notas, se cree listo y con c\u00e1tedra para dar su opini\u00f3n altamente cualificada.<\/p>\n<p style=\"text-align: justify;\"><strong><a href=\"http:\/\/www.lavanguardia.com\/deportes\/20170305\/42564628478\/peleas-hooligans-deporte-mundial-2018-futbol.html\" target=\"_blank\">Igor Lebedev,<\/a><\/strong> pol\u00edtico del parlamento <strong>ruso<\/strong>, se ha venido arriba con su <strong>soluci\u00f3n<\/strong> para acabar con el <strong>hooliganismo<\/strong> dentro y fuera de los estadios. Su receta es simple: montar equipos de 20 hooligans para que se den de cazos hasta que se cansen. Eso s\u00ed, no llevar\u00e1n armas y lo har\u00e1n en un estadio (joder, yo pensaba que ah\u00ed solo se jugaba al f\u00fatbol\u2026 Supongo que como Lebedev es un tipo sumamente inteligente ha aplicado la estrategia polideportiva que se usa en pabellones, en los que en la misma pista se juega a baloncesto, voleyball, balonmano, f\u00fatbol sala\u2026). Y como cree que su gran idea tendr\u00eda much\u00edsimos aficionados hasta podr\u00eda hacer caja y todo con este selecto deporte\u2026<\/p>\n<p style=\"text-align: justify;\">La verdad, vaya notas el ruso&#8230;<\/p>\n<p style=\"text-align: justify;\"><strong>\u00bfTe encanta escandalizar a todo el mundo? \u00bfO te mueves mejor siendo discreto?<\/strong><\/p>\n<p style=\"text-align: justify;\">photo credit: bilobicles bag <a href=\"http:\/\/www.flickr.com\/photos\/18794661@N00\/3127682239\">Bilobicles Bag<\/a> via <a href=\"http:\/\/photopin.com\">photopin<\/a> <a href=\"https:\/\/creativecommons.org\/licenses\/by-nc\/2.0\/\">(license)<\/a><\/p>\n","protected":false},"excerpt":{"rendered":"<p>Ahora no s\u00e9 si le han cambiado el nombre pero, cuando era bastante m\u00e1s joven, en &hellip; <a title=\"\u00bfVives para dar la nota?\" class=\"hm-read-more\" href=\"https:\/\/deportesycomunicacion.com\/?p=4818\"><span class=\"screen-reader-text\">\u00bfVives para dar la nota?<\/span>Leer m\u00e1s<\/a><\/p>\n","protected":false},"author":2,"featured_media":4829,"comment_status":"open","ping_status":"open","sticky":false,"template":"","format":"standard","meta":{"footnotes":""},"categories":[1],"tags":[1467,1468,1288,578],"class_list":["post-4818","post","type-post","status-publish","format-standard","has-post-thumbnail","hentry","category-deportes-comunicacion","tag-hooligans","tag-igor-lebedev","tag-rusia","tag-solucion"],"yoast_head":"<!-- This site is optimized with the Yoast SEO plugin v24.8.1 - https:\/\/yoast.com\/wordpress\/plugins\/seo\/ -->\n<title>\u00bfVives para dar la nota?<\/title>\n<meta name=\"description\" content=\"Ahora no s\u00e9 si le han cambiado el nombre pero, cuando era bastante m\u00e1s joven, en todo grupo hab\u00eda alguien que siempre ten\u00eda que significarse. En muchas\" \/>\n<meta name=\"robots\" content=\"index, follow, max-snippet:-1, max-image-preview:large, max-video-preview:-1\" \/>\n<link rel=\"canonical\" href=\"https:\/\/deportesycomunicacion.com\/?p=4818\" \/>\n<meta property=\"og:locale\" content=\"es_ES\" \/>\n<meta property=\"og:type\" content=\"article\" \/>\n<meta property=\"og:title\" content=\"\u00bfVives para dar la nota?\" \/>\n<meta property=\"og:description\" content=\"Ahora no s\u00e9 si le han cambiado el nombre pero, cuando era bastante m\u00e1s joven, en todo grupo hab\u00eda alguien que siempre ten\u00eda que significarse. En muchas\" \/>\n<meta property=\"og:url\" content=\"https:\/\/deportesycomunicacion.com\/?p=4818\" \/>\n<meta property=\"og:site_name\" content=\"Deportes y Comunicaci\u00f3n\" \/>\n<meta property=\"article:publisher\" content=\"https:\/\/www.facebook.com\/ivan.ferrercayuela\" \/>\n<meta property=\"article:published_time\" content=\"2017-03-10T19:42:15+00:00\" \/>\n<meta property=\"og:image\" content=\"https:\/\/deportesycomunicacion.com\/wp-content\/uploads\/2017\/03\/notas-musicales.jpg\" \/>\n\t<meta property=\"og:image:width\" content=\"500\" \/>\n\t<meta property=\"og:image:height\" content=\"375\" \/>\n\t<meta property=\"og:image:type\" content=\"image\/jpeg\" \/>\n<meta name=\"author\" content=\"ivanferrer\" \/>\n<meta name=\"twitter:card\" content=\"summary_large_image\" \/>\n<meta name=\"twitter:creator\" content=\"@IFC1976\" \/>\n<meta name=\"twitter:site\" content=\"@IFC1976\" \/>\n<meta name=\"twitter:label1\" content=\"Escrito por\" \/>\n\t<meta name=\"twitter:data1\" content=\"ivanferrer\" \/>\n\t<meta name=\"twitter:label2\" content=\"Tiempo de lectura\" \/>\n\t<meta name=\"twitter:data2\" content=\"1 minuto\" \/>\n<script type=\"application\/ld+json\" class=\"yoast-schema-graph\">{\"@context\":\"https:\/\/schema.org\",\"@graph\":[{\"@type\":\"Article\",\"@id\":\"https:\/\/deportesycomunicacion.com\/?p=4818#article\",\"isPartOf\":{\"@id\":\"https:\/\/deportesycomunicacion.com\/?p=4818\"},\"author\":{\"name\":\"ivanferrer\",\"@id\":\"https:\/\/deportesycomunicacion.com\/#\/schema\/person\/5bd536572b924420557d2db2f98bdd16\"},\"headline\":\"\u00bfVives para dar la nota?\",\"datePublished\":\"2017-03-10T19:42:15+00:00\",\"mainEntityOfPage\":{\"@id\":\"https:\/\/deportesycomunicacion.com\/?p=4818\"},\"wordCount\":278,\"commentCount\":0,\"publisher\":{\"@id\":\"https:\/\/deportesycomunicacion.com\/#organization\"},\"image\":{\"@id\":\"https:\/\/deportesycomunicacion.com\/?p=4818#primaryimage\"},\"thumbnailUrl\":\"https:\/\/deportesycomunicacion.com\/wp-content\/uploads\/2017\/03\/notas-musicales.jpg\",\"keywords\":[\"HOOLIGANS\",\"IGOR LEBEDEV\",\"RUSIA\",\"SOLUCION\"],\"articleSection\":[\"DEPORTES &amp; COMUNICACI\u00d3N\"],\"inLanguage\":\"es\",\"potentialAction\":[{\"@type\":\"CommentAction\",\"name\":\"Comment\",\"target\":[\"https:\/\/deportesycomunicacion.com\/?p=4818#respond\"]}]},{\"@type\":\"WebPage\",\"@id\":\"https:\/\/deportesycomunicacion.com\/?p=4818\",\"url\":\"https:\/\/deportesycomunicacion.com\/?p=4818\",\"name\":\"\u00bfVives para dar la nota?\",\"isPartOf\":{\"@id\":\"https:\/\/deportesycomunicacion.com\/#website\"},\"primaryImageOfPage\":{\"@id\":\"https:\/\/deportesycomunicacion.com\/?p=4818#primaryimage\"},\"image\":{\"@id\":\"https:\/\/deportesycomunicacion.com\/?p=4818#primaryimage\"},\"thumbnailUrl\":\"https:\/\/deportesycomunicacion.com\/wp-content\/uploads\/2017\/03\/notas-musicales.jpg\",\"datePublished\":\"2017-03-10T19:42:15+00:00\",\"description\":\"Ahora no s\u00e9 si le han cambiado el nombre pero, cuando era bastante m\u00e1s joven, en todo grupo hab\u00eda alguien que siempre ten\u00eda que significarse. En muchas\",\"breadcrumb\":{\"@id\":\"https:\/\/deportesycomunicacion.com\/?p=4818#breadcrumb\"},\"inLanguage\":\"es\",\"potentialAction\":[{\"@type\":\"ReadAction\",\"target\":[\"https:\/\/deportesycomunicacion.com\/?p=4818\"]}]},{\"@type\":\"ImageObject\",\"inLanguage\":\"es\",\"@id\":\"https:\/\/deportesycomunicacion.com\/?p=4818#primaryimage\",\"url\":\"https:\/\/deportesycomunicacion.com\/wp-content\/uploads\/2017\/03\/notas-musicales.jpg\",\"contentUrl\":\"https:\/\/deportesycomunicacion.com\/wp-content\/uploads\/2017\/03\/notas-musicales.jpg\",\"width\":500,\"height\":375},{\"@type\":\"BreadcrumbList\",\"@id\":\"https:\/\/deportesycomunicacion.com\/?p=4818#breadcrumb\",\"itemListElement\":[{\"@type\":\"ListItem\",\"position\":1,\"name\":\"Portada\",\"item\":\"https:\/\/deportesycomunicacion.com\/\"},{\"@type\":\"ListItem\",\"position\":2,\"name\":\"\u00bfVives para dar la nota?\"}]},{\"@type\":\"WebSite\",\"@id\":\"https:\/\/deportesycomunicacion.com\/#website\",\"url\":\"https:\/\/deportesycomunicacion.com\/\",\"name\":\"Deportes y Comunicaci\u00f3n\",\"description\":\"Powered by Ivan Ferrer\",\"publisher\":{\"@id\":\"https:\/\/deportesycomunicacion.com\/#organization\"},\"potentialAction\":[{\"@type\":\"SearchAction\",\"target\":{\"@type\":\"EntryPoint\",\"urlTemplate\":\"https:\/\/deportesycomunicacion.com\/?s={search_term_string}\"},\"query-input\":{\"@type\":\"PropertyValueSpecification\",\"valueRequired\":true,\"valueName\":\"search_term_string\"}}],\"inLanguage\":\"es\"},{\"@type\":\"Organization\",\"@id\":\"https:\/\/deportesycomunicacion.com\/#organization\",\"name\":\"Deportes y Comunicaci\u00f3n\",\"url\":\"https:\/\/deportesycomunicacion.com\/\",\"logo\":{\"@type\":\"ImageObject\",\"inLanguage\":\"es\",\"@id\":\"https:\/\/deportesycomunicacion.com\/#\/schema\/logo\/image\/\",\"url\":\"https:\/\/deportesycomunicacion.com\/wp-content\/uploads\/2013\/05\/cropped-Logo-Deportes-Comunicacion.jpg\",\"contentUrl\":\"https:\/\/deportesycomunicacion.com\/wp-content\/uploads\/2013\/05\/cropped-Logo-Deportes-Comunicacion.jpg\",\"width\":300,\"height\":65,\"caption\":\"Deportes y Comunicaci\u00f3n\"},\"image\":{\"@id\":\"https:\/\/deportesycomunicacion.com\/#\/schema\/logo\/image\/\"},\"sameAs\":[\"https:\/\/www.facebook.com\/ivan.ferrercayuela\",\"https:\/\/x.com\/IFC1976\"]},{\"@type\":\"Person\",\"@id\":\"https:\/\/deportesycomunicacion.com\/#\/schema\/person\/5bd536572b924420557d2db2f98bdd16\",\"name\":\"ivanferrer\",\"url\":\"https:\/\/deportesycomunicacion.com\/?author=2\"}]}<\/script>\n<!-- \/ Yoast SEO plugin. -->","yoast_head_json":{"title":"\u00bfVives para dar la nota?","description":"Ahora no s\u00e9 si le han cambiado el nombre pero, cuando era bastante m\u00e1s joven, en todo grupo hab\u00eda alguien que siempre ten\u00eda que significarse. En muchas","robots":{"index":"index","follow":"follow","max-snippet":"max-snippet:-1","max-image-preview":"max-image-preview:large","max-video-preview":"max-video-preview:-1"},"canonical":"https:\/\/deportesycomunicacion.com\/?p=4818","og_locale":"es_ES","og_type":"article","og_title":"\u00bfVives para dar la nota?","og_description":"Ahora no s\u00e9 si le han cambiado el nombre pero, cuando era bastante m\u00e1s joven, en todo grupo hab\u00eda alguien que siempre ten\u00eda que significarse. En muchas","og_url":"https:\/\/deportesycomunicacion.com\/?p=4818","og_site_name":"Deportes y Comunicaci\u00f3n","article_publisher":"https:\/\/www.facebook.com\/ivan.ferrercayuela","article_published_time":"2017-03-10T19:42:15+00:00","og_image":[{"width":500,"height":375,"url":"https:\/\/deportesycomunicacion.com\/wp-content\/uploads\/2017\/03\/notas-musicales.jpg","type":"image\/jpeg"}],"author":"ivanferrer","twitter_card":"summary_large_image","twitter_creator":"@IFC1976","twitter_site":"@IFC1976","twitter_misc":{"Escrito por":"ivanferrer","Tiempo de lectura":"1 minuto"},"schema":{"@context":"https:\/\/schema.org","@graph":[{"@type":"Article","@id":"https:\/\/deportesycomunicacion.com\/?p=4818#article","isPartOf":{"@id":"https:\/\/deportesycomunicacion.com\/?p=4818"},"author":{"name":"ivanferrer","@id":"https:\/\/deportesycomunicacion.com\/#\/schema\/person\/5bd536572b924420557d2db2f98bdd16"},"headline":"\u00bfVives para dar la nota?","datePublished":"2017-03-10T19:42:15+00:00","mainEntityOfPage":{"@id":"https:\/\/deportesycomunicacion.com\/?p=4818"},"wordCount":278,"commentCount":0,"publisher":{"@id":"https:\/\/deportesycomunicacion.com\/#organization"},"image":{"@id":"https:\/\/deportesycomunicacion.com\/?p=4818#primaryimage"},"thumbnailUrl":"https:\/\/deportesycomunicacion.com\/wp-content\/uploads\/2017\/03\/notas-musicales.jpg","keywords":["HOOLIGANS","IGOR LEBEDEV","RUSIA","SOLUCION"],"articleSection":["DEPORTES &amp; COMUNICACI\u00d3N"],"inLanguage":"es","potentialAction":[{"@type":"CommentAction","name":"Comment","target":["https:\/\/deportesycomunicacion.com\/?p=4818#respond"]}]},{"@type":"WebPage","@id":"https:\/\/deportesycomunicacion.com\/?p=4818","url":"https:\/\/deportesycomunicacion.com\/?p=4818","name":"\u00bfVives para dar la nota?","isPartOf":{"@id":"https:\/\/deportesycomunicacion.com\/#website"},"primaryImageOfPage":{"@id":"https:\/\/deportesycomunicacion.com\/?p=4818#primaryimage"},"image":{"@id":"https:\/\/deportesycomunicacion.com\/?p=4818#primaryimage"},"thumbnailUrl":"https:\/\/deportesycomunicacion.com\/wp-content\/uploads\/2017\/03\/notas-musicales.jpg","datePublished":"2017-03-10T19:42:15+00:00","description":"Ahora no s\u00e9 si le han cambiado el nombre pero, cuando era bastante m\u00e1s joven, en todo grupo hab\u00eda alguien que siempre ten\u00eda que significarse. En muchas","breadcrumb":{"@id":"https:\/\/deportesycomunicacion.com\/?p=4818#breadcrumb"},"inLanguage":"es","potentialAction":[{"@type":"ReadAction","target":["https:\/\/deportesycomunicacion.com\/?p=4818"]}]},{"@type":"ImageObject","inLanguage":"es","@id":"https:\/\/deportesycomunicacion.com\/?p=4818#primaryimage","url":"https:\/\/deportesycomunicacion.com\/wp-content\/uploads\/2017\/03\/notas-musicales.jpg","contentUrl":"https:\/\/deportesycomunicacion.com\/wp-content\/uploads\/2017\/03\/notas-musicales.jpg","width":500,"height":375},{"@type":"BreadcrumbList","@id":"https:\/\/deportesycomunicacion.com\/?p=4818#breadcrumb","itemListElement":[{"@type":"ListItem","position":1,"name":"Portada","item":"https:\/\/deportesycomunicacion.com\/"},{"@type":"ListItem","position":2,"name":"\u00bfVives para dar la nota?"}]},{"@type":"WebSite","@id":"https:\/\/deportesycomunicacion.com\/#website","url":"https:\/\/deportesycomunicacion.com\/","name":"Deportes y Comunicaci\u00f3n","description":"Powered by Ivan Ferrer","publisher":{"@id":"https:\/\/deportesycomunicacion.com\/#organization"},"potentialAction":[{"@type":"SearchAction","target":{"@type":"EntryPoint","urlTemplate":"https:\/\/deportesycomunicacion.com\/?s={search_term_string}"},"query-input":{"@type":"PropertyValueSpecification","valueRequired":true,"valueName":"search_term_string"}}],"inLanguage":"es"},{"@type":"Organization","@id":"https:\/\/deportesycomunicacion.com\/#organization","name":"Deportes y Comunicaci\u00f3n","url":"https:\/\/deportesycomunicacion.com\/","logo":{"@type":"ImageObject","inLanguage":"es","@id":"https:\/\/deportesycomunicacion.com\/#\/schema\/logo\/image\/","url":"https:\/\/deportesycomunicacion.com\/wp-content\/uploads\/2013\/05\/cropped-Logo-Deportes-Comunicacion.jpg","contentUrl":"https:\/\/deportesycomunicacion.com\/wp-content\/uploads\/2013\/05\/cropped-Logo-Deportes-Comunicacion.jpg","width":300,"height":65,"caption":"Deportes y Comunicaci\u00f3n"},"image":{"@id":"https:\/\/deportesycomunicacion.com\/#\/schema\/logo\/image\/"},"sameAs":["https:\/\/www.facebook.com\/ivan.ferrercayuela","https:\/\/x.com\/IFC1976"]},{"@type":"Person","@id":"https:\/\/deportesycomunicacion.com\/#\/schema\/person\/5bd536572b924420557d2db2f98bdd16","name":"ivanferrer","url":"https:\/\/deportesycomunicacion.com\/?author=2"}]}},"_links":{"self":[{"href":"https:\/\/deportesycomunicacion.com\/index.php?rest_route=\/wp\/v2\/posts\/4818","targetHints":{"allow":["GET"]}}],"collection":[{"href":"https:\/\/deportesycomunicacion.com\/index.php?rest_route=\/wp\/v2\/posts"}],"about":[{"href":"https:\/\/deportesycomunicacion.com\/index.php?rest_route=\/wp\/v2\/types\/post"}],"author":[{"embeddable":true,"href":"https:\/\/deportesycomunicacion.com\/index.php?rest_route=\/wp\/v2\/users\/2"}],"replies":[{"embeddable":true,"href":"https:\/\/deportesycomunicacion.com\/index.php?rest_route=%2Fwp%2Fv2%2Fcomments&post=4818"}],"version-history":[{"count":5,"href":"https:\/\/deportesycomunicacion.com\/index.php?rest_route=\/wp\/v2\/posts\/4818\/revisions"}],"predecessor-version":[{"id":4832,"href":"https:\/\/deportesycomunicacion.com\/index.php?rest_route=\/wp\/v2\/posts\/4818\/revisions\/4832"}],"wp:featuredmedia":[{"embeddable":true,"href":"https:\/\/deportesycomunicacion.com\/index.php?rest_route=\/wp\/v2\/media\/4829"}],"wp:attachment":[{"href":"https:\/\/deportesycomunicacion.com\/index.php?rest_route=%2Fwp%2Fv2%2Fmedia&parent=4818"}],"wp:term":[{"taxonomy":"category","embeddable":true,"href":"https:\/\/deportesycomunicacion.com\/index.php?rest_route=%2Fwp%2Fv2%2Fcategories&post=4818"},{"taxonomy":"post_tag","embeddable":true,"href":"https:\/\/deportesycomunicacion.com\/index.php?rest_route=%2Fwp%2Fv2%2Ftags&post=4818"}],"curies":[{"name":"wp","href":"https:\/\/api.w.org\/{rel}","templated":true}]}}