{"id":5272,"date":"2017-10-24T18:28:22","date_gmt":"2017-10-24T16:28:22","guid":{"rendered":"http:\/\/deportesycomunicacion.com\/?p=5272"},"modified":"2017-10-24T18:28:22","modified_gmt":"2017-10-24T16:28:22","slug":"crees-los-gatos-negros","status":"publish","type":"post","link":"https:\/\/deportesycomunicacion.com\/?p=5272","title":{"rendered":"\u00bfCrees en los gatos negros?"},"content":{"rendered":"<p style=\"text-align: justify;\">Mala suerte, mala suerte\u2026 Mala suerte tuve un d\u00eda de verano en el que iba camino del gimnasio, para ir a nadar. Era verano, as\u00ed que no pod\u00eda ir de otra manera que no fuera con camiseta y pantal\u00f3n corto y chancletas. Me encontraba con la mente dispersa, andando hacia la entrada del pabell\u00f3n, sin mirar atentamente lo que ten\u00eda delante. Un desaprensivo comi\u00f3 un pl\u00e1tano y no acert\u00f3 con la papelera, as\u00ed que lo pis\u00e9 de pleno. Perd\u00ed el mundo de vista, empec\u00e9 a caer de espaldas y, en mi viaje hacia el suelo, se me enganch\u00f3 el brazo con la papelera\u2026 Despu\u00e9s del susto y de levantarme, pude nadar y todo qued\u00f3 como una an\u00e9cdota simp\u00e1tica para explicar en casa a mi mujer y los ni\u00f1os. As\u00ed que esa presunta mala suerte qued\u00f3 en nada\u2026<\/p>\n<p style=\"text-align: justify;\">Ante la victoria del mundial de enduro 5 veces, el primer puesto en 7 ocasiones en el Dakar, la posesi\u00f3n de 3 medallas de oro en los X-Games y una cosecha de casi 40 t\u00edtulos de trial se convierte en una broma de mal gusto la frase \u201cla <a href=\"http:\/\/www.mundodeportivo.com\/motor\/motociclismo\/20171022\/432282402213\/la-mala-suerte-se-ceba-con-laia-sanz-en-su-despedida-del-enduro.html\" target=\"_blank\"><strong>mala suerte<\/strong><\/a> se ceba con Laia Sanz en la despedida del <strong>enduro<\/strong>\u201d. Lo que le pas\u00f3 a <a href=\"https:\/\/ca.wikipedia.org\/wiki\/Laia_Sanz_i_Pla-Giribert\" target=\"_blank\"><strong>Laia Sanz<\/strong><\/a> demuestra que muchas cosas deben pasar bien para que ganes un campeonato; esta vez solo fall\u00f3 el motor. Y le da, de paso mucho valor a su ramillete infinito de victorias. Ya me gustar\u00eda tener su mala suerte encima de una moto\u2026<\/p>\n<p style=\"text-align: justify;\"><strong>\u00bfDe verdad crees en la mala suerte? \u00bfO las cosas pasan y ya est\u00e1?<\/strong><\/p>\n<p>photo credit: Akane86 <a href=\"http:\/\/www.flickr.com\/photos\/16469389@N00\/27853767283\">Banana ice cream<\/a> via <a href=\"http:\/\/photopin.com\">photopin<\/a> <a href=\"https:\/\/creativecommons.org\/licenses\/by-nc\/2.0\/\">(license)<\/a><\/p>\n","protected":false},"excerpt":{"rendered":"<p>Mala suerte, mala suerte\u2026 Mala suerte tuve un d\u00eda de verano en el que iba camino &hellip; <a title=\"\u00bfCrees en los gatos negros?\" class=\"hm-read-more\" href=\"https:\/\/deportesycomunicacion.com\/?p=5272\"><span class=\"screen-reader-text\">\u00bfCrees en los gatos negros?<\/span>Leer m\u00e1s<\/a><\/p>\n","protected":false},"author":2,"featured_media":5279,"comment_status":"open","ping_status":"open","sticky":false,"template":"","format":"standard","meta":{"footnotes":""},"categories":[1646],"tags":[1647,1648,1649],"class_list":["post-5272","post","type-post","status-publish","format-standard","has-post-thumbnail","hentry","category-enduro","tag-enduro","tag-laia-sanz","tag-mala-suerte"],"yoast_head":"<!-- This site is optimized with the Yoast SEO plugin v24.8.1 - https:\/\/yoast.com\/wordpress\/plugins\/seo\/ -->\n<title>\u00bfCrees en los gatos negros?<\/title>\n<meta name=\"description\" content=\"Mala suerte, mala suerte\u2026 Mala suerte tuve un d\u00eda de verano en el que iba camino del gimnasio, para ir a nadar. Era verano, as\u00ed que no pod\u00eda ir de otra\" \/>\n<meta name=\"robots\" content=\"index, follow, max-snippet:-1, max-image-preview:large, max-video-preview:-1\" \/>\n<link rel=\"canonical\" href=\"https:\/\/deportesycomunicacion.com\/?p=5272\" \/>\n<meta property=\"og:locale\" content=\"es_ES\" \/>\n<meta property=\"og:type\" content=\"article\" \/>\n<meta property=\"og:title\" content=\"\u00bfCrees en los gatos negros?\" \/>\n<meta property=\"og:description\" content=\"Mala suerte, mala suerte\u2026 Mala suerte tuve un d\u00eda de verano en el que iba camino del gimnasio, para ir a nadar. Era verano, as\u00ed que no pod\u00eda ir de otra\" \/>\n<meta property=\"og:url\" content=\"https:\/\/deportesycomunicacion.com\/?p=5272\" \/>\n<meta property=\"og:site_name\" content=\"Deportes y Comunicaci\u00f3n\" \/>\n<meta property=\"article:publisher\" content=\"https:\/\/www.facebook.com\/ivan.ferrercayuela\" \/>\n<meta property=\"article:published_time\" content=\"2017-10-24T16:28:22+00:00\" \/>\n<meta property=\"og:image\" content=\"https:\/\/deportesycomunicacion.com\/wp-content\/uploads\/2017\/10\/platano2.jpg\" \/>\n\t<meta property=\"og:image:width\" content=\"500\" \/>\n\t<meta property=\"og:image:height\" content=\"333\" \/>\n\t<meta property=\"og:image:type\" content=\"image\/jpeg\" \/>\n<meta name=\"author\" content=\"ivanferrer\" \/>\n<meta name=\"twitter:card\" content=\"summary_large_image\" \/>\n<meta name=\"twitter:creator\" content=\"@IFC1976\" \/>\n<meta name=\"twitter:site\" content=\"@IFC1976\" \/>\n<meta name=\"twitter:label1\" content=\"Escrito por\" \/>\n\t<meta name=\"twitter:data1\" content=\"ivanferrer\" \/>\n\t<meta name=\"twitter:label2\" content=\"Tiempo de lectura\" \/>\n\t<meta name=\"twitter:data2\" content=\"1 minuto\" \/>\n<script type=\"application\/ld+json\" class=\"yoast-schema-graph\">{\"@context\":\"https:\/\/schema.org\",\"@graph\":[{\"@type\":\"Article\",\"@id\":\"https:\/\/deportesycomunicacion.com\/?p=5272#article\",\"isPartOf\":{\"@id\":\"https:\/\/deportesycomunicacion.com\/?p=5272\"},\"author\":{\"name\":\"ivanferrer\",\"@id\":\"https:\/\/deportesycomunicacion.com\/#\/schema\/person\/5bd536572b924420557d2db2f98bdd16\"},\"headline\":\"\u00bfCrees en los gatos negros?\",\"datePublished\":\"2017-10-24T16:28:22+00:00\",\"mainEntityOfPage\":{\"@id\":\"https:\/\/deportesycomunicacion.com\/?p=5272\"},\"wordCount\":283,\"commentCount\":0,\"publisher\":{\"@id\":\"https:\/\/deportesycomunicacion.com\/#organization\"},\"image\":{\"@id\":\"https:\/\/deportesycomunicacion.com\/?p=5272#primaryimage\"},\"thumbnailUrl\":\"https:\/\/deportesycomunicacion.com\/wp-content\/uploads\/2017\/10\/platano2.jpg\",\"keywords\":[\"ENDURO\",\"LAIA SANZ\",\"MALA SUERTE\"],\"articleSection\":[\"ENDURO\"],\"inLanguage\":\"es\",\"potentialAction\":[{\"@type\":\"CommentAction\",\"name\":\"Comment\",\"target\":[\"https:\/\/deportesycomunicacion.com\/?p=5272#respond\"]}]},{\"@type\":\"WebPage\",\"@id\":\"https:\/\/deportesycomunicacion.com\/?p=5272\",\"url\":\"https:\/\/deportesycomunicacion.com\/?p=5272\",\"name\":\"\u00bfCrees en los gatos negros?\",\"isPartOf\":{\"@id\":\"https:\/\/deportesycomunicacion.com\/#website\"},\"primaryImageOfPage\":{\"@id\":\"https:\/\/deportesycomunicacion.com\/?p=5272#primaryimage\"},\"image\":{\"@id\":\"https:\/\/deportesycomunicacion.com\/?p=5272#primaryimage\"},\"thumbnailUrl\":\"https:\/\/deportesycomunicacion.com\/wp-content\/uploads\/2017\/10\/platano2.jpg\",\"datePublished\":\"2017-10-24T16:28:22+00:00\",\"description\":\"Mala suerte, mala suerte\u2026 Mala suerte tuve un d\u00eda de verano en el que iba camino del gimnasio, para ir a nadar. Era verano, as\u00ed que no pod\u00eda ir de otra\",\"breadcrumb\":{\"@id\":\"https:\/\/deportesycomunicacion.com\/?p=5272#breadcrumb\"},\"inLanguage\":\"es\",\"potentialAction\":[{\"@type\":\"ReadAction\",\"target\":[\"https:\/\/deportesycomunicacion.com\/?p=5272\"]}]},{\"@type\":\"ImageObject\",\"inLanguage\":\"es\",\"@id\":\"https:\/\/deportesycomunicacion.com\/?p=5272#primaryimage\",\"url\":\"https:\/\/deportesycomunicacion.com\/wp-content\/uploads\/2017\/10\/platano2.jpg\",\"contentUrl\":\"https:\/\/deportesycomunicacion.com\/wp-content\/uploads\/2017\/10\/platano2.jpg\",\"width\":500,\"height\":333},{\"@type\":\"BreadcrumbList\",\"@id\":\"https:\/\/deportesycomunicacion.com\/?p=5272#breadcrumb\",\"itemListElement\":[{\"@type\":\"ListItem\",\"position\":1,\"name\":\"Portada\",\"item\":\"https:\/\/deportesycomunicacion.com\/\"},{\"@type\":\"ListItem\",\"position\":2,\"name\":\"\u00bfCrees en los gatos negros?\"}]},{\"@type\":\"WebSite\",\"@id\":\"https:\/\/deportesycomunicacion.com\/#website\",\"url\":\"https:\/\/deportesycomunicacion.com\/\",\"name\":\"Deportes y Comunicaci\u00f3n\",\"description\":\"Powered by Ivan Ferrer\",\"publisher\":{\"@id\":\"https:\/\/deportesycomunicacion.com\/#organization\"},\"potentialAction\":[{\"@type\":\"SearchAction\",\"target\":{\"@type\":\"EntryPoint\",\"urlTemplate\":\"https:\/\/deportesycomunicacion.com\/?s={search_term_string}\"},\"query-input\":{\"@type\":\"PropertyValueSpecification\",\"valueRequired\":true,\"valueName\":\"search_term_string\"}}],\"inLanguage\":\"es\"},{\"@type\":\"Organization\",\"@id\":\"https:\/\/deportesycomunicacion.com\/#organization\",\"name\":\"Deportes y Comunicaci\u00f3n\",\"url\":\"https:\/\/deportesycomunicacion.com\/\",\"logo\":{\"@type\":\"ImageObject\",\"inLanguage\":\"es\",\"@id\":\"https:\/\/deportesycomunicacion.com\/#\/schema\/logo\/image\/\",\"url\":\"https:\/\/deportesycomunicacion.com\/wp-content\/uploads\/2013\/05\/cropped-Logo-Deportes-Comunicacion.jpg\",\"contentUrl\":\"https:\/\/deportesycomunicacion.com\/wp-content\/uploads\/2013\/05\/cropped-Logo-Deportes-Comunicacion.jpg\",\"width\":300,\"height\":65,\"caption\":\"Deportes y Comunicaci\u00f3n\"},\"image\":{\"@id\":\"https:\/\/deportesycomunicacion.com\/#\/schema\/logo\/image\/\"},\"sameAs\":[\"https:\/\/www.facebook.com\/ivan.ferrercayuela\",\"https:\/\/x.com\/IFC1976\"]},{\"@type\":\"Person\",\"@id\":\"https:\/\/deportesycomunicacion.com\/#\/schema\/person\/5bd536572b924420557d2db2f98bdd16\",\"name\":\"ivanferrer\",\"url\":\"https:\/\/deportesycomunicacion.com\/?author=2\"}]}<\/script>\n<!-- \/ Yoast SEO plugin. -->","yoast_head_json":{"title":"\u00bfCrees en los gatos negros?","description":"Mala suerte, mala suerte\u2026 Mala suerte tuve un d\u00eda de verano en el que iba camino del gimnasio, para ir a nadar. Era verano, as\u00ed que no pod\u00eda ir de otra","robots":{"index":"index","follow":"follow","max-snippet":"max-snippet:-1","max-image-preview":"max-image-preview:large","max-video-preview":"max-video-preview:-1"},"canonical":"https:\/\/deportesycomunicacion.com\/?p=5272","og_locale":"es_ES","og_type":"article","og_title":"\u00bfCrees en los gatos negros?","og_description":"Mala suerte, mala suerte\u2026 Mala suerte tuve un d\u00eda de verano en el que iba camino del gimnasio, para ir a nadar. Era verano, as\u00ed que no pod\u00eda ir de otra","og_url":"https:\/\/deportesycomunicacion.com\/?p=5272","og_site_name":"Deportes y Comunicaci\u00f3n","article_publisher":"https:\/\/www.facebook.com\/ivan.ferrercayuela","article_published_time":"2017-10-24T16:28:22+00:00","og_image":[{"width":500,"height":333,"url":"https:\/\/deportesycomunicacion.com\/wp-content\/uploads\/2017\/10\/platano2.jpg","type":"image\/jpeg"}],"author":"ivanferrer","twitter_card":"summary_large_image","twitter_creator":"@IFC1976","twitter_site":"@IFC1976","twitter_misc":{"Escrito por":"ivanferrer","Tiempo de lectura":"1 minuto"},"schema":{"@context":"https:\/\/schema.org","@graph":[{"@type":"Article","@id":"https:\/\/deportesycomunicacion.com\/?p=5272#article","isPartOf":{"@id":"https:\/\/deportesycomunicacion.com\/?p=5272"},"author":{"name":"ivanferrer","@id":"https:\/\/deportesycomunicacion.com\/#\/schema\/person\/5bd536572b924420557d2db2f98bdd16"},"headline":"\u00bfCrees en los gatos negros?","datePublished":"2017-10-24T16:28:22+00:00","mainEntityOfPage":{"@id":"https:\/\/deportesycomunicacion.com\/?p=5272"},"wordCount":283,"commentCount":0,"publisher":{"@id":"https:\/\/deportesycomunicacion.com\/#organization"},"image":{"@id":"https:\/\/deportesycomunicacion.com\/?p=5272#primaryimage"},"thumbnailUrl":"https:\/\/deportesycomunicacion.com\/wp-content\/uploads\/2017\/10\/platano2.jpg","keywords":["ENDURO","LAIA SANZ","MALA SUERTE"],"articleSection":["ENDURO"],"inLanguage":"es","potentialAction":[{"@type":"CommentAction","name":"Comment","target":["https:\/\/deportesycomunicacion.com\/?p=5272#respond"]}]},{"@type":"WebPage","@id":"https:\/\/deportesycomunicacion.com\/?p=5272","url":"https:\/\/deportesycomunicacion.com\/?p=5272","name":"\u00bfCrees en los gatos negros?","isPartOf":{"@id":"https:\/\/deportesycomunicacion.com\/#website"},"primaryImageOfPage":{"@id":"https:\/\/deportesycomunicacion.com\/?p=5272#primaryimage"},"image":{"@id":"https:\/\/deportesycomunicacion.com\/?p=5272#primaryimage"},"thumbnailUrl":"https:\/\/deportesycomunicacion.com\/wp-content\/uploads\/2017\/10\/platano2.jpg","datePublished":"2017-10-24T16:28:22+00:00","description":"Mala suerte, mala suerte\u2026 Mala suerte tuve un d\u00eda de verano en el que iba camino del gimnasio, para ir a nadar. Era verano, as\u00ed que no pod\u00eda ir de otra","breadcrumb":{"@id":"https:\/\/deportesycomunicacion.com\/?p=5272#breadcrumb"},"inLanguage":"es","potentialAction":[{"@type":"ReadAction","target":["https:\/\/deportesycomunicacion.com\/?p=5272"]}]},{"@type":"ImageObject","inLanguage":"es","@id":"https:\/\/deportesycomunicacion.com\/?p=5272#primaryimage","url":"https:\/\/deportesycomunicacion.com\/wp-content\/uploads\/2017\/10\/platano2.jpg","contentUrl":"https:\/\/deportesycomunicacion.com\/wp-content\/uploads\/2017\/10\/platano2.jpg","width":500,"height":333},{"@type":"BreadcrumbList","@id":"https:\/\/deportesycomunicacion.com\/?p=5272#breadcrumb","itemListElement":[{"@type":"ListItem","position":1,"name":"Portada","item":"https:\/\/deportesycomunicacion.com\/"},{"@type":"ListItem","position":2,"name":"\u00bfCrees en los gatos negros?"}]},{"@type":"WebSite","@id":"https:\/\/deportesycomunicacion.com\/#website","url":"https:\/\/deportesycomunicacion.com\/","name":"Deportes y Comunicaci\u00f3n","description":"Powered by Ivan Ferrer","publisher":{"@id":"https:\/\/deportesycomunicacion.com\/#organization"},"potentialAction":[{"@type":"SearchAction","target":{"@type":"EntryPoint","urlTemplate":"https:\/\/deportesycomunicacion.com\/?s={search_term_string}"},"query-input":{"@type":"PropertyValueSpecification","valueRequired":true,"valueName":"search_term_string"}}],"inLanguage":"es"},{"@type":"Organization","@id":"https:\/\/deportesycomunicacion.com\/#organization","name":"Deportes y Comunicaci\u00f3n","url":"https:\/\/deportesycomunicacion.com\/","logo":{"@type":"ImageObject","inLanguage":"es","@id":"https:\/\/deportesycomunicacion.com\/#\/schema\/logo\/image\/","url":"https:\/\/deportesycomunicacion.com\/wp-content\/uploads\/2013\/05\/cropped-Logo-Deportes-Comunicacion.jpg","contentUrl":"https:\/\/deportesycomunicacion.com\/wp-content\/uploads\/2013\/05\/cropped-Logo-Deportes-Comunicacion.jpg","width":300,"height":65,"caption":"Deportes y Comunicaci\u00f3n"},"image":{"@id":"https:\/\/deportesycomunicacion.com\/#\/schema\/logo\/image\/"},"sameAs":["https:\/\/www.facebook.com\/ivan.ferrercayuela","https:\/\/x.com\/IFC1976"]},{"@type":"Person","@id":"https:\/\/deportesycomunicacion.com\/#\/schema\/person\/5bd536572b924420557d2db2f98bdd16","name":"ivanferrer","url":"https:\/\/deportesycomunicacion.com\/?author=2"}]}},"_links":{"self":[{"href":"https:\/\/deportesycomunicacion.com\/index.php?rest_route=\/wp\/v2\/posts\/5272","targetHints":{"allow":["GET"]}}],"collection":[{"href":"https:\/\/deportesycomunicacion.com\/index.php?rest_route=\/wp\/v2\/posts"}],"about":[{"href":"https:\/\/deportesycomunicacion.com\/index.php?rest_route=\/wp\/v2\/types\/post"}],"author":[{"embeddable":true,"href":"https:\/\/deportesycomunicacion.com\/index.php?rest_route=\/wp\/v2\/users\/2"}],"replies":[{"embeddable":true,"href":"https:\/\/deportesycomunicacion.com\/index.php?rest_route=%2Fwp%2Fv2%2Fcomments&post=5272"}],"version-history":[{"count":2,"href":"https:\/\/deportesycomunicacion.com\/index.php?rest_route=\/wp\/v2\/posts\/5272\/revisions"}],"predecessor-version":[{"id":5278,"href":"https:\/\/deportesycomunicacion.com\/index.php?rest_route=\/wp\/v2\/posts\/5272\/revisions\/5278"}],"wp:featuredmedia":[{"embeddable":true,"href":"https:\/\/deportesycomunicacion.com\/index.php?rest_route=\/wp\/v2\/media\/5279"}],"wp:attachment":[{"href":"https:\/\/deportesycomunicacion.com\/index.php?rest_route=%2Fwp%2Fv2%2Fmedia&parent=5272"}],"wp:term":[{"taxonomy":"category","embeddable":true,"href":"https:\/\/deportesycomunicacion.com\/index.php?rest_route=%2Fwp%2Fv2%2Fcategories&post=5272"},{"taxonomy":"post_tag","embeddable":true,"href":"https:\/\/deportesycomunicacion.com\/index.php?rest_route=%2Fwp%2Fv2%2Ftags&post=5272"}],"curies":[{"name":"wp","href":"https:\/\/api.w.org\/{rel}","templated":true}]}}