{"id":5277,"date":"2017-10-26T15:47:26","date_gmt":"2017-10-26T13:47:26","guid":{"rendered":"http:\/\/deportesycomunicacion.com\/?p=5277"},"modified":"2017-10-26T15:47:26","modified_gmt":"2017-10-26T13:47:26","slug":"esquias-bien-una-chica","status":"publish","type":"post","link":"https:\/\/deportesycomunicacion.com\/?p=5277","title":{"rendered":"Esqu\u00edas muy bien, para ser una chica\u2026"},"content":{"rendered":"<p style=\"text-align: justify;\">Hay deportistas que nunca se cansan de subir monta\u00f1as, aunque incluso sea metaf\u00f3ricamente. Son mujeres y hombres que viven constantemente empujando l\u00edmites f\u00edsicos y psicol\u00f3gicos. Son ni\u00f1as y ni\u00f1os que desconocen la palabra \u201cimposible\u201d y que les encanta superarse cada d\u00eda, sin descanso. Y cuando han llegado a la cima pueden llegar a inventarse un pico a\u00fan m\u00e1s alto, para hacer el m\u00e1s dif\u00edcil todav\u00eda\u2026<\/p>\n<p style=\"text-align: justify;\"><strong>Lindsey Vonn<\/strong> es de esa estirpe de deportistas indomables que siempre piden m\u00e1s\u2026 En la que puede ser su \u00faltima temporada -tras ganar 77 veces pruebas de Copa del Mundo de <strong>esqu\u00ed<\/strong> e ilusionada por conseguir su segundo oro ol\u00edmpico en <a href=\"https:\/\/es.wikipedia.org\/wiki\/Juegos_Ol%C3%ADmpicos_de_Pyeongchang_2018\" target=\"_blank\"><strong>Pyeongchang<\/strong><\/a>&#8211; le gustar\u00eda batirse el cobre en una <a href=\"http:\/\/www.lugaresdenieve.com\/?q=es\/noticia\/lindsey-vonn-quiere-competir-contra-hombres-puede-ser-ultima-temporada-esqui\" target=\"_blank\"><strong>prueba masculina en Lake Louise<\/strong><\/a> (Canad\u00e1) en noviembre del 2018. Esta primavera, la Federaci\u00f3n Internacional de Esqu\u00ed, emitir\u00e1 un veredicto acerca de si autoriza a la norteamericana a cumplir su en\u00e9simo <strong>reto<\/strong> (tras pedirlo desde 2012).<\/p>\n<p style=\"text-align: justify;\">Ella lo ve como una oportunidad para conocer su verdadero potencial, otros lo consideran como una simple operaci\u00f3n de m\u00e1rketing\u2026 Situaciones como \u00e9sta abren el debate sobre abrir la alta competici\u00f3n a categor\u00edas abiertas mixtas, sin divisi\u00f3n por sexos. Si queremos igualdad que sea para todos, \u00bfno?<\/p>\n<p style=\"text-align: justify;\"><strong>\u00bfEl deporte tiene que ser segregado por sexos siempre? \u00bfO hay que empezar a abrir disciplinas mixtas?<\/strong><\/p>\n<p>photo credit: Rafael Edwards <a href=\"http:\/\/www.flickr.com\/photos\/8741914@N07\/35923520266\">1050820<\/a> via <a href=\"http:\/\/photopin.com\">photopin<\/a> <a href=\"https:\/\/creativecommons.org\/licenses\/by-nc\/2.0\/\">(license)<\/a><\/p>\n","protected":false},"excerpt":{"rendered":"<p>Hay deportistas que nunca se cansan de subir monta\u00f1as, aunque incluso sea metaf\u00f3ricamente. Son mujeres y &hellip; <a title=\"Esqu\u00edas muy bien, para ser una chica\u2026\" class=\"hm-read-more\" href=\"https:\/\/deportesycomunicacion.com\/?p=5277\"><span class=\"screen-reader-text\">Esqu\u00edas muy bien, para ser una chica\u2026<\/span>Leer m\u00e1s<\/a><\/p>\n","protected":false},"author":2,"featured_media":5283,"comment_status":"open","ping_status":"open","sticky":false,"template":"","format":"standard","meta":{"footnotes":""},"categories":[1427],"tags":[1651,1429,1650,393],"class_list":["post-5277","post","type-post","status-publish","format-standard","has-post-thumbnail","hentry","category-esqui-de-montana","tag-competicion-mixta","tag-esqui-de-montana","tag-lindsey-vonn","tag-reto"],"yoast_head":"<!-- This site is optimized with the Yoast SEO plugin v24.8.1 - https:\/\/yoast.com\/wordpress\/plugins\/seo\/ -->\n<title>Esqu\u00edas muy bien, para ser una chica\u2026<\/title>\n<meta name=\"description\" content=\"Hay deportistas que nunca se cansan de subir monta\u00f1as, aunque incluso sea metaf\u00f3ricamente. Son mujeres y hombres que viven constantemente empujando\" \/>\n<meta name=\"robots\" content=\"index, follow, max-snippet:-1, max-image-preview:large, max-video-preview:-1\" \/>\n<link rel=\"canonical\" href=\"https:\/\/deportesycomunicacion.com\/?p=5277\" \/>\n<meta property=\"og:locale\" content=\"es_ES\" \/>\n<meta property=\"og:type\" content=\"article\" \/>\n<meta property=\"og:title\" content=\"Esqu\u00edas muy bien, para ser una chica\u2026\" \/>\n<meta property=\"og:description\" content=\"Hay deportistas que nunca se cansan de subir monta\u00f1as, aunque incluso sea metaf\u00f3ricamente. Son mujeres y hombres que viven constantemente empujando\" \/>\n<meta property=\"og:url\" content=\"https:\/\/deportesycomunicacion.com\/?p=5277\" \/>\n<meta property=\"og:site_name\" content=\"Deportes y Comunicaci\u00f3n\" \/>\n<meta property=\"article:publisher\" content=\"https:\/\/www.facebook.com\/ivan.ferrercayuela\" \/>\n<meta property=\"article:published_time\" content=\"2017-10-26T13:47:26+00:00\" \/>\n<meta property=\"og:image\" content=\"https:\/\/deportesycomunicacion.com\/wp-content\/uploads\/2017\/10\/esqui.jpg\" \/>\n\t<meta property=\"og:image:width\" content=\"500\" \/>\n\t<meta property=\"og:image:height\" content=\"333\" \/>\n\t<meta property=\"og:image:type\" content=\"image\/jpeg\" \/>\n<meta name=\"author\" content=\"ivanferrer\" \/>\n<meta name=\"twitter:card\" content=\"summary_large_image\" \/>\n<meta name=\"twitter:creator\" content=\"@IFC1976\" \/>\n<meta name=\"twitter:site\" content=\"@IFC1976\" \/>\n<meta name=\"twitter:label1\" content=\"Escrito por\" \/>\n\t<meta name=\"twitter:data1\" content=\"ivanferrer\" \/>\n\t<meta name=\"twitter:label2\" content=\"Tiempo de lectura\" \/>\n\t<meta name=\"twitter:data2\" content=\"1 minuto\" \/>\n<script type=\"application\/ld+json\" class=\"yoast-schema-graph\">{\"@context\":\"https:\/\/schema.org\",\"@graph\":[{\"@type\":\"Article\",\"@id\":\"https:\/\/deportesycomunicacion.com\/?p=5277#article\",\"isPartOf\":{\"@id\":\"https:\/\/deportesycomunicacion.com\/?p=5277\"},\"author\":{\"name\":\"ivanferrer\",\"@id\":\"https:\/\/deportesycomunicacion.com\/#\/schema\/person\/5bd536572b924420557d2db2f98bdd16\"},\"headline\":\"Esqu\u00edas muy bien, para ser una chica\u2026\",\"datePublished\":\"2017-10-26T13:47:26+00:00\",\"mainEntityOfPage\":{\"@id\":\"https:\/\/deportesycomunicacion.com\/?p=5277\"},\"wordCount\":250,\"commentCount\":0,\"publisher\":{\"@id\":\"https:\/\/deportesycomunicacion.com\/#organization\"},\"image\":{\"@id\":\"https:\/\/deportesycomunicacion.com\/?p=5277#primaryimage\"},\"thumbnailUrl\":\"https:\/\/deportesycomunicacion.com\/wp-content\/uploads\/2017\/10\/esqui.jpg\",\"keywords\":[\"COMPETICION MIXTA\",\"ESQUI DE MONTA\u00d1A\",\"LINDSEY VONN\",\"RETO\"],\"articleSection\":[\"ESQUI DE MONTA\u00d1A\"],\"inLanguage\":\"es\",\"potentialAction\":[{\"@type\":\"CommentAction\",\"name\":\"Comment\",\"target\":[\"https:\/\/deportesycomunicacion.com\/?p=5277#respond\"]}]},{\"@type\":\"WebPage\",\"@id\":\"https:\/\/deportesycomunicacion.com\/?p=5277\",\"url\":\"https:\/\/deportesycomunicacion.com\/?p=5277\",\"name\":\"Esqu\u00edas muy bien, para ser una chica\u2026\",\"isPartOf\":{\"@id\":\"https:\/\/deportesycomunicacion.com\/#website\"},\"primaryImageOfPage\":{\"@id\":\"https:\/\/deportesycomunicacion.com\/?p=5277#primaryimage\"},\"image\":{\"@id\":\"https:\/\/deportesycomunicacion.com\/?p=5277#primaryimage\"},\"thumbnailUrl\":\"https:\/\/deportesycomunicacion.com\/wp-content\/uploads\/2017\/10\/esqui.jpg\",\"datePublished\":\"2017-10-26T13:47:26+00:00\",\"description\":\"Hay deportistas que nunca se cansan de subir monta\u00f1as, aunque incluso sea metaf\u00f3ricamente. Son mujeres y hombres que viven constantemente empujando\",\"breadcrumb\":{\"@id\":\"https:\/\/deportesycomunicacion.com\/?p=5277#breadcrumb\"},\"inLanguage\":\"es\",\"potentialAction\":[{\"@type\":\"ReadAction\",\"target\":[\"https:\/\/deportesycomunicacion.com\/?p=5277\"]}]},{\"@type\":\"ImageObject\",\"inLanguage\":\"es\",\"@id\":\"https:\/\/deportesycomunicacion.com\/?p=5277#primaryimage\",\"url\":\"https:\/\/deportesycomunicacion.com\/wp-content\/uploads\/2017\/10\/esqui.jpg\",\"contentUrl\":\"https:\/\/deportesycomunicacion.com\/wp-content\/uploads\/2017\/10\/esqui.jpg\",\"width\":500,\"height\":333},{\"@type\":\"BreadcrumbList\",\"@id\":\"https:\/\/deportesycomunicacion.com\/?p=5277#breadcrumb\",\"itemListElement\":[{\"@type\":\"ListItem\",\"position\":1,\"name\":\"Portada\",\"item\":\"https:\/\/deportesycomunicacion.com\/\"},{\"@type\":\"ListItem\",\"position\":2,\"name\":\"Esqu\u00edas muy bien, para ser una chica\u2026\"}]},{\"@type\":\"WebSite\",\"@id\":\"https:\/\/deportesycomunicacion.com\/#website\",\"url\":\"https:\/\/deportesycomunicacion.com\/\",\"name\":\"Deportes y Comunicaci\u00f3n\",\"description\":\"Powered by Ivan Ferrer\",\"publisher\":{\"@id\":\"https:\/\/deportesycomunicacion.com\/#organization\"},\"potentialAction\":[{\"@type\":\"SearchAction\",\"target\":{\"@type\":\"EntryPoint\",\"urlTemplate\":\"https:\/\/deportesycomunicacion.com\/?s={search_term_string}\"},\"query-input\":{\"@type\":\"PropertyValueSpecification\",\"valueRequired\":true,\"valueName\":\"search_term_string\"}}],\"inLanguage\":\"es\"},{\"@type\":\"Organization\",\"@id\":\"https:\/\/deportesycomunicacion.com\/#organization\",\"name\":\"Deportes y Comunicaci\u00f3n\",\"url\":\"https:\/\/deportesycomunicacion.com\/\",\"logo\":{\"@type\":\"ImageObject\",\"inLanguage\":\"es\",\"@id\":\"https:\/\/deportesycomunicacion.com\/#\/schema\/logo\/image\/\",\"url\":\"https:\/\/deportesycomunicacion.com\/wp-content\/uploads\/2013\/05\/cropped-Logo-Deportes-Comunicacion.jpg\",\"contentUrl\":\"https:\/\/deportesycomunicacion.com\/wp-content\/uploads\/2013\/05\/cropped-Logo-Deportes-Comunicacion.jpg\",\"width\":300,\"height\":65,\"caption\":\"Deportes y Comunicaci\u00f3n\"},\"image\":{\"@id\":\"https:\/\/deportesycomunicacion.com\/#\/schema\/logo\/image\/\"},\"sameAs\":[\"https:\/\/www.facebook.com\/ivan.ferrercayuela\",\"https:\/\/x.com\/IFC1976\"]},{\"@type\":\"Person\",\"@id\":\"https:\/\/deportesycomunicacion.com\/#\/schema\/person\/5bd536572b924420557d2db2f98bdd16\",\"name\":\"ivanferrer\",\"url\":\"https:\/\/deportesycomunicacion.com\/?author=2\"}]}<\/script>\n<!-- \/ Yoast SEO plugin. -->","yoast_head_json":{"title":"Esqu\u00edas muy bien, para ser una chica\u2026","description":"Hay deportistas que nunca se cansan de subir monta\u00f1as, aunque incluso sea metaf\u00f3ricamente. Son mujeres y hombres que viven constantemente empujando","robots":{"index":"index","follow":"follow","max-snippet":"max-snippet:-1","max-image-preview":"max-image-preview:large","max-video-preview":"max-video-preview:-1"},"canonical":"https:\/\/deportesycomunicacion.com\/?p=5277","og_locale":"es_ES","og_type":"article","og_title":"Esqu\u00edas muy bien, para ser una chica\u2026","og_description":"Hay deportistas que nunca se cansan de subir monta\u00f1as, aunque incluso sea metaf\u00f3ricamente. Son mujeres y hombres que viven constantemente empujando","og_url":"https:\/\/deportesycomunicacion.com\/?p=5277","og_site_name":"Deportes y Comunicaci\u00f3n","article_publisher":"https:\/\/www.facebook.com\/ivan.ferrercayuela","article_published_time":"2017-10-26T13:47:26+00:00","og_image":[{"width":500,"height":333,"url":"https:\/\/deportesycomunicacion.com\/wp-content\/uploads\/2017\/10\/esqui.jpg","type":"image\/jpeg"}],"author":"ivanferrer","twitter_card":"summary_large_image","twitter_creator":"@IFC1976","twitter_site":"@IFC1976","twitter_misc":{"Escrito por":"ivanferrer","Tiempo de lectura":"1 minuto"},"schema":{"@context":"https:\/\/schema.org","@graph":[{"@type":"Article","@id":"https:\/\/deportesycomunicacion.com\/?p=5277#article","isPartOf":{"@id":"https:\/\/deportesycomunicacion.com\/?p=5277"},"author":{"name":"ivanferrer","@id":"https:\/\/deportesycomunicacion.com\/#\/schema\/person\/5bd536572b924420557d2db2f98bdd16"},"headline":"Esqu\u00edas muy bien, para ser una chica\u2026","datePublished":"2017-10-26T13:47:26+00:00","mainEntityOfPage":{"@id":"https:\/\/deportesycomunicacion.com\/?p=5277"},"wordCount":250,"commentCount":0,"publisher":{"@id":"https:\/\/deportesycomunicacion.com\/#organization"},"image":{"@id":"https:\/\/deportesycomunicacion.com\/?p=5277#primaryimage"},"thumbnailUrl":"https:\/\/deportesycomunicacion.com\/wp-content\/uploads\/2017\/10\/esqui.jpg","keywords":["COMPETICION MIXTA","ESQUI DE MONTA\u00d1A","LINDSEY VONN","RETO"],"articleSection":["ESQUI DE MONTA\u00d1A"],"inLanguage":"es","potentialAction":[{"@type":"CommentAction","name":"Comment","target":["https:\/\/deportesycomunicacion.com\/?p=5277#respond"]}]},{"@type":"WebPage","@id":"https:\/\/deportesycomunicacion.com\/?p=5277","url":"https:\/\/deportesycomunicacion.com\/?p=5277","name":"Esqu\u00edas muy bien, para ser una chica\u2026","isPartOf":{"@id":"https:\/\/deportesycomunicacion.com\/#website"},"primaryImageOfPage":{"@id":"https:\/\/deportesycomunicacion.com\/?p=5277#primaryimage"},"image":{"@id":"https:\/\/deportesycomunicacion.com\/?p=5277#primaryimage"},"thumbnailUrl":"https:\/\/deportesycomunicacion.com\/wp-content\/uploads\/2017\/10\/esqui.jpg","datePublished":"2017-10-26T13:47:26+00:00","description":"Hay deportistas que nunca se cansan de subir monta\u00f1as, aunque incluso sea metaf\u00f3ricamente. Son mujeres y hombres que viven constantemente empujando","breadcrumb":{"@id":"https:\/\/deportesycomunicacion.com\/?p=5277#breadcrumb"},"inLanguage":"es","potentialAction":[{"@type":"ReadAction","target":["https:\/\/deportesycomunicacion.com\/?p=5277"]}]},{"@type":"ImageObject","inLanguage":"es","@id":"https:\/\/deportesycomunicacion.com\/?p=5277#primaryimage","url":"https:\/\/deportesycomunicacion.com\/wp-content\/uploads\/2017\/10\/esqui.jpg","contentUrl":"https:\/\/deportesycomunicacion.com\/wp-content\/uploads\/2017\/10\/esqui.jpg","width":500,"height":333},{"@type":"BreadcrumbList","@id":"https:\/\/deportesycomunicacion.com\/?p=5277#breadcrumb","itemListElement":[{"@type":"ListItem","position":1,"name":"Portada","item":"https:\/\/deportesycomunicacion.com\/"},{"@type":"ListItem","position":2,"name":"Esqu\u00edas muy bien, para ser una chica\u2026"}]},{"@type":"WebSite","@id":"https:\/\/deportesycomunicacion.com\/#website","url":"https:\/\/deportesycomunicacion.com\/","name":"Deportes y Comunicaci\u00f3n","description":"Powered by Ivan Ferrer","publisher":{"@id":"https:\/\/deportesycomunicacion.com\/#organization"},"potentialAction":[{"@type":"SearchAction","target":{"@type":"EntryPoint","urlTemplate":"https:\/\/deportesycomunicacion.com\/?s={search_term_string}"},"query-input":{"@type":"PropertyValueSpecification","valueRequired":true,"valueName":"search_term_string"}}],"inLanguage":"es"},{"@type":"Organization","@id":"https:\/\/deportesycomunicacion.com\/#organization","name":"Deportes y Comunicaci\u00f3n","url":"https:\/\/deportesycomunicacion.com\/","logo":{"@type":"ImageObject","inLanguage":"es","@id":"https:\/\/deportesycomunicacion.com\/#\/schema\/logo\/image\/","url":"https:\/\/deportesycomunicacion.com\/wp-content\/uploads\/2013\/05\/cropped-Logo-Deportes-Comunicacion.jpg","contentUrl":"https:\/\/deportesycomunicacion.com\/wp-content\/uploads\/2013\/05\/cropped-Logo-Deportes-Comunicacion.jpg","width":300,"height":65,"caption":"Deportes y Comunicaci\u00f3n"},"image":{"@id":"https:\/\/deportesycomunicacion.com\/#\/schema\/logo\/image\/"},"sameAs":["https:\/\/www.facebook.com\/ivan.ferrercayuela","https:\/\/x.com\/IFC1976"]},{"@type":"Person","@id":"https:\/\/deportesycomunicacion.com\/#\/schema\/person\/5bd536572b924420557d2db2f98bdd16","name":"ivanferrer","url":"https:\/\/deportesycomunicacion.com\/?author=2"}]}},"_links":{"self":[{"href":"https:\/\/deportesycomunicacion.com\/index.php?rest_route=\/wp\/v2\/posts\/5277","targetHints":{"allow":["GET"]}}],"collection":[{"href":"https:\/\/deportesycomunicacion.com\/index.php?rest_route=\/wp\/v2\/posts"}],"about":[{"href":"https:\/\/deportesycomunicacion.com\/index.php?rest_route=\/wp\/v2\/types\/post"}],"author":[{"embeddable":true,"href":"https:\/\/deportesycomunicacion.com\/index.php?rest_route=\/wp\/v2\/users\/2"}],"replies":[{"embeddable":true,"href":"https:\/\/deportesycomunicacion.com\/index.php?rest_route=%2Fwp%2Fv2%2Fcomments&post=5277"}],"version-history":[{"count":3,"href":"https:\/\/deportesycomunicacion.com\/index.php?rest_route=\/wp\/v2\/posts\/5277\/revisions"}],"predecessor-version":[{"id":5284,"href":"https:\/\/deportesycomunicacion.com\/index.php?rest_route=\/wp\/v2\/posts\/5277\/revisions\/5284"}],"wp:featuredmedia":[{"embeddable":true,"href":"https:\/\/deportesycomunicacion.com\/index.php?rest_route=\/wp\/v2\/media\/5283"}],"wp:attachment":[{"href":"https:\/\/deportesycomunicacion.com\/index.php?rest_route=%2Fwp%2Fv2%2Fmedia&parent=5277"}],"wp:term":[{"taxonomy":"category","embeddable":true,"href":"https:\/\/deportesycomunicacion.com\/index.php?rest_route=%2Fwp%2Fv2%2Fcategories&post=5277"},{"taxonomy":"post_tag","embeddable":true,"href":"https:\/\/deportesycomunicacion.com\/index.php?rest_route=%2Fwp%2Fv2%2Ftags&post=5277"}],"curies":[{"name":"wp","href":"https:\/\/api.w.org\/{rel}","templated":true}]}}