{"id":5560,"date":"2018-03-20T20:57:43","date_gmt":"2018-03-20T19:57:43","guid":{"rendered":"http:\/\/deportesycomunicacion.com\/?p=5560"},"modified":"2018-03-20T21:01:48","modified_gmt":"2018-03-20T20:01:48","slug":"capaz-solo-divertirte-futbol","status":"publish","type":"post","link":"https:\/\/deportesycomunicacion.com\/?p=5560","title":{"rendered":"\u00bfEres capaz solo de divertirte?"},"content":{"rendered":"<p style=\"text-align: justify;\">Tras ver los incidentes ocurridos en los \u00faltimos 10 d\u00edas se te ponen los pelos aut\u00e9nticamente de punta\u2026 El <a href=\"http:\/\/www.mundodeportivo.com\/futbol\/internacional\/20180312\/441477711715\/futbol-liga-griega-suspension.html\" target=\"_blank\"><strong>presidente del PAOK salta al campo para discutir una decisi\u00f3n arbitral armado con una pistola en la cintura<\/strong><\/a>. <strong><a href=\"https:\/\/as.com\/futbol\/2018\/03\/11\/internacional\/1520776941_605424.html\" target=\"_blank\">Los hinchas? amenazan con pancartas a su equipo y clavan cruces en el campo de entrenamiento<\/a><\/strong> del Hamburgo. <strong><a href=\"https:\/\/elpais.com\/deportes\/2018\/03\/10\/actualidad\/1520719622_729623.html\" target=\"_blank\">Futbolistas del Lille agredidos por sus propios seguidores<\/a><\/strong>? en el c\u00e9sped. <a href=\"http:\/\/cadenaser.com\/ser\/2018\/03\/15\/deportes\/1521140159_254123.html\" target=\"_blank\"><strong>Dos vigilantes de seguridad heridos por arma blanca en San Mam\u00e9s, a manos de dos ultras del Olympique de Marsella<\/strong><\/a>. No dejo de horrorizarme mientras en mi cabeza se instala una triste y sencilla idea: \u201chasta d\u00f3nde hemos llegado, si total esto es un juego\u2026\u201d Todo este alud de basura humana disfrazada de seguidor deportivo me hace ser devoto de otro tipo de fan; el que disfruta y no se toma en serio ni a s\u00ed mismo\u2026<\/p>\n<p style=\"text-align: justify;\">Esta es la filosof\u00eda de <strong><a href=\"https:\/\/www.inspiredbyiceland.com\/team-iceland\" target=\"_blank\">Islandia<\/a><\/strong>, libre de toda presi\u00f3n, m\u00e1s all\u00e1 de disfrutar de su primer mundial de f\u00fatbol (despu\u00e9s de hacerlo espectacularmente bien en su primera Eurocopa, <a href=\"https:\/\/www.youtube.com\/watch?v=LQmmfiNWMzo\" target=\"_blank\"><strong>superando el cruce de octavos ante una at\u00f3nita Inglaterra<\/strong><\/a> y cayendo en cuartos de final a manos de Francia). Ya soy uno de sus m\u00e1s de 16.500 fans, en una divertida campa\u00f1a protagonizada por el presidente del pa\u00eds y la primera dama.<\/p>\n<p style=\"text-align: justify;\"><a href=\"http:\/\/deportesycomunicacion.com\/wp-content\/uploads\/2018\/03\/Ferrersson.png\" rel=\"attachment wp-att-5567\"><img loading=\"lazy\" decoding=\"async\" class=\"alignleft size-thumbnail wp-image-5567\" src=\"http:\/\/deportesycomunicacion.com\/wp-content\/uploads\/2018\/03\/Ferrersson-150x150.png\" alt=\"Ferrersson\" width=\"150\" height=\"150\" srcset=\"https:\/\/deportesycomunicacion.com\/wp-content\/uploads\/2018\/03\/Ferrersson-150x150.png 150w, https:\/\/deportesycomunicacion.com\/wp-content\/uploads\/2018\/03\/Ferrersson-56x56.png 56w, https:\/\/deportesycomunicacion.com\/wp-content\/uploads\/2018\/03\/Ferrersson-50x50.png 50w\" sizes=\"auto, (max-width: 150px) 100vw, 150px\" \/><\/a><\/p>\n<p style=\"text-align: justify;\"><strong>El mundial en Rusia<\/strong>, m\u00e1s que nunca, hay que disfrutarlo, emocionarse y <strong>divertirse<\/strong> con \u00e9l. Porqu\u00e9 creo que entre todos hemos elevado el tono \u00e9pico y dram\u00e1tico a cotas tan altas que sencillamente hemos olvidado que se trata solo de un juego. Y aunque fastidie a los m\u00e1s ortodoxos hay una realidad palmaria: si pierde tu equipo, todo sigue igual. Y si gana, pues tambi\u00e9n\u2026<\/p>\n<p>&nbsp;<\/p>\n<p><strong>\u00bfEs tan importante el f\u00fatbol que te condiciona el estado de \u00e1nimo? \u00bfO no hay para tanto?<\/strong><\/p>\n<p>photo credit: romafederico <a href=\"http:\/\/www.flickr.com\/photos\/18217383@N03\/2756085065\">Jugando<\/a> via <a href=\"http:\/\/photopin.com\">photopin<\/a> <a href=\"https:\/\/creativecommons.org\/licenses\/by-nc-nd\/2.0\/\">(license)<\/a><\/p>\n","protected":false},"excerpt":{"rendered":"<p>Tras ver los incidentes ocurridos en los \u00faltimos 10 d\u00edas se te ponen los pelos aut\u00e9nticamente &hellip; <a title=\"\u00bfEres capaz solo de divertirte?\" class=\"hm-read-more\" href=\"https:\/\/deportesycomunicacion.com\/?p=5560\"><span class=\"screen-reader-text\">\u00bfEres capaz solo de divertirte?<\/span>Leer m\u00e1s<\/a><\/p>\n","protected":false},"author":2,"featured_media":5571,"comment_status":"open","ping_status":"open","sticky":false,"template":"","format":"standard","meta":{"footnotes":""},"categories":[7],"tags":[375,1056,1277,1635],"class_list":["post-5560","post","type-post","status-publish","format-standard","has-post-thumbnail","hentry","category-futbol","tag-diversion","tag-futbol","tag-islandia","tag-mundial-rusia-2018"],"yoast_head":"<!-- This site is optimized with the Yoast SEO plugin v24.8.1 - https:\/\/yoast.com\/wordpress\/plugins\/seo\/ -->\n<title>\u00bfEres capaz solo de divertirte?<\/title>\n<meta name=\"description\" content=\"Tras ver los incidentes ocurridos en los \u00faltimos 10 d\u00edas se te ponen los pelos aut\u00e9nticamente de punta\u2026 El presidente del PAOK salta al campo para\" \/>\n<meta name=\"robots\" content=\"index, follow, max-snippet:-1, max-image-preview:large, max-video-preview:-1\" \/>\n<link rel=\"canonical\" href=\"https:\/\/deportesycomunicacion.com\/?p=5560\" \/>\n<meta property=\"og:locale\" content=\"es_ES\" \/>\n<meta property=\"og:type\" content=\"article\" \/>\n<meta property=\"og:title\" content=\"\u00bfEres capaz solo de divertirte?\" \/>\n<meta property=\"og:description\" content=\"Tras ver los incidentes ocurridos en los \u00faltimos 10 d\u00edas se te ponen los pelos aut\u00e9nticamente de punta\u2026 El presidente del PAOK salta al campo para\" \/>\n<meta property=\"og:url\" content=\"https:\/\/deportesycomunicacion.com\/?p=5560\" \/>\n<meta property=\"og:site_name\" content=\"Deportes y Comunicaci\u00f3n\" \/>\n<meta property=\"article:publisher\" content=\"https:\/\/www.facebook.com\/ivan.ferrercayuela\" \/>\n<meta property=\"article:published_time\" content=\"2018-03-20T19:57:43+00:00\" \/>\n<meta property=\"article:modified_time\" content=\"2018-03-20T20:01:48+00:00\" \/>\n<meta property=\"og:image\" content=\"https:\/\/deportesycomunicacion.com\/wp-content\/uploads\/2018\/03\/divertirse2.jpg\" \/>\n\t<meta property=\"og:image:width\" content=\"500\" \/>\n\t<meta property=\"og:image:height\" content=\"333\" \/>\n\t<meta property=\"og:image:type\" content=\"image\/jpeg\" \/>\n<meta name=\"author\" content=\"ivanferrer\" \/>\n<meta name=\"twitter:card\" content=\"summary_large_image\" \/>\n<meta name=\"twitter:creator\" content=\"@IFC1976\" \/>\n<meta name=\"twitter:site\" content=\"@IFC1976\" \/>\n<meta name=\"twitter:label1\" content=\"Escrito por\" \/>\n\t<meta name=\"twitter:data1\" content=\"ivanferrer\" \/>\n\t<meta name=\"twitter:label2\" content=\"Tiempo de lectura\" \/>\n\t<meta name=\"twitter:data2\" content=\"2 minutos\" \/>\n<script type=\"application\/ld+json\" class=\"yoast-schema-graph\">{\"@context\":\"https:\/\/schema.org\",\"@graph\":[{\"@type\":\"Article\",\"@id\":\"https:\/\/deportesycomunicacion.com\/?p=5560#article\",\"isPartOf\":{\"@id\":\"https:\/\/deportesycomunicacion.com\/?p=5560\"},\"author\":{\"name\":\"ivanferrer\",\"@id\":\"https:\/\/deportesycomunicacion.com\/#\/schema\/person\/5bd536572b924420557d2db2f98bdd16\"},\"headline\":\"\u00bfEres capaz solo de divertirte?\",\"datePublished\":\"2018-03-20T19:57:43+00:00\",\"dateModified\":\"2018-03-20T20:01:48+00:00\",\"mainEntityOfPage\":{\"@id\":\"https:\/\/deportesycomunicacion.com\/?p=5560\"},\"wordCount\":327,\"commentCount\":0,\"publisher\":{\"@id\":\"https:\/\/deportesycomunicacion.com\/#organization\"},\"image\":{\"@id\":\"https:\/\/deportesycomunicacion.com\/?p=5560#primaryimage\"},\"thumbnailUrl\":\"https:\/\/deportesycomunicacion.com\/wp-content\/uploads\/2018\/03\/divertirse2.jpg\",\"keywords\":[\"DIVERSION\",\"FUTBOL\",\"ISLANDIA\",\"MUNDIAL RUSIA 2018\"],\"articleSection\":[\"FUTBOL\"],\"inLanguage\":\"es\",\"potentialAction\":[{\"@type\":\"CommentAction\",\"name\":\"Comment\",\"target\":[\"https:\/\/deportesycomunicacion.com\/?p=5560#respond\"]}]},{\"@type\":\"WebPage\",\"@id\":\"https:\/\/deportesycomunicacion.com\/?p=5560\",\"url\":\"https:\/\/deportesycomunicacion.com\/?p=5560\",\"name\":\"\u00bfEres capaz solo de divertirte?\",\"isPartOf\":{\"@id\":\"https:\/\/deportesycomunicacion.com\/#website\"},\"primaryImageOfPage\":{\"@id\":\"https:\/\/deportesycomunicacion.com\/?p=5560#primaryimage\"},\"image\":{\"@id\":\"https:\/\/deportesycomunicacion.com\/?p=5560#primaryimage\"},\"thumbnailUrl\":\"https:\/\/deportesycomunicacion.com\/wp-content\/uploads\/2018\/03\/divertirse2.jpg\",\"datePublished\":\"2018-03-20T19:57:43+00:00\",\"dateModified\":\"2018-03-20T20:01:48+00:00\",\"description\":\"Tras ver los incidentes ocurridos en los \u00faltimos 10 d\u00edas se te ponen los pelos aut\u00e9nticamente de punta\u2026 El presidente del PAOK salta al campo para\",\"breadcrumb\":{\"@id\":\"https:\/\/deportesycomunicacion.com\/?p=5560#breadcrumb\"},\"inLanguage\":\"es\",\"potentialAction\":[{\"@type\":\"ReadAction\",\"target\":[\"https:\/\/deportesycomunicacion.com\/?p=5560\"]}]},{\"@type\":\"ImageObject\",\"inLanguage\":\"es\",\"@id\":\"https:\/\/deportesycomunicacion.com\/?p=5560#primaryimage\",\"url\":\"https:\/\/deportesycomunicacion.com\/wp-content\/uploads\/2018\/03\/divertirse2.jpg\",\"contentUrl\":\"https:\/\/deportesycomunicacion.com\/wp-content\/uploads\/2018\/03\/divertirse2.jpg\",\"width\":500,\"height\":333},{\"@type\":\"BreadcrumbList\",\"@id\":\"https:\/\/deportesycomunicacion.com\/?p=5560#breadcrumb\",\"itemListElement\":[{\"@type\":\"ListItem\",\"position\":1,\"name\":\"Portada\",\"item\":\"https:\/\/deportesycomunicacion.com\/\"},{\"@type\":\"ListItem\",\"position\":2,\"name\":\"\u00bfEres capaz solo de divertirte?\"}]},{\"@type\":\"WebSite\",\"@id\":\"https:\/\/deportesycomunicacion.com\/#website\",\"url\":\"https:\/\/deportesycomunicacion.com\/\",\"name\":\"Deportes y Comunicaci\u00f3n\",\"description\":\"Powered by Ivan Ferrer\",\"publisher\":{\"@id\":\"https:\/\/deportesycomunicacion.com\/#organization\"},\"potentialAction\":[{\"@type\":\"SearchAction\",\"target\":{\"@type\":\"EntryPoint\",\"urlTemplate\":\"https:\/\/deportesycomunicacion.com\/?s={search_term_string}\"},\"query-input\":{\"@type\":\"PropertyValueSpecification\",\"valueRequired\":true,\"valueName\":\"search_term_string\"}}],\"inLanguage\":\"es\"},{\"@type\":\"Organization\",\"@id\":\"https:\/\/deportesycomunicacion.com\/#organization\",\"name\":\"Deportes y Comunicaci\u00f3n\",\"url\":\"https:\/\/deportesycomunicacion.com\/\",\"logo\":{\"@type\":\"ImageObject\",\"inLanguage\":\"es\",\"@id\":\"https:\/\/deportesycomunicacion.com\/#\/schema\/logo\/image\/\",\"url\":\"https:\/\/deportesycomunicacion.com\/wp-content\/uploads\/2013\/05\/cropped-Logo-Deportes-Comunicacion.jpg\",\"contentUrl\":\"https:\/\/deportesycomunicacion.com\/wp-content\/uploads\/2013\/05\/cropped-Logo-Deportes-Comunicacion.jpg\",\"width\":300,\"height\":65,\"caption\":\"Deportes y Comunicaci\u00f3n\"},\"image\":{\"@id\":\"https:\/\/deportesycomunicacion.com\/#\/schema\/logo\/image\/\"},\"sameAs\":[\"https:\/\/www.facebook.com\/ivan.ferrercayuela\",\"https:\/\/x.com\/IFC1976\"]},{\"@type\":\"Person\",\"@id\":\"https:\/\/deportesycomunicacion.com\/#\/schema\/person\/5bd536572b924420557d2db2f98bdd16\",\"name\":\"ivanferrer\",\"url\":\"https:\/\/deportesycomunicacion.com\/?author=2\"}]}<\/script>\n<!-- \/ Yoast SEO plugin. -->","yoast_head_json":{"title":"\u00bfEres capaz solo de divertirte?","description":"Tras ver los incidentes ocurridos en los \u00faltimos 10 d\u00edas se te ponen los pelos aut\u00e9nticamente de punta\u2026 El presidente del PAOK salta al campo para","robots":{"index":"index","follow":"follow","max-snippet":"max-snippet:-1","max-image-preview":"max-image-preview:large","max-video-preview":"max-video-preview:-1"},"canonical":"https:\/\/deportesycomunicacion.com\/?p=5560","og_locale":"es_ES","og_type":"article","og_title":"\u00bfEres capaz solo de divertirte?","og_description":"Tras ver los incidentes ocurridos en los \u00faltimos 10 d\u00edas se te ponen los pelos aut\u00e9nticamente de punta\u2026 El presidente del PAOK salta al campo para","og_url":"https:\/\/deportesycomunicacion.com\/?p=5560","og_site_name":"Deportes y Comunicaci\u00f3n","article_publisher":"https:\/\/www.facebook.com\/ivan.ferrercayuela","article_published_time":"2018-03-20T19:57:43+00:00","article_modified_time":"2018-03-20T20:01:48+00:00","og_image":[{"width":500,"height":333,"url":"https:\/\/deportesycomunicacion.com\/wp-content\/uploads\/2018\/03\/divertirse2.jpg","type":"image\/jpeg"}],"author":"ivanferrer","twitter_card":"summary_large_image","twitter_creator":"@IFC1976","twitter_site":"@IFC1976","twitter_misc":{"Escrito por":"ivanferrer","Tiempo de lectura":"2 minutos"},"schema":{"@context":"https:\/\/schema.org","@graph":[{"@type":"Article","@id":"https:\/\/deportesycomunicacion.com\/?p=5560#article","isPartOf":{"@id":"https:\/\/deportesycomunicacion.com\/?p=5560"},"author":{"name":"ivanferrer","@id":"https:\/\/deportesycomunicacion.com\/#\/schema\/person\/5bd536572b924420557d2db2f98bdd16"},"headline":"\u00bfEres capaz solo de divertirte?","datePublished":"2018-03-20T19:57:43+00:00","dateModified":"2018-03-20T20:01:48+00:00","mainEntityOfPage":{"@id":"https:\/\/deportesycomunicacion.com\/?p=5560"},"wordCount":327,"commentCount":0,"publisher":{"@id":"https:\/\/deportesycomunicacion.com\/#organization"},"image":{"@id":"https:\/\/deportesycomunicacion.com\/?p=5560#primaryimage"},"thumbnailUrl":"https:\/\/deportesycomunicacion.com\/wp-content\/uploads\/2018\/03\/divertirse2.jpg","keywords":["DIVERSION","FUTBOL","ISLANDIA","MUNDIAL RUSIA 2018"],"articleSection":["FUTBOL"],"inLanguage":"es","potentialAction":[{"@type":"CommentAction","name":"Comment","target":["https:\/\/deportesycomunicacion.com\/?p=5560#respond"]}]},{"@type":"WebPage","@id":"https:\/\/deportesycomunicacion.com\/?p=5560","url":"https:\/\/deportesycomunicacion.com\/?p=5560","name":"\u00bfEres capaz solo de divertirte?","isPartOf":{"@id":"https:\/\/deportesycomunicacion.com\/#website"},"primaryImageOfPage":{"@id":"https:\/\/deportesycomunicacion.com\/?p=5560#primaryimage"},"image":{"@id":"https:\/\/deportesycomunicacion.com\/?p=5560#primaryimage"},"thumbnailUrl":"https:\/\/deportesycomunicacion.com\/wp-content\/uploads\/2018\/03\/divertirse2.jpg","datePublished":"2018-03-20T19:57:43+00:00","dateModified":"2018-03-20T20:01:48+00:00","description":"Tras ver los incidentes ocurridos en los \u00faltimos 10 d\u00edas se te ponen los pelos aut\u00e9nticamente de punta\u2026 El presidente del PAOK salta al campo para","breadcrumb":{"@id":"https:\/\/deportesycomunicacion.com\/?p=5560#breadcrumb"},"inLanguage":"es","potentialAction":[{"@type":"ReadAction","target":["https:\/\/deportesycomunicacion.com\/?p=5560"]}]},{"@type":"ImageObject","inLanguage":"es","@id":"https:\/\/deportesycomunicacion.com\/?p=5560#primaryimage","url":"https:\/\/deportesycomunicacion.com\/wp-content\/uploads\/2018\/03\/divertirse2.jpg","contentUrl":"https:\/\/deportesycomunicacion.com\/wp-content\/uploads\/2018\/03\/divertirse2.jpg","width":500,"height":333},{"@type":"BreadcrumbList","@id":"https:\/\/deportesycomunicacion.com\/?p=5560#breadcrumb","itemListElement":[{"@type":"ListItem","position":1,"name":"Portada","item":"https:\/\/deportesycomunicacion.com\/"},{"@type":"ListItem","position":2,"name":"\u00bfEres capaz solo de divertirte?"}]},{"@type":"WebSite","@id":"https:\/\/deportesycomunicacion.com\/#website","url":"https:\/\/deportesycomunicacion.com\/","name":"Deportes y Comunicaci\u00f3n","description":"Powered by Ivan Ferrer","publisher":{"@id":"https:\/\/deportesycomunicacion.com\/#organization"},"potentialAction":[{"@type":"SearchAction","target":{"@type":"EntryPoint","urlTemplate":"https:\/\/deportesycomunicacion.com\/?s={search_term_string}"},"query-input":{"@type":"PropertyValueSpecification","valueRequired":true,"valueName":"search_term_string"}}],"inLanguage":"es"},{"@type":"Organization","@id":"https:\/\/deportesycomunicacion.com\/#organization","name":"Deportes y Comunicaci\u00f3n","url":"https:\/\/deportesycomunicacion.com\/","logo":{"@type":"ImageObject","inLanguage":"es","@id":"https:\/\/deportesycomunicacion.com\/#\/schema\/logo\/image\/","url":"https:\/\/deportesycomunicacion.com\/wp-content\/uploads\/2013\/05\/cropped-Logo-Deportes-Comunicacion.jpg","contentUrl":"https:\/\/deportesycomunicacion.com\/wp-content\/uploads\/2013\/05\/cropped-Logo-Deportes-Comunicacion.jpg","width":300,"height":65,"caption":"Deportes y Comunicaci\u00f3n"},"image":{"@id":"https:\/\/deportesycomunicacion.com\/#\/schema\/logo\/image\/"},"sameAs":["https:\/\/www.facebook.com\/ivan.ferrercayuela","https:\/\/x.com\/IFC1976"]},{"@type":"Person","@id":"https:\/\/deportesycomunicacion.com\/#\/schema\/person\/5bd536572b924420557d2db2f98bdd16","name":"ivanferrer","url":"https:\/\/deportesycomunicacion.com\/?author=2"}]}},"_links":{"self":[{"href":"https:\/\/deportesycomunicacion.com\/index.php?rest_route=\/wp\/v2\/posts\/5560","targetHints":{"allow":["GET"]}}],"collection":[{"href":"https:\/\/deportesycomunicacion.com\/index.php?rest_route=\/wp\/v2\/posts"}],"about":[{"href":"https:\/\/deportesycomunicacion.com\/index.php?rest_route=\/wp\/v2\/types\/post"}],"author":[{"embeddable":true,"href":"https:\/\/deportesycomunicacion.com\/index.php?rest_route=\/wp\/v2\/users\/2"}],"replies":[{"embeddable":true,"href":"https:\/\/deportesycomunicacion.com\/index.php?rest_route=%2Fwp%2Fv2%2Fcomments&post=5560"}],"version-history":[{"count":6,"href":"https:\/\/deportesycomunicacion.com\/index.php?rest_route=\/wp\/v2\/posts\/5560\/revisions"}],"predecessor-version":[{"id":5572,"href":"https:\/\/deportesycomunicacion.com\/index.php?rest_route=\/wp\/v2\/posts\/5560\/revisions\/5572"}],"wp:featuredmedia":[{"embeddable":true,"href":"https:\/\/deportesycomunicacion.com\/index.php?rest_route=\/wp\/v2\/media\/5571"}],"wp:attachment":[{"href":"https:\/\/deportesycomunicacion.com\/index.php?rest_route=%2Fwp%2Fv2%2Fmedia&parent=5560"}],"wp:term":[{"taxonomy":"category","embeddable":true,"href":"https:\/\/deportesycomunicacion.com\/index.php?rest_route=%2Fwp%2Fv2%2Fcategories&post=5560"},{"taxonomy":"post_tag","embeddable":true,"href":"https:\/\/deportesycomunicacion.com\/index.php?rest_route=%2Fwp%2Fv2%2Ftags&post=5560"}],"curies":[{"name":"wp","href":"https:\/\/api.w.org\/{rel}","templated":true}]}}