{"id":5973,"date":"2018-10-11T14:48:52","date_gmt":"2018-10-11T12:48:52","guid":{"rendered":"http:\/\/deportesycomunicacion.com\/?p=5973"},"modified":"2018-10-11T14:48:52","modified_gmt":"2018-10-11T12:48:52","slug":"te-acuerdas-quien-habias-venido","status":"publish","type":"post","link":"https:\/\/deportesycomunicacion.com\/?p=5973","title":{"rendered":"\u00bfTe acuerdas por qui\u00e9n hab\u00edas venido?"},"content":{"rendered":"<p style=\"text-align: justify;\">No tengo la m\u00e1s m\u00ednima duda de la capacidad atl\u00e9tica, la competiticidad y la calidad deportiva de Khabib Nurmagomedov, aunque sobre su capacidad de raciocinio y saber estar fuera del oct\u00e1gono tengo m\u00e1s que serias dudas\u2026 Una ola de fuego y destrucci\u00f3n que empa\u00f1a su impecable curr\u00edculum de 27 victorias. Su filosof\u00eda parece inspirada en Atila, el azote de Dios, cuya leyenda sostiene que por donde pasaban \u00e9l y sus tropas -los Hunos- ya no crec\u00eda la hierba.<\/p>\n<p style=\"text-align: justify;\"><strong>Delfina Pignatiello<\/strong>, nadadora argentina, gan\u00f3 de la medalla de plata en la prueba de 800 metros libres en los Juegos Ol\u00edmpicos de la Juventud. Us\u00f3 toda la presi\u00f3n preparatoria contenida, los largos per\u00edodos de duros entrenamiento, para dar rienda suelta a la <strong>emoci\u00f3n<\/strong>. <a href=\"https:\/\/urbanian.mundodeportivo.com\/deportes\/12718\/una-nadadora-conmueve-a-toda-argentina-homenajeando-a-su-abuela-recien-fallecida\" target=\"_blank\"><strong>Homenaje\u00f3<\/strong><\/a> en el podio a su abuela reci\u00e9n fallecida; el recuerdo de alguien muy importante que seguro le ayud\u00f3 en la final para conseguir el segundo puesto.<\/p>\n<p style=\"text-align: justify;\">Cuando cambias la destrucci\u00f3n por los sentimientos, te ganas el coraz\u00f3n de todo el mundo. Son detalles que te llegan al alma, lejos de <a href=\"https:\/\/www.elespanol.com\/deportes\/otros-deportes\/20181010\/khabib-amenaza-dana-white-ufc-destruido-coche\/344465761_0.html\" target=\"_blank\"><strong>bravuconadas est\u00fapidas<\/strong><\/a> de macho alfa, propias de pandilleros que basan su eje vital en la dominaci\u00f3n y la destrucci\u00f3n. Lo del Delfina es un detalle emocionante, el calificativo para Nurmagomedov lo dejo a gusto del consumidor; yo ya he tirado la toalla\u2026<\/p>\n<p><strong>\u00bfTe qui\u00e9n te acuerdas cuando consigues tus metas?<\/strong><\/p>\n<p>photo credit: Jos\u00e9 Carlos Cortizo P\u00e9rez <a href=\"http:\/\/www.flickr.com\/photos\/80272747@N00\/2648705277\">DSCF5673<\/a> via <a href=\"http:\/\/photopin.com\">photopin<\/a> <a href=\"https:\/\/creativecommons.org\/licenses\/by\/2.0\/\">(license)<\/a><\/p>\n","protected":false},"excerpt":{"rendered":"<p>No tengo la m\u00e1s m\u00ednima duda de la capacidad atl\u00e9tica, la competiticidad y la calidad deportiva &hellip; <a title=\"\u00bfTe acuerdas por qui\u00e9n hab\u00edas venido?\" class=\"hm-read-more\" href=\"https:\/\/deportesycomunicacion.com\/?p=5973\"><span class=\"screen-reader-text\">\u00bfTe acuerdas por qui\u00e9n hab\u00edas venido?<\/span>Leer m\u00e1s<\/a><\/p>\n","protected":false},"author":2,"featured_media":5979,"comment_status":"open","ping_status":"open","sticky":false,"template":"","format":"standard","meta":{"footnotes":""},"categories":[44],"tags":[1902,251,126,1903,1060],"class_list":["post-5973","post","type-post","status-publish","format-standard","has-post-thumbnail","hentry","category-natacion","tag-delfina-pignatiello","tag-emocion","tag-homenaje","tag-jjoo-de-la-juventud","tag-natacion"],"yoast_head":"<!-- This site is optimized with the Yoast SEO plugin v24.8.1 - https:\/\/yoast.com\/wordpress\/plugins\/seo\/ -->\n<title>\u00bfTe acuerdas por qui\u00e9n hab\u00edas venido?<\/title>\n<meta name=\"description\" content=\"No tengo la m\u00e1s m\u00ednima duda de la capacidad atl\u00e9tica, la competiticidad y la calidad deportiva de Khabib Nurmagomedov, aunque sobre su capacidad de\" \/>\n<meta name=\"robots\" content=\"index, follow, max-snippet:-1, max-image-preview:large, max-video-preview:-1\" \/>\n<link rel=\"canonical\" href=\"https:\/\/deportesycomunicacion.com\/?p=5973\" \/>\n<meta property=\"og:locale\" content=\"es_ES\" \/>\n<meta property=\"og:type\" content=\"article\" \/>\n<meta property=\"og:title\" content=\"\u00bfTe acuerdas por qui\u00e9n hab\u00edas venido?\" \/>\n<meta property=\"og:description\" content=\"No tengo la m\u00e1s m\u00ednima duda de la capacidad atl\u00e9tica, la competiticidad y la calidad deportiva de Khabib Nurmagomedov, aunque sobre su capacidad de\" \/>\n<meta property=\"og:url\" content=\"https:\/\/deportesycomunicacion.com\/?p=5973\" \/>\n<meta property=\"og:site_name\" content=\"Deportes y Comunicaci\u00f3n\" \/>\n<meta property=\"article:publisher\" content=\"https:\/\/www.facebook.com\/ivan.ferrercayuela\" \/>\n<meta property=\"article:published_time\" content=\"2018-10-11T12:48:52+00:00\" \/>\n<meta property=\"og:image\" content=\"https:\/\/deportesycomunicacion.com\/wp-content\/uploads\/2018\/10\/emocion.jpg\" \/>\n\t<meta property=\"og:image:width\" content=\"500\" \/>\n\t<meta property=\"og:image:height\" content=\"375\" \/>\n\t<meta property=\"og:image:type\" content=\"image\/jpeg\" \/>\n<meta name=\"author\" content=\"ivanferrer\" \/>\n<meta name=\"twitter:card\" content=\"summary_large_image\" \/>\n<meta name=\"twitter:creator\" content=\"@IFC1976\" \/>\n<meta name=\"twitter:site\" content=\"@IFC1976\" \/>\n<meta name=\"twitter:label1\" content=\"Escrito por\" \/>\n\t<meta name=\"twitter:data1\" content=\"ivanferrer\" \/>\n\t<meta name=\"twitter:label2\" content=\"Tiempo de lectura\" \/>\n\t<meta name=\"twitter:data2\" content=\"1 minuto\" \/>\n<script type=\"application\/ld+json\" class=\"yoast-schema-graph\">{\"@context\":\"https:\/\/schema.org\",\"@graph\":[{\"@type\":\"Article\",\"@id\":\"https:\/\/deportesycomunicacion.com\/?p=5973#article\",\"isPartOf\":{\"@id\":\"https:\/\/deportesycomunicacion.com\/?p=5973\"},\"author\":{\"name\":\"ivanferrer\",\"@id\":\"https:\/\/deportesycomunicacion.com\/#\/schema\/person\/5bd536572b924420557d2db2f98bdd16\"},\"headline\":\"\u00bfTe acuerdas por qui\u00e9n hab\u00edas venido?\",\"datePublished\":\"2018-10-11T12:48:52+00:00\",\"mainEntityOfPage\":{\"@id\":\"https:\/\/deportesycomunicacion.com\/?p=5973\"},\"wordCount\":260,\"commentCount\":0,\"publisher\":{\"@id\":\"https:\/\/deportesycomunicacion.com\/#organization\"},\"image\":{\"@id\":\"https:\/\/deportesycomunicacion.com\/?p=5973#primaryimage\"},\"thumbnailUrl\":\"https:\/\/deportesycomunicacion.com\/wp-content\/uploads\/2018\/10\/emocion.jpg\",\"keywords\":[\"DELFINA PIGNATIELLO\",\"EMOCION\",\"HOMENAJE\",\"JJOO DE LA JUVENTUD\",\"NATACION\"],\"articleSection\":[\"NATACION\"],\"inLanguage\":\"es\",\"potentialAction\":[{\"@type\":\"CommentAction\",\"name\":\"Comment\",\"target\":[\"https:\/\/deportesycomunicacion.com\/?p=5973#respond\"]}]},{\"@type\":\"WebPage\",\"@id\":\"https:\/\/deportesycomunicacion.com\/?p=5973\",\"url\":\"https:\/\/deportesycomunicacion.com\/?p=5973\",\"name\":\"\u00bfTe acuerdas por qui\u00e9n hab\u00edas venido?\",\"isPartOf\":{\"@id\":\"https:\/\/deportesycomunicacion.com\/#website\"},\"primaryImageOfPage\":{\"@id\":\"https:\/\/deportesycomunicacion.com\/?p=5973#primaryimage\"},\"image\":{\"@id\":\"https:\/\/deportesycomunicacion.com\/?p=5973#primaryimage\"},\"thumbnailUrl\":\"https:\/\/deportesycomunicacion.com\/wp-content\/uploads\/2018\/10\/emocion.jpg\",\"datePublished\":\"2018-10-11T12:48:52+00:00\",\"description\":\"No tengo la m\u00e1s m\u00ednima duda de la capacidad atl\u00e9tica, la competiticidad y la calidad deportiva de Khabib Nurmagomedov, aunque sobre su capacidad de\",\"breadcrumb\":{\"@id\":\"https:\/\/deportesycomunicacion.com\/?p=5973#breadcrumb\"},\"inLanguage\":\"es\",\"potentialAction\":[{\"@type\":\"ReadAction\",\"target\":[\"https:\/\/deportesycomunicacion.com\/?p=5973\"]}]},{\"@type\":\"ImageObject\",\"inLanguage\":\"es\",\"@id\":\"https:\/\/deportesycomunicacion.com\/?p=5973#primaryimage\",\"url\":\"https:\/\/deportesycomunicacion.com\/wp-content\/uploads\/2018\/10\/emocion.jpg\",\"contentUrl\":\"https:\/\/deportesycomunicacion.com\/wp-content\/uploads\/2018\/10\/emocion.jpg\",\"width\":500,\"height\":375},{\"@type\":\"BreadcrumbList\",\"@id\":\"https:\/\/deportesycomunicacion.com\/?p=5973#breadcrumb\",\"itemListElement\":[{\"@type\":\"ListItem\",\"position\":1,\"name\":\"Portada\",\"item\":\"https:\/\/deportesycomunicacion.com\/\"},{\"@type\":\"ListItem\",\"position\":2,\"name\":\"\u00bfTe acuerdas por qui\u00e9n hab\u00edas venido?\"}]},{\"@type\":\"WebSite\",\"@id\":\"https:\/\/deportesycomunicacion.com\/#website\",\"url\":\"https:\/\/deportesycomunicacion.com\/\",\"name\":\"Deportes y Comunicaci\u00f3n\",\"description\":\"Powered by Ivan Ferrer\",\"publisher\":{\"@id\":\"https:\/\/deportesycomunicacion.com\/#organization\"},\"potentialAction\":[{\"@type\":\"SearchAction\",\"target\":{\"@type\":\"EntryPoint\",\"urlTemplate\":\"https:\/\/deportesycomunicacion.com\/?s={search_term_string}\"},\"query-input\":{\"@type\":\"PropertyValueSpecification\",\"valueRequired\":true,\"valueName\":\"search_term_string\"}}],\"inLanguage\":\"es\"},{\"@type\":\"Organization\",\"@id\":\"https:\/\/deportesycomunicacion.com\/#organization\",\"name\":\"Deportes y Comunicaci\u00f3n\",\"url\":\"https:\/\/deportesycomunicacion.com\/\",\"logo\":{\"@type\":\"ImageObject\",\"inLanguage\":\"es\",\"@id\":\"https:\/\/deportesycomunicacion.com\/#\/schema\/logo\/image\/\",\"url\":\"https:\/\/deportesycomunicacion.com\/wp-content\/uploads\/2013\/05\/cropped-Logo-Deportes-Comunicacion.jpg\",\"contentUrl\":\"https:\/\/deportesycomunicacion.com\/wp-content\/uploads\/2013\/05\/cropped-Logo-Deportes-Comunicacion.jpg\",\"width\":300,\"height\":65,\"caption\":\"Deportes y Comunicaci\u00f3n\"},\"image\":{\"@id\":\"https:\/\/deportesycomunicacion.com\/#\/schema\/logo\/image\/\"},\"sameAs\":[\"https:\/\/www.facebook.com\/ivan.ferrercayuela\",\"https:\/\/x.com\/IFC1976\"]},{\"@type\":\"Person\",\"@id\":\"https:\/\/deportesycomunicacion.com\/#\/schema\/person\/5bd536572b924420557d2db2f98bdd16\",\"name\":\"ivanferrer\",\"url\":\"https:\/\/deportesycomunicacion.com\/?author=2\"}]}<\/script>\n<!-- \/ Yoast SEO plugin. -->","yoast_head_json":{"title":"\u00bfTe acuerdas por qui\u00e9n hab\u00edas venido?","description":"No tengo la m\u00e1s m\u00ednima duda de la capacidad atl\u00e9tica, la competiticidad y la calidad deportiva de Khabib Nurmagomedov, aunque sobre su capacidad de","robots":{"index":"index","follow":"follow","max-snippet":"max-snippet:-1","max-image-preview":"max-image-preview:large","max-video-preview":"max-video-preview:-1"},"canonical":"https:\/\/deportesycomunicacion.com\/?p=5973","og_locale":"es_ES","og_type":"article","og_title":"\u00bfTe acuerdas por qui\u00e9n hab\u00edas venido?","og_description":"No tengo la m\u00e1s m\u00ednima duda de la capacidad atl\u00e9tica, la competiticidad y la calidad deportiva de Khabib Nurmagomedov, aunque sobre su capacidad de","og_url":"https:\/\/deportesycomunicacion.com\/?p=5973","og_site_name":"Deportes y Comunicaci\u00f3n","article_publisher":"https:\/\/www.facebook.com\/ivan.ferrercayuela","article_published_time":"2018-10-11T12:48:52+00:00","og_image":[{"width":500,"height":375,"url":"https:\/\/deportesycomunicacion.com\/wp-content\/uploads\/2018\/10\/emocion.jpg","type":"image\/jpeg"}],"author":"ivanferrer","twitter_card":"summary_large_image","twitter_creator":"@IFC1976","twitter_site":"@IFC1976","twitter_misc":{"Escrito por":"ivanferrer","Tiempo de lectura":"1 minuto"},"schema":{"@context":"https:\/\/schema.org","@graph":[{"@type":"Article","@id":"https:\/\/deportesycomunicacion.com\/?p=5973#article","isPartOf":{"@id":"https:\/\/deportesycomunicacion.com\/?p=5973"},"author":{"name":"ivanferrer","@id":"https:\/\/deportesycomunicacion.com\/#\/schema\/person\/5bd536572b924420557d2db2f98bdd16"},"headline":"\u00bfTe acuerdas por qui\u00e9n hab\u00edas venido?","datePublished":"2018-10-11T12:48:52+00:00","mainEntityOfPage":{"@id":"https:\/\/deportesycomunicacion.com\/?p=5973"},"wordCount":260,"commentCount":0,"publisher":{"@id":"https:\/\/deportesycomunicacion.com\/#organization"},"image":{"@id":"https:\/\/deportesycomunicacion.com\/?p=5973#primaryimage"},"thumbnailUrl":"https:\/\/deportesycomunicacion.com\/wp-content\/uploads\/2018\/10\/emocion.jpg","keywords":["DELFINA PIGNATIELLO","EMOCION","HOMENAJE","JJOO DE LA JUVENTUD","NATACION"],"articleSection":["NATACION"],"inLanguage":"es","potentialAction":[{"@type":"CommentAction","name":"Comment","target":["https:\/\/deportesycomunicacion.com\/?p=5973#respond"]}]},{"@type":"WebPage","@id":"https:\/\/deportesycomunicacion.com\/?p=5973","url":"https:\/\/deportesycomunicacion.com\/?p=5973","name":"\u00bfTe acuerdas por qui\u00e9n hab\u00edas venido?","isPartOf":{"@id":"https:\/\/deportesycomunicacion.com\/#website"},"primaryImageOfPage":{"@id":"https:\/\/deportesycomunicacion.com\/?p=5973#primaryimage"},"image":{"@id":"https:\/\/deportesycomunicacion.com\/?p=5973#primaryimage"},"thumbnailUrl":"https:\/\/deportesycomunicacion.com\/wp-content\/uploads\/2018\/10\/emocion.jpg","datePublished":"2018-10-11T12:48:52+00:00","description":"No tengo la m\u00e1s m\u00ednima duda de la capacidad atl\u00e9tica, la competiticidad y la calidad deportiva de Khabib Nurmagomedov, aunque sobre su capacidad de","breadcrumb":{"@id":"https:\/\/deportesycomunicacion.com\/?p=5973#breadcrumb"},"inLanguage":"es","potentialAction":[{"@type":"ReadAction","target":["https:\/\/deportesycomunicacion.com\/?p=5973"]}]},{"@type":"ImageObject","inLanguage":"es","@id":"https:\/\/deportesycomunicacion.com\/?p=5973#primaryimage","url":"https:\/\/deportesycomunicacion.com\/wp-content\/uploads\/2018\/10\/emocion.jpg","contentUrl":"https:\/\/deportesycomunicacion.com\/wp-content\/uploads\/2018\/10\/emocion.jpg","width":500,"height":375},{"@type":"BreadcrumbList","@id":"https:\/\/deportesycomunicacion.com\/?p=5973#breadcrumb","itemListElement":[{"@type":"ListItem","position":1,"name":"Portada","item":"https:\/\/deportesycomunicacion.com\/"},{"@type":"ListItem","position":2,"name":"\u00bfTe acuerdas por qui\u00e9n hab\u00edas venido?"}]},{"@type":"WebSite","@id":"https:\/\/deportesycomunicacion.com\/#website","url":"https:\/\/deportesycomunicacion.com\/","name":"Deportes y Comunicaci\u00f3n","description":"Powered by Ivan Ferrer","publisher":{"@id":"https:\/\/deportesycomunicacion.com\/#organization"},"potentialAction":[{"@type":"SearchAction","target":{"@type":"EntryPoint","urlTemplate":"https:\/\/deportesycomunicacion.com\/?s={search_term_string}"},"query-input":{"@type":"PropertyValueSpecification","valueRequired":true,"valueName":"search_term_string"}}],"inLanguage":"es"},{"@type":"Organization","@id":"https:\/\/deportesycomunicacion.com\/#organization","name":"Deportes y Comunicaci\u00f3n","url":"https:\/\/deportesycomunicacion.com\/","logo":{"@type":"ImageObject","inLanguage":"es","@id":"https:\/\/deportesycomunicacion.com\/#\/schema\/logo\/image\/","url":"https:\/\/deportesycomunicacion.com\/wp-content\/uploads\/2013\/05\/cropped-Logo-Deportes-Comunicacion.jpg","contentUrl":"https:\/\/deportesycomunicacion.com\/wp-content\/uploads\/2013\/05\/cropped-Logo-Deportes-Comunicacion.jpg","width":300,"height":65,"caption":"Deportes y Comunicaci\u00f3n"},"image":{"@id":"https:\/\/deportesycomunicacion.com\/#\/schema\/logo\/image\/"},"sameAs":["https:\/\/www.facebook.com\/ivan.ferrercayuela","https:\/\/x.com\/IFC1976"]},{"@type":"Person","@id":"https:\/\/deportesycomunicacion.com\/#\/schema\/person\/5bd536572b924420557d2db2f98bdd16","name":"ivanferrer","url":"https:\/\/deportesycomunicacion.com\/?author=2"}]}},"_links":{"self":[{"href":"https:\/\/deportesycomunicacion.com\/index.php?rest_route=\/wp\/v2\/posts\/5973","targetHints":{"allow":["GET"]}}],"collection":[{"href":"https:\/\/deportesycomunicacion.com\/index.php?rest_route=\/wp\/v2\/posts"}],"about":[{"href":"https:\/\/deportesycomunicacion.com\/index.php?rest_route=\/wp\/v2\/types\/post"}],"author":[{"embeddable":true,"href":"https:\/\/deportesycomunicacion.com\/index.php?rest_route=\/wp\/v2\/users\/2"}],"replies":[{"embeddable":true,"href":"https:\/\/deportesycomunicacion.com\/index.php?rest_route=%2Fwp%2Fv2%2Fcomments&post=5973"}],"version-history":[{"count":2,"href":"https:\/\/deportesycomunicacion.com\/index.php?rest_route=\/wp\/v2\/posts\/5973\/revisions"}],"predecessor-version":[{"id":5980,"href":"https:\/\/deportesycomunicacion.com\/index.php?rest_route=\/wp\/v2\/posts\/5973\/revisions\/5980"}],"wp:featuredmedia":[{"embeddable":true,"href":"https:\/\/deportesycomunicacion.com\/index.php?rest_route=\/wp\/v2\/media\/5979"}],"wp:attachment":[{"href":"https:\/\/deportesycomunicacion.com\/index.php?rest_route=%2Fwp%2Fv2%2Fmedia&parent=5973"}],"wp:term":[{"taxonomy":"category","embeddable":true,"href":"https:\/\/deportesycomunicacion.com\/index.php?rest_route=%2Fwp%2Fv2%2Fcategories&post=5973"},{"taxonomy":"post_tag","embeddable":true,"href":"https:\/\/deportesycomunicacion.com\/index.php?rest_route=%2Fwp%2Fv2%2Ftags&post=5973"}],"curies":[{"name":"wp","href":"https:\/\/api.w.org\/{rel}","templated":true}]}}