{"id":5982,"date":"2018-10-16T18:20:34","date_gmt":"2018-10-16T16:20:34","guid":{"rendered":"http:\/\/deportesycomunicacion.com\/?p=5982"},"modified":"2018-10-16T18:20:34","modified_gmt":"2018-10-16T16:20:34","slug":"lo-aparcarias-sueno","status":"publish","type":"post","link":"https:\/\/deportesycomunicacion.com\/?p=5982","title":{"rendered":"\u00bfLo aparcar\u00edas todo por un sue\u00f1o?"},"content":{"rendered":"<p style=\"text-align: justify;\">Cuando ya tienes una cierta edad te das cuenta que la realidad convencional tiene una ruta marcada de antemano para ti, un plan trazado, un camino que debes seguir a pies juntillas sin plante\u00e1rtelo demasiado. En mi caso consisti\u00f3 en nacer, crecer, ir al colegio, estudiar el bachillerato, ir a la universidad, encontrar trabajo en una buena empresa (y jubilarme all\u00ed), encontrar pareja, tener ni\u00f1os\u2026 La mayor\u00eda de etapas se cumplieron, otras no (mi camino laboral ha dado bastantes vueltas).<\/p>\n<p style=\"text-align: justify;\">Uno de mis sue\u00f1os m\u00e1s h\u00famedos ha sido, desde ni\u00f1o, dedicarme al deporte profesionalmente. Mis condiciones no daban para m\u00e1s y, desde bien peque\u00f1o, lo supl\u00ed jugando y haciendo deporte porque sencillamente me encanta.<\/p>\n<p style=\"text-align: justify;\"><strong>Irantzu Garc\u00eda<\/strong> ha decidido aparcar su carrera de medicina para dedicarse en cuerpo y alma a conseguir billete para los <a href=\"https:\/\/es.wikipedia.org\/wiki\/Juegos_Ol%C3%ADmpicos_de_Pek%C3%ADn_2022\" target=\"_blank\"><strong>JJOO de Pek\u00edn en 2022<\/strong><\/a>. Un boleto para una de las disciplinas m\u00e1s desconocidas en un pa\u00eds de sol y playa en el que reina el f\u00fatbol; el <a href=\"http:\/\/www.rtve.es\/alacarta\/videos\/sochi-2014\/sochi-2014-modalidades-deportivas-curling\/2382091\" target=\"_blank\"><strong>curling<\/strong><\/a>. Se convierte, de esta manera, en la primera persona en Espa\u00f1a que se dedicar\u00e1 profesionalmente a este deporte. Sus ganas de explorar terreno desconocido la <a href=\"https:\/\/elpais.com\/deportes\/2018\/10\/14\/actualidad\/1539523869_546644.html\" target=\"_blank\"><strong>trasladar\u00e1n a Escocia para entrenar en las mejores condiciones posibles<\/strong><\/a>. Su plan B ya est\u00e1 trazado\u2026<\/p>\n<p style=\"text-align: justify;\"><strong>\u00bfTienes un plan vital marcado? \u00bfO te desviar\u00edas por algo que realmente mereciera la pena?<\/strong><\/p>\n<p style=\"text-align: justify;\">photo credit: sybarite48 <a href=\"http:\/\/www.flickr.com\/photos\/26082117@N07\/30515578278\">Mondoubleau (Loir-et-Cher)<\/a> via <a href=\"http:\/\/photopin.com\">photopin<\/a> <a href=\"https:\/\/creativecommons.org\/licenses\/by\/2.0\/\">(license)<\/a><\/p>\n","protected":false},"excerpt":{"rendered":"<p>Cuando ya tienes una cierta edad te das cuenta que la realidad convencional tiene una ruta &hellip; <a title=\"\u00bfLo aparcar\u00edas todo por un sue\u00f1o?\" class=\"hm-read-more\" href=\"https:\/\/deportesycomunicacion.com\/?p=5982\"><span class=\"screen-reader-text\">\u00bfLo aparcar\u00edas todo por un sue\u00f1o?<\/span>Leer m\u00e1s<\/a><\/p>\n","protected":false},"author":2,"featured_media":5987,"comment_status":"open","ping_status":"open","sticky":false,"template":"","format":"standard","meta":{"footnotes":""},"categories":[1906],"tags":[1910,1907,1908,1909],"class_list":["post-5982","post","type-post","status-publish","format-standard","has-post-thumbnail","hentry","category-curling","tag-cambio-vida","tag-curling","tag-irantzu-garcia","tag-objetivo-jjoo-2022"],"yoast_head":"<!-- This site is optimized with the Yoast SEO plugin v24.8.1 - https:\/\/yoast.com\/wordpress\/plugins\/seo\/ -->\n<title>\u00bfLo aparcar\u00edas todo por un sue\u00f1o?<\/title>\n<meta name=\"description\" content=\"Cuando ya tienes una cierta edad te das cuenta que la realidad convencional tiene una ruta marcada de antemano para ti, un plan trazado, un camino que\" \/>\n<meta name=\"robots\" content=\"index, follow, max-snippet:-1, max-image-preview:large, max-video-preview:-1\" \/>\n<link rel=\"canonical\" href=\"https:\/\/deportesycomunicacion.com\/?p=5982\" \/>\n<meta property=\"og:locale\" content=\"es_ES\" \/>\n<meta property=\"og:type\" content=\"article\" \/>\n<meta property=\"og:title\" content=\"\u00bfLo aparcar\u00edas todo por un sue\u00f1o?\" \/>\n<meta property=\"og:description\" content=\"Cuando ya tienes una cierta edad te das cuenta que la realidad convencional tiene una ruta marcada de antemano para ti, un plan trazado, un camino que\" \/>\n<meta property=\"og:url\" content=\"https:\/\/deportesycomunicacion.com\/?p=5982\" \/>\n<meta property=\"og:site_name\" content=\"Deportes y Comunicaci\u00f3n\" \/>\n<meta property=\"article:publisher\" content=\"https:\/\/www.facebook.com\/ivan.ferrercayuela\" \/>\n<meta property=\"article:published_time\" content=\"2018-10-16T16:20:34+00:00\" \/>\n<meta property=\"og:image\" content=\"https:\/\/deportesycomunicacion.com\/wp-content\/uploads\/2018\/10\/piedra3.jpg\" \/>\n\t<meta property=\"og:image:width\" content=\"500\" \/>\n\t<meta property=\"og:image:height\" content=\"331\" \/>\n\t<meta property=\"og:image:type\" content=\"image\/jpeg\" \/>\n<meta name=\"author\" content=\"ivanferrer\" \/>\n<meta name=\"twitter:card\" content=\"summary_large_image\" \/>\n<meta name=\"twitter:creator\" content=\"@IFC1976\" \/>\n<meta name=\"twitter:site\" content=\"@IFC1976\" \/>\n<meta name=\"twitter:label1\" content=\"Escrito por\" \/>\n\t<meta name=\"twitter:data1\" content=\"ivanferrer\" \/>\n\t<meta name=\"twitter:label2\" content=\"Tiempo de lectura\" \/>\n\t<meta name=\"twitter:data2\" content=\"1 minuto\" \/>\n<script type=\"application\/ld+json\" class=\"yoast-schema-graph\">{\"@context\":\"https:\/\/schema.org\",\"@graph\":[{\"@type\":\"Article\",\"@id\":\"https:\/\/deportesycomunicacion.com\/?p=5982#article\",\"isPartOf\":{\"@id\":\"https:\/\/deportesycomunicacion.com\/?p=5982\"},\"author\":{\"name\":\"ivanferrer\",\"@id\":\"https:\/\/deportesycomunicacion.com\/#\/schema\/person\/5bd536572b924420557d2db2f98bdd16\"},\"headline\":\"\u00bfLo aparcar\u00edas todo por un sue\u00f1o?\",\"datePublished\":\"2018-10-16T16:20:34+00:00\",\"mainEntityOfPage\":{\"@id\":\"https:\/\/deportesycomunicacion.com\/?p=5982\"},\"wordCount\":251,\"commentCount\":0,\"publisher\":{\"@id\":\"https:\/\/deportesycomunicacion.com\/#organization\"},\"image\":{\"@id\":\"https:\/\/deportesycomunicacion.com\/?p=5982#primaryimage\"},\"thumbnailUrl\":\"https:\/\/deportesycomunicacion.com\/wp-content\/uploads\/2018\/10\/piedra3.jpg\",\"keywords\":[\"CAMBIO VIDA\",\"CURLING\",\"IRANTZU GARCIA\",\"OBJETIVO JJOO 2022\"],\"articleSection\":[\"CURLING\"],\"inLanguage\":\"es\",\"potentialAction\":[{\"@type\":\"CommentAction\",\"name\":\"Comment\",\"target\":[\"https:\/\/deportesycomunicacion.com\/?p=5982#respond\"]}]},{\"@type\":\"WebPage\",\"@id\":\"https:\/\/deportesycomunicacion.com\/?p=5982\",\"url\":\"https:\/\/deportesycomunicacion.com\/?p=5982\",\"name\":\"\u00bfLo aparcar\u00edas todo por un sue\u00f1o?\",\"isPartOf\":{\"@id\":\"https:\/\/deportesycomunicacion.com\/#website\"},\"primaryImageOfPage\":{\"@id\":\"https:\/\/deportesycomunicacion.com\/?p=5982#primaryimage\"},\"image\":{\"@id\":\"https:\/\/deportesycomunicacion.com\/?p=5982#primaryimage\"},\"thumbnailUrl\":\"https:\/\/deportesycomunicacion.com\/wp-content\/uploads\/2018\/10\/piedra3.jpg\",\"datePublished\":\"2018-10-16T16:20:34+00:00\",\"description\":\"Cuando ya tienes una cierta edad te das cuenta que la realidad convencional tiene una ruta marcada de antemano para ti, un plan trazado, un camino que\",\"breadcrumb\":{\"@id\":\"https:\/\/deportesycomunicacion.com\/?p=5982#breadcrumb\"},\"inLanguage\":\"es\",\"potentialAction\":[{\"@type\":\"ReadAction\",\"target\":[\"https:\/\/deportesycomunicacion.com\/?p=5982\"]}]},{\"@type\":\"ImageObject\",\"inLanguage\":\"es\",\"@id\":\"https:\/\/deportesycomunicacion.com\/?p=5982#primaryimage\",\"url\":\"https:\/\/deportesycomunicacion.com\/wp-content\/uploads\/2018\/10\/piedra3.jpg\",\"contentUrl\":\"https:\/\/deportesycomunicacion.com\/wp-content\/uploads\/2018\/10\/piedra3.jpg\",\"width\":500,\"height\":331},{\"@type\":\"BreadcrumbList\",\"@id\":\"https:\/\/deportesycomunicacion.com\/?p=5982#breadcrumb\",\"itemListElement\":[{\"@type\":\"ListItem\",\"position\":1,\"name\":\"Portada\",\"item\":\"https:\/\/deportesycomunicacion.com\/\"},{\"@type\":\"ListItem\",\"position\":2,\"name\":\"\u00bfLo aparcar\u00edas todo por un sue\u00f1o?\"}]},{\"@type\":\"WebSite\",\"@id\":\"https:\/\/deportesycomunicacion.com\/#website\",\"url\":\"https:\/\/deportesycomunicacion.com\/\",\"name\":\"Deportes y Comunicaci\u00f3n\",\"description\":\"Powered by Ivan Ferrer\",\"publisher\":{\"@id\":\"https:\/\/deportesycomunicacion.com\/#organization\"},\"potentialAction\":[{\"@type\":\"SearchAction\",\"target\":{\"@type\":\"EntryPoint\",\"urlTemplate\":\"https:\/\/deportesycomunicacion.com\/?s={search_term_string}\"},\"query-input\":{\"@type\":\"PropertyValueSpecification\",\"valueRequired\":true,\"valueName\":\"search_term_string\"}}],\"inLanguage\":\"es\"},{\"@type\":\"Organization\",\"@id\":\"https:\/\/deportesycomunicacion.com\/#organization\",\"name\":\"Deportes y Comunicaci\u00f3n\",\"url\":\"https:\/\/deportesycomunicacion.com\/\",\"logo\":{\"@type\":\"ImageObject\",\"inLanguage\":\"es\",\"@id\":\"https:\/\/deportesycomunicacion.com\/#\/schema\/logo\/image\/\",\"url\":\"https:\/\/deportesycomunicacion.com\/wp-content\/uploads\/2013\/05\/cropped-Logo-Deportes-Comunicacion.jpg\",\"contentUrl\":\"https:\/\/deportesycomunicacion.com\/wp-content\/uploads\/2013\/05\/cropped-Logo-Deportes-Comunicacion.jpg\",\"width\":300,\"height\":65,\"caption\":\"Deportes y Comunicaci\u00f3n\"},\"image\":{\"@id\":\"https:\/\/deportesycomunicacion.com\/#\/schema\/logo\/image\/\"},\"sameAs\":[\"https:\/\/www.facebook.com\/ivan.ferrercayuela\",\"https:\/\/x.com\/IFC1976\"]},{\"@type\":\"Person\",\"@id\":\"https:\/\/deportesycomunicacion.com\/#\/schema\/person\/5bd536572b924420557d2db2f98bdd16\",\"name\":\"ivanferrer\",\"url\":\"https:\/\/deportesycomunicacion.com\/?author=2\"}]}<\/script>\n<!-- \/ Yoast SEO plugin. -->","yoast_head_json":{"title":"\u00bfLo aparcar\u00edas todo por un sue\u00f1o?","description":"Cuando ya tienes una cierta edad te das cuenta que la realidad convencional tiene una ruta marcada de antemano para ti, un plan trazado, un camino que","robots":{"index":"index","follow":"follow","max-snippet":"max-snippet:-1","max-image-preview":"max-image-preview:large","max-video-preview":"max-video-preview:-1"},"canonical":"https:\/\/deportesycomunicacion.com\/?p=5982","og_locale":"es_ES","og_type":"article","og_title":"\u00bfLo aparcar\u00edas todo por un sue\u00f1o?","og_description":"Cuando ya tienes una cierta edad te das cuenta que la realidad convencional tiene una ruta marcada de antemano para ti, un plan trazado, un camino que","og_url":"https:\/\/deportesycomunicacion.com\/?p=5982","og_site_name":"Deportes y Comunicaci\u00f3n","article_publisher":"https:\/\/www.facebook.com\/ivan.ferrercayuela","article_published_time":"2018-10-16T16:20:34+00:00","og_image":[{"width":500,"height":331,"url":"https:\/\/deportesycomunicacion.com\/wp-content\/uploads\/2018\/10\/piedra3.jpg","type":"image\/jpeg"}],"author":"ivanferrer","twitter_card":"summary_large_image","twitter_creator":"@IFC1976","twitter_site":"@IFC1976","twitter_misc":{"Escrito por":"ivanferrer","Tiempo de lectura":"1 minuto"},"schema":{"@context":"https:\/\/schema.org","@graph":[{"@type":"Article","@id":"https:\/\/deportesycomunicacion.com\/?p=5982#article","isPartOf":{"@id":"https:\/\/deportesycomunicacion.com\/?p=5982"},"author":{"name":"ivanferrer","@id":"https:\/\/deportesycomunicacion.com\/#\/schema\/person\/5bd536572b924420557d2db2f98bdd16"},"headline":"\u00bfLo aparcar\u00edas todo por un sue\u00f1o?","datePublished":"2018-10-16T16:20:34+00:00","mainEntityOfPage":{"@id":"https:\/\/deportesycomunicacion.com\/?p=5982"},"wordCount":251,"commentCount":0,"publisher":{"@id":"https:\/\/deportesycomunicacion.com\/#organization"},"image":{"@id":"https:\/\/deportesycomunicacion.com\/?p=5982#primaryimage"},"thumbnailUrl":"https:\/\/deportesycomunicacion.com\/wp-content\/uploads\/2018\/10\/piedra3.jpg","keywords":["CAMBIO VIDA","CURLING","IRANTZU GARCIA","OBJETIVO JJOO 2022"],"articleSection":["CURLING"],"inLanguage":"es","potentialAction":[{"@type":"CommentAction","name":"Comment","target":["https:\/\/deportesycomunicacion.com\/?p=5982#respond"]}]},{"@type":"WebPage","@id":"https:\/\/deportesycomunicacion.com\/?p=5982","url":"https:\/\/deportesycomunicacion.com\/?p=5982","name":"\u00bfLo aparcar\u00edas todo por un sue\u00f1o?","isPartOf":{"@id":"https:\/\/deportesycomunicacion.com\/#website"},"primaryImageOfPage":{"@id":"https:\/\/deportesycomunicacion.com\/?p=5982#primaryimage"},"image":{"@id":"https:\/\/deportesycomunicacion.com\/?p=5982#primaryimage"},"thumbnailUrl":"https:\/\/deportesycomunicacion.com\/wp-content\/uploads\/2018\/10\/piedra3.jpg","datePublished":"2018-10-16T16:20:34+00:00","description":"Cuando ya tienes una cierta edad te das cuenta que la realidad convencional tiene una ruta marcada de antemano para ti, un plan trazado, un camino que","breadcrumb":{"@id":"https:\/\/deportesycomunicacion.com\/?p=5982#breadcrumb"},"inLanguage":"es","potentialAction":[{"@type":"ReadAction","target":["https:\/\/deportesycomunicacion.com\/?p=5982"]}]},{"@type":"ImageObject","inLanguage":"es","@id":"https:\/\/deportesycomunicacion.com\/?p=5982#primaryimage","url":"https:\/\/deportesycomunicacion.com\/wp-content\/uploads\/2018\/10\/piedra3.jpg","contentUrl":"https:\/\/deportesycomunicacion.com\/wp-content\/uploads\/2018\/10\/piedra3.jpg","width":500,"height":331},{"@type":"BreadcrumbList","@id":"https:\/\/deportesycomunicacion.com\/?p=5982#breadcrumb","itemListElement":[{"@type":"ListItem","position":1,"name":"Portada","item":"https:\/\/deportesycomunicacion.com\/"},{"@type":"ListItem","position":2,"name":"\u00bfLo aparcar\u00edas todo por un sue\u00f1o?"}]},{"@type":"WebSite","@id":"https:\/\/deportesycomunicacion.com\/#website","url":"https:\/\/deportesycomunicacion.com\/","name":"Deportes y Comunicaci\u00f3n","description":"Powered by Ivan Ferrer","publisher":{"@id":"https:\/\/deportesycomunicacion.com\/#organization"},"potentialAction":[{"@type":"SearchAction","target":{"@type":"EntryPoint","urlTemplate":"https:\/\/deportesycomunicacion.com\/?s={search_term_string}"},"query-input":{"@type":"PropertyValueSpecification","valueRequired":true,"valueName":"search_term_string"}}],"inLanguage":"es"},{"@type":"Organization","@id":"https:\/\/deportesycomunicacion.com\/#organization","name":"Deportes y Comunicaci\u00f3n","url":"https:\/\/deportesycomunicacion.com\/","logo":{"@type":"ImageObject","inLanguage":"es","@id":"https:\/\/deportesycomunicacion.com\/#\/schema\/logo\/image\/","url":"https:\/\/deportesycomunicacion.com\/wp-content\/uploads\/2013\/05\/cropped-Logo-Deportes-Comunicacion.jpg","contentUrl":"https:\/\/deportesycomunicacion.com\/wp-content\/uploads\/2013\/05\/cropped-Logo-Deportes-Comunicacion.jpg","width":300,"height":65,"caption":"Deportes y Comunicaci\u00f3n"},"image":{"@id":"https:\/\/deportesycomunicacion.com\/#\/schema\/logo\/image\/"},"sameAs":["https:\/\/www.facebook.com\/ivan.ferrercayuela","https:\/\/x.com\/IFC1976"]},{"@type":"Person","@id":"https:\/\/deportesycomunicacion.com\/#\/schema\/person\/5bd536572b924420557d2db2f98bdd16","name":"ivanferrer","url":"https:\/\/deportesycomunicacion.com\/?author=2"}]}},"_links":{"self":[{"href":"https:\/\/deportesycomunicacion.com\/index.php?rest_route=\/wp\/v2\/posts\/5982","targetHints":{"allow":["GET"]}}],"collection":[{"href":"https:\/\/deportesycomunicacion.com\/index.php?rest_route=\/wp\/v2\/posts"}],"about":[{"href":"https:\/\/deportesycomunicacion.com\/index.php?rest_route=\/wp\/v2\/types\/post"}],"author":[{"embeddable":true,"href":"https:\/\/deportesycomunicacion.com\/index.php?rest_route=\/wp\/v2\/users\/2"}],"replies":[{"embeddable":true,"href":"https:\/\/deportesycomunicacion.com\/index.php?rest_route=%2Fwp%2Fv2%2Fcomments&post=5982"}],"version-history":[{"count":3,"href":"https:\/\/deportesycomunicacion.com\/index.php?rest_route=\/wp\/v2\/posts\/5982\/revisions"}],"predecessor-version":[{"id":5989,"href":"https:\/\/deportesycomunicacion.com\/index.php?rest_route=\/wp\/v2\/posts\/5982\/revisions\/5989"}],"wp:featuredmedia":[{"embeddable":true,"href":"https:\/\/deportesycomunicacion.com\/index.php?rest_route=\/wp\/v2\/media\/5987"}],"wp:attachment":[{"href":"https:\/\/deportesycomunicacion.com\/index.php?rest_route=%2Fwp%2Fv2%2Fmedia&parent=5982"}],"wp:term":[{"taxonomy":"category","embeddable":true,"href":"https:\/\/deportesycomunicacion.com\/index.php?rest_route=%2Fwp%2Fv2%2Fcategories&post=5982"},{"taxonomy":"post_tag","embeddable":true,"href":"https:\/\/deportesycomunicacion.com\/index.php?rest_route=%2Fwp%2Fv2%2Ftags&post=5982"}],"curies":[{"name":"wp","href":"https:\/\/api.w.org\/{rel}","templated":true}]}}