{"id":6192,"date":"2019-02-05T16:44:30","date_gmt":"2019-02-05T15:44:30","guid":{"rendered":"http:\/\/deportesycomunicacion.com\/?p=6192"},"modified":"2019-02-05T16:44:30","modified_gmt":"2019-02-05T15:44:30","slug":"pepu-presidente","status":"publish","type":"post","link":"https:\/\/deportesycomunicacion.com\/?p=6192","title":{"rendered":"\u00bfPepu Presidente?"},"content":{"rendered":"<p style=\"text-align: justify;\">La verdad que no entiendo el esc\u00e1ndalo y el revuelo que ha levantado la candidatura de <strong>Pepu Hern\u00e1ndez como alcaldable por el PSOE en la ciudad de Madrid<\/strong>. No entiendo a qu\u00e9 vienen tantas <a href=\"https:\/\/www.elperiodico.com\/es\/politica\/20190202\/alfonso-guerra-pepu-hernandez-candidato-psoe-madrid-7282385\" target=\"_blank\"><strong>cr\u00edticas<\/strong><\/a>. Cuando lo realmente triste es encontrarte, cara a cara, con un p\u00e1jaro cuyo \u00fanico activo es el de haberse dedicado a la pol\u00edtica de partido, desde su m\u00e1s tierna infancia; y nada m\u00e1s. Yo, de un cutre, rancio y gris profesional de la pol\u00edtica, un ser capaz de vender a su madre por un triste plato de lentejas, me f\u00edo un 0%. Debo ser bastante ingenuo, pero en lo que creo firmemente es en la <strong>pol\u00edtica<\/strong> como servicio p\u00fablico puntual y acotado en el tiempo, y no un cheque en blanco como forma de vida ilimitada para chupar constantemente de las arcas p\u00fablicas.<\/p>\n<p style=\"text-align: justify;\">No podr\u00e9 ser nunca acusado de votar al partido socialista, pero <a href=\"http:\/\/www.rtve.es\/alacarta\/videos\/comunicar-es-ganar\/comunicar-ganar-pepu-hernandez\/1581399\/\" target=\"_blank\"><strong>me parece una buena opci\u00f3n<\/strong><\/a> de alcalde alguien que sabe trabajar con los dem\u00e1s, sacar lo mejor de las individualidades al servicio del grupo, estar en un segundo plano como director de orquesta (operando como un l\u00edder silencioso) y ser capaz de alcanzar cotas \u00fanicas e inimaginables (y encima desprender un ambiente de buen rollo bestial). Yo con una persona as\u00ed, que transmite valores humanos como el compa\u00f1erismo y el trabajo en equipo me <strong>fiar\u00eda<\/strong> con los ojos cerrados.<\/p>\n<p style=\"text-align: justify;\"><strong>\u00bfUn profesional del deporte puede dedicarse a la pol\u00edtica con \u00e9xito? \u00bfO son dos mundos que se repelen?<\/strong><\/p>\n<p>photo credit: HansPermana <a href=\"http:\/\/www.flickr.com\/photos\/128730796@N02\/45973766585\">Palacio Real de Madrid<\/a> via <a href=\"http:\/\/photopin.com\">photopin<\/a> <a href=\"https:\/\/creativecommons.org\/licenses\/by-nc\/2.0\/\">(license)<\/a><\/p>\n","protected":false},"excerpt":{"rendered":"<p>La verdad que no entiendo el esc\u00e1ndalo y el revuelo que ha levantado la candidatura de &hellip; <a title=\"\u00bfPepu Presidente?\" class=\"hm-read-more\" href=\"https:\/\/deportesycomunicacion.com\/?p=6192\"><span class=\"screen-reader-text\">\u00bfPepu Presidente?<\/span>Leer m\u00e1s<\/a><\/p>\n","protected":false},"author":2,"featured_media":6201,"comment_status":"open","ping_status":"open","sticky":false,"template":"","format":"standard","meta":{"footnotes":""},"categories":[12],"tags":[1057,1979,35,1978,1025],"class_list":["post-6192","post","type-post","status-publish","format-standard","has-post-thumbnail","hentry","category-baloncesto","tag-baloncesto","tag-candidato-psoe-alcaldia-madrid","tag-confianza","tag-pepu-hernandez","tag-politica"],"yoast_head":"<!-- This site is optimized with the Yoast SEO plugin v24.8.1 - https:\/\/yoast.com\/wordpress\/plugins\/seo\/ -->\n<title>\u00bfPepu Presidente?<\/title>\n<meta name=\"description\" content=\"La verdad que no entiendo el esc\u00e1ndalo y el revuelo que ha levantado la candidatura de Pepu Hern\u00e1ndez como alcaldable por el PSOE en la ciudad de Madrid.\" \/>\n<meta name=\"robots\" content=\"index, follow, max-snippet:-1, max-image-preview:large, max-video-preview:-1\" \/>\n<link rel=\"canonical\" href=\"https:\/\/deportesycomunicacion.com\/?p=6192\" \/>\n<meta property=\"og:locale\" content=\"es_ES\" \/>\n<meta property=\"og:type\" content=\"article\" \/>\n<meta property=\"og:title\" content=\"\u00bfPepu Presidente?\" \/>\n<meta property=\"og:description\" content=\"La verdad que no entiendo el esc\u00e1ndalo y el revuelo que ha levantado la candidatura de Pepu Hern\u00e1ndez como alcaldable por el PSOE en la ciudad de Madrid.\" \/>\n<meta property=\"og:url\" content=\"https:\/\/deportesycomunicacion.com\/?p=6192\" \/>\n<meta property=\"og:site_name\" content=\"Deportes y Comunicaci\u00f3n\" \/>\n<meta property=\"article:publisher\" content=\"https:\/\/www.facebook.com\/ivan.ferrercayuela\" \/>\n<meta property=\"article:published_time\" content=\"2019-02-05T15:44:30+00:00\" \/>\n<meta property=\"og:image\" content=\"https:\/\/deportesycomunicacion.com\/wp-content\/uploads\/2019\/02\/Madrid.jpg\" \/>\n\t<meta property=\"og:image:width\" content=\"500\" \/>\n\t<meta property=\"og:image:height\" content=\"281\" \/>\n\t<meta property=\"og:image:type\" content=\"image\/jpeg\" \/>\n<meta name=\"author\" content=\"ivanferrer\" \/>\n<meta name=\"twitter:card\" content=\"summary_large_image\" \/>\n<meta name=\"twitter:creator\" content=\"@IFC1976\" \/>\n<meta name=\"twitter:site\" content=\"@IFC1976\" \/>\n<meta name=\"twitter:label1\" content=\"Escrito por\" \/>\n\t<meta name=\"twitter:data1\" content=\"ivanferrer\" \/>\n\t<meta name=\"twitter:label2\" content=\"Tiempo de lectura\" \/>\n\t<meta name=\"twitter:data2\" content=\"1 minuto\" \/>\n<script type=\"application\/ld+json\" class=\"yoast-schema-graph\">{\"@context\":\"https:\/\/schema.org\",\"@graph\":[{\"@type\":\"Article\",\"@id\":\"https:\/\/deportesycomunicacion.com\/?p=6192#article\",\"isPartOf\":{\"@id\":\"https:\/\/deportesycomunicacion.com\/?p=6192\"},\"author\":{\"name\":\"ivanferrer\",\"@id\":\"https:\/\/deportesycomunicacion.com\/#\/schema\/person\/5bd536572b924420557d2db2f98bdd16\"},\"headline\":\"\u00bfPepu Presidente?\",\"datePublished\":\"2019-02-05T15:44:30+00:00\",\"mainEntityOfPage\":{\"@id\":\"https:\/\/deportesycomunicacion.com\/?p=6192\"},\"wordCount\":275,\"commentCount\":0,\"publisher\":{\"@id\":\"https:\/\/deportesycomunicacion.com\/#organization\"},\"image\":{\"@id\":\"https:\/\/deportesycomunicacion.com\/?p=6192#primaryimage\"},\"thumbnailUrl\":\"https:\/\/deportesycomunicacion.com\/wp-content\/uploads\/2019\/02\/Madrid.jpg\",\"keywords\":[\"BALONCESTO\",\"CANDIDATO PSOE ALCALDIA MADRID\",\"CONFIANZA\",\"PEPU HERNANDEZ\",\"POLITICA\"],\"articleSection\":[\"BALONCESTO\"],\"inLanguage\":\"es\",\"potentialAction\":[{\"@type\":\"CommentAction\",\"name\":\"Comment\",\"target\":[\"https:\/\/deportesycomunicacion.com\/?p=6192#respond\"]}]},{\"@type\":\"WebPage\",\"@id\":\"https:\/\/deportesycomunicacion.com\/?p=6192\",\"url\":\"https:\/\/deportesycomunicacion.com\/?p=6192\",\"name\":\"\u00bfPepu Presidente?\",\"isPartOf\":{\"@id\":\"https:\/\/deportesycomunicacion.com\/#website\"},\"primaryImageOfPage\":{\"@id\":\"https:\/\/deportesycomunicacion.com\/?p=6192#primaryimage\"},\"image\":{\"@id\":\"https:\/\/deportesycomunicacion.com\/?p=6192#primaryimage\"},\"thumbnailUrl\":\"https:\/\/deportesycomunicacion.com\/wp-content\/uploads\/2019\/02\/Madrid.jpg\",\"datePublished\":\"2019-02-05T15:44:30+00:00\",\"description\":\"La verdad que no entiendo el esc\u00e1ndalo y el revuelo que ha levantado la candidatura de Pepu Hern\u00e1ndez como alcaldable por el PSOE en la ciudad de Madrid.\",\"breadcrumb\":{\"@id\":\"https:\/\/deportesycomunicacion.com\/?p=6192#breadcrumb\"},\"inLanguage\":\"es\",\"potentialAction\":[{\"@type\":\"ReadAction\",\"target\":[\"https:\/\/deportesycomunicacion.com\/?p=6192\"]}]},{\"@type\":\"ImageObject\",\"inLanguage\":\"es\",\"@id\":\"https:\/\/deportesycomunicacion.com\/?p=6192#primaryimage\",\"url\":\"https:\/\/deportesycomunicacion.com\/wp-content\/uploads\/2019\/02\/Madrid.jpg\",\"contentUrl\":\"https:\/\/deportesycomunicacion.com\/wp-content\/uploads\/2019\/02\/Madrid.jpg\",\"width\":500,\"height\":281},{\"@type\":\"BreadcrumbList\",\"@id\":\"https:\/\/deportesycomunicacion.com\/?p=6192#breadcrumb\",\"itemListElement\":[{\"@type\":\"ListItem\",\"position\":1,\"name\":\"Portada\",\"item\":\"https:\/\/deportesycomunicacion.com\/\"},{\"@type\":\"ListItem\",\"position\":2,\"name\":\"\u00bfPepu Presidente?\"}]},{\"@type\":\"WebSite\",\"@id\":\"https:\/\/deportesycomunicacion.com\/#website\",\"url\":\"https:\/\/deportesycomunicacion.com\/\",\"name\":\"Deportes y Comunicaci\u00f3n\",\"description\":\"Powered by Ivan Ferrer\",\"publisher\":{\"@id\":\"https:\/\/deportesycomunicacion.com\/#organization\"},\"potentialAction\":[{\"@type\":\"SearchAction\",\"target\":{\"@type\":\"EntryPoint\",\"urlTemplate\":\"https:\/\/deportesycomunicacion.com\/?s={search_term_string}\"},\"query-input\":{\"@type\":\"PropertyValueSpecification\",\"valueRequired\":true,\"valueName\":\"search_term_string\"}}],\"inLanguage\":\"es\"},{\"@type\":\"Organization\",\"@id\":\"https:\/\/deportesycomunicacion.com\/#organization\",\"name\":\"Deportes y Comunicaci\u00f3n\",\"url\":\"https:\/\/deportesycomunicacion.com\/\",\"logo\":{\"@type\":\"ImageObject\",\"inLanguage\":\"es\",\"@id\":\"https:\/\/deportesycomunicacion.com\/#\/schema\/logo\/image\/\",\"url\":\"https:\/\/deportesycomunicacion.com\/wp-content\/uploads\/2013\/05\/cropped-Logo-Deportes-Comunicacion.jpg\",\"contentUrl\":\"https:\/\/deportesycomunicacion.com\/wp-content\/uploads\/2013\/05\/cropped-Logo-Deportes-Comunicacion.jpg\",\"width\":300,\"height\":65,\"caption\":\"Deportes y Comunicaci\u00f3n\"},\"image\":{\"@id\":\"https:\/\/deportesycomunicacion.com\/#\/schema\/logo\/image\/\"},\"sameAs\":[\"https:\/\/www.facebook.com\/ivan.ferrercayuela\",\"https:\/\/x.com\/IFC1976\"]},{\"@type\":\"Person\",\"@id\":\"https:\/\/deportesycomunicacion.com\/#\/schema\/person\/5bd536572b924420557d2db2f98bdd16\",\"name\":\"ivanferrer\",\"url\":\"https:\/\/deportesycomunicacion.com\/?author=2\"}]}<\/script>\n<!-- \/ Yoast SEO plugin. -->","yoast_head_json":{"title":"\u00bfPepu Presidente?","description":"La verdad que no entiendo el esc\u00e1ndalo y el revuelo que ha levantado la candidatura de Pepu Hern\u00e1ndez como alcaldable por el PSOE en la ciudad de Madrid.","robots":{"index":"index","follow":"follow","max-snippet":"max-snippet:-1","max-image-preview":"max-image-preview:large","max-video-preview":"max-video-preview:-1"},"canonical":"https:\/\/deportesycomunicacion.com\/?p=6192","og_locale":"es_ES","og_type":"article","og_title":"\u00bfPepu Presidente?","og_description":"La verdad que no entiendo el esc\u00e1ndalo y el revuelo que ha levantado la candidatura de Pepu Hern\u00e1ndez como alcaldable por el PSOE en la ciudad de Madrid.","og_url":"https:\/\/deportesycomunicacion.com\/?p=6192","og_site_name":"Deportes y Comunicaci\u00f3n","article_publisher":"https:\/\/www.facebook.com\/ivan.ferrercayuela","article_published_time":"2019-02-05T15:44:30+00:00","og_image":[{"width":500,"height":281,"url":"https:\/\/deportesycomunicacion.com\/wp-content\/uploads\/2019\/02\/Madrid.jpg","type":"image\/jpeg"}],"author":"ivanferrer","twitter_card":"summary_large_image","twitter_creator":"@IFC1976","twitter_site":"@IFC1976","twitter_misc":{"Escrito por":"ivanferrer","Tiempo de lectura":"1 minuto"},"schema":{"@context":"https:\/\/schema.org","@graph":[{"@type":"Article","@id":"https:\/\/deportesycomunicacion.com\/?p=6192#article","isPartOf":{"@id":"https:\/\/deportesycomunicacion.com\/?p=6192"},"author":{"name":"ivanferrer","@id":"https:\/\/deportesycomunicacion.com\/#\/schema\/person\/5bd536572b924420557d2db2f98bdd16"},"headline":"\u00bfPepu Presidente?","datePublished":"2019-02-05T15:44:30+00:00","mainEntityOfPage":{"@id":"https:\/\/deportesycomunicacion.com\/?p=6192"},"wordCount":275,"commentCount":0,"publisher":{"@id":"https:\/\/deportesycomunicacion.com\/#organization"},"image":{"@id":"https:\/\/deportesycomunicacion.com\/?p=6192#primaryimage"},"thumbnailUrl":"https:\/\/deportesycomunicacion.com\/wp-content\/uploads\/2019\/02\/Madrid.jpg","keywords":["BALONCESTO","CANDIDATO PSOE ALCALDIA MADRID","CONFIANZA","PEPU HERNANDEZ","POLITICA"],"articleSection":["BALONCESTO"],"inLanguage":"es","potentialAction":[{"@type":"CommentAction","name":"Comment","target":["https:\/\/deportesycomunicacion.com\/?p=6192#respond"]}]},{"@type":"WebPage","@id":"https:\/\/deportesycomunicacion.com\/?p=6192","url":"https:\/\/deportesycomunicacion.com\/?p=6192","name":"\u00bfPepu Presidente?","isPartOf":{"@id":"https:\/\/deportesycomunicacion.com\/#website"},"primaryImageOfPage":{"@id":"https:\/\/deportesycomunicacion.com\/?p=6192#primaryimage"},"image":{"@id":"https:\/\/deportesycomunicacion.com\/?p=6192#primaryimage"},"thumbnailUrl":"https:\/\/deportesycomunicacion.com\/wp-content\/uploads\/2019\/02\/Madrid.jpg","datePublished":"2019-02-05T15:44:30+00:00","description":"La verdad que no entiendo el esc\u00e1ndalo y el revuelo que ha levantado la candidatura de Pepu Hern\u00e1ndez como alcaldable por el PSOE en la ciudad de Madrid.","breadcrumb":{"@id":"https:\/\/deportesycomunicacion.com\/?p=6192#breadcrumb"},"inLanguage":"es","potentialAction":[{"@type":"ReadAction","target":["https:\/\/deportesycomunicacion.com\/?p=6192"]}]},{"@type":"ImageObject","inLanguage":"es","@id":"https:\/\/deportesycomunicacion.com\/?p=6192#primaryimage","url":"https:\/\/deportesycomunicacion.com\/wp-content\/uploads\/2019\/02\/Madrid.jpg","contentUrl":"https:\/\/deportesycomunicacion.com\/wp-content\/uploads\/2019\/02\/Madrid.jpg","width":500,"height":281},{"@type":"BreadcrumbList","@id":"https:\/\/deportesycomunicacion.com\/?p=6192#breadcrumb","itemListElement":[{"@type":"ListItem","position":1,"name":"Portada","item":"https:\/\/deportesycomunicacion.com\/"},{"@type":"ListItem","position":2,"name":"\u00bfPepu Presidente?"}]},{"@type":"WebSite","@id":"https:\/\/deportesycomunicacion.com\/#website","url":"https:\/\/deportesycomunicacion.com\/","name":"Deportes y Comunicaci\u00f3n","description":"Powered by Ivan Ferrer","publisher":{"@id":"https:\/\/deportesycomunicacion.com\/#organization"},"potentialAction":[{"@type":"SearchAction","target":{"@type":"EntryPoint","urlTemplate":"https:\/\/deportesycomunicacion.com\/?s={search_term_string}"},"query-input":{"@type":"PropertyValueSpecification","valueRequired":true,"valueName":"search_term_string"}}],"inLanguage":"es"},{"@type":"Organization","@id":"https:\/\/deportesycomunicacion.com\/#organization","name":"Deportes y Comunicaci\u00f3n","url":"https:\/\/deportesycomunicacion.com\/","logo":{"@type":"ImageObject","inLanguage":"es","@id":"https:\/\/deportesycomunicacion.com\/#\/schema\/logo\/image\/","url":"https:\/\/deportesycomunicacion.com\/wp-content\/uploads\/2013\/05\/cropped-Logo-Deportes-Comunicacion.jpg","contentUrl":"https:\/\/deportesycomunicacion.com\/wp-content\/uploads\/2013\/05\/cropped-Logo-Deportes-Comunicacion.jpg","width":300,"height":65,"caption":"Deportes y Comunicaci\u00f3n"},"image":{"@id":"https:\/\/deportesycomunicacion.com\/#\/schema\/logo\/image\/"},"sameAs":["https:\/\/www.facebook.com\/ivan.ferrercayuela","https:\/\/x.com\/IFC1976"]},{"@type":"Person","@id":"https:\/\/deportesycomunicacion.com\/#\/schema\/person\/5bd536572b924420557d2db2f98bdd16","name":"ivanferrer","url":"https:\/\/deportesycomunicacion.com\/?author=2"}]}},"_links":{"self":[{"href":"https:\/\/deportesycomunicacion.com\/index.php?rest_route=\/wp\/v2\/posts\/6192","targetHints":{"allow":["GET"]}}],"collection":[{"href":"https:\/\/deportesycomunicacion.com\/index.php?rest_route=\/wp\/v2\/posts"}],"about":[{"href":"https:\/\/deportesycomunicacion.com\/index.php?rest_route=\/wp\/v2\/types\/post"}],"author":[{"embeddable":true,"href":"https:\/\/deportesycomunicacion.com\/index.php?rest_route=\/wp\/v2\/users\/2"}],"replies":[{"embeddable":true,"href":"https:\/\/deportesycomunicacion.com\/index.php?rest_route=%2Fwp%2Fv2%2Fcomments&post=6192"}],"version-history":[{"count":2,"href":"https:\/\/deportesycomunicacion.com\/index.php?rest_route=\/wp\/v2\/posts\/6192\/revisions"}],"predecessor-version":[{"id":6202,"href":"https:\/\/deportesycomunicacion.com\/index.php?rest_route=\/wp\/v2\/posts\/6192\/revisions\/6202"}],"wp:featuredmedia":[{"embeddable":true,"href":"https:\/\/deportesycomunicacion.com\/index.php?rest_route=\/wp\/v2\/media\/6201"}],"wp:attachment":[{"href":"https:\/\/deportesycomunicacion.com\/index.php?rest_route=%2Fwp%2Fv2%2Fmedia&parent=6192"}],"wp:term":[{"taxonomy":"category","embeddable":true,"href":"https:\/\/deportesycomunicacion.com\/index.php?rest_route=%2Fwp%2Fv2%2Fcategories&post=6192"},{"taxonomy":"post_tag","embeddable":true,"href":"https:\/\/deportesycomunicacion.com\/index.php?rest_route=%2Fwp%2Fv2%2Ftags&post=6192"}],"curies":[{"name":"wp","href":"https:\/\/api.w.org\/{rel}","templated":true}]}}