{"id":6264,"date":"2019-03-07T16:12:08","date_gmt":"2019-03-07T15:12:08","guid":{"rendered":"http:\/\/deportesycomunicacion.com\/?p=6264"},"modified":"2019-03-07T16:12:08","modified_gmt":"2019-03-07T15:12:08","slug":"te-va-demasiado-carnaval","status":"publish","type":"post","link":"https:\/\/deportesycomunicacion.com\/?p=6264","title":{"rendered":"\u00bfTe va demasiado el carnaval?"},"content":{"rendered":"<p style=\"text-align: justify;\">Existe una estirpe de deportistas que se encomiendan en cuerpo y alma a la tarea de ser cada d\u00eda mejores. Personas que se enfrentan descaradamente a las leyes de la biolog\u00eda, centr\u00e1ndose en el presente como \u00fanico medio para asegurarse un futuro inmediato en la c\u00faspide de la pir\u00e1mide. <strong>Rafa Nadal<\/strong> es uno de los mejores ejemplos de esa categor\u00eda de deportistas: siempre quiere mejorar a base de trabajo, sacrificio, perseverancia, disciplina. Es muy <strong>autocr\u00edtico<\/strong> con su desempe\u00f1o, respeta a sus rivales (la verdad que da envidia el fair play en el mundo del tenis) y dispone de una alta capacidad de aguante. Solo hay que ver una charla de menos de 20 minutos de su entrenador y t\u00edo, <a href=\"https:\/\/www.youtube.com\/watch?v=FXL2G1p-EDw\" target=\"_blank\"><strong>Toni Nadal<\/strong><\/a>, para entender la figura de este gran tenista.<\/p>\n<p style=\"text-align: justify;\">Y hay otro linaje, el de los que llegan a la cima, han probado las mieles del \u00e9xito, han visto lo que hay, y dejan de pisar el acelerador\u2026 En este apartado me merece un inmenso respeto Nico Rosberg, que m\u00e1s que frenar se baj\u00f3 del coche y <a href=\"https:\/\/www.marca.com\/motor\/formula1\/2016\/12\/02\/5841774be5fdeaf1168b46cb.html\" target=\"_blank\"><strong>se retir\u00f3 tras cumplir su sue\u00f1o de ni\u00f1o: ser campe\u00f3n de F1<\/strong><\/a>. Uno de los cabecillas de esta familia, una de sus caras m\u00e1s visibles, es irremediablemente <strong><a href=\"https:\/\/www.elperiodico.com\/es\/deportes\/20190305\/neymar-recuperacion-lesion-carnaval-rio-7337246\" target=\"_blank\">Neymar<\/a><\/strong>. El brasile\u00f1o disfruta del carnaval, al cabo de muy pocos d\u00edas de dejar las muletas. Creo que si pillara Toni Nadal a Neymar, no superar\u00eda ni los primeros cinco minutos\u2026<\/p>\n<p style=\"text-align: justify;\"><strong>\u00bfEres de los que luchan sin descanso para mantenerte arriba? \u00bfO cuando llegas es entonces momento de disfrutar?<\/strong><\/p>\n<p>photo credit: Nemodus photos <a href=\"http:\/\/www.flickr.com\/photos\/7935996@N04\/13172697063\">Carnival of Venice 2014 &#8211; Carnevale di Venezia 2014 &#8211; Carnavale de Venise 2014<\/a> via <a href=\"http:\/\/photopin.com\">photopin<\/a> <a href=\"https:\/\/creativecommons.org\/licenses\/by-nc-nd\/2.0\/\">(license)<\/a><\/p>\n","protected":false},"excerpt":{"rendered":"<p>Existe una estirpe de deportistas que se encomiendan en cuerpo y alma a la tarea de &hellip; <a title=\"\u00bfTe va demasiado el carnaval?\" class=\"hm-read-more\" href=\"https:\/\/deportesycomunicacion.com\/?p=6264\"><span class=\"screen-reader-text\">\u00bfTe va demasiado el carnaval?<\/span>Leer m\u00e1s<\/a><\/p>\n","protected":false},"author":2,"featured_media":6269,"comment_status":"open","ping_status":"open","sticky":false,"template":"","format":"standard","meta":{"footnotes":""},"categories":[7,160],"tags":[254,306,1056,1856,2005,1069],"class_list":["post-6264","post","type-post","status-publish","format-standard","has-post-thumbnail","hentry","category-futbol","category-tenis","tag-autoexigencia","tag-compromiso","tag-futbol","tag-neymar-jr","tag-rafa-nadal","tag-tenis"],"yoast_head":"<!-- This site is optimized with the Yoast SEO plugin v24.8.1 - https:\/\/yoast.com\/wordpress\/plugins\/seo\/ -->\n<title>\u00bfTe va demasiado el carnaval?<\/title>\n<meta name=\"description\" content=\"Existe una estirpe de deportistas que se encomiendan en cuerpo y alma a la tarea de ser cada d\u00eda mejores. Personas que se enfrentan descaradamente a las\" \/>\n<meta name=\"robots\" content=\"index, follow, max-snippet:-1, max-image-preview:large, max-video-preview:-1\" \/>\n<link rel=\"canonical\" href=\"https:\/\/deportesycomunicacion.com\/?p=6264\" \/>\n<meta property=\"og:locale\" content=\"es_ES\" \/>\n<meta property=\"og:type\" content=\"article\" \/>\n<meta property=\"og:title\" content=\"\u00bfTe va demasiado el carnaval?\" \/>\n<meta property=\"og:description\" content=\"Existe una estirpe de deportistas que se encomiendan en cuerpo y alma a la tarea de ser cada d\u00eda mejores. Personas que se enfrentan descaradamente a las\" \/>\n<meta property=\"og:url\" content=\"https:\/\/deportesycomunicacion.com\/?p=6264\" \/>\n<meta property=\"og:site_name\" content=\"Deportes y Comunicaci\u00f3n\" \/>\n<meta property=\"article:publisher\" content=\"https:\/\/www.facebook.com\/ivan.ferrercayuela\" \/>\n<meta property=\"article:published_time\" content=\"2019-03-07T15:12:08+00:00\" \/>\n<meta property=\"og:image\" content=\"https:\/\/deportesycomunicacion.com\/wp-content\/uploads\/2019\/03\/carnaval.jpg\" \/>\n\t<meta property=\"og:image:width\" content=\"500\" \/>\n\t<meta property=\"og:image:height\" content=\"375\" \/>\n\t<meta property=\"og:image:type\" content=\"image\/jpeg\" \/>\n<meta name=\"author\" content=\"ivanferrer\" \/>\n<meta name=\"twitter:card\" content=\"summary_large_image\" \/>\n<meta name=\"twitter:creator\" content=\"@IFC1976\" \/>\n<meta name=\"twitter:site\" content=\"@IFC1976\" \/>\n<meta name=\"twitter:label1\" content=\"Escrito por\" \/>\n\t<meta name=\"twitter:data1\" content=\"ivanferrer\" \/>\n\t<meta name=\"twitter:label2\" content=\"Tiempo de lectura\" \/>\n\t<meta name=\"twitter:data2\" content=\"1 minuto\" \/>\n<script type=\"application\/ld+json\" class=\"yoast-schema-graph\">{\"@context\":\"https:\/\/schema.org\",\"@graph\":[{\"@type\":\"Article\",\"@id\":\"https:\/\/deportesycomunicacion.com\/?p=6264#article\",\"isPartOf\":{\"@id\":\"https:\/\/deportesycomunicacion.com\/?p=6264\"},\"author\":{\"name\":\"ivanferrer\",\"@id\":\"https:\/\/deportesycomunicacion.com\/#\/schema\/person\/5bd536572b924420557d2db2f98bdd16\"},\"headline\":\"\u00bfTe va demasiado el carnaval?\",\"datePublished\":\"2019-03-07T15:12:08+00:00\",\"mainEntityOfPage\":{\"@id\":\"https:\/\/deportesycomunicacion.com\/?p=6264\"},\"wordCount\":292,\"commentCount\":0,\"publisher\":{\"@id\":\"https:\/\/deportesycomunicacion.com\/#organization\"},\"image\":{\"@id\":\"https:\/\/deportesycomunicacion.com\/?p=6264#primaryimage\"},\"thumbnailUrl\":\"https:\/\/deportesycomunicacion.com\/wp-content\/uploads\/2019\/03\/carnaval.jpg\",\"keywords\":[\"AUTOEXIGENCIA\",\"COMPROMISO\",\"FUTBOL\",\"NEYMAR JR\",\"RAFA NADAL\",\"TENIS\"],\"articleSection\":[\"FUTBOL\",\"TENIS\"],\"inLanguage\":\"es\",\"potentialAction\":[{\"@type\":\"CommentAction\",\"name\":\"Comment\",\"target\":[\"https:\/\/deportesycomunicacion.com\/?p=6264#respond\"]}]},{\"@type\":\"WebPage\",\"@id\":\"https:\/\/deportesycomunicacion.com\/?p=6264\",\"url\":\"https:\/\/deportesycomunicacion.com\/?p=6264\",\"name\":\"\u00bfTe va demasiado el carnaval?\",\"isPartOf\":{\"@id\":\"https:\/\/deportesycomunicacion.com\/#website\"},\"primaryImageOfPage\":{\"@id\":\"https:\/\/deportesycomunicacion.com\/?p=6264#primaryimage\"},\"image\":{\"@id\":\"https:\/\/deportesycomunicacion.com\/?p=6264#primaryimage\"},\"thumbnailUrl\":\"https:\/\/deportesycomunicacion.com\/wp-content\/uploads\/2019\/03\/carnaval.jpg\",\"datePublished\":\"2019-03-07T15:12:08+00:00\",\"description\":\"Existe una estirpe de deportistas que se encomiendan en cuerpo y alma a la tarea de ser cada d\u00eda mejores. Personas que se enfrentan descaradamente a las\",\"breadcrumb\":{\"@id\":\"https:\/\/deportesycomunicacion.com\/?p=6264#breadcrumb\"},\"inLanguage\":\"es\",\"potentialAction\":[{\"@type\":\"ReadAction\",\"target\":[\"https:\/\/deportesycomunicacion.com\/?p=6264\"]}]},{\"@type\":\"ImageObject\",\"inLanguage\":\"es\",\"@id\":\"https:\/\/deportesycomunicacion.com\/?p=6264#primaryimage\",\"url\":\"https:\/\/deportesycomunicacion.com\/wp-content\/uploads\/2019\/03\/carnaval.jpg\",\"contentUrl\":\"https:\/\/deportesycomunicacion.com\/wp-content\/uploads\/2019\/03\/carnaval.jpg\",\"width\":500,\"height\":375},{\"@type\":\"BreadcrumbList\",\"@id\":\"https:\/\/deportesycomunicacion.com\/?p=6264#breadcrumb\",\"itemListElement\":[{\"@type\":\"ListItem\",\"position\":1,\"name\":\"Portada\",\"item\":\"https:\/\/deportesycomunicacion.com\/\"},{\"@type\":\"ListItem\",\"position\":2,\"name\":\"\u00bfTe va demasiado el carnaval?\"}]},{\"@type\":\"WebSite\",\"@id\":\"https:\/\/deportesycomunicacion.com\/#website\",\"url\":\"https:\/\/deportesycomunicacion.com\/\",\"name\":\"Deportes y Comunicaci\u00f3n\",\"description\":\"Powered by Ivan Ferrer\",\"publisher\":{\"@id\":\"https:\/\/deportesycomunicacion.com\/#organization\"},\"potentialAction\":[{\"@type\":\"SearchAction\",\"target\":{\"@type\":\"EntryPoint\",\"urlTemplate\":\"https:\/\/deportesycomunicacion.com\/?s={search_term_string}\"},\"query-input\":{\"@type\":\"PropertyValueSpecification\",\"valueRequired\":true,\"valueName\":\"search_term_string\"}}],\"inLanguage\":\"es\"},{\"@type\":\"Organization\",\"@id\":\"https:\/\/deportesycomunicacion.com\/#organization\",\"name\":\"Deportes y Comunicaci\u00f3n\",\"url\":\"https:\/\/deportesycomunicacion.com\/\",\"logo\":{\"@type\":\"ImageObject\",\"inLanguage\":\"es\",\"@id\":\"https:\/\/deportesycomunicacion.com\/#\/schema\/logo\/image\/\",\"url\":\"https:\/\/deportesycomunicacion.com\/wp-content\/uploads\/2013\/05\/cropped-Logo-Deportes-Comunicacion.jpg\",\"contentUrl\":\"https:\/\/deportesycomunicacion.com\/wp-content\/uploads\/2013\/05\/cropped-Logo-Deportes-Comunicacion.jpg\",\"width\":300,\"height\":65,\"caption\":\"Deportes y Comunicaci\u00f3n\"},\"image\":{\"@id\":\"https:\/\/deportesycomunicacion.com\/#\/schema\/logo\/image\/\"},\"sameAs\":[\"https:\/\/www.facebook.com\/ivan.ferrercayuela\",\"https:\/\/x.com\/IFC1976\"]},{\"@type\":\"Person\",\"@id\":\"https:\/\/deportesycomunicacion.com\/#\/schema\/person\/5bd536572b924420557d2db2f98bdd16\",\"name\":\"ivanferrer\",\"url\":\"https:\/\/deportesycomunicacion.com\/?author=2\"}]}<\/script>\n<!-- \/ Yoast SEO plugin. -->","yoast_head_json":{"title":"\u00bfTe va demasiado el carnaval?","description":"Existe una estirpe de deportistas que se encomiendan en cuerpo y alma a la tarea de ser cada d\u00eda mejores. Personas que se enfrentan descaradamente a las","robots":{"index":"index","follow":"follow","max-snippet":"max-snippet:-1","max-image-preview":"max-image-preview:large","max-video-preview":"max-video-preview:-1"},"canonical":"https:\/\/deportesycomunicacion.com\/?p=6264","og_locale":"es_ES","og_type":"article","og_title":"\u00bfTe va demasiado el carnaval?","og_description":"Existe una estirpe de deportistas que se encomiendan en cuerpo y alma a la tarea de ser cada d\u00eda mejores. Personas que se enfrentan descaradamente a las","og_url":"https:\/\/deportesycomunicacion.com\/?p=6264","og_site_name":"Deportes y Comunicaci\u00f3n","article_publisher":"https:\/\/www.facebook.com\/ivan.ferrercayuela","article_published_time":"2019-03-07T15:12:08+00:00","og_image":[{"width":500,"height":375,"url":"https:\/\/deportesycomunicacion.com\/wp-content\/uploads\/2019\/03\/carnaval.jpg","type":"image\/jpeg"}],"author":"ivanferrer","twitter_card":"summary_large_image","twitter_creator":"@IFC1976","twitter_site":"@IFC1976","twitter_misc":{"Escrito por":"ivanferrer","Tiempo de lectura":"1 minuto"},"schema":{"@context":"https:\/\/schema.org","@graph":[{"@type":"Article","@id":"https:\/\/deportesycomunicacion.com\/?p=6264#article","isPartOf":{"@id":"https:\/\/deportesycomunicacion.com\/?p=6264"},"author":{"name":"ivanferrer","@id":"https:\/\/deportesycomunicacion.com\/#\/schema\/person\/5bd536572b924420557d2db2f98bdd16"},"headline":"\u00bfTe va demasiado el carnaval?","datePublished":"2019-03-07T15:12:08+00:00","mainEntityOfPage":{"@id":"https:\/\/deportesycomunicacion.com\/?p=6264"},"wordCount":292,"commentCount":0,"publisher":{"@id":"https:\/\/deportesycomunicacion.com\/#organization"},"image":{"@id":"https:\/\/deportesycomunicacion.com\/?p=6264#primaryimage"},"thumbnailUrl":"https:\/\/deportesycomunicacion.com\/wp-content\/uploads\/2019\/03\/carnaval.jpg","keywords":["AUTOEXIGENCIA","COMPROMISO","FUTBOL","NEYMAR JR","RAFA NADAL","TENIS"],"articleSection":["FUTBOL","TENIS"],"inLanguage":"es","potentialAction":[{"@type":"CommentAction","name":"Comment","target":["https:\/\/deportesycomunicacion.com\/?p=6264#respond"]}]},{"@type":"WebPage","@id":"https:\/\/deportesycomunicacion.com\/?p=6264","url":"https:\/\/deportesycomunicacion.com\/?p=6264","name":"\u00bfTe va demasiado el carnaval?","isPartOf":{"@id":"https:\/\/deportesycomunicacion.com\/#website"},"primaryImageOfPage":{"@id":"https:\/\/deportesycomunicacion.com\/?p=6264#primaryimage"},"image":{"@id":"https:\/\/deportesycomunicacion.com\/?p=6264#primaryimage"},"thumbnailUrl":"https:\/\/deportesycomunicacion.com\/wp-content\/uploads\/2019\/03\/carnaval.jpg","datePublished":"2019-03-07T15:12:08+00:00","description":"Existe una estirpe de deportistas que se encomiendan en cuerpo y alma a la tarea de ser cada d\u00eda mejores. Personas que se enfrentan descaradamente a las","breadcrumb":{"@id":"https:\/\/deportesycomunicacion.com\/?p=6264#breadcrumb"},"inLanguage":"es","potentialAction":[{"@type":"ReadAction","target":["https:\/\/deportesycomunicacion.com\/?p=6264"]}]},{"@type":"ImageObject","inLanguage":"es","@id":"https:\/\/deportesycomunicacion.com\/?p=6264#primaryimage","url":"https:\/\/deportesycomunicacion.com\/wp-content\/uploads\/2019\/03\/carnaval.jpg","contentUrl":"https:\/\/deportesycomunicacion.com\/wp-content\/uploads\/2019\/03\/carnaval.jpg","width":500,"height":375},{"@type":"BreadcrumbList","@id":"https:\/\/deportesycomunicacion.com\/?p=6264#breadcrumb","itemListElement":[{"@type":"ListItem","position":1,"name":"Portada","item":"https:\/\/deportesycomunicacion.com\/"},{"@type":"ListItem","position":2,"name":"\u00bfTe va demasiado el carnaval?"}]},{"@type":"WebSite","@id":"https:\/\/deportesycomunicacion.com\/#website","url":"https:\/\/deportesycomunicacion.com\/","name":"Deportes y Comunicaci\u00f3n","description":"Powered by Ivan Ferrer","publisher":{"@id":"https:\/\/deportesycomunicacion.com\/#organization"},"potentialAction":[{"@type":"SearchAction","target":{"@type":"EntryPoint","urlTemplate":"https:\/\/deportesycomunicacion.com\/?s={search_term_string}"},"query-input":{"@type":"PropertyValueSpecification","valueRequired":true,"valueName":"search_term_string"}}],"inLanguage":"es"},{"@type":"Organization","@id":"https:\/\/deportesycomunicacion.com\/#organization","name":"Deportes y Comunicaci\u00f3n","url":"https:\/\/deportesycomunicacion.com\/","logo":{"@type":"ImageObject","inLanguage":"es","@id":"https:\/\/deportesycomunicacion.com\/#\/schema\/logo\/image\/","url":"https:\/\/deportesycomunicacion.com\/wp-content\/uploads\/2013\/05\/cropped-Logo-Deportes-Comunicacion.jpg","contentUrl":"https:\/\/deportesycomunicacion.com\/wp-content\/uploads\/2013\/05\/cropped-Logo-Deportes-Comunicacion.jpg","width":300,"height":65,"caption":"Deportes y Comunicaci\u00f3n"},"image":{"@id":"https:\/\/deportesycomunicacion.com\/#\/schema\/logo\/image\/"},"sameAs":["https:\/\/www.facebook.com\/ivan.ferrercayuela","https:\/\/x.com\/IFC1976"]},{"@type":"Person","@id":"https:\/\/deportesycomunicacion.com\/#\/schema\/person\/5bd536572b924420557d2db2f98bdd16","name":"ivanferrer","url":"https:\/\/deportesycomunicacion.com\/?author=2"}]}},"_links":{"self":[{"href":"https:\/\/deportesycomunicacion.com\/index.php?rest_route=\/wp\/v2\/posts\/6264","targetHints":{"allow":["GET"]}}],"collection":[{"href":"https:\/\/deportesycomunicacion.com\/index.php?rest_route=\/wp\/v2\/posts"}],"about":[{"href":"https:\/\/deportesycomunicacion.com\/index.php?rest_route=\/wp\/v2\/types\/post"}],"author":[{"embeddable":true,"href":"https:\/\/deportesycomunicacion.com\/index.php?rest_route=\/wp\/v2\/users\/2"}],"replies":[{"embeddable":true,"href":"https:\/\/deportesycomunicacion.com\/index.php?rest_route=%2Fwp%2Fv2%2Fcomments&post=6264"}],"version-history":[{"count":2,"href":"https:\/\/deportesycomunicacion.com\/index.php?rest_route=\/wp\/v2\/posts\/6264\/revisions"}],"predecessor-version":[{"id":6270,"href":"https:\/\/deportesycomunicacion.com\/index.php?rest_route=\/wp\/v2\/posts\/6264\/revisions\/6270"}],"wp:featuredmedia":[{"embeddable":true,"href":"https:\/\/deportesycomunicacion.com\/index.php?rest_route=\/wp\/v2\/media\/6269"}],"wp:attachment":[{"href":"https:\/\/deportesycomunicacion.com\/index.php?rest_route=%2Fwp%2Fv2%2Fmedia&parent=6264"}],"wp:term":[{"taxonomy":"category","embeddable":true,"href":"https:\/\/deportesycomunicacion.com\/index.php?rest_route=%2Fwp%2Fv2%2Fcategories&post=6264"},{"taxonomy":"post_tag","embeddable":true,"href":"https:\/\/deportesycomunicacion.com\/index.php?rest_route=%2Fwp%2Fv2%2Ftags&post=6264"}],"curies":[{"name":"wp","href":"https:\/\/api.w.org\/{rel}","templated":true}]}}