{"id":6276,"date":"2019-03-14T17:17:36","date_gmt":"2019-03-14T16:17:36","guid":{"rendered":"http:\/\/deportesycomunicacion.com\/?p=6276"},"modified":"2019-03-14T17:20:20","modified_gmt":"2019-03-14T16:20:20","slug":"momentos-criticos-nivel-3","status":"publish","type":"post","link":"https:\/\/deportesycomunicacion.com\/?p=6276","title":{"rendered":"Momentos cr\u00edticos, nivel 3"},"content":{"rendered":"<p style=\"text-align: justify;\">El equipo en el que juega Anna ha completado una primera vuelta excelente. La remataron el domingo ganando en un partido disputado al <strong><a href=\"https:\/\/www.basquetcatala.cat\/partits\/llistatpartits\/56269\" target=\"_blank\">Joventut de Badalona<\/a><\/strong>. Han materializado, de esta manera, el <strong><a href=\"https:\/\/www.basquetcatala.cat\/competicions\/resultats\/7110\" target=\"_blank\">pleno de 8 victorias<\/a><\/strong>. Y en estos momentos solo puedo acordarme de todo lo que han <strong>aprendido<\/strong> desde el principio de temporada. Veo que con solo 11 a\u00f1os ya empiezan a entender el juego de forma colectiva.<\/p>\n<p style=\"text-align: justify;\">Su gran fortaleza radica en dos elementos. El primero y clave es la intensidad y las ganas que le ponen (jugando cada parte como si fuera la \u00faltima y definitiva). Soy de la secta de los convencidos que uno juega como entrena. No funciona la teor\u00eda que sostiene que te ejercitas a medio gas y que ya lo dar\u00e1s todo en la competici\u00f3n&#8230;<\/p>\n<p style=\"text-align: justify;\">El otro elemento primordial -que combinado con el primero se ha erigido como explosivo- es que han dejado de ser 11 jugadoras para convertirse en un equipo. De la suma de individualidades han pasado a la multiplicaci\u00f3n como conjunto. La temporada es muy larga y cada partido es una historia muy diferente. Hay ni\u00f1as que pasan por fases de falta de confianza, que les cuesta m\u00e1s entrar en los partidos o que se han ausentado en alg\u00fan partido de forma puntual o se han lesionado. En ese momento, de forma natural e invisible, el resto de jugadoras suplen las ausencias y las carencias para mantener un alto nivel de desempe\u00f1o. Todas son sumamente importantes y a la vez prescindibles.<\/p>\n<p style=\"text-align: justify;\">Lo mejor y lo peor de todo es que solo hemos completado la mitad del trayecto, y que nos queda otra mitad m\u00e1s para seguir progresando. No s\u00e9 que nos deparar\u00e1 el futuro, pero para m\u00ed ya son unas campeonas&#8230;<\/p>\n<p style=\"text-align: justify;\"><strong>\u00bfTe paras a reflexionar por qu\u00e9 las cosas te est\u00e1n saliendo bien? \u00bfO te dejas llevar por la euforia y la inercia?<\/strong><\/p>\n<p style=\"text-align: justify;\">photo credit: danieltoror <a href=\"http:\/\/www.flickr.com\/photos\/30823114@N07\/6980809950\">TE INVITO A PENSAR&#8230;<\/a> via <a href=\"http:\/\/photopin.com\">photopin<\/a> <a href=\"https:\/\/creativecommons.org\/licenses\/by-nc-sa\/2.0\/\">(license)<\/a><\/p>\n","protected":false},"excerpt":{"rendered":"<p>El equipo en el que juega Anna ha completado una primera vuelta excelente. La remataron el &hellip; <a title=\"Momentos cr\u00edticos, nivel 3\" class=\"hm-read-more\" href=\"https:\/\/deportesycomunicacion.com\/?p=6276\"><span class=\"screen-reader-text\">Momentos cr\u00edticos, nivel 3<\/span>Leer m\u00e1s<\/a><\/p>\n","protected":false},"author":2,"featured_media":6282,"comment_status":"open","ping_status":"open","sticky":false,"template":"","format":"standard","meta":{"footnotes":""},"categories":[12],"tags":[1183,363,1057,1896],"class_list":["post-6276","post","type-post","status-publish","format-standard","has-post-thumbnail","hentry","category-baloncesto","tag-aprender","tag-balance","tag-baloncesto","tag-mini-a-cornella"],"yoast_head":"<!-- This site is optimized with the Yoast SEO plugin v24.8.1 - https:\/\/yoast.com\/wordpress\/plugins\/seo\/ -->\n<title>Momentos cr\u00edticos, nivel 3<\/title>\n<meta name=\"description\" content=\"El equipo en el que juega Anna ha completado una primera vuelta excelente. La remataron el domingo ganando en un partido disputado al Joventut de\" \/>\n<meta name=\"robots\" content=\"index, follow, max-snippet:-1, max-image-preview:large, max-video-preview:-1\" \/>\n<link rel=\"canonical\" href=\"https:\/\/deportesycomunicacion.com\/?p=6276\" \/>\n<meta property=\"og:locale\" content=\"es_ES\" \/>\n<meta property=\"og:type\" content=\"article\" \/>\n<meta property=\"og:title\" content=\"Momentos cr\u00edticos, nivel 3\" \/>\n<meta property=\"og:description\" content=\"El equipo en el que juega Anna ha completado una primera vuelta excelente. La remataron el domingo ganando en un partido disputado al Joventut de\" \/>\n<meta property=\"og:url\" content=\"https:\/\/deportesycomunicacion.com\/?p=6276\" \/>\n<meta property=\"og:site_name\" content=\"Deportes y Comunicaci\u00f3n\" \/>\n<meta property=\"article:publisher\" content=\"https:\/\/www.facebook.com\/ivan.ferrercayuela\" \/>\n<meta property=\"article:published_time\" content=\"2019-03-14T16:17:36+00:00\" \/>\n<meta property=\"article:modified_time\" content=\"2019-03-14T16:20:20+00:00\" \/>\n<meta property=\"og:image\" content=\"https:\/\/deportesycomunicacion.com\/wp-content\/uploads\/2019\/03\/pensar.jpg\" \/>\n\t<meta property=\"og:image:width\" content=\"500\" \/>\n\t<meta property=\"og:image:height\" content=\"375\" \/>\n\t<meta property=\"og:image:type\" content=\"image\/jpeg\" \/>\n<meta name=\"author\" content=\"ivanferrer\" \/>\n<meta name=\"twitter:card\" content=\"summary_large_image\" \/>\n<meta name=\"twitter:creator\" content=\"@IFC1976\" \/>\n<meta name=\"twitter:site\" content=\"@IFC1976\" \/>\n<meta name=\"twitter:label1\" content=\"Escrito por\" \/>\n\t<meta name=\"twitter:data1\" content=\"ivanferrer\" \/>\n\t<meta name=\"twitter:label2\" content=\"Tiempo de lectura\" \/>\n\t<meta name=\"twitter:data2\" content=\"2 minutos\" \/>\n<script type=\"application\/ld+json\" class=\"yoast-schema-graph\">{\"@context\":\"https:\/\/schema.org\",\"@graph\":[{\"@type\":\"Article\",\"@id\":\"https:\/\/deportesycomunicacion.com\/?p=6276#article\",\"isPartOf\":{\"@id\":\"https:\/\/deportesycomunicacion.com\/?p=6276\"},\"author\":{\"name\":\"ivanferrer\",\"@id\":\"https:\/\/deportesycomunicacion.com\/#\/schema\/person\/5bd536572b924420557d2db2f98bdd16\"},\"headline\":\"Momentos cr\u00edticos, nivel 3\",\"datePublished\":\"2019-03-14T16:17:36+00:00\",\"dateModified\":\"2019-03-14T16:20:20+00:00\",\"mainEntityOfPage\":{\"@id\":\"https:\/\/deportesycomunicacion.com\/?p=6276\"},\"wordCount\":335,\"commentCount\":0,\"publisher\":{\"@id\":\"https:\/\/deportesycomunicacion.com\/#organization\"},\"image\":{\"@id\":\"https:\/\/deportesycomunicacion.com\/?p=6276#primaryimage\"},\"thumbnailUrl\":\"https:\/\/deportesycomunicacion.com\/wp-content\/uploads\/2019\/03\/pensar.jpg\",\"keywords\":[\"APRENDER\",\"BALANCE\",\"BALONCESTO\",\"MINI A CORNELLA\"],\"articleSection\":[\"BALONCESTO\"],\"inLanguage\":\"es\",\"potentialAction\":[{\"@type\":\"CommentAction\",\"name\":\"Comment\",\"target\":[\"https:\/\/deportesycomunicacion.com\/?p=6276#respond\"]}]},{\"@type\":\"WebPage\",\"@id\":\"https:\/\/deportesycomunicacion.com\/?p=6276\",\"url\":\"https:\/\/deportesycomunicacion.com\/?p=6276\",\"name\":\"Momentos cr\u00edticos, nivel 3\",\"isPartOf\":{\"@id\":\"https:\/\/deportesycomunicacion.com\/#website\"},\"primaryImageOfPage\":{\"@id\":\"https:\/\/deportesycomunicacion.com\/?p=6276#primaryimage\"},\"image\":{\"@id\":\"https:\/\/deportesycomunicacion.com\/?p=6276#primaryimage\"},\"thumbnailUrl\":\"https:\/\/deportesycomunicacion.com\/wp-content\/uploads\/2019\/03\/pensar.jpg\",\"datePublished\":\"2019-03-14T16:17:36+00:00\",\"dateModified\":\"2019-03-14T16:20:20+00:00\",\"description\":\"El equipo en el que juega Anna ha completado una primera vuelta excelente. La remataron el domingo ganando en un partido disputado al Joventut de\",\"breadcrumb\":{\"@id\":\"https:\/\/deportesycomunicacion.com\/?p=6276#breadcrumb\"},\"inLanguage\":\"es\",\"potentialAction\":[{\"@type\":\"ReadAction\",\"target\":[\"https:\/\/deportesycomunicacion.com\/?p=6276\"]}]},{\"@type\":\"ImageObject\",\"inLanguage\":\"es\",\"@id\":\"https:\/\/deportesycomunicacion.com\/?p=6276#primaryimage\",\"url\":\"https:\/\/deportesycomunicacion.com\/wp-content\/uploads\/2019\/03\/pensar.jpg\",\"contentUrl\":\"https:\/\/deportesycomunicacion.com\/wp-content\/uploads\/2019\/03\/pensar.jpg\",\"width\":500,\"height\":375},{\"@type\":\"BreadcrumbList\",\"@id\":\"https:\/\/deportesycomunicacion.com\/?p=6276#breadcrumb\",\"itemListElement\":[{\"@type\":\"ListItem\",\"position\":1,\"name\":\"Portada\",\"item\":\"https:\/\/deportesycomunicacion.com\/\"},{\"@type\":\"ListItem\",\"position\":2,\"name\":\"Momentos cr\u00edticos, nivel 3\"}]},{\"@type\":\"WebSite\",\"@id\":\"https:\/\/deportesycomunicacion.com\/#website\",\"url\":\"https:\/\/deportesycomunicacion.com\/\",\"name\":\"Deportes y Comunicaci\u00f3n\",\"description\":\"Powered by Ivan Ferrer\",\"publisher\":{\"@id\":\"https:\/\/deportesycomunicacion.com\/#organization\"},\"potentialAction\":[{\"@type\":\"SearchAction\",\"target\":{\"@type\":\"EntryPoint\",\"urlTemplate\":\"https:\/\/deportesycomunicacion.com\/?s={search_term_string}\"},\"query-input\":{\"@type\":\"PropertyValueSpecification\",\"valueRequired\":true,\"valueName\":\"search_term_string\"}}],\"inLanguage\":\"es\"},{\"@type\":\"Organization\",\"@id\":\"https:\/\/deportesycomunicacion.com\/#organization\",\"name\":\"Deportes y Comunicaci\u00f3n\",\"url\":\"https:\/\/deportesycomunicacion.com\/\",\"logo\":{\"@type\":\"ImageObject\",\"inLanguage\":\"es\",\"@id\":\"https:\/\/deportesycomunicacion.com\/#\/schema\/logo\/image\/\",\"url\":\"https:\/\/deportesycomunicacion.com\/wp-content\/uploads\/2013\/05\/cropped-Logo-Deportes-Comunicacion.jpg\",\"contentUrl\":\"https:\/\/deportesycomunicacion.com\/wp-content\/uploads\/2013\/05\/cropped-Logo-Deportes-Comunicacion.jpg\",\"width\":300,\"height\":65,\"caption\":\"Deportes y Comunicaci\u00f3n\"},\"image\":{\"@id\":\"https:\/\/deportesycomunicacion.com\/#\/schema\/logo\/image\/\"},\"sameAs\":[\"https:\/\/www.facebook.com\/ivan.ferrercayuela\",\"https:\/\/x.com\/IFC1976\"]},{\"@type\":\"Person\",\"@id\":\"https:\/\/deportesycomunicacion.com\/#\/schema\/person\/5bd536572b924420557d2db2f98bdd16\",\"name\":\"ivanferrer\",\"url\":\"https:\/\/deportesycomunicacion.com\/?author=2\"}]}<\/script>\n<!-- \/ Yoast SEO plugin. -->","yoast_head_json":{"title":"Momentos cr\u00edticos, nivel 3","description":"El equipo en el que juega Anna ha completado una primera vuelta excelente. La remataron el domingo ganando en un partido disputado al Joventut de","robots":{"index":"index","follow":"follow","max-snippet":"max-snippet:-1","max-image-preview":"max-image-preview:large","max-video-preview":"max-video-preview:-1"},"canonical":"https:\/\/deportesycomunicacion.com\/?p=6276","og_locale":"es_ES","og_type":"article","og_title":"Momentos cr\u00edticos, nivel 3","og_description":"El equipo en el que juega Anna ha completado una primera vuelta excelente. La remataron el domingo ganando en un partido disputado al Joventut de","og_url":"https:\/\/deportesycomunicacion.com\/?p=6276","og_site_name":"Deportes y Comunicaci\u00f3n","article_publisher":"https:\/\/www.facebook.com\/ivan.ferrercayuela","article_published_time":"2019-03-14T16:17:36+00:00","article_modified_time":"2019-03-14T16:20:20+00:00","og_image":[{"width":500,"height":375,"url":"https:\/\/deportesycomunicacion.com\/wp-content\/uploads\/2019\/03\/pensar.jpg","type":"image\/jpeg"}],"author":"ivanferrer","twitter_card":"summary_large_image","twitter_creator":"@IFC1976","twitter_site":"@IFC1976","twitter_misc":{"Escrito por":"ivanferrer","Tiempo de lectura":"2 minutos"},"schema":{"@context":"https:\/\/schema.org","@graph":[{"@type":"Article","@id":"https:\/\/deportesycomunicacion.com\/?p=6276#article","isPartOf":{"@id":"https:\/\/deportesycomunicacion.com\/?p=6276"},"author":{"name":"ivanferrer","@id":"https:\/\/deportesycomunicacion.com\/#\/schema\/person\/5bd536572b924420557d2db2f98bdd16"},"headline":"Momentos cr\u00edticos, nivel 3","datePublished":"2019-03-14T16:17:36+00:00","dateModified":"2019-03-14T16:20:20+00:00","mainEntityOfPage":{"@id":"https:\/\/deportesycomunicacion.com\/?p=6276"},"wordCount":335,"commentCount":0,"publisher":{"@id":"https:\/\/deportesycomunicacion.com\/#organization"},"image":{"@id":"https:\/\/deportesycomunicacion.com\/?p=6276#primaryimage"},"thumbnailUrl":"https:\/\/deportesycomunicacion.com\/wp-content\/uploads\/2019\/03\/pensar.jpg","keywords":["APRENDER","BALANCE","BALONCESTO","MINI A CORNELLA"],"articleSection":["BALONCESTO"],"inLanguage":"es","potentialAction":[{"@type":"CommentAction","name":"Comment","target":["https:\/\/deportesycomunicacion.com\/?p=6276#respond"]}]},{"@type":"WebPage","@id":"https:\/\/deportesycomunicacion.com\/?p=6276","url":"https:\/\/deportesycomunicacion.com\/?p=6276","name":"Momentos cr\u00edticos, nivel 3","isPartOf":{"@id":"https:\/\/deportesycomunicacion.com\/#website"},"primaryImageOfPage":{"@id":"https:\/\/deportesycomunicacion.com\/?p=6276#primaryimage"},"image":{"@id":"https:\/\/deportesycomunicacion.com\/?p=6276#primaryimage"},"thumbnailUrl":"https:\/\/deportesycomunicacion.com\/wp-content\/uploads\/2019\/03\/pensar.jpg","datePublished":"2019-03-14T16:17:36+00:00","dateModified":"2019-03-14T16:20:20+00:00","description":"El equipo en el que juega Anna ha completado una primera vuelta excelente. La remataron el domingo ganando en un partido disputado al Joventut de","breadcrumb":{"@id":"https:\/\/deportesycomunicacion.com\/?p=6276#breadcrumb"},"inLanguage":"es","potentialAction":[{"@type":"ReadAction","target":["https:\/\/deportesycomunicacion.com\/?p=6276"]}]},{"@type":"ImageObject","inLanguage":"es","@id":"https:\/\/deportesycomunicacion.com\/?p=6276#primaryimage","url":"https:\/\/deportesycomunicacion.com\/wp-content\/uploads\/2019\/03\/pensar.jpg","contentUrl":"https:\/\/deportesycomunicacion.com\/wp-content\/uploads\/2019\/03\/pensar.jpg","width":500,"height":375},{"@type":"BreadcrumbList","@id":"https:\/\/deportesycomunicacion.com\/?p=6276#breadcrumb","itemListElement":[{"@type":"ListItem","position":1,"name":"Portada","item":"https:\/\/deportesycomunicacion.com\/"},{"@type":"ListItem","position":2,"name":"Momentos cr\u00edticos, nivel 3"}]},{"@type":"WebSite","@id":"https:\/\/deportesycomunicacion.com\/#website","url":"https:\/\/deportesycomunicacion.com\/","name":"Deportes y Comunicaci\u00f3n","description":"Powered by Ivan Ferrer","publisher":{"@id":"https:\/\/deportesycomunicacion.com\/#organization"},"potentialAction":[{"@type":"SearchAction","target":{"@type":"EntryPoint","urlTemplate":"https:\/\/deportesycomunicacion.com\/?s={search_term_string}"},"query-input":{"@type":"PropertyValueSpecification","valueRequired":true,"valueName":"search_term_string"}}],"inLanguage":"es"},{"@type":"Organization","@id":"https:\/\/deportesycomunicacion.com\/#organization","name":"Deportes y Comunicaci\u00f3n","url":"https:\/\/deportesycomunicacion.com\/","logo":{"@type":"ImageObject","inLanguage":"es","@id":"https:\/\/deportesycomunicacion.com\/#\/schema\/logo\/image\/","url":"https:\/\/deportesycomunicacion.com\/wp-content\/uploads\/2013\/05\/cropped-Logo-Deportes-Comunicacion.jpg","contentUrl":"https:\/\/deportesycomunicacion.com\/wp-content\/uploads\/2013\/05\/cropped-Logo-Deportes-Comunicacion.jpg","width":300,"height":65,"caption":"Deportes y Comunicaci\u00f3n"},"image":{"@id":"https:\/\/deportesycomunicacion.com\/#\/schema\/logo\/image\/"},"sameAs":["https:\/\/www.facebook.com\/ivan.ferrercayuela","https:\/\/x.com\/IFC1976"]},{"@type":"Person","@id":"https:\/\/deportesycomunicacion.com\/#\/schema\/person\/5bd536572b924420557d2db2f98bdd16","name":"ivanferrer","url":"https:\/\/deportesycomunicacion.com\/?author=2"}]}},"_links":{"self":[{"href":"https:\/\/deportesycomunicacion.com\/index.php?rest_route=\/wp\/v2\/posts\/6276","targetHints":{"allow":["GET"]}}],"collection":[{"href":"https:\/\/deportesycomunicacion.com\/index.php?rest_route=\/wp\/v2\/posts"}],"about":[{"href":"https:\/\/deportesycomunicacion.com\/index.php?rest_route=\/wp\/v2\/types\/post"}],"author":[{"embeddable":true,"href":"https:\/\/deportesycomunicacion.com\/index.php?rest_route=\/wp\/v2\/users\/2"}],"replies":[{"embeddable":true,"href":"https:\/\/deportesycomunicacion.com\/index.php?rest_route=%2Fwp%2Fv2%2Fcomments&post=6276"}],"version-history":[{"count":5,"href":"https:\/\/deportesycomunicacion.com\/index.php?rest_route=\/wp\/v2\/posts\/6276\/revisions"}],"predecessor-version":[{"id":6285,"href":"https:\/\/deportesycomunicacion.com\/index.php?rest_route=\/wp\/v2\/posts\/6276\/revisions\/6285"}],"wp:featuredmedia":[{"embeddable":true,"href":"https:\/\/deportesycomunicacion.com\/index.php?rest_route=\/wp\/v2\/media\/6282"}],"wp:attachment":[{"href":"https:\/\/deportesycomunicacion.com\/index.php?rest_route=%2Fwp%2Fv2%2Fmedia&parent=6276"}],"wp:term":[{"taxonomy":"category","embeddable":true,"href":"https:\/\/deportesycomunicacion.com\/index.php?rest_route=%2Fwp%2Fv2%2Fcategories&post=6276"},{"taxonomy":"post_tag","embeddable":true,"href":"https:\/\/deportesycomunicacion.com\/index.php?rest_route=%2Fwp%2Fv2%2Ftags&post=6276"}],"curies":[{"name":"wp","href":"https:\/\/api.w.org\/{rel}","templated":true}]}}