{"id":6456,"date":"2019-05-14T15:57:57","date_gmt":"2019-05-14T13:57:57","guid":{"rendered":"http:\/\/deportesycomunicacion.com\/?p=6456"},"modified":"2019-05-14T15:57:57","modified_gmt":"2019-05-14T13:57:57","slug":"estas-dispuesto-quedarte-sin-algo-grande","status":"publish","type":"post","link":"https:\/\/deportesycomunicacion.com\/?p=6456","title":{"rendered":"\u00bfEst\u00e1s dispuesto a quedarte sin algo grande?"},"content":{"rendered":"<p style=\"text-align: justify;\">El s\u00e1bado lo tenemos marcado desde hace d\u00edas, en el calendario del pasillo de casa. <a href=\"https:\/\/www.sport.es\/es\/noticias\/futbol-femenino\/horario-donde-ver-olympique-lyon-barcelona-final-champions-league-7452159\" target=\"_blank\"><strong>A las 18 horas juega el Bar\u00e7a contra el Olympique de Lyon<\/strong><\/a>. Es la primera vez que el equipo femenino puede optar a una Champions y nos apetece mucho ver el partido. El aspirante contra el m\u00e1ximo favorito, campe\u00f3n en las \u00faltimas tres ediciones. Yo ir\u00e9 equipado con mi el\u00e1stica del Bar\u00e7a. <a href=\"http:\/\/deportesycomunicacion.com\/oro\" target=\"_blank\"><strong>Anna llevar\u00e1 una camiseta imposible<\/strong><\/a>: la de la selecci\u00f3n noruega, con el nombre de <strong>Ada Hegerberg<\/strong> y el n\u00famero 10 serigrafiado en la espalda.<\/p>\n<p style=\"text-align: justify;\">M\u00e1s all\u00e1 de deleitarnos -y sufrir al mismo tiempo- con las diabluras de Ada sobre el c\u00e9sped, es un ejemplo dentro y fuera del campo. Sus habilidades con el bal\u00f3n en los pies las amplifica con sus acciones. Deber\u00edan existir m\u00e1s Hegerbergs en el mundo del deporte. Profesionales que, m\u00e1s all\u00e1 de esforzarse al m\u00e1ximo para ser los mejores en su trabajo, luchan tambi\u00e9n por la <strong>igualdad de g\u00e9nero<\/strong> y el futuro de las m\u00e1s peque\u00f1as. Lo triste es que se trata de personajes singulares, ya que debido a sus fuertes convicciones son capaces de <a href=\"https:\/\/www.lavanguardia.com\/deportes\/futbol\/20190506\/462058755105\/ada-hegerberg-balon-de-oro-renuncia-mundial-seleccion-noruega-desigualdad.html\" target=\"_blank\"><strong>renunciar hasta a todo un Mundial<\/strong><\/a>: \u201cMi madre nos dio a mi hermana y a m\u00ed la confianza y el valor para usar nuestra voz y ser capaces de hacer sacrificios en nuestra carrera en el <strong>f\u00fatbol<\/strong> para que las siguientes generaciones crezcan con mejores condiciones\u201d.<\/p>\n<p style=\"text-align: justify;\"><strong>\u00bfEst\u00e1s dispuesto a hacer grandes renuncias por los dem\u00e1s? \u00bfO solo te dedicas al 100% a lo tuyo?<\/strong><\/p>\n<p style=\"text-align: justify;\">photo credit: tedxlondon <a href=\"http:\/\/www.flickr.com\/photos\/45038499@N03\/41541733310\">TEDxLondon_MartinDudek_089__MG_8504<\/a> via <a href=\"http:\/\/photopin.com\">photopin<\/a> <a href=\"https:\/\/creativecommons.org\/licenses\/by-nc-nd\/2.0\/\">(license)<\/a><\/p>\n","protected":false},"excerpt":{"rendered":"<p>El s\u00e1bado lo tenemos marcado desde hace d\u00edas, en el calendario del pasillo de casa. A &hellip; <a title=\"\u00bfEst\u00e1s dispuesto a quedarte sin algo grande?\" class=\"hm-read-more\" href=\"https:\/\/deportesycomunicacion.com\/?p=6456\"><span class=\"screen-reader-text\">\u00bfEst\u00e1s dispuesto a quedarte sin algo grande?<\/span>Leer m\u00e1s<\/a><\/p>\n","protected":false},"author":2,"featured_media":6461,"comment_status":"open","ping_status":"open","sticky":false,"template":"","format":"standard","meta":{"footnotes":""},"categories":[7],"tags":[1944,1056,1632,2050],"class_list":["post-6456","post","type-post","status-publish","format-standard","has-post-thumbnail","hentry","category-futbol","tag-ada-hegerberg","tag-futbol","tag-igualdad-genero","tag-renuncia-mundial"],"yoast_head":"<!-- This site is optimized with the Yoast SEO plugin v24.8.1 - https:\/\/yoast.com\/wordpress\/plugins\/seo\/ -->\n<title>\u00bfEst\u00e1s dispuesto a quedarte sin algo grande?<\/title>\n<meta name=\"description\" content=\"El s\u00e1bado lo tenemos marcado desde hace d\u00edas, en el calendario del pasillo de casa. A las 18 horas juega el Bar\u00e7a contra el Olympique de Lyon. Es la\" \/>\n<meta name=\"robots\" content=\"index, follow, max-snippet:-1, max-image-preview:large, max-video-preview:-1\" \/>\n<link rel=\"canonical\" href=\"https:\/\/deportesycomunicacion.com\/?p=6456\" \/>\n<meta property=\"og:locale\" content=\"es_ES\" \/>\n<meta property=\"og:type\" content=\"article\" \/>\n<meta property=\"og:title\" content=\"\u00bfEst\u00e1s dispuesto a quedarte sin algo grande?\" \/>\n<meta property=\"og:description\" content=\"El s\u00e1bado lo tenemos marcado desde hace d\u00edas, en el calendario del pasillo de casa. A las 18 horas juega el Bar\u00e7a contra el Olympique de Lyon. Es la\" \/>\n<meta property=\"og:url\" content=\"https:\/\/deportesycomunicacion.com\/?p=6456\" \/>\n<meta property=\"og:site_name\" content=\"Deportes y Comunicaci\u00f3n\" \/>\n<meta property=\"article:publisher\" content=\"https:\/\/www.facebook.com\/ivan.ferrercayuela\" \/>\n<meta property=\"article:published_time\" content=\"2019-05-14T13:57:57+00:00\" \/>\n<meta property=\"og:image\" content=\"https:\/\/deportesycomunicacion.com\/wp-content\/uploads\/2019\/05\/mas-alla.jpg\" \/>\n\t<meta property=\"og:image:width\" content=\"499\" \/>\n\t<meta property=\"og:image:height\" content=\"333\" \/>\n\t<meta property=\"og:image:type\" content=\"image\/jpeg\" \/>\n<meta name=\"author\" content=\"ivanferrer\" \/>\n<meta name=\"twitter:card\" content=\"summary_large_image\" \/>\n<meta name=\"twitter:creator\" content=\"@IFC1976\" \/>\n<meta name=\"twitter:site\" content=\"@IFC1976\" \/>\n<meta name=\"twitter:label1\" content=\"Escrito por\" \/>\n\t<meta name=\"twitter:data1\" content=\"ivanferrer\" \/>\n\t<meta name=\"twitter:label2\" content=\"Tiempo de lectura\" \/>\n\t<meta name=\"twitter:data2\" content=\"1 minuto\" \/>\n<script type=\"application\/ld+json\" class=\"yoast-schema-graph\">{\"@context\":\"https:\/\/schema.org\",\"@graph\":[{\"@type\":\"Article\",\"@id\":\"https:\/\/deportesycomunicacion.com\/?p=6456#article\",\"isPartOf\":{\"@id\":\"https:\/\/deportesycomunicacion.com\/?p=6456\"},\"author\":{\"name\":\"ivanferrer\",\"@id\":\"https:\/\/deportesycomunicacion.com\/#\/schema\/person\/5bd536572b924420557d2db2f98bdd16\"},\"headline\":\"\u00bfEst\u00e1s dispuesto a quedarte sin algo grande?\",\"datePublished\":\"2019-05-14T13:57:57+00:00\",\"mainEntityOfPage\":{\"@id\":\"https:\/\/deportesycomunicacion.com\/?p=6456\"},\"wordCount\":287,\"commentCount\":0,\"publisher\":{\"@id\":\"https:\/\/deportesycomunicacion.com\/#organization\"},\"image\":{\"@id\":\"https:\/\/deportesycomunicacion.com\/?p=6456#primaryimage\"},\"thumbnailUrl\":\"https:\/\/deportesycomunicacion.com\/wp-content\/uploads\/2019\/05\/mas-alla.jpg\",\"keywords\":[\"ADA HEGERBERG\",\"FUTBOL\",\"IGUALDAD GENERO\",\"RENUNCIA MUNDIAL\"],\"articleSection\":[\"FUTBOL\"],\"inLanguage\":\"es\",\"potentialAction\":[{\"@type\":\"CommentAction\",\"name\":\"Comment\",\"target\":[\"https:\/\/deportesycomunicacion.com\/?p=6456#respond\"]}]},{\"@type\":\"WebPage\",\"@id\":\"https:\/\/deportesycomunicacion.com\/?p=6456\",\"url\":\"https:\/\/deportesycomunicacion.com\/?p=6456\",\"name\":\"\u00bfEst\u00e1s dispuesto a quedarte sin algo grande?\",\"isPartOf\":{\"@id\":\"https:\/\/deportesycomunicacion.com\/#website\"},\"primaryImageOfPage\":{\"@id\":\"https:\/\/deportesycomunicacion.com\/?p=6456#primaryimage\"},\"image\":{\"@id\":\"https:\/\/deportesycomunicacion.com\/?p=6456#primaryimage\"},\"thumbnailUrl\":\"https:\/\/deportesycomunicacion.com\/wp-content\/uploads\/2019\/05\/mas-alla.jpg\",\"datePublished\":\"2019-05-14T13:57:57+00:00\",\"description\":\"El s\u00e1bado lo tenemos marcado desde hace d\u00edas, en el calendario del pasillo de casa. A las 18 horas juega el Bar\u00e7a contra el Olympique de Lyon. Es la\",\"breadcrumb\":{\"@id\":\"https:\/\/deportesycomunicacion.com\/?p=6456#breadcrumb\"},\"inLanguage\":\"es\",\"potentialAction\":[{\"@type\":\"ReadAction\",\"target\":[\"https:\/\/deportesycomunicacion.com\/?p=6456\"]}]},{\"@type\":\"ImageObject\",\"inLanguage\":\"es\",\"@id\":\"https:\/\/deportesycomunicacion.com\/?p=6456#primaryimage\",\"url\":\"https:\/\/deportesycomunicacion.com\/wp-content\/uploads\/2019\/05\/mas-alla.jpg\",\"contentUrl\":\"https:\/\/deportesycomunicacion.com\/wp-content\/uploads\/2019\/05\/mas-alla.jpg\",\"width\":499,\"height\":333},{\"@type\":\"BreadcrumbList\",\"@id\":\"https:\/\/deportesycomunicacion.com\/?p=6456#breadcrumb\",\"itemListElement\":[{\"@type\":\"ListItem\",\"position\":1,\"name\":\"Portada\",\"item\":\"https:\/\/deportesycomunicacion.com\/\"},{\"@type\":\"ListItem\",\"position\":2,\"name\":\"\u00bfEst\u00e1s dispuesto a quedarte sin algo grande?\"}]},{\"@type\":\"WebSite\",\"@id\":\"https:\/\/deportesycomunicacion.com\/#website\",\"url\":\"https:\/\/deportesycomunicacion.com\/\",\"name\":\"Deportes y Comunicaci\u00f3n\",\"description\":\"Powered by Ivan Ferrer\",\"publisher\":{\"@id\":\"https:\/\/deportesycomunicacion.com\/#organization\"},\"potentialAction\":[{\"@type\":\"SearchAction\",\"target\":{\"@type\":\"EntryPoint\",\"urlTemplate\":\"https:\/\/deportesycomunicacion.com\/?s={search_term_string}\"},\"query-input\":{\"@type\":\"PropertyValueSpecification\",\"valueRequired\":true,\"valueName\":\"search_term_string\"}}],\"inLanguage\":\"es\"},{\"@type\":\"Organization\",\"@id\":\"https:\/\/deportesycomunicacion.com\/#organization\",\"name\":\"Deportes y Comunicaci\u00f3n\",\"url\":\"https:\/\/deportesycomunicacion.com\/\",\"logo\":{\"@type\":\"ImageObject\",\"inLanguage\":\"es\",\"@id\":\"https:\/\/deportesycomunicacion.com\/#\/schema\/logo\/image\/\",\"url\":\"https:\/\/deportesycomunicacion.com\/wp-content\/uploads\/2013\/05\/cropped-Logo-Deportes-Comunicacion.jpg\",\"contentUrl\":\"https:\/\/deportesycomunicacion.com\/wp-content\/uploads\/2013\/05\/cropped-Logo-Deportes-Comunicacion.jpg\",\"width\":300,\"height\":65,\"caption\":\"Deportes y Comunicaci\u00f3n\"},\"image\":{\"@id\":\"https:\/\/deportesycomunicacion.com\/#\/schema\/logo\/image\/\"},\"sameAs\":[\"https:\/\/www.facebook.com\/ivan.ferrercayuela\",\"https:\/\/x.com\/IFC1976\"]},{\"@type\":\"Person\",\"@id\":\"https:\/\/deportesycomunicacion.com\/#\/schema\/person\/5bd536572b924420557d2db2f98bdd16\",\"name\":\"ivanferrer\",\"url\":\"https:\/\/deportesycomunicacion.com\/?author=2\"}]}<\/script>\n<!-- \/ Yoast SEO plugin. -->","yoast_head_json":{"title":"\u00bfEst\u00e1s dispuesto a quedarte sin algo grande?","description":"El s\u00e1bado lo tenemos marcado desde hace d\u00edas, en el calendario del pasillo de casa. A las 18 horas juega el Bar\u00e7a contra el Olympique de Lyon. Es la","robots":{"index":"index","follow":"follow","max-snippet":"max-snippet:-1","max-image-preview":"max-image-preview:large","max-video-preview":"max-video-preview:-1"},"canonical":"https:\/\/deportesycomunicacion.com\/?p=6456","og_locale":"es_ES","og_type":"article","og_title":"\u00bfEst\u00e1s dispuesto a quedarte sin algo grande?","og_description":"El s\u00e1bado lo tenemos marcado desde hace d\u00edas, en el calendario del pasillo de casa. A las 18 horas juega el Bar\u00e7a contra el Olympique de Lyon. Es la","og_url":"https:\/\/deportesycomunicacion.com\/?p=6456","og_site_name":"Deportes y Comunicaci\u00f3n","article_publisher":"https:\/\/www.facebook.com\/ivan.ferrercayuela","article_published_time":"2019-05-14T13:57:57+00:00","og_image":[{"width":499,"height":333,"url":"https:\/\/deportesycomunicacion.com\/wp-content\/uploads\/2019\/05\/mas-alla.jpg","type":"image\/jpeg"}],"author":"ivanferrer","twitter_card":"summary_large_image","twitter_creator":"@IFC1976","twitter_site":"@IFC1976","twitter_misc":{"Escrito por":"ivanferrer","Tiempo de lectura":"1 minuto"},"schema":{"@context":"https:\/\/schema.org","@graph":[{"@type":"Article","@id":"https:\/\/deportesycomunicacion.com\/?p=6456#article","isPartOf":{"@id":"https:\/\/deportesycomunicacion.com\/?p=6456"},"author":{"name":"ivanferrer","@id":"https:\/\/deportesycomunicacion.com\/#\/schema\/person\/5bd536572b924420557d2db2f98bdd16"},"headline":"\u00bfEst\u00e1s dispuesto a quedarte sin algo grande?","datePublished":"2019-05-14T13:57:57+00:00","mainEntityOfPage":{"@id":"https:\/\/deportesycomunicacion.com\/?p=6456"},"wordCount":287,"commentCount":0,"publisher":{"@id":"https:\/\/deportesycomunicacion.com\/#organization"},"image":{"@id":"https:\/\/deportesycomunicacion.com\/?p=6456#primaryimage"},"thumbnailUrl":"https:\/\/deportesycomunicacion.com\/wp-content\/uploads\/2019\/05\/mas-alla.jpg","keywords":["ADA HEGERBERG","FUTBOL","IGUALDAD GENERO","RENUNCIA MUNDIAL"],"articleSection":["FUTBOL"],"inLanguage":"es","potentialAction":[{"@type":"CommentAction","name":"Comment","target":["https:\/\/deportesycomunicacion.com\/?p=6456#respond"]}]},{"@type":"WebPage","@id":"https:\/\/deportesycomunicacion.com\/?p=6456","url":"https:\/\/deportesycomunicacion.com\/?p=6456","name":"\u00bfEst\u00e1s dispuesto a quedarte sin algo grande?","isPartOf":{"@id":"https:\/\/deportesycomunicacion.com\/#website"},"primaryImageOfPage":{"@id":"https:\/\/deportesycomunicacion.com\/?p=6456#primaryimage"},"image":{"@id":"https:\/\/deportesycomunicacion.com\/?p=6456#primaryimage"},"thumbnailUrl":"https:\/\/deportesycomunicacion.com\/wp-content\/uploads\/2019\/05\/mas-alla.jpg","datePublished":"2019-05-14T13:57:57+00:00","description":"El s\u00e1bado lo tenemos marcado desde hace d\u00edas, en el calendario del pasillo de casa. A las 18 horas juega el Bar\u00e7a contra el Olympique de Lyon. Es la","breadcrumb":{"@id":"https:\/\/deportesycomunicacion.com\/?p=6456#breadcrumb"},"inLanguage":"es","potentialAction":[{"@type":"ReadAction","target":["https:\/\/deportesycomunicacion.com\/?p=6456"]}]},{"@type":"ImageObject","inLanguage":"es","@id":"https:\/\/deportesycomunicacion.com\/?p=6456#primaryimage","url":"https:\/\/deportesycomunicacion.com\/wp-content\/uploads\/2019\/05\/mas-alla.jpg","contentUrl":"https:\/\/deportesycomunicacion.com\/wp-content\/uploads\/2019\/05\/mas-alla.jpg","width":499,"height":333},{"@type":"BreadcrumbList","@id":"https:\/\/deportesycomunicacion.com\/?p=6456#breadcrumb","itemListElement":[{"@type":"ListItem","position":1,"name":"Portada","item":"https:\/\/deportesycomunicacion.com\/"},{"@type":"ListItem","position":2,"name":"\u00bfEst\u00e1s dispuesto a quedarte sin algo grande?"}]},{"@type":"WebSite","@id":"https:\/\/deportesycomunicacion.com\/#website","url":"https:\/\/deportesycomunicacion.com\/","name":"Deportes y Comunicaci\u00f3n","description":"Powered by Ivan Ferrer","publisher":{"@id":"https:\/\/deportesycomunicacion.com\/#organization"},"potentialAction":[{"@type":"SearchAction","target":{"@type":"EntryPoint","urlTemplate":"https:\/\/deportesycomunicacion.com\/?s={search_term_string}"},"query-input":{"@type":"PropertyValueSpecification","valueRequired":true,"valueName":"search_term_string"}}],"inLanguage":"es"},{"@type":"Organization","@id":"https:\/\/deportesycomunicacion.com\/#organization","name":"Deportes y Comunicaci\u00f3n","url":"https:\/\/deportesycomunicacion.com\/","logo":{"@type":"ImageObject","inLanguage":"es","@id":"https:\/\/deportesycomunicacion.com\/#\/schema\/logo\/image\/","url":"https:\/\/deportesycomunicacion.com\/wp-content\/uploads\/2013\/05\/cropped-Logo-Deportes-Comunicacion.jpg","contentUrl":"https:\/\/deportesycomunicacion.com\/wp-content\/uploads\/2013\/05\/cropped-Logo-Deportes-Comunicacion.jpg","width":300,"height":65,"caption":"Deportes y Comunicaci\u00f3n"},"image":{"@id":"https:\/\/deportesycomunicacion.com\/#\/schema\/logo\/image\/"},"sameAs":["https:\/\/www.facebook.com\/ivan.ferrercayuela","https:\/\/x.com\/IFC1976"]},{"@type":"Person","@id":"https:\/\/deportesycomunicacion.com\/#\/schema\/person\/5bd536572b924420557d2db2f98bdd16","name":"ivanferrer","url":"https:\/\/deportesycomunicacion.com\/?author=2"}]}},"_links":{"self":[{"href":"https:\/\/deportesycomunicacion.com\/index.php?rest_route=\/wp\/v2\/posts\/6456","targetHints":{"allow":["GET"]}}],"collection":[{"href":"https:\/\/deportesycomunicacion.com\/index.php?rest_route=\/wp\/v2\/posts"}],"about":[{"href":"https:\/\/deportesycomunicacion.com\/index.php?rest_route=\/wp\/v2\/types\/post"}],"author":[{"embeddable":true,"href":"https:\/\/deportesycomunicacion.com\/index.php?rest_route=\/wp\/v2\/users\/2"}],"replies":[{"embeddable":true,"href":"https:\/\/deportesycomunicacion.com\/index.php?rest_route=%2Fwp%2Fv2%2Fcomments&post=6456"}],"version-history":[{"count":2,"href":"https:\/\/deportesycomunicacion.com\/index.php?rest_route=\/wp\/v2\/posts\/6456\/revisions"}],"predecessor-version":[{"id":6462,"href":"https:\/\/deportesycomunicacion.com\/index.php?rest_route=\/wp\/v2\/posts\/6456\/revisions\/6462"}],"wp:featuredmedia":[{"embeddable":true,"href":"https:\/\/deportesycomunicacion.com\/index.php?rest_route=\/wp\/v2\/media\/6461"}],"wp:attachment":[{"href":"https:\/\/deportesycomunicacion.com\/index.php?rest_route=%2Fwp%2Fv2%2Fmedia&parent=6456"}],"wp:term":[{"taxonomy":"category","embeddable":true,"href":"https:\/\/deportesycomunicacion.com\/index.php?rest_route=%2Fwp%2Fv2%2Fcategories&post=6456"},{"taxonomy":"post_tag","embeddable":true,"href":"https:\/\/deportesycomunicacion.com\/index.php?rest_route=%2Fwp%2Fv2%2Ftags&post=6456"}],"curies":[{"name":"wp","href":"https:\/\/api.w.org\/{rel}","templated":true}]}}