{"id":6632,"date":"2019-07-26T12:24:03","date_gmt":"2019-07-26T10:24:03","guid":{"rendered":"http:\/\/deportesycomunicacion.com\/?p=6632"},"modified":"2019-07-26T12:24:03","modified_gmt":"2019-07-26T10:24:03","slug":"debes-contar-tus-proezas-timeline","status":"publish","type":"post","link":"https:\/\/deportesycomunicacion.com\/?p=6632","title":{"rendered":"\u00bfDebes contar tus proezas en un timeline?"},"content":{"rendered":"<p style=\"text-align: justify;\">En la era del \u201cyo lo hice\u201d, \u201cyo estuve all\u00ed\u201d, \u201cyo me lo he comprado\u201d siempre existen dos denominadores comunes: \u201cyo\u201d y \u201c\u00e9xito\u201d (aunque \u00e9sta alcance cotas total y absolutamente est\u00fapidas, materializadas, por ejemplo, en una gafas supercool). Hemos llegado a tal nivel de exponernos por exponernos, que cada objetivo es un tic verde m\u00e1s en una fren\u00e9tica carrera hacia una meta que le aleja constantemente del lugar en el que te encuentras. Una competici\u00f3n sin fin.<\/p>\n<p style=\"text-align: justify;\">Por ello creo que tienen mucho valor las gestas basadas en el \u201ccasi\u201d. Gestas que no se narraron en un fr\u00edo timeline; una noble lucha del hombre contra la monta\u00f1a y los elementos. Una gesta en el que el triunfo fue volver con vida al campamento base. <a href=\"https:\/\/elpais.com\/deportes\/2019\/07\/20\/actualidad\/1563624103_127419.html\" target=\"_blank\"><strong>Una gesta analizada y valorada por los expertos<\/strong><\/a>, no por una audiencia que se atreve a opinar sobre absolutamente todo, con el \u00fanico criterio que el que dictan sus v\u00edsceras.<\/p>\n<p style=\"text-align: justify;\">En la \u00e9poca del ciclo \u201chacer, difundir, consumir y olvidar\u201d online, creo que conviene recurrir a los mitos de carne y hueso, transmitidos de forma oral como las antiguas tribus. Lo virtual y ef\u00edmero versus lo material y perdurable. Que cada uno escoja lo que m\u00e1s le convenga\u2026<\/p>\n<p style=\"text-align: justify;\"><strong>\u00bfTe gusta consumir los retos online? \u00bfO prefieres la m\u00edstica de las historias narradas?<\/strong><\/p>\n<p>photo credit: Eric_G73 <a href=\"http:\/\/www.flickr.com\/photos\/109580586@N06\/24395385947\">Bookshop<\/a> via <a href=\"http:\/\/photopin.com\">photopin<\/a> <a href=\"https:\/\/creativecommons.org\/licenses\/by-nc-sa\/2.0\/\">(license)<\/a><\/p>\n","protected":false},"excerpt":{"rendered":"<p>En la era del \u201cyo lo hice\u201d, \u201cyo estuve all\u00ed\u201d, \u201cyo me lo he comprado\u201d siempre &hellip; <a title=\"\u00bfDebes contar tus proezas en un timeline?\" class=\"hm-read-more\" href=\"https:\/\/deportesycomunicacion.com\/?p=6632\"><span class=\"screen-reader-text\">\u00bfDebes contar tus proezas en un timeline?<\/span>Leer m\u00e1s<\/a><\/p>\n","protected":false},"author":2,"featured_media":6639,"comment_status":"open","ping_status":"open","sticky":false,"template":"","format":"standard","meta":{"footnotes":""},"categories":[1481],"tags":[1482,2111,2110,2112,2113],"class_list":["post-6632","post","type-post","status-publish","format-standard","has-post-thumbnail","hentry","category-alpinismo","tag-alpinismo","tag-escalada-del-siglo","tag-gestas","tag-kurtyka","tag-schauer"],"yoast_head":"<!-- This site is optimized with the Yoast SEO plugin v24.8.1 - https:\/\/yoast.com\/wordpress\/plugins\/seo\/ -->\n<title>\u00bfDebes contar tus proezas en un timeline?<\/title>\n<meta name=\"description\" content=\"En la era del \u201cyo lo hice\u201d, \u201cyo estuve all\u00ed\u201d, \u201cyo me lo he comprado\u201d siempre existen dos denominadores comunes: \u201cyo\u201d y \u201c\u00e9xito\u201d (aunque \u00e9sta alcance cotas\" \/>\n<meta name=\"robots\" content=\"index, follow, max-snippet:-1, max-image-preview:large, max-video-preview:-1\" \/>\n<link rel=\"canonical\" href=\"https:\/\/deportesycomunicacion.com\/?p=6632\" \/>\n<meta property=\"og:locale\" content=\"es_ES\" \/>\n<meta property=\"og:type\" content=\"article\" \/>\n<meta property=\"og:title\" content=\"\u00bfDebes contar tus proezas en un timeline?\" \/>\n<meta property=\"og:description\" content=\"En la era del \u201cyo lo hice\u201d, \u201cyo estuve all\u00ed\u201d, \u201cyo me lo he comprado\u201d siempre existen dos denominadores comunes: \u201cyo\u201d y \u201c\u00e9xito\u201d (aunque \u00e9sta alcance cotas\" \/>\n<meta property=\"og:url\" content=\"https:\/\/deportesycomunicacion.com\/?p=6632\" \/>\n<meta property=\"og:site_name\" content=\"Deportes y Comunicaci\u00f3n\" \/>\n<meta property=\"article:publisher\" content=\"https:\/\/www.facebook.com\/ivan.ferrercayuela\" \/>\n<meta property=\"article:published_time\" content=\"2019-07-26T10:24:03+00:00\" \/>\n<meta property=\"og:image\" content=\"https:\/\/deportesycomunicacion.com\/wp-content\/uploads\/2019\/07\/libreria.jpg\" \/>\n\t<meta property=\"og:image:width\" content=\"500\" \/>\n\t<meta property=\"og:image:height\" content=\"486\" \/>\n\t<meta property=\"og:image:type\" content=\"image\/jpeg\" \/>\n<meta name=\"author\" content=\"ivanferrer\" \/>\n<meta name=\"twitter:card\" content=\"summary_large_image\" \/>\n<meta name=\"twitter:creator\" content=\"@IFC1976\" \/>\n<meta name=\"twitter:site\" content=\"@IFC1976\" \/>\n<meta name=\"twitter:label1\" content=\"Escrito por\" \/>\n\t<meta name=\"twitter:data1\" content=\"ivanferrer\" \/>\n\t<meta name=\"twitter:label2\" content=\"Tiempo de lectura\" \/>\n\t<meta name=\"twitter:data2\" content=\"1 minuto\" \/>\n<script type=\"application\/ld+json\" class=\"yoast-schema-graph\">{\"@context\":\"https:\/\/schema.org\",\"@graph\":[{\"@type\":\"Article\",\"@id\":\"https:\/\/deportesycomunicacion.com\/?p=6632#article\",\"isPartOf\":{\"@id\":\"https:\/\/deportesycomunicacion.com\/?p=6632\"},\"author\":{\"name\":\"ivanferrer\",\"@id\":\"https:\/\/deportesycomunicacion.com\/#\/schema\/person\/5bd536572b924420557d2db2f98bdd16\"},\"headline\":\"\u00bfDebes contar tus proezas en un timeline?\",\"datePublished\":\"2019-07-26T10:24:03+00:00\",\"mainEntityOfPage\":{\"@id\":\"https:\/\/deportesycomunicacion.com\/?p=6632\"},\"wordCount\":241,\"commentCount\":0,\"publisher\":{\"@id\":\"https:\/\/deportesycomunicacion.com\/#organization\"},\"image\":{\"@id\":\"https:\/\/deportesycomunicacion.com\/?p=6632#primaryimage\"},\"thumbnailUrl\":\"https:\/\/deportesycomunicacion.com\/wp-content\/uploads\/2019\/07\/libreria.jpg\",\"keywords\":[\"ALPINISMO\",\"ESCALADA DEL SIGLO\",\"GESTAS\",\"KURTYKA\",\"SCHAUER\"],\"articleSection\":[\"ALPINISMO\"],\"inLanguage\":\"es\",\"potentialAction\":[{\"@type\":\"CommentAction\",\"name\":\"Comment\",\"target\":[\"https:\/\/deportesycomunicacion.com\/?p=6632#respond\"]}]},{\"@type\":\"WebPage\",\"@id\":\"https:\/\/deportesycomunicacion.com\/?p=6632\",\"url\":\"https:\/\/deportesycomunicacion.com\/?p=6632\",\"name\":\"\u00bfDebes contar tus proezas en un timeline?\",\"isPartOf\":{\"@id\":\"https:\/\/deportesycomunicacion.com\/#website\"},\"primaryImageOfPage\":{\"@id\":\"https:\/\/deportesycomunicacion.com\/?p=6632#primaryimage\"},\"image\":{\"@id\":\"https:\/\/deportesycomunicacion.com\/?p=6632#primaryimage\"},\"thumbnailUrl\":\"https:\/\/deportesycomunicacion.com\/wp-content\/uploads\/2019\/07\/libreria.jpg\",\"datePublished\":\"2019-07-26T10:24:03+00:00\",\"description\":\"En la era del \u201cyo lo hice\u201d, \u201cyo estuve all\u00ed\u201d, \u201cyo me lo he comprado\u201d siempre existen dos denominadores comunes: \u201cyo\u201d y \u201c\u00e9xito\u201d (aunque \u00e9sta alcance cotas\",\"breadcrumb\":{\"@id\":\"https:\/\/deportesycomunicacion.com\/?p=6632#breadcrumb\"},\"inLanguage\":\"es\",\"potentialAction\":[{\"@type\":\"ReadAction\",\"target\":[\"https:\/\/deportesycomunicacion.com\/?p=6632\"]}]},{\"@type\":\"ImageObject\",\"inLanguage\":\"es\",\"@id\":\"https:\/\/deportesycomunicacion.com\/?p=6632#primaryimage\",\"url\":\"https:\/\/deportesycomunicacion.com\/wp-content\/uploads\/2019\/07\/libreria.jpg\",\"contentUrl\":\"https:\/\/deportesycomunicacion.com\/wp-content\/uploads\/2019\/07\/libreria.jpg\",\"width\":500,\"height\":486},{\"@type\":\"BreadcrumbList\",\"@id\":\"https:\/\/deportesycomunicacion.com\/?p=6632#breadcrumb\",\"itemListElement\":[{\"@type\":\"ListItem\",\"position\":1,\"name\":\"Portada\",\"item\":\"https:\/\/deportesycomunicacion.com\/\"},{\"@type\":\"ListItem\",\"position\":2,\"name\":\"\u00bfDebes contar tus proezas en un timeline?\"}]},{\"@type\":\"WebSite\",\"@id\":\"https:\/\/deportesycomunicacion.com\/#website\",\"url\":\"https:\/\/deportesycomunicacion.com\/\",\"name\":\"Deportes y Comunicaci\u00f3n\",\"description\":\"Powered by Ivan Ferrer\",\"publisher\":{\"@id\":\"https:\/\/deportesycomunicacion.com\/#organization\"},\"potentialAction\":[{\"@type\":\"SearchAction\",\"target\":{\"@type\":\"EntryPoint\",\"urlTemplate\":\"https:\/\/deportesycomunicacion.com\/?s={search_term_string}\"},\"query-input\":{\"@type\":\"PropertyValueSpecification\",\"valueRequired\":true,\"valueName\":\"search_term_string\"}}],\"inLanguage\":\"es\"},{\"@type\":\"Organization\",\"@id\":\"https:\/\/deportesycomunicacion.com\/#organization\",\"name\":\"Deportes y Comunicaci\u00f3n\",\"url\":\"https:\/\/deportesycomunicacion.com\/\",\"logo\":{\"@type\":\"ImageObject\",\"inLanguage\":\"es\",\"@id\":\"https:\/\/deportesycomunicacion.com\/#\/schema\/logo\/image\/\",\"url\":\"https:\/\/deportesycomunicacion.com\/wp-content\/uploads\/2013\/05\/cropped-Logo-Deportes-Comunicacion.jpg\",\"contentUrl\":\"https:\/\/deportesycomunicacion.com\/wp-content\/uploads\/2013\/05\/cropped-Logo-Deportes-Comunicacion.jpg\",\"width\":300,\"height\":65,\"caption\":\"Deportes y Comunicaci\u00f3n\"},\"image\":{\"@id\":\"https:\/\/deportesycomunicacion.com\/#\/schema\/logo\/image\/\"},\"sameAs\":[\"https:\/\/www.facebook.com\/ivan.ferrercayuela\",\"https:\/\/x.com\/IFC1976\"]},{\"@type\":\"Person\",\"@id\":\"https:\/\/deportesycomunicacion.com\/#\/schema\/person\/5bd536572b924420557d2db2f98bdd16\",\"name\":\"ivanferrer\",\"url\":\"https:\/\/deportesycomunicacion.com\/?author=2\"}]}<\/script>\n<!-- \/ Yoast SEO plugin. -->","yoast_head_json":{"title":"\u00bfDebes contar tus proezas en un timeline?","description":"En la era del \u201cyo lo hice\u201d, \u201cyo estuve all\u00ed\u201d, \u201cyo me lo he comprado\u201d siempre existen dos denominadores comunes: \u201cyo\u201d y \u201c\u00e9xito\u201d (aunque \u00e9sta alcance cotas","robots":{"index":"index","follow":"follow","max-snippet":"max-snippet:-1","max-image-preview":"max-image-preview:large","max-video-preview":"max-video-preview:-1"},"canonical":"https:\/\/deportesycomunicacion.com\/?p=6632","og_locale":"es_ES","og_type":"article","og_title":"\u00bfDebes contar tus proezas en un timeline?","og_description":"En la era del \u201cyo lo hice\u201d, \u201cyo estuve all\u00ed\u201d, \u201cyo me lo he comprado\u201d siempre existen dos denominadores comunes: \u201cyo\u201d y \u201c\u00e9xito\u201d (aunque \u00e9sta alcance cotas","og_url":"https:\/\/deportesycomunicacion.com\/?p=6632","og_site_name":"Deportes y Comunicaci\u00f3n","article_publisher":"https:\/\/www.facebook.com\/ivan.ferrercayuela","article_published_time":"2019-07-26T10:24:03+00:00","og_image":[{"width":500,"height":486,"url":"https:\/\/deportesycomunicacion.com\/wp-content\/uploads\/2019\/07\/libreria.jpg","type":"image\/jpeg"}],"author":"ivanferrer","twitter_card":"summary_large_image","twitter_creator":"@IFC1976","twitter_site":"@IFC1976","twitter_misc":{"Escrito por":"ivanferrer","Tiempo de lectura":"1 minuto"},"schema":{"@context":"https:\/\/schema.org","@graph":[{"@type":"Article","@id":"https:\/\/deportesycomunicacion.com\/?p=6632#article","isPartOf":{"@id":"https:\/\/deportesycomunicacion.com\/?p=6632"},"author":{"name":"ivanferrer","@id":"https:\/\/deportesycomunicacion.com\/#\/schema\/person\/5bd536572b924420557d2db2f98bdd16"},"headline":"\u00bfDebes contar tus proezas en un timeline?","datePublished":"2019-07-26T10:24:03+00:00","mainEntityOfPage":{"@id":"https:\/\/deportesycomunicacion.com\/?p=6632"},"wordCount":241,"commentCount":0,"publisher":{"@id":"https:\/\/deportesycomunicacion.com\/#organization"},"image":{"@id":"https:\/\/deportesycomunicacion.com\/?p=6632#primaryimage"},"thumbnailUrl":"https:\/\/deportesycomunicacion.com\/wp-content\/uploads\/2019\/07\/libreria.jpg","keywords":["ALPINISMO","ESCALADA DEL SIGLO","GESTAS","KURTYKA","SCHAUER"],"articleSection":["ALPINISMO"],"inLanguage":"es","potentialAction":[{"@type":"CommentAction","name":"Comment","target":["https:\/\/deportesycomunicacion.com\/?p=6632#respond"]}]},{"@type":"WebPage","@id":"https:\/\/deportesycomunicacion.com\/?p=6632","url":"https:\/\/deportesycomunicacion.com\/?p=6632","name":"\u00bfDebes contar tus proezas en un timeline?","isPartOf":{"@id":"https:\/\/deportesycomunicacion.com\/#website"},"primaryImageOfPage":{"@id":"https:\/\/deportesycomunicacion.com\/?p=6632#primaryimage"},"image":{"@id":"https:\/\/deportesycomunicacion.com\/?p=6632#primaryimage"},"thumbnailUrl":"https:\/\/deportesycomunicacion.com\/wp-content\/uploads\/2019\/07\/libreria.jpg","datePublished":"2019-07-26T10:24:03+00:00","description":"En la era del \u201cyo lo hice\u201d, \u201cyo estuve all\u00ed\u201d, \u201cyo me lo he comprado\u201d siempre existen dos denominadores comunes: \u201cyo\u201d y \u201c\u00e9xito\u201d (aunque \u00e9sta alcance cotas","breadcrumb":{"@id":"https:\/\/deportesycomunicacion.com\/?p=6632#breadcrumb"},"inLanguage":"es","potentialAction":[{"@type":"ReadAction","target":["https:\/\/deportesycomunicacion.com\/?p=6632"]}]},{"@type":"ImageObject","inLanguage":"es","@id":"https:\/\/deportesycomunicacion.com\/?p=6632#primaryimage","url":"https:\/\/deportesycomunicacion.com\/wp-content\/uploads\/2019\/07\/libreria.jpg","contentUrl":"https:\/\/deportesycomunicacion.com\/wp-content\/uploads\/2019\/07\/libreria.jpg","width":500,"height":486},{"@type":"BreadcrumbList","@id":"https:\/\/deportesycomunicacion.com\/?p=6632#breadcrumb","itemListElement":[{"@type":"ListItem","position":1,"name":"Portada","item":"https:\/\/deportesycomunicacion.com\/"},{"@type":"ListItem","position":2,"name":"\u00bfDebes contar tus proezas en un timeline?"}]},{"@type":"WebSite","@id":"https:\/\/deportesycomunicacion.com\/#website","url":"https:\/\/deportesycomunicacion.com\/","name":"Deportes y Comunicaci\u00f3n","description":"Powered by Ivan Ferrer","publisher":{"@id":"https:\/\/deportesycomunicacion.com\/#organization"},"potentialAction":[{"@type":"SearchAction","target":{"@type":"EntryPoint","urlTemplate":"https:\/\/deportesycomunicacion.com\/?s={search_term_string}"},"query-input":{"@type":"PropertyValueSpecification","valueRequired":true,"valueName":"search_term_string"}}],"inLanguage":"es"},{"@type":"Organization","@id":"https:\/\/deportesycomunicacion.com\/#organization","name":"Deportes y Comunicaci\u00f3n","url":"https:\/\/deportesycomunicacion.com\/","logo":{"@type":"ImageObject","inLanguage":"es","@id":"https:\/\/deportesycomunicacion.com\/#\/schema\/logo\/image\/","url":"https:\/\/deportesycomunicacion.com\/wp-content\/uploads\/2013\/05\/cropped-Logo-Deportes-Comunicacion.jpg","contentUrl":"https:\/\/deportesycomunicacion.com\/wp-content\/uploads\/2013\/05\/cropped-Logo-Deportes-Comunicacion.jpg","width":300,"height":65,"caption":"Deportes y Comunicaci\u00f3n"},"image":{"@id":"https:\/\/deportesycomunicacion.com\/#\/schema\/logo\/image\/"},"sameAs":["https:\/\/www.facebook.com\/ivan.ferrercayuela","https:\/\/x.com\/IFC1976"]},{"@type":"Person","@id":"https:\/\/deportesycomunicacion.com\/#\/schema\/person\/5bd536572b924420557d2db2f98bdd16","name":"ivanferrer","url":"https:\/\/deportesycomunicacion.com\/?author=2"}]}},"_links":{"self":[{"href":"https:\/\/deportesycomunicacion.com\/index.php?rest_route=\/wp\/v2\/posts\/6632","targetHints":{"allow":["GET"]}}],"collection":[{"href":"https:\/\/deportesycomunicacion.com\/index.php?rest_route=\/wp\/v2\/posts"}],"about":[{"href":"https:\/\/deportesycomunicacion.com\/index.php?rest_route=\/wp\/v2\/types\/post"}],"author":[{"embeddable":true,"href":"https:\/\/deportesycomunicacion.com\/index.php?rest_route=\/wp\/v2\/users\/2"}],"replies":[{"embeddable":true,"href":"https:\/\/deportesycomunicacion.com\/index.php?rest_route=%2Fwp%2Fv2%2Fcomments&post=6632"}],"version-history":[{"count":2,"href":"https:\/\/deportesycomunicacion.com\/index.php?rest_route=\/wp\/v2\/posts\/6632\/revisions"}],"predecessor-version":[{"id":6640,"href":"https:\/\/deportesycomunicacion.com\/index.php?rest_route=\/wp\/v2\/posts\/6632\/revisions\/6640"}],"wp:featuredmedia":[{"embeddable":true,"href":"https:\/\/deportesycomunicacion.com\/index.php?rest_route=\/wp\/v2\/media\/6639"}],"wp:attachment":[{"href":"https:\/\/deportesycomunicacion.com\/index.php?rest_route=%2Fwp%2Fv2%2Fmedia&parent=6632"}],"wp:term":[{"taxonomy":"category","embeddable":true,"href":"https:\/\/deportesycomunicacion.com\/index.php?rest_route=%2Fwp%2Fv2%2Fcategories&post=6632"},{"taxonomy":"post_tag","embeddable":true,"href":"https:\/\/deportesycomunicacion.com\/index.php?rest_route=%2Fwp%2Fv2%2Ftags&post=6632"}],"curies":[{"name":"wp","href":"https:\/\/api.w.org\/{rel}","templated":true}]}}