{"id":6638,"date":"2019-07-29T11:28:07","date_gmt":"2019-07-29T09:28:07","guid":{"rendered":"http:\/\/deportesycomunicacion.com\/?p=6638"},"modified":"2019-07-29T11:28:07","modified_gmt":"2019-07-29T09:28:07","slug":"eludes-la-inercia","status":"publish","type":"post","link":"https:\/\/deportesycomunicacion.com\/?p=6638","title":{"rendered":"\u00bfEludes la inercia?"},"content":{"rendered":"<p>El mes de julio es, para muchos, el peor mes de todo el a\u00f1o. Si el calendario no ha propiciado unos cuantos festivos y puentes, la traves\u00eda desde el par\u00f3n de semana santa al verano se convierte en un constante y exigente <a href=\"https:\/\/es.wikipedia.org\/wiki\/Col_du_Tourmalet\" target=\"_blank\"><strong>Tourmalet<\/strong><\/a>. Ese ascenso acumulado, en el mes de julio, mantiene las piernas extremadamente cargadas; pero a\u00fan falta un esfuerzo extra para alcanzar la meta volante de agosto. Tras ella todo cambia y se dirige cuesta abajo: vacaciones.<\/p>\n<p style=\"text-align: justify;\">Se trata de un tema mental m\u00e1s que f\u00edsico, ya que el descanso est\u00e1 a la vuelta de la esquina pero tu cabeza dice que ya no quiere remar m\u00e1s para alcanzar la orilla. Tu cerebro, en una estrategia mal\u00e9fica te confunde para que unos pocos metros parezcan kil\u00f3metros, desanimando as\u00ed a tu cuerpo. A veces, desasosiego es tal que se acaban tus reservas energ\u00e9ticas mentales y tienes que hacer un reseteado en toda regla. El campe\u00f3n ol\u00edmpico <a href=\"https:\/\/elpais.com\/deportes\/2019\/07\/26\/actualidad\/1564136505_048916.html\" target=\"_blank\"><strong>Cristian Toro<\/strong><\/a> no ha podido aguantar el extremadamente exigente d\u00eda a d\u00eda de la piragua, con la esperanza que hacer algo grande en los <strong><a href=\"https:\/\/tokyo2020.org\/en\/\" target=\"_blank\">JJOO de Tokyo 2020<\/a><\/strong>, en la modalidad K4 500. Tras transcurrir el 75% del per\u00edodo entre olimpiadas, Toro se ha bajado de la embarcaci\u00f3n por su bien y por el de sus compa\u00f1eros.<\/p>\n<p style=\"text-align: justify;\">Ha sido una decisi\u00f3n extremadamente deportiva y valiente. Como dice la sabidur\u00eda popular: \u201cir por ir es tonter\u00eda\u201d. Saber renunciar a tiempo puede ser uno de los grandes triunfos de tu vida\u2026<\/p>\n<p style=\"text-align: justify;\"><strong>\u00bfSabes parar? \u00bfO la inercia te lleva lejos de tus deseos?<\/strong><\/p>\n<p>photo credit: Curtis Cronn <a href=\"http:\/\/www.flickr.com\/photos\/10792703@N07\/35823586292\">Dartmouth, Nova Scotia<\/a> via <a href=\"http:\/\/photopin.com\">photopin<\/a> <a href=\"https:\/\/creativecommons.org\/licenses\/by-nc-nd\/2.0\/\">(license)<\/a><\/p>\n","protected":false},"excerpt":{"rendered":"<p>El mes de julio es, para muchos, el peor mes de todo el a\u00f1o. Si el &hellip; <a title=\"\u00bfEludes la inercia?\" class=\"hm-read-more\" href=\"https:\/\/deportesycomunicacion.com\/?p=6638\"><span class=\"screen-reader-text\">\u00bfEludes la inercia?<\/span>Leer m\u00e1s<\/a><\/p>\n","protected":false},"author":2,"featured_media":6643,"comment_status":"open","ping_status":"open","sticky":false,"template":"","format":"standard","meta":{"footnotes":""},"categories":[1872],"tags":[2114,1875,181],"class_list":["post-6638","post","type-post","status-publish","format-standard","has-post-thumbnail","hentry","category-piraguismo","tag-cristian-toro","tag-piraguismo","tag-renuncia"],"yoast_head":"<!-- This site is optimized with the Yoast SEO plugin v24.8.1 - https:\/\/yoast.com\/wordpress\/plugins\/seo\/ -->\n<title>\u00bfEludes la inercia?<\/title>\n<meta name=\"description\" content=\"El mes de julio es, para muchos, el peor mes de todo el a\u00f1o. Si el calendario no ha propiciado unos cuantos festivos y puentes, la traves\u00eda desde el par\u00f3n\" \/>\n<meta name=\"robots\" content=\"index, follow, max-snippet:-1, max-image-preview:large, max-video-preview:-1\" \/>\n<link rel=\"canonical\" href=\"https:\/\/deportesycomunicacion.com\/?p=6638\" \/>\n<meta property=\"og:locale\" content=\"es_ES\" \/>\n<meta property=\"og:type\" content=\"article\" \/>\n<meta property=\"og:title\" content=\"\u00bfEludes la inercia?\" \/>\n<meta property=\"og:description\" content=\"El mes de julio es, para muchos, el peor mes de todo el a\u00f1o. Si el calendario no ha propiciado unos cuantos festivos y puentes, la traves\u00eda desde el par\u00f3n\" \/>\n<meta property=\"og:url\" content=\"https:\/\/deportesycomunicacion.com\/?p=6638\" \/>\n<meta property=\"og:site_name\" content=\"Deportes y Comunicaci\u00f3n\" \/>\n<meta property=\"article:publisher\" content=\"https:\/\/www.facebook.com\/ivan.ferrercayuela\" \/>\n<meta property=\"article:published_time\" content=\"2019-07-29T09:28:07+00:00\" \/>\n<meta property=\"og:image\" content=\"https:\/\/deportesycomunicacion.com\/wp-content\/uploads\/2019\/07\/stop.jpg\" \/>\n\t<meta property=\"og:image:width\" content=\"500\" \/>\n\t<meta property=\"og:image:height\" content=\"493\" \/>\n\t<meta property=\"og:image:type\" content=\"image\/jpeg\" \/>\n<meta name=\"author\" content=\"ivanferrer\" \/>\n<meta name=\"twitter:card\" content=\"summary_large_image\" \/>\n<meta name=\"twitter:creator\" content=\"@IFC1976\" \/>\n<meta name=\"twitter:site\" content=\"@IFC1976\" \/>\n<meta name=\"twitter:label1\" content=\"Escrito por\" \/>\n\t<meta name=\"twitter:data1\" content=\"ivanferrer\" \/>\n\t<meta name=\"twitter:label2\" content=\"Tiempo de lectura\" \/>\n\t<meta name=\"twitter:data2\" content=\"1 minuto\" \/>\n<script type=\"application\/ld+json\" class=\"yoast-schema-graph\">{\"@context\":\"https:\/\/schema.org\",\"@graph\":[{\"@type\":\"Article\",\"@id\":\"https:\/\/deportesycomunicacion.com\/?p=6638#article\",\"isPartOf\":{\"@id\":\"https:\/\/deportesycomunicacion.com\/?p=6638\"},\"author\":{\"name\":\"ivanferrer\",\"@id\":\"https:\/\/deportesycomunicacion.com\/#\/schema\/person\/5bd536572b924420557d2db2f98bdd16\"},\"headline\":\"\u00bfEludes la inercia?\",\"datePublished\":\"2019-07-29T09:28:07+00:00\",\"mainEntityOfPage\":{\"@id\":\"https:\/\/deportesycomunicacion.com\/?p=6638\"},\"wordCount\":287,\"commentCount\":0,\"publisher\":{\"@id\":\"https:\/\/deportesycomunicacion.com\/#organization\"},\"image\":{\"@id\":\"https:\/\/deportesycomunicacion.com\/?p=6638#primaryimage\"},\"thumbnailUrl\":\"https:\/\/deportesycomunicacion.com\/wp-content\/uploads\/2019\/07\/stop.jpg\",\"keywords\":[\"CRISTIAN TORO\",\"PIRAG\u00dcISMO\",\"RENUNCIA\"],\"articleSection\":[\"PIRAG\u00dcISMO\"],\"inLanguage\":\"es\",\"potentialAction\":[{\"@type\":\"CommentAction\",\"name\":\"Comment\",\"target\":[\"https:\/\/deportesycomunicacion.com\/?p=6638#respond\"]}]},{\"@type\":\"WebPage\",\"@id\":\"https:\/\/deportesycomunicacion.com\/?p=6638\",\"url\":\"https:\/\/deportesycomunicacion.com\/?p=6638\",\"name\":\"\u00bfEludes la inercia?\",\"isPartOf\":{\"@id\":\"https:\/\/deportesycomunicacion.com\/#website\"},\"primaryImageOfPage\":{\"@id\":\"https:\/\/deportesycomunicacion.com\/?p=6638#primaryimage\"},\"image\":{\"@id\":\"https:\/\/deportesycomunicacion.com\/?p=6638#primaryimage\"},\"thumbnailUrl\":\"https:\/\/deportesycomunicacion.com\/wp-content\/uploads\/2019\/07\/stop.jpg\",\"datePublished\":\"2019-07-29T09:28:07+00:00\",\"description\":\"El mes de julio es, para muchos, el peor mes de todo el a\u00f1o. Si el calendario no ha propiciado unos cuantos festivos y puentes, la traves\u00eda desde el par\u00f3n\",\"breadcrumb\":{\"@id\":\"https:\/\/deportesycomunicacion.com\/?p=6638#breadcrumb\"},\"inLanguage\":\"es\",\"potentialAction\":[{\"@type\":\"ReadAction\",\"target\":[\"https:\/\/deportesycomunicacion.com\/?p=6638\"]}]},{\"@type\":\"ImageObject\",\"inLanguage\":\"es\",\"@id\":\"https:\/\/deportesycomunicacion.com\/?p=6638#primaryimage\",\"url\":\"https:\/\/deportesycomunicacion.com\/wp-content\/uploads\/2019\/07\/stop.jpg\",\"contentUrl\":\"https:\/\/deportesycomunicacion.com\/wp-content\/uploads\/2019\/07\/stop.jpg\",\"width\":500,\"height\":493},{\"@type\":\"BreadcrumbList\",\"@id\":\"https:\/\/deportesycomunicacion.com\/?p=6638#breadcrumb\",\"itemListElement\":[{\"@type\":\"ListItem\",\"position\":1,\"name\":\"Portada\",\"item\":\"https:\/\/deportesycomunicacion.com\/\"},{\"@type\":\"ListItem\",\"position\":2,\"name\":\"\u00bfEludes la inercia?\"}]},{\"@type\":\"WebSite\",\"@id\":\"https:\/\/deportesycomunicacion.com\/#website\",\"url\":\"https:\/\/deportesycomunicacion.com\/\",\"name\":\"Deportes y Comunicaci\u00f3n\",\"description\":\"Powered by Ivan Ferrer\",\"publisher\":{\"@id\":\"https:\/\/deportesycomunicacion.com\/#organization\"},\"potentialAction\":[{\"@type\":\"SearchAction\",\"target\":{\"@type\":\"EntryPoint\",\"urlTemplate\":\"https:\/\/deportesycomunicacion.com\/?s={search_term_string}\"},\"query-input\":{\"@type\":\"PropertyValueSpecification\",\"valueRequired\":true,\"valueName\":\"search_term_string\"}}],\"inLanguage\":\"es\"},{\"@type\":\"Organization\",\"@id\":\"https:\/\/deportesycomunicacion.com\/#organization\",\"name\":\"Deportes y Comunicaci\u00f3n\",\"url\":\"https:\/\/deportesycomunicacion.com\/\",\"logo\":{\"@type\":\"ImageObject\",\"inLanguage\":\"es\",\"@id\":\"https:\/\/deportesycomunicacion.com\/#\/schema\/logo\/image\/\",\"url\":\"https:\/\/deportesycomunicacion.com\/wp-content\/uploads\/2013\/05\/cropped-Logo-Deportes-Comunicacion.jpg\",\"contentUrl\":\"https:\/\/deportesycomunicacion.com\/wp-content\/uploads\/2013\/05\/cropped-Logo-Deportes-Comunicacion.jpg\",\"width\":300,\"height\":65,\"caption\":\"Deportes y Comunicaci\u00f3n\"},\"image\":{\"@id\":\"https:\/\/deportesycomunicacion.com\/#\/schema\/logo\/image\/\"},\"sameAs\":[\"https:\/\/www.facebook.com\/ivan.ferrercayuela\",\"https:\/\/x.com\/IFC1976\"]},{\"@type\":\"Person\",\"@id\":\"https:\/\/deportesycomunicacion.com\/#\/schema\/person\/5bd536572b924420557d2db2f98bdd16\",\"name\":\"ivanferrer\",\"url\":\"https:\/\/deportesycomunicacion.com\/?author=2\"}]}<\/script>\n<!-- \/ Yoast SEO plugin. -->","yoast_head_json":{"title":"\u00bfEludes la inercia?","description":"El mes de julio es, para muchos, el peor mes de todo el a\u00f1o. Si el calendario no ha propiciado unos cuantos festivos y puentes, la traves\u00eda desde el par\u00f3n","robots":{"index":"index","follow":"follow","max-snippet":"max-snippet:-1","max-image-preview":"max-image-preview:large","max-video-preview":"max-video-preview:-1"},"canonical":"https:\/\/deportesycomunicacion.com\/?p=6638","og_locale":"es_ES","og_type":"article","og_title":"\u00bfEludes la inercia?","og_description":"El mes de julio es, para muchos, el peor mes de todo el a\u00f1o. Si el calendario no ha propiciado unos cuantos festivos y puentes, la traves\u00eda desde el par\u00f3n","og_url":"https:\/\/deportesycomunicacion.com\/?p=6638","og_site_name":"Deportes y Comunicaci\u00f3n","article_publisher":"https:\/\/www.facebook.com\/ivan.ferrercayuela","article_published_time":"2019-07-29T09:28:07+00:00","og_image":[{"width":500,"height":493,"url":"https:\/\/deportesycomunicacion.com\/wp-content\/uploads\/2019\/07\/stop.jpg","type":"image\/jpeg"}],"author":"ivanferrer","twitter_card":"summary_large_image","twitter_creator":"@IFC1976","twitter_site":"@IFC1976","twitter_misc":{"Escrito por":"ivanferrer","Tiempo de lectura":"1 minuto"},"schema":{"@context":"https:\/\/schema.org","@graph":[{"@type":"Article","@id":"https:\/\/deportesycomunicacion.com\/?p=6638#article","isPartOf":{"@id":"https:\/\/deportesycomunicacion.com\/?p=6638"},"author":{"name":"ivanferrer","@id":"https:\/\/deportesycomunicacion.com\/#\/schema\/person\/5bd536572b924420557d2db2f98bdd16"},"headline":"\u00bfEludes la inercia?","datePublished":"2019-07-29T09:28:07+00:00","mainEntityOfPage":{"@id":"https:\/\/deportesycomunicacion.com\/?p=6638"},"wordCount":287,"commentCount":0,"publisher":{"@id":"https:\/\/deportesycomunicacion.com\/#organization"},"image":{"@id":"https:\/\/deportesycomunicacion.com\/?p=6638#primaryimage"},"thumbnailUrl":"https:\/\/deportesycomunicacion.com\/wp-content\/uploads\/2019\/07\/stop.jpg","keywords":["CRISTIAN TORO","PIRAG\u00dcISMO","RENUNCIA"],"articleSection":["PIRAG\u00dcISMO"],"inLanguage":"es","potentialAction":[{"@type":"CommentAction","name":"Comment","target":["https:\/\/deportesycomunicacion.com\/?p=6638#respond"]}]},{"@type":"WebPage","@id":"https:\/\/deportesycomunicacion.com\/?p=6638","url":"https:\/\/deportesycomunicacion.com\/?p=6638","name":"\u00bfEludes la inercia?","isPartOf":{"@id":"https:\/\/deportesycomunicacion.com\/#website"},"primaryImageOfPage":{"@id":"https:\/\/deportesycomunicacion.com\/?p=6638#primaryimage"},"image":{"@id":"https:\/\/deportesycomunicacion.com\/?p=6638#primaryimage"},"thumbnailUrl":"https:\/\/deportesycomunicacion.com\/wp-content\/uploads\/2019\/07\/stop.jpg","datePublished":"2019-07-29T09:28:07+00:00","description":"El mes de julio es, para muchos, el peor mes de todo el a\u00f1o. Si el calendario no ha propiciado unos cuantos festivos y puentes, la traves\u00eda desde el par\u00f3n","breadcrumb":{"@id":"https:\/\/deportesycomunicacion.com\/?p=6638#breadcrumb"},"inLanguage":"es","potentialAction":[{"@type":"ReadAction","target":["https:\/\/deportesycomunicacion.com\/?p=6638"]}]},{"@type":"ImageObject","inLanguage":"es","@id":"https:\/\/deportesycomunicacion.com\/?p=6638#primaryimage","url":"https:\/\/deportesycomunicacion.com\/wp-content\/uploads\/2019\/07\/stop.jpg","contentUrl":"https:\/\/deportesycomunicacion.com\/wp-content\/uploads\/2019\/07\/stop.jpg","width":500,"height":493},{"@type":"BreadcrumbList","@id":"https:\/\/deportesycomunicacion.com\/?p=6638#breadcrumb","itemListElement":[{"@type":"ListItem","position":1,"name":"Portada","item":"https:\/\/deportesycomunicacion.com\/"},{"@type":"ListItem","position":2,"name":"\u00bfEludes la inercia?"}]},{"@type":"WebSite","@id":"https:\/\/deportesycomunicacion.com\/#website","url":"https:\/\/deportesycomunicacion.com\/","name":"Deportes y Comunicaci\u00f3n","description":"Powered by Ivan Ferrer","publisher":{"@id":"https:\/\/deportesycomunicacion.com\/#organization"},"potentialAction":[{"@type":"SearchAction","target":{"@type":"EntryPoint","urlTemplate":"https:\/\/deportesycomunicacion.com\/?s={search_term_string}"},"query-input":{"@type":"PropertyValueSpecification","valueRequired":true,"valueName":"search_term_string"}}],"inLanguage":"es"},{"@type":"Organization","@id":"https:\/\/deportesycomunicacion.com\/#organization","name":"Deportes y Comunicaci\u00f3n","url":"https:\/\/deportesycomunicacion.com\/","logo":{"@type":"ImageObject","inLanguage":"es","@id":"https:\/\/deportesycomunicacion.com\/#\/schema\/logo\/image\/","url":"https:\/\/deportesycomunicacion.com\/wp-content\/uploads\/2013\/05\/cropped-Logo-Deportes-Comunicacion.jpg","contentUrl":"https:\/\/deportesycomunicacion.com\/wp-content\/uploads\/2013\/05\/cropped-Logo-Deportes-Comunicacion.jpg","width":300,"height":65,"caption":"Deportes y Comunicaci\u00f3n"},"image":{"@id":"https:\/\/deportesycomunicacion.com\/#\/schema\/logo\/image\/"},"sameAs":["https:\/\/www.facebook.com\/ivan.ferrercayuela","https:\/\/x.com\/IFC1976"]},{"@type":"Person","@id":"https:\/\/deportesycomunicacion.com\/#\/schema\/person\/5bd536572b924420557d2db2f98bdd16","name":"ivanferrer","url":"https:\/\/deportesycomunicacion.com\/?author=2"}]}},"_links":{"self":[{"href":"https:\/\/deportesycomunicacion.com\/index.php?rest_route=\/wp\/v2\/posts\/6638","targetHints":{"allow":["GET"]}}],"collection":[{"href":"https:\/\/deportesycomunicacion.com\/index.php?rest_route=\/wp\/v2\/posts"}],"about":[{"href":"https:\/\/deportesycomunicacion.com\/index.php?rest_route=\/wp\/v2\/types\/post"}],"author":[{"embeddable":true,"href":"https:\/\/deportesycomunicacion.com\/index.php?rest_route=\/wp\/v2\/users\/2"}],"replies":[{"embeddable":true,"href":"https:\/\/deportesycomunicacion.com\/index.php?rest_route=%2Fwp%2Fv2%2Fcomments&post=6638"}],"version-history":[{"count":2,"href":"https:\/\/deportesycomunicacion.com\/index.php?rest_route=\/wp\/v2\/posts\/6638\/revisions"}],"predecessor-version":[{"id":6644,"href":"https:\/\/deportesycomunicacion.com\/index.php?rest_route=\/wp\/v2\/posts\/6638\/revisions\/6644"}],"wp:featuredmedia":[{"embeddable":true,"href":"https:\/\/deportesycomunicacion.com\/index.php?rest_route=\/wp\/v2\/media\/6643"}],"wp:attachment":[{"href":"https:\/\/deportesycomunicacion.com\/index.php?rest_route=%2Fwp%2Fv2%2Fmedia&parent=6638"}],"wp:term":[{"taxonomy":"category","embeddable":true,"href":"https:\/\/deportesycomunicacion.com\/index.php?rest_route=%2Fwp%2Fv2%2Fcategories&post=6638"},{"taxonomy":"post_tag","embeddable":true,"href":"https:\/\/deportesycomunicacion.com\/index.php?rest_route=%2Fwp%2Fv2%2Ftags&post=6638"}],"curies":[{"name":"wp","href":"https:\/\/api.w.org\/{rel}","templated":true}]}}