{"id":6828,"date":"2019-10-29T18:25:21","date_gmt":"2019-10-29T17:25:21","guid":{"rendered":"http:\/\/deportesycomunicacion.com\/?p=6828"},"modified":"2019-10-29T18:25:21","modified_gmt":"2019-10-29T17:25:21","slug":"respondes-las-estupideces-humor","status":"publish","type":"post","link":"https:\/\/deportesycomunicacion.com\/?p=6828","title":{"rendered":"\u00bfRespondes a las estupideces con humor?"},"content":{"rendered":"<p style=\"text-align: justify;\">Los medios de comunicaci\u00f3n deber\u00edan ser altavoces en los que transmitir ideas constructivas, debatir sosegadamente, analizar profundamente realidades o entretener al personal, seg\u00fan se encarte. Pero nunca deber\u00eda ser un atril para difundir <a href=\"https:\/\/www.abc.es\/deportes\/futbol\/abci-jose-maria-garcia-matiza-polemicas-delcaraciones-sobre-futbol-femenino-201910280957_noticia.html\" target=\"_blank\"><strong>sandeces casposas sin base<\/strong><\/a>. En determinadas ocasiones, el personaje de turno decide que si no lo dice se lo hace encima y por incontinencia verbal lo suelta, sentando c\u00e1tedra. Puedes estar en desacuerdo con una idea, pero no es necesario faltar al respeto y hundir con tus palabras en la mugre a un colectivo que se parte el pecho en una condiciones lamentables para reclamar lo que es suyo. As\u00ed de dura es la realidad del f\u00fatbol femenino hoy en Espa\u00f1a. M\u00e1xima exigencia y m\u00ednimo reconocimiento.<\/p>\n<p style=\"text-align: justify;\">Las redes sociales invitan, como contrapartida al ataque, a un linchamiento para sepultar tan lamentables declaraciones, pero tambi\u00e9n constituyen un espacio abierto e infinito para dar rienda suelta a la imaginaci\u00f3n. Al <strong>Sporting de Gij\u00f3n<\/strong> le ha bastado medio minuto para desmontar tan retr\u00f3gradas declaraciones. Aceptaron con humor las declaraciones de <strong>Jos\u00e9 Mar\u00eda Garc\u00eda<\/strong>, demostrando que las chicas tienen un poco m\u00e1s de fuerza de lo que \u00e9l imaginaba. Y lanzaron al cibersespacio el <strong><a href=\"https:\/\/www.publico.es\/tremending\/2019\/10\/29\/machismo-el-zasca-de-las-jugadoras-del-sporting-de-gijon-a-jose-maria-garcia-tras-sus-declaraciones-machistas-sobre-el-futbol-femenino\/\" target=\"_blank\">Reto Jos\u00e9 Mar\u00eda Garc\u00eda<\/a>.<\/strong><\/p>\n<p style=\"text-align: justify;\"><strong>\u00bfTe indignas ante las acusaciones sin fundamento? \u00bfO te lo tomas a risa?<\/strong><\/p>\n<p>photo credit: AdamCohn <a href=\"http:\/\/www.flickr.com\/photos\/96142515@N00\/48797030557\">Smiling Face in Temple Party, Chittagong Bangladesh<\/a> via <a href=\"http:\/\/photopin.com\">photopin<\/a> <a href=\"https:\/\/creativecommons.org\/licenses\/by-nc-nd\/2.0\/\">(license)<\/a><\/p>\n","protected":false},"excerpt":{"rendered":"<p>Los medios de comunicaci\u00f3n deber\u00edan ser altavoces en los que transmitir ideas constructivas, debatir sosegadamente, analizar &hellip; <a title=\"\u00bfRespondes a las estupideces con humor?\" class=\"hm-read-more\" href=\"https:\/\/deportesycomunicacion.com\/?p=6828\"><span class=\"screen-reader-text\">\u00bfRespondes a las estupideces con humor?<\/span>Leer m\u00e1s<\/a><\/p>\n","protected":false},"author":2,"featured_media":6836,"comment_status":"open","ping_status":"open","sticky":false,"template":"","format":"standard","meta":{"footnotes":""},"categories":[7],"tags":[1056,1347,1470,312,52,1323],"class_list":["post-6828","post","type-post","status-publish","format-standard","has-post-thumbnail","hentry","category-futbol","tag-futbol","tag-humor","tag-jose-maria-garcia","tag-machismo","tag-redes-sociales","tag-sporting-gijon"],"yoast_head":"<!-- This site is optimized with the Yoast SEO plugin v24.8.1 - https:\/\/yoast.com\/wordpress\/plugins\/seo\/ -->\n<title>\u00bfRespondes a las estupideces con humor?<\/title>\n<meta name=\"description\" content=\"Los medios de comunicaci\u00f3n deber\u00edan ser altavoces en los que transmitir ideas constructivas, debatir sosegadamente, analizar profundamente realidades o\" \/>\n<meta name=\"robots\" content=\"index, follow, max-snippet:-1, max-image-preview:large, max-video-preview:-1\" \/>\n<link rel=\"canonical\" href=\"https:\/\/deportesycomunicacion.com\/?p=6828\" \/>\n<meta property=\"og:locale\" content=\"es_ES\" \/>\n<meta property=\"og:type\" content=\"article\" \/>\n<meta property=\"og:title\" content=\"\u00bfRespondes a las estupideces con humor?\" \/>\n<meta property=\"og:description\" content=\"Los medios de comunicaci\u00f3n deber\u00edan ser altavoces en los que transmitir ideas constructivas, debatir sosegadamente, analizar profundamente realidades o\" \/>\n<meta property=\"og:url\" content=\"https:\/\/deportesycomunicacion.com\/?p=6828\" \/>\n<meta property=\"og:site_name\" content=\"Deportes y Comunicaci\u00f3n\" \/>\n<meta property=\"article:publisher\" content=\"https:\/\/www.facebook.com\/ivan.ferrercayuela\" \/>\n<meta property=\"article:published_time\" content=\"2019-10-29T17:25:21+00:00\" \/>\n<meta property=\"og:image\" content=\"https:\/\/deportesycomunicacion.com\/wp-content\/uploads\/2019\/10\/humor.jpg\" \/>\n\t<meta property=\"og:image:width\" content=\"499\" \/>\n\t<meta property=\"og:image:height\" content=\"333\" \/>\n\t<meta property=\"og:image:type\" content=\"image\/jpeg\" \/>\n<meta name=\"author\" content=\"ivanferrer\" \/>\n<meta name=\"twitter:card\" content=\"summary_large_image\" \/>\n<meta name=\"twitter:creator\" content=\"@IFC1976\" \/>\n<meta name=\"twitter:site\" content=\"@IFC1976\" \/>\n<meta name=\"twitter:label1\" content=\"Escrito por\" \/>\n\t<meta name=\"twitter:data1\" content=\"ivanferrer\" \/>\n\t<meta name=\"twitter:label2\" content=\"Tiempo de lectura\" \/>\n\t<meta name=\"twitter:data2\" content=\"1 minuto\" \/>\n<script type=\"application\/ld+json\" class=\"yoast-schema-graph\">{\"@context\":\"https:\/\/schema.org\",\"@graph\":[{\"@type\":\"Article\",\"@id\":\"https:\/\/deportesycomunicacion.com\/?p=6828#article\",\"isPartOf\":{\"@id\":\"https:\/\/deportesycomunicacion.com\/?p=6828\"},\"author\":{\"name\":\"ivanferrer\",\"@id\":\"https:\/\/deportesycomunicacion.com\/#\/schema\/person\/5bd536572b924420557d2db2f98bdd16\"},\"headline\":\"\u00bfRespondes a las estupideces con humor?\",\"datePublished\":\"2019-10-29T17:25:21+00:00\",\"mainEntityOfPage\":{\"@id\":\"https:\/\/deportesycomunicacion.com\/?p=6828\"},\"wordCount\":247,\"commentCount\":0,\"publisher\":{\"@id\":\"https:\/\/deportesycomunicacion.com\/#organization\"},\"image\":{\"@id\":\"https:\/\/deportesycomunicacion.com\/?p=6828#primaryimage\"},\"thumbnailUrl\":\"https:\/\/deportesycomunicacion.com\/wp-content\/uploads\/2019\/10\/humor.jpg\",\"keywords\":[\"FUTBOL\",\"HUMOR\",\"JOSE MARIA GARCIA\",\"MACHISMO\",\"REDES SOCIALES\",\"SPORTING GIJON\"],\"articleSection\":[\"FUTBOL\"],\"inLanguage\":\"es\",\"potentialAction\":[{\"@type\":\"CommentAction\",\"name\":\"Comment\",\"target\":[\"https:\/\/deportesycomunicacion.com\/?p=6828#respond\"]}]},{\"@type\":\"WebPage\",\"@id\":\"https:\/\/deportesycomunicacion.com\/?p=6828\",\"url\":\"https:\/\/deportesycomunicacion.com\/?p=6828\",\"name\":\"\u00bfRespondes a las estupideces con humor?\",\"isPartOf\":{\"@id\":\"https:\/\/deportesycomunicacion.com\/#website\"},\"primaryImageOfPage\":{\"@id\":\"https:\/\/deportesycomunicacion.com\/?p=6828#primaryimage\"},\"image\":{\"@id\":\"https:\/\/deportesycomunicacion.com\/?p=6828#primaryimage\"},\"thumbnailUrl\":\"https:\/\/deportesycomunicacion.com\/wp-content\/uploads\/2019\/10\/humor.jpg\",\"datePublished\":\"2019-10-29T17:25:21+00:00\",\"description\":\"Los medios de comunicaci\u00f3n deber\u00edan ser altavoces en los que transmitir ideas constructivas, debatir sosegadamente, analizar profundamente realidades o\",\"breadcrumb\":{\"@id\":\"https:\/\/deportesycomunicacion.com\/?p=6828#breadcrumb\"},\"inLanguage\":\"es\",\"potentialAction\":[{\"@type\":\"ReadAction\",\"target\":[\"https:\/\/deportesycomunicacion.com\/?p=6828\"]}]},{\"@type\":\"ImageObject\",\"inLanguage\":\"es\",\"@id\":\"https:\/\/deportesycomunicacion.com\/?p=6828#primaryimage\",\"url\":\"https:\/\/deportesycomunicacion.com\/wp-content\/uploads\/2019\/10\/humor.jpg\",\"contentUrl\":\"https:\/\/deportesycomunicacion.com\/wp-content\/uploads\/2019\/10\/humor.jpg\",\"width\":499,\"height\":333},{\"@type\":\"BreadcrumbList\",\"@id\":\"https:\/\/deportesycomunicacion.com\/?p=6828#breadcrumb\",\"itemListElement\":[{\"@type\":\"ListItem\",\"position\":1,\"name\":\"Portada\",\"item\":\"https:\/\/deportesycomunicacion.com\/\"},{\"@type\":\"ListItem\",\"position\":2,\"name\":\"\u00bfRespondes a las estupideces con humor?\"}]},{\"@type\":\"WebSite\",\"@id\":\"https:\/\/deportesycomunicacion.com\/#website\",\"url\":\"https:\/\/deportesycomunicacion.com\/\",\"name\":\"Deportes y Comunicaci\u00f3n\",\"description\":\"Powered by Ivan Ferrer\",\"publisher\":{\"@id\":\"https:\/\/deportesycomunicacion.com\/#organization\"},\"potentialAction\":[{\"@type\":\"SearchAction\",\"target\":{\"@type\":\"EntryPoint\",\"urlTemplate\":\"https:\/\/deportesycomunicacion.com\/?s={search_term_string}\"},\"query-input\":{\"@type\":\"PropertyValueSpecification\",\"valueRequired\":true,\"valueName\":\"search_term_string\"}}],\"inLanguage\":\"es\"},{\"@type\":\"Organization\",\"@id\":\"https:\/\/deportesycomunicacion.com\/#organization\",\"name\":\"Deportes y Comunicaci\u00f3n\",\"url\":\"https:\/\/deportesycomunicacion.com\/\",\"logo\":{\"@type\":\"ImageObject\",\"inLanguage\":\"es\",\"@id\":\"https:\/\/deportesycomunicacion.com\/#\/schema\/logo\/image\/\",\"url\":\"https:\/\/deportesycomunicacion.com\/wp-content\/uploads\/2013\/05\/cropped-Logo-Deportes-Comunicacion.jpg\",\"contentUrl\":\"https:\/\/deportesycomunicacion.com\/wp-content\/uploads\/2013\/05\/cropped-Logo-Deportes-Comunicacion.jpg\",\"width\":300,\"height\":65,\"caption\":\"Deportes y Comunicaci\u00f3n\"},\"image\":{\"@id\":\"https:\/\/deportesycomunicacion.com\/#\/schema\/logo\/image\/\"},\"sameAs\":[\"https:\/\/www.facebook.com\/ivan.ferrercayuela\",\"https:\/\/x.com\/IFC1976\"]},{\"@type\":\"Person\",\"@id\":\"https:\/\/deportesycomunicacion.com\/#\/schema\/person\/5bd536572b924420557d2db2f98bdd16\",\"name\":\"ivanferrer\",\"url\":\"https:\/\/deportesycomunicacion.com\/?author=2\"}]}<\/script>\n<!-- \/ Yoast SEO plugin. -->","yoast_head_json":{"title":"\u00bfRespondes a las estupideces con humor?","description":"Los medios de comunicaci\u00f3n deber\u00edan ser altavoces en los que transmitir ideas constructivas, debatir sosegadamente, analizar profundamente realidades o","robots":{"index":"index","follow":"follow","max-snippet":"max-snippet:-1","max-image-preview":"max-image-preview:large","max-video-preview":"max-video-preview:-1"},"canonical":"https:\/\/deportesycomunicacion.com\/?p=6828","og_locale":"es_ES","og_type":"article","og_title":"\u00bfRespondes a las estupideces con humor?","og_description":"Los medios de comunicaci\u00f3n deber\u00edan ser altavoces en los que transmitir ideas constructivas, debatir sosegadamente, analizar profundamente realidades o","og_url":"https:\/\/deportesycomunicacion.com\/?p=6828","og_site_name":"Deportes y Comunicaci\u00f3n","article_publisher":"https:\/\/www.facebook.com\/ivan.ferrercayuela","article_published_time":"2019-10-29T17:25:21+00:00","og_image":[{"width":499,"height":333,"url":"https:\/\/deportesycomunicacion.com\/wp-content\/uploads\/2019\/10\/humor.jpg","type":"image\/jpeg"}],"author":"ivanferrer","twitter_card":"summary_large_image","twitter_creator":"@IFC1976","twitter_site":"@IFC1976","twitter_misc":{"Escrito por":"ivanferrer","Tiempo de lectura":"1 minuto"},"schema":{"@context":"https:\/\/schema.org","@graph":[{"@type":"Article","@id":"https:\/\/deportesycomunicacion.com\/?p=6828#article","isPartOf":{"@id":"https:\/\/deportesycomunicacion.com\/?p=6828"},"author":{"name":"ivanferrer","@id":"https:\/\/deportesycomunicacion.com\/#\/schema\/person\/5bd536572b924420557d2db2f98bdd16"},"headline":"\u00bfRespondes a las estupideces con humor?","datePublished":"2019-10-29T17:25:21+00:00","mainEntityOfPage":{"@id":"https:\/\/deportesycomunicacion.com\/?p=6828"},"wordCount":247,"commentCount":0,"publisher":{"@id":"https:\/\/deportesycomunicacion.com\/#organization"},"image":{"@id":"https:\/\/deportesycomunicacion.com\/?p=6828#primaryimage"},"thumbnailUrl":"https:\/\/deportesycomunicacion.com\/wp-content\/uploads\/2019\/10\/humor.jpg","keywords":["FUTBOL","HUMOR","JOSE MARIA GARCIA","MACHISMO","REDES SOCIALES","SPORTING GIJON"],"articleSection":["FUTBOL"],"inLanguage":"es","potentialAction":[{"@type":"CommentAction","name":"Comment","target":["https:\/\/deportesycomunicacion.com\/?p=6828#respond"]}]},{"@type":"WebPage","@id":"https:\/\/deportesycomunicacion.com\/?p=6828","url":"https:\/\/deportesycomunicacion.com\/?p=6828","name":"\u00bfRespondes a las estupideces con humor?","isPartOf":{"@id":"https:\/\/deportesycomunicacion.com\/#website"},"primaryImageOfPage":{"@id":"https:\/\/deportesycomunicacion.com\/?p=6828#primaryimage"},"image":{"@id":"https:\/\/deportesycomunicacion.com\/?p=6828#primaryimage"},"thumbnailUrl":"https:\/\/deportesycomunicacion.com\/wp-content\/uploads\/2019\/10\/humor.jpg","datePublished":"2019-10-29T17:25:21+00:00","description":"Los medios de comunicaci\u00f3n deber\u00edan ser altavoces en los que transmitir ideas constructivas, debatir sosegadamente, analizar profundamente realidades o","breadcrumb":{"@id":"https:\/\/deportesycomunicacion.com\/?p=6828#breadcrumb"},"inLanguage":"es","potentialAction":[{"@type":"ReadAction","target":["https:\/\/deportesycomunicacion.com\/?p=6828"]}]},{"@type":"ImageObject","inLanguage":"es","@id":"https:\/\/deportesycomunicacion.com\/?p=6828#primaryimage","url":"https:\/\/deportesycomunicacion.com\/wp-content\/uploads\/2019\/10\/humor.jpg","contentUrl":"https:\/\/deportesycomunicacion.com\/wp-content\/uploads\/2019\/10\/humor.jpg","width":499,"height":333},{"@type":"BreadcrumbList","@id":"https:\/\/deportesycomunicacion.com\/?p=6828#breadcrumb","itemListElement":[{"@type":"ListItem","position":1,"name":"Portada","item":"https:\/\/deportesycomunicacion.com\/"},{"@type":"ListItem","position":2,"name":"\u00bfRespondes a las estupideces con humor?"}]},{"@type":"WebSite","@id":"https:\/\/deportesycomunicacion.com\/#website","url":"https:\/\/deportesycomunicacion.com\/","name":"Deportes y Comunicaci\u00f3n","description":"Powered by Ivan Ferrer","publisher":{"@id":"https:\/\/deportesycomunicacion.com\/#organization"},"potentialAction":[{"@type":"SearchAction","target":{"@type":"EntryPoint","urlTemplate":"https:\/\/deportesycomunicacion.com\/?s={search_term_string}"},"query-input":{"@type":"PropertyValueSpecification","valueRequired":true,"valueName":"search_term_string"}}],"inLanguage":"es"},{"@type":"Organization","@id":"https:\/\/deportesycomunicacion.com\/#organization","name":"Deportes y Comunicaci\u00f3n","url":"https:\/\/deportesycomunicacion.com\/","logo":{"@type":"ImageObject","inLanguage":"es","@id":"https:\/\/deportesycomunicacion.com\/#\/schema\/logo\/image\/","url":"https:\/\/deportesycomunicacion.com\/wp-content\/uploads\/2013\/05\/cropped-Logo-Deportes-Comunicacion.jpg","contentUrl":"https:\/\/deportesycomunicacion.com\/wp-content\/uploads\/2013\/05\/cropped-Logo-Deportes-Comunicacion.jpg","width":300,"height":65,"caption":"Deportes y Comunicaci\u00f3n"},"image":{"@id":"https:\/\/deportesycomunicacion.com\/#\/schema\/logo\/image\/"},"sameAs":["https:\/\/www.facebook.com\/ivan.ferrercayuela","https:\/\/x.com\/IFC1976"]},{"@type":"Person","@id":"https:\/\/deportesycomunicacion.com\/#\/schema\/person\/5bd536572b924420557d2db2f98bdd16","name":"ivanferrer","url":"https:\/\/deportesycomunicacion.com\/?author=2"}]}},"_links":{"self":[{"href":"https:\/\/deportesycomunicacion.com\/index.php?rest_route=\/wp\/v2\/posts\/6828","targetHints":{"allow":["GET"]}}],"collection":[{"href":"https:\/\/deportesycomunicacion.com\/index.php?rest_route=\/wp\/v2\/posts"}],"about":[{"href":"https:\/\/deportesycomunicacion.com\/index.php?rest_route=\/wp\/v2\/types\/post"}],"author":[{"embeddable":true,"href":"https:\/\/deportesycomunicacion.com\/index.php?rest_route=\/wp\/v2\/users\/2"}],"replies":[{"embeddable":true,"href":"https:\/\/deportesycomunicacion.com\/index.php?rest_route=%2Fwp%2Fv2%2Fcomments&post=6828"}],"version-history":[{"count":3,"href":"https:\/\/deportesycomunicacion.com\/index.php?rest_route=\/wp\/v2\/posts\/6828\/revisions"}],"predecessor-version":[{"id":6837,"href":"https:\/\/deportesycomunicacion.com\/index.php?rest_route=\/wp\/v2\/posts\/6828\/revisions\/6837"}],"wp:featuredmedia":[{"embeddable":true,"href":"https:\/\/deportesycomunicacion.com\/index.php?rest_route=\/wp\/v2\/media\/6836"}],"wp:attachment":[{"href":"https:\/\/deportesycomunicacion.com\/index.php?rest_route=%2Fwp%2Fv2%2Fmedia&parent=6828"}],"wp:term":[{"taxonomy":"category","embeddable":true,"href":"https:\/\/deportesycomunicacion.com\/index.php?rest_route=%2Fwp%2Fv2%2Fcategories&post=6828"},{"taxonomy":"post_tag","embeddable":true,"href":"https:\/\/deportesycomunicacion.com\/index.php?rest_route=%2Fwp%2Fv2%2Ftags&post=6828"}],"curies":[{"name":"wp","href":"https:\/\/api.w.org\/{rel}","templated":true}]}}