{"id":6911,"date":"2019-12-02T15:57:21","date_gmt":"2019-12-02T14:57:21","guid":{"rendered":"http:\/\/deportesycomunicacion.com\/?p=6911"},"modified":"2019-12-02T15:57:21","modified_gmt":"2019-12-02T14:57:21","slug":"cortar-por-arriba-o-por-abajo","status":"publish","type":"post","link":"https:\/\/deportesycomunicacion.com\/?p=6911","title":{"rendered":"\u00bfCortar por arriba o por abajo?"},"content":{"rendered":"<p style=\"text-align: justify;\">La <a href=\"https:\/\/www.marca.com\/futbol\/espanyol\/2019\/10\/07\/5d9aff50268e3eb30d8b45bd.html\" target=\"_blank\"><strong>destituci\u00f3n de David Gallego<\/strong><\/a>, a principios de octubre, acab\u00f3 con la primera alerta roja en la temporada perica. Se jecut\u00f3 un cambio de tim\u00f3n para enderezar un submarino blanquaizul que no parec\u00eda llegar nunca a flote. El problema realmente grave sobreviene cuando se activa una segunda alerta, solo dos meses m\u00e1s tarde, cuando <a href=\"https:\/\/www.youtube.com\/watch?v=5wiHPmp2Wng&amp;feature=onebox\" target=\"_blank\"><strong>un rival directo te mete cuatro en tu casa<\/strong><\/a> y alarga la agon\u00eda y la pesadumbre del <strong>Espanyol<\/strong> en el RCDE Stadium. El actual entrenador cumple con los <a href=\"https:\/\/www.lavanguardia.com\/deportes\/rcde-espanyol\/primer-equipo\/20191201\/471994147192\/pablo-machin-espanyol-osasuna-rcde-stadium.html\" target=\"_blank\"><strong>est\u00e1ndares de rueda de prensa habituales<\/strong><\/a> (apelar a que los jugadores cambien de actitud y que espavilen, a la vez que verbaliza que se siente capaz de sacar la situaci\u00f3n adelante), sin novedad en el frente&#8230;<\/p>\n<p style=\"text-align: justify;\">Desde el 18 de agosto, fecha en la que que empez\u00f3 la liga, ya se ha asomado el Espanyol dos veces al abismo&#8230; De hecho, en tres meses y medio de temporada se ha debatido entre el quiero dar un paso adelante (con su participaci\u00f3n en Europa League) y el no puedo (salir de posiciones de descenso en liga). Tal vez, cuando a\u00fan no se ha cumplido ni media liga, se da cuenta la parroquia que el equipo no da para mucho m\u00e1s, por mucho que se busquen soluciones en el \u00e1rea t\u00e9cnica.<\/p>\n<p style=\"text-align: justify;\">T\u00e1cticamente se intenta solventar un problema presumiblemente estrat\u00e9gico, basado en una mala planificaci\u00f3n de recursos (l\u00e9ase jugadores) de cara a esta exigente temporada. Lo que es indudable es que un empate y siete derrotas en casa es un balance de un firme candidato a segunda&#8230;<\/p>\n<p style=\"text-align: justify;\"><strong>\u00bfC\u00f3mo resuelves m\u00e1s de una crisis seguida? \u00bfPrefieres cortar por arribar o por abajo?<\/strong><\/p>\n<p>photo credit: cefuenco <a href=\"http:\/\/www.flickr.com\/photos\/21046349@N00\/8657421404\">106\/365 | Cazando brujos.<\/a> via <a href=\"http:\/\/photopin.com\">photopin<\/a> <a href=\"https:\/\/creativecommons.org\/licenses\/by-nc-nd\/2.0\/\">(license)<\/a><\/p>\n","protected":false},"excerpt":{"rendered":"<p>La destituci\u00f3n de David Gallego, a principios de octubre, acab\u00f3 con la primera alerta roja en &hellip; <a title=\"\u00bfCortar por arriba o por abajo?\" class=\"hm-read-more\" href=\"https:\/\/deportesycomunicacion.com\/?p=6911\"><span class=\"screen-reader-text\">\u00bfCortar por arriba o por abajo?<\/span>Leer m\u00e1s<\/a><\/p>\n","protected":false},"author":2,"featured_media":6924,"comment_status":"open","ping_status":"open","sticky":false,"template":"","format":"standard","meta":{"footnotes":""},"categories":[7],"tags":[1459,1056,1093,1687],"class_list":["post-6911","post","type-post","status-publish","format-standard","has-post-thumbnail","hentry","category-futbol","tag-crisis","tag-futbol","tag-rcd-espanyol","tag-soluciones"],"yoast_head":"<!-- This site is optimized with the Yoast SEO plugin v24.8.1 - https:\/\/yoast.com\/wordpress\/plugins\/seo\/ -->\n<title>\u00bfCortar por arriba o por abajo?<\/title>\n<meta name=\"description\" content=\"La destituci\u00f3n de David Gallego, a principios de octubre, acab\u00f3 con la primera alerta roja en la temporada perica. Se jecut\u00f3 un cambio de tim\u00f3n para\" \/>\n<meta name=\"robots\" content=\"index, follow, max-snippet:-1, max-image-preview:large, max-video-preview:-1\" \/>\n<link rel=\"canonical\" href=\"https:\/\/deportesycomunicacion.com\/?p=6911\" \/>\n<meta property=\"og:locale\" content=\"es_ES\" \/>\n<meta property=\"og:type\" content=\"article\" \/>\n<meta property=\"og:title\" content=\"\u00bfCortar por arriba o por abajo?\" \/>\n<meta property=\"og:description\" content=\"La destituci\u00f3n de David Gallego, a principios de octubre, acab\u00f3 con la primera alerta roja en la temporada perica. Se jecut\u00f3 un cambio de tim\u00f3n para\" \/>\n<meta property=\"og:url\" content=\"https:\/\/deportesycomunicacion.com\/?p=6911\" \/>\n<meta property=\"og:site_name\" content=\"Deportes y Comunicaci\u00f3n\" \/>\n<meta property=\"article:publisher\" content=\"https:\/\/www.facebook.com\/ivan.ferrercayuela\" \/>\n<meta property=\"article:published_time\" content=\"2019-12-02T14:57:21+00:00\" \/>\n<meta property=\"og:image\" content=\"https:\/\/deportesycomunicacion.com\/wp-content\/uploads\/2019\/12\/cortar.jpg\" \/>\n\t<meta property=\"og:image:width\" content=\"500\" \/>\n\t<meta property=\"og:image:height\" content=\"339\" \/>\n\t<meta property=\"og:image:type\" content=\"image\/jpeg\" \/>\n<meta name=\"author\" content=\"ivanferrer\" \/>\n<meta name=\"twitter:card\" content=\"summary_large_image\" \/>\n<meta name=\"twitter:creator\" content=\"@IFC1976\" \/>\n<meta name=\"twitter:site\" content=\"@IFC1976\" \/>\n<meta name=\"twitter:label1\" content=\"Escrito por\" \/>\n\t<meta name=\"twitter:data1\" content=\"ivanferrer\" \/>\n\t<meta name=\"twitter:label2\" content=\"Tiempo de lectura\" \/>\n\t<meta name=\"twitter:data2\" content=\"1 minuto\" \/>\n<script type=\"application\/ld+json\" class=\"yoast-schema-graph\">{\"@context\":\"https:\/\/schema.org\",\"@graph\":[{\"@type\":\"Article\",\"@id\":\"https:\/\/deportesycomunicacion.com\/?p=6911#article\",\"isPartOf\":{\"@id\":\"https:\/\/deportesycomunicacion.com\/?p=6911\"},\"author\":{\"name\":\"ivanferrer\",\"@id\":\"https:\/\/deportesycomunicacion.com\/#\/schema\/person\/5bd536572b924420557d2db2f98bdd16\"},\"headline\":\"\u00bfCortar por arriba o por abajo?\",\"datePublished\":\"2019-12-02T14:57:21+00:00\",\"mainEntityOfPage\":{\"@id\":\"https:\/\/deportesycomunicacion.com\/?p=6911\"},\"wordCount\":300,\"commentCount\":0,\"publisher\":{\"@id\":\"https:\/\/deportesycomunicacion.com\/#organization\"},\"image\":{\"@id\":\"https:\/\/deportesycomunicacion.com\/?p=6911#primaryimage\"},\"thumbnailUrl\":\"https:\/\/deportesycomunicacion.com\/wp-content\/uploads\/2019\/12\/cortar.jpg\",\"keywords\":[\"CRISIS\",\"FUTBOL\",\"RCD ESPANYOL\",\"SOLUCIONES\"],\"articleSection\":[\"FUTBOL\"],\"inLanguage\":\"es\",\"potentialAction\":[{\"@type\":\"CommentAction\",\"name\":\"Comment\",\"target\":[\"https:\/\/deportesycomunicacion.com\/?p=6911#respond\"]}]},{\"@type\":\"WebPage\",\"@id\":\"https:\/\/deportesycomunicacion.com\/?p=6911\",\"url\":\"https:\/\/deportesycomunicacion.com\/?p=6911\",\"name\":\"\u00bfCortar por arriba o por abajo?\",\"isPartOf\":{\"@id\":\"https:\/\/deportesycomunicacion.com\/#website\"},\"primaryImageOfPage\":{\"@id\":\"https:\/\/deportesycomunicacion.com\/?p=6911#primaryimage\"},\"image\":{\"@id\":\"https:\/\/deportesycomunicacion.com\/?p=6911#primaryimage\"},\"thumbnailUrl\":\"https:\/\/deportesycomunicacion.com\/wp-content\/uploads\/2019\/12\/cortar.jpg\",\"datePublished\":\"2019-12-02T14:57:21+00:00\",\"description\":\"La destituci\u00f3n de David Gallego, a principios de octubre, acab\u00f3 con la primera alerta roja en la temporada perica. Se jecut\u00f3 un cambio de tim\u00f3n para\",\"breadcrumb\":{\"@id\":\"https:\/\/deportesycomunicacion.com\/?p=6911#breadcrumb\"},\"inLanguage\":\"es\",\"potentialAction\":[{\"@type\":\"ReadAction\",\"target\":[\"https:\/\/deportesycomunicacion.com\/?p=6911\"]}]},{\"@type\":\"ImageObject\",\"inLanguage\":\"es\",\"@id\":\"https:\/\/deportesycomunicacion.com\/?p=6911#primaryimage\",\"url\":\"https:\/\/deportesycomunicacion.com\/wp-content\/uploads\/2019\/12\/cortar.jpg\",\"contentUrl\":\"https:\/\/deportesycomunicacion.com\/wp-content\/uploads\/2019\/12\/cortar.jpg\",\"width\":500,\"height\":339,\"caption\":\"SONY DSC\"},{\"@type\":\"BreadcrumbList\",\"@id\":\"https:\/\/deportesycomunicacion.com\/?p=6911#breadcrumb\",\"itemListElement\":[{\"@type\":\"ListItem\",\"position\":1,\"name\":\"Portada\",\"item\":\"https:\/\/deportesycomunicacion.com\/\"},{\"@type\":\"ListItem\",\"position\":2,\"name\":\"\u00bfCortar por arriba o por abajo?\"}]},{\"@type\":\"WebSite\",\"@id\":\"https:\/\/deportesycomunicacion.com\/#website\",\"url\":\"https:\/\/deportesycomunicacion.com\/\",\"name\":\"Deportes y Comunicaci\u00f3n\",\"description\":\"Powered by Ivan Ferrer\",\"publisher\":{\"@id\":\"https:\/\/deportesycomunicacion.com\/#organization\"},\"potentialAction\":[{\"@type\":\"SearchAction\",\"target\":{\"@type\":\"EntryPoint\",\"urlTemplate\":\"https:\/\/deportesycomunicacion.com\/?s={search_term_string}\"},\"query-input\":{\"@type\":\"PropertyValueSpecification\",\"valueRequired\":true,\"valueName\":\"search_term_string\"}}],\"inLanguage\":\"es\"},{\"@type\":\"Organization\",\"@id\":\"https:\/\/deportesycomunicacion.com\/#organization\",\"name\":\"Deportes y Comunicaci\u00f3n\",\"url\":\"https:\/\/deportesycomunicacion.com\/\",\"logo\":{\"@type\":\"ImageObject\",\"inLanguage\":\"es\",\"@id\":\"https:\/\/deportesycomunicacion.com\/#\/schema\/logo\/image\/\",\"url\":\"https:\/\/deportesycomunicacion.com\/wp-content\/uploads\/2013\/05\/cropped-Logo-Deportes-Comunicacion.jpg\",\"contentUrl\":\"https:\/\/deportesycomunicacion.com\/wp-content\/uploads\/2013\/05\/cropped-Logo-Deportes-Comunicacion.jpg\",\"width\":300,\"height\":65,\"caption\":\"Deportes y Comunicaci\u00f3n\"},\"image\":{\"@id\":\"https:\/\/deportesycomunicacion.com\/#\/schema\/logo\/image\/\"},\"sameAs\":[\"https:\/\/www.facebook.com\/ivan.ferrercayuela\",\"https:\/\/x.com\/IFC1976\"]},{\"@type\":\"Person\",\"@id\":\"https:\/\/deportesycomunicacion.com\/#\/schema\/person\/5bd536572b924420557d2db2f98bdd16\",\"name\":\"ivanferrer\",\"url\":\"https:\/\/deportesycomunicacion.com\/?author=2\"}]}<\/script>\n<!-- \/ Yoast SEO plugin. -->","yoast_head_json":{"title":"\u00bfCortar por arriba o por abajo?","description":"La destituci\u00f3n de David Gallego, a principios de octubre, acab\u00f3 con la primera alerta roja en la temporada perica. Se jecut\u00f3 un cambio de tim\u00f3n para","robots":{"index":"index","follow":"follow","max-snippet":"max-snippet:-1","max-image-preview":"max-image-preview:large","max-video-preview":"max-video-preview:-1"},"canonical":"https:\/\/deportesycomunicacion.com\/?p=6911","og_locale":"es_ES","og_type":"article","og_title":"\u00bfCortar por arriba o por abajo?","og_description":"La destituci\u00f3n de David Gallego, a principios de octubre, acab\u00f3 con la primera alerta roja en la temporada perica. Se jecut\u00f3 un cambio de tim\u00f3n para","og_url":"https:\/\/deportesycomunicacion.com\/?p=6911","og_site_name":"Deportes y Comunicaci\u00f3n","article_publisher":"https:\/\/www.facebook.com\/ivan.ferrercayuela","article_published_time":"2019-12-02T14:57:21+00:00","og_image":[{"width":500,"height":339,"url":"https:\/\/deportesycomunicacion.com\/wp-content\/uploads\/2019\/12\/cortar.jpg","type":"image\/jpeg"}],"author":"ivanferrer","twitter_card":"summary_large_image","twitter_creator":"@IFC1976","twitter_site":"@IFC1976","twitter_misc":{"Escrito por":"ivanferrer","Tiempo de lectura":"1 minuto"},"schema":{"@context":"https:\/\/schema.org","@graph":[{"@type":"Article","@id":"https:\/\/deportesycomunicacion.com\/?p=6911#article","isPartOf":{"@id":"https:\/\/deportesycomunicacion.com\/?p=6911"},"author":{"name":"ivanferrer","@id":"https:\/\/deportesycomunicacion.com\/#\/schema\/person\/5bd536572b924420557d2db2f98bdd16"},"headline":"\u00bfCortar por arriba o por abajo?","datePublished":"2019-12-02T14:57:21+00:00","mainEntityOfPage":{"@id":"https:\/\/deportesycomunicacion.com\/?p=6911"},"wordCount":300,"commentCount":0,"publisher":{"@id":"https:\/\/deportesycomunicacion.com\/#organization"},"image":{"@id":"https:\/\/deportesycomunicacion.com\/?p=6911#primaryimage"},"thumbnailUrl":"https:\/\/deportesycomunicacion.com\/wp-content\/uploads\/2019\/12\/cortar.jpg","keywords":["CRISIS","FUTBOL","RCD ESPANYOL","SOLUCIONES"],"articleSection":["FUTBOL"],"inLanguage":"es","potentialAction":[{"@type":"CommentAction","name":"Comment","target":["https:\/\/deportesycomunicacion.com\/?p=6911#respond"]}]},{"@type":"WebPage","@id":"https:\/\/deportesycomunicacion.com\/?p=6911","url":"https:\/\/deportesycomunicacion.com\/?p=6911","name":"\u00bfCortar por arriba o por abajo?","isPartOf":{"@id":"https:\/\/deportesycomunicacion.com\/#website"},"primaryImageOfPage":{"@id":"https:\/\/deportesycomunicacion.com\/?p=6911#primaryimage"},"image":{"@id":"https:\/\/deportesycomunicacion.com\/?p=6911#primaryimage"},"thumbnailUrl":"https:\/\/deportesycomunicacion.com\/wp-content\/uploads\/2019\/12\/cortar.jpg","datePublished":"2019-12-02T14:57:21+00:00","description":"La destituci\u00f3n de David Gallego, a principios de octubre, acab\u00f3 con la primera alerta roja en la temporada perica. Se jecut\u00f3 un cambio de tim\u00f3n para","breadcrumb":{"@id":"https:\/\/deportesycomunicacion.com\/?p=6911#breadcrumb"},"inLanguage":"es","potentialAction":[{"@type":"ReadAction","target":["https:\/\/deportesycomunicacion.com\/?p=6911"]}]},{"@type":"ImageObject","inLanguage":"es","@id":"https:\/\/deportesycomunicacion.com\/?p=6911#primaryimage","url":"https:\/\/deportesycomunicacion.com\/wp-content\/uploads\/2019\/12\/cortar.jpg","contentUrl":"https:\/\/deportesycomunicacion.com\/wp-content\/uploads\/2019\/12\/cortar.jpg","width":500,"height":339,"caption":"SONY DSC"},{"@type":"BreadcrumbList","@id":"https:\/\/deportesycomunicacion.com\/?p=6911#breadcrumb","itemListElement":[{"@type":"ListItem","position":1,"name":"Portada","item":"https:\/\/deportesycomunicacion.com\/"},{"@type":"ListItem","position":2,"name":"\u00bfCortar por arriba o por abajo?"}]},{"@type":"WebSite","@id":"https:\/\/deportesycomunicacion.com\/#website","url":"https:\/\/deportesycomunicacion.com\/","name":"Deportes y Comunicaci\u00f3n","description":"Powered by Ivan Ferrer","publisher":{"@id":"https:\/\/deportesycomunicacion.com\/#organization"},"potentialAction":[{"@type":"SearchAction","target":{"@type":"EntryPoint","urlTemplate":"https:\/\/deportesycomunicacion.com\/?s={search_term_string}"},"query-input":{"@type":"PropertyValueSpecification","valueRequired":true,"valueName":"search_term_string"}}],"inLanguage":"es"},{"@type":"Organization","@id":"https:\/\/deportesycomunicacion.com\/#organization","name":"Deportes y Comunicaci\u00f3n","url":"https:\/\/deportesycomunicacion.com\/","logo":{"@type":"ImageObject","inLanguage":"es","@id":"https:\/\/deportesycomunicacion.com\/#\/schema\/logo\/image\/","url":"https:\/\/deportesycomunicacion.com\/wp-content\/uploads\/2013\/05\/cropped-Logo-Deportes-Comunicacion.jpg","contentUrl":"https:\/\/deportesycomunicacion.com\/wp-content\/uploads\/2013\/05\/cropped-Logo-Deportes-Comunicacion.jpg","width":300,"height":65,"caption":"Deportes y Comunicaci\u00f3n"},"image":{"@id":"https:\/\/deportesycomunicacion.com\/#\/schema\/logo\/image\/"},"sameAs":["https:\/\/www.facebook.com\/ivan.ferrercayuela","https:\/\/x.com\/IFC1976"]},{"@type":"Person","@id":"https:\/\/deportesycomunicacion.com\/#\/schema\/person\/5bd536572b924420557d2db2f98bdd16","name":"ivanferrer","url":"https:\/\/deportesycomunicacion.com\/?author=2"}]}},"_links":{"self":[{"href":"https:\/\/deportesycomunicacion.com\/index.php?rest_route=\/wp\/v2\/posts\/6911","targetHints":{"allow":["GET"]}}],"collection":[{"href":"https:\/\/deportesycomunicacion.com\/index.php?rest_route=\/wp\/v2\/posts"}],"about":[{"href":"https:\/\/deportesycomunicacion.com\/index.php?rest_route=\/wp\/v2\/types\/post"}],"author":[{"embeddable":true,"href":"https:\/\/deportesycomunicacion.com\/index.php?rest_route=\/wp\/v2\/users\/2"}],"replies":[{"embeddable":true,"href":"https:\/\/deportesycomunicacion.com\/index.php?rest_route=%2Fwp%2Fv2%2Fcomments&post=6911"}],"version-history":[{"count":8,"href":"https:\/\/deportesycomunicacion.com\/index.php?rest_route=\/wp\/v2\/posts\/6911\/revisions"}],"predecessor-version":[{"id":6926,"href":"https:\/\/deportesycomunicacion.com\/index.php?rest_route=\/wp\/v2\/posts\/6911\/revisions\/6926"}],"wp:featuredmedia":[{"embeddable":true,"href":"https:\/\/deportesycomunicacion.com\/index.php?rest_route=\/wp\/v2\/media\/6924"}],"wp:attachment":[{"href":"https:\/\/deportesycomunicacion.com\/index.php?rest_route=%2Fwp%2Fv2%2Fmedia&parent=6911"}],"wp:term":[{"taxonomy":"category","embeddable":true,"href":"https:\/\/deportesycomunicacion.com\/index.php?rest_route=%2Fwp%2Fv2%2Fcategories&post=6911"},{"taxonomy":"post_tag","embeddable":true,"href":"https:\/\/deportesycomunicacion.com\/index.php?rest_route=%2Fwp%2Fv2%2Ftags&post=6911"}],"curies":[{"name":"wp","href":"https:\/\/api.w.org\/{rel}","templated":true}]}}