{"id":7095,"date":"2020-02-11T15:57:07","date_gmt":"2020-02-11T14:57:07","guid":{"rendered":"http:\/\/deportesycomunicacion.com\/?p=7095"},"modified":"2020-02-11T15:57:07","modified_gmt":"2020-02-11T14:57:07","slug":"se-acaba-mundo","status":"publish","type":"post","link":"https:\/\/deportesycomunicacion.com\/?p=7095","title":{"rendered":"\u00bfSe acaba el mundo?"},"content":{"rendered":"<p style=\"text-align: justify;\">Parece que no, pero hay una gran diferencia entre una paliza y un festival. Las palizas se acaban difuminando con el paso inexorable de las hojas del calendario, pero los festivales no se olvidan nunca. Como la experiencia de llevar a tu grupo de amigos a California, pagarles la entrada de tres d\u00edas para <a href=\"https:\/\/www.youtube.com\/watch?v=SQ8bqE1awiA\" target=\"_blank\"><strong>Coachella<\/strong><\/a> y esperarte en el coche a que acabe el espect\u00e1culo de tres d\u00edas.<\/p>\n<p style=\"text-align: justify;\">A partir del sexto gol ya pierdes la cuenta de la que te est\u00e1 cayendo. Est\u00e1s perdido en la inmensidad del territorio enemigo. Una desconocida y amenazadora selva te engulle y una inoportuna lluvia le da a\u00fan m\u00e1s dramatismo a toda la situaci\u00f3n. Vas cargado con una mochila de estupefacci\u00f3n que no te ayuda para salir del atolladero. Escuchas disparos, no sabes de d\u00f3nde vienen\u2026 Jugando de central, me cayeron 10 contra el Hospitalense. Quien escogi\u00f3 el partido amistoso tuvo un ojo cl\u00ednico para subirnos la moral\u2026 Fue mi primer y \u00fanico festival de pagafantas.<\/p>\n<p style=\"text-align: justify;\">Son situaciones extra\u00f1as e ins\u00f3litas que no nos deben nublar\u2026 Ni tan malo era cuando me metieron 10 ni tampoco tan bueno cuando estuve en el lado de la apisonadora. Yo creo que los pr\u00f3ximos encuentros Real Sociedad &#8211; Bar\u00e7a no van a ser tan extremadamente <strong>desiguales<\/strong> y abultados. El sorteo, formato de la competici\u00f3n, potencial de los equipos, momento de forma\u2026 todo confluy\u00f3 para que la <a href=\"https:\/\/www.youtube.com\/watch?v=b_kF1jqNeU4\" target=\"_blank\"><strong>semifinal<\/strong><\/a> se vistiera oficiosamente de <strong>final<\/strong>. Y <a href=\"https:\/\/www.lavanguardia.com\/deportes\/futbol-femenino\/20200211\/473438049195\/final-supercopa-femenina-real-sociedad-barcelona-polemica-resultado.html\" target=\"_blank\"><strong>tampoco se acaba el mundo<\/strong><\/a>\u2026<\/p>\n<p>photo credit: HereIsTom <a href=\"http:\/\/www.flickr.com\/photos\/47035764@N03\/31806286278\">Dia de los Muertos, Burgers Zoo, Netherlands &#8211; 4614<\/a> via <a href=\"http:\/\/photopin.com\">photopin<\/a> <a href=\"https:\/\/creativecommons.org\/licenses\/by-nc-nd\/2.0\/\">(license)<\/a><\/p>\n","protected":false},"excerpt":{"rendered":"<p>Parece que no, pero hay una gran diferencia entre una paliza y un festival. Las palizas &hellip; <a title=\"\u00bfSe acaba el mundo?\" class=\"hm-read-more\" href=\"https:\/\/deportesycomunicacion.com\/?p=7095\"><span class=\"screen-reader-text\">\u00bfSe acaba el mundo?<\/span>Leer m\u00e1s<\/a><\/p>\n","protected":false},"author":2,"featured_media":7103,"comment_status":"open","ping_status":"open","sticky":false,"template":"","format":"standard","meta":{"footnotes":""},"categories":[7],"tags":[350,714,1056,2224,2222],"class_list":["post-7095","post","type-post","status-publish","format-standard","has-post-thumbnail","hentry","category-futbol","tag-desigualdad","tag-final","tag-futbol","tag-real-sociedad-fc-barcelona","tag-supercopa-espana"],"yoast_head":"<!-- This site is optimized with the Yoast SEO plugin v24.8.1 - https:\/\/yoast.com\/wordpress\/plugins\/seo\/ -->\n<title>\u00bfSe acaba el mundo?<\/title>\n<meta name=\"description\" content=\"Parece que no, pero hay una gran diferencia entre una paliza y un festival. Las palizas se acaban difuminando con el paso inexorable de las hojas del\" \/>\n<meta name=\"robots\" content=\"index, follow, max-snippet:-1, max-image-preview:large, max-video-preview:-1\" \/>\n<link rel=\"canonical\" href=\"https:\/\/deportesycomunicacion.com\/?p=7095\" \/>\n<meta property=\"og:locale\" content=\"es_ES\" \/>\n<meta property=\"og:type\" content=\"article\" \/>\n<meta property=\"og:title\" content=\"\u00bfSe acaba el mundo?\" \/>\n<meta property=\"og:description\" content=\"Parece que no, pero hay una gran diferencia entre una paliza y un festival. Las palizas se acaban difuminando con el paso inexorable de las hojas del\" \/>\n<meta property=\"og:url\" content=\"https:\/\/deportesycomunicacion.com\/?p=7095\" \/>\n<meta property=\"og:site_name\" content=\"Deportes y Comunicaci\u00f3n\" \/>\n<meta property=\"article:publisher\" content=\"https:\/\/www.facebook.com\/ivan.ferrercayuela\" \/>\n<meta property=\"article:published_time\" content=\"2020-02-11T14:57:07+00:00\" \/>\n<meta property=\"og:image\" content=\"https:\/\/deportesycomunicacion.com\/wp-content\/uploads\/2020\/02\/fin-mundo.jpg\" \/>\n\t<meta property=\"og:image:width\" content=\"500\" \/>\n\t<meta property=\"og:image:height\" content=\"281\" \/>\n\t<meta property=\"og:image:type\" content=\"image\/jpeg\" \/>\n<meta name=\"author\" content=\"ivanferrer\" \/>\n<meta name=\"twitter:card\" content=\"summary_large_image\" \/>\n<meta name=\"twitter:creator\" content=\"@IFC1976\" \/>\n<meta name=\"twitter:site\" content=\"@IFC1976\" \/>\n<meta name=\"twitter:label1\" content=\"Escrito por\" \/>\n\t<meta name=\"twitter:data1\" content=\"ivanferrer\" \/>\n\t<meta name=\"twitter:label2\" content=\"Tiempo de lectura\" \/>\n\t<meta name=\"twitter:data2\" content=\"1 minuto\" \/>\n<script type=\"application\/ld+json\" class=\"yoast-schema-graph\">{\"@context\":\"https:\/\/schema.org\",\"@graph\":[{\"@type\":\"Article\",\"@id\":\"https:\/\/deportesycomunicacion.com\/?p=7095#article\",\"isPartOf\":{\"@id\":\"https:\/\/deportesycomunicacion.com\/?p=7095\"},\"author\":{\"name\":\"ivanferrer\",\"@id\":\"https:\/\/deportesycomunicacion.com\/#\/schema\/person\/5bd536572b924420557d2db2f98bdd16\"},\"headline\":\"\u00bfSe acaba el mundo?\",\"datePublished\":\"2020-02-11T14:57:07+00:00\",\"mainEntityOfPage\":{\"@id\":\"https:\/\/deportesycomunicacion.com\/?p=7095\"},\"wordCount\":273,\"commentCount\":0,\"publisher\":{\"@id\":\"https:\/\/deportesycomunicacion.com\/#organization\"},\"image\":{\"@id\":\"https:\/\/deportesycomunicacion.com\/?p=7095#primaryimage\"},\"thumbnailUrl\":\"https:\/\/deportesycomunicacion.com\/wp-content\/uploads\/2020\/02\/fin-mundo.jpg\",\"keywords\":[\"DESIGUALDAD\",\"FINAL\",\"FUTBOL\",\"REAL SOCIEDAD - FC BARCELONA\",\"SUPERCOPA ESPA\u00d1A\"],\"articleSection\":[\"FUTBOL\"],\"inLanguage\":\"es\",\"potentialAction\":[{\"@type\":\"CommentAction\",\"name\":\"Comment\",\"target\":[\"https:\/\/deportesycomunicacion.com\/?p=7095#respond\"]}]},{\"@type\":\"WebPage\",\"@id\":\"https:\/\/deportesycomunicacion.com\/?p=7095\",\"url\":\"https:\/\/deportesycomunicacion.com\/?p=7095\",\"name\":\"\u00bfSe acaba el mundo?\",\"isPartOf\":{\"@id\":\"https:\/\/deportesycomunicacion.com\/#website\"},\"primaryImageOfPage\":{\"@id\":\"https:\/\/deportesycomunicacion.com\/?p=7095#primaryimage\"},\"image\":{\"@id\":\"https:\/\/deportesycomunicacion.com\/?p=7095#primaryimage\"},\"thumbnailUrl\":\"https:\/\/deportesycomunicacion.com\/wp-content\/uploads\/2020\/02\/fin-mundo.jpg\",\"datePublished\":\"2020-02-11T14:57:07+00:00\",\"description\":\"Parece que no, pero hay una gran diferencia entre una paliza y un festival. Las palizas se acaban difuminando con el paso inexorable de las hojas del\",\"breadcrumb\":{\"@id\":\"https:\/\/deportesycomunicacion.com\/?p=7095#breadcrumb\"},\"inLanguage\":\"es\",\"potentialAction\":[{\"@type\":\"ReadAction\",\"target\":[\"https:\/\/deportesycomunicacion.com\/?p=7095\"]}]},{\"@type\":\"ImageObject\",\"inLanguage\":\"es\",\"@id\":\"https:\/\/deportesycomunicacion.com\/?p=7095#primaryimage\",\"url\":\"https:\/\/deportesycomunicacion.com\/wp-content\/uploads\/2020\/02\/fin-mundo.jpg\",\"contentUrl\":\"https:\/\/deportesycomunicacion.com\/wp-content\/uploads\/2020\/02\/fin-mundo.jpg\",\"width\":500,\"height\":281},{\"@type\":\"BreadcrumbList\",\"@id\":\"https:\/\/deportesycomunicacion.com\/?p=7095#breadcrumb\",\"itemListElement\":[{\"@type\":\"ListItem\",\"position\":1,\"name\":\"Portada\",\"item\":\"https:\/\/deportesycomunicacion.com\/\"},{\"@type\":\"ListItem\",\"position\":2,\"name\":\"\u00bfSe acaba el mundo?\"}]},{\"@type\":\"WebSite\",\"@id\":\"https:\/\/deportesycomunicacion.com\/#website\",\"url\":\"https:\/\/deportesycomunicacion.com\/\",\"name\":\"Deportes y Comunicaci\u00f3n\",\"description\":\"Powered by Ivan Ferrer\",\"publisher\":{\"@id\":\"https:\/\/deportesycomunicacion.com\/#organization\"},\"potentialAction\":[{\"@type\":\"SearchAction\",\"target\":{\"@type\":\"EntryPoint\",\"urlTemplate\":\"https:\/\/deportesycomunicacion.com\/?s={search_term_string}\"},\"query-input\":{\"@type\":\"PropertyValueSpecification\",\"valueRequired\":true,\"valueName\":\"search_term_string\"}}],\"inLanguage\":\"es\"},{\"@type\":\"Organization\",\"@id\":\"https:\/\/deportesycomunicacion.com\/#organization\",\"name\":\"Deportes y Comunicaci\u00f3n\",\"url\":\"https:\/\/deportesycomunicacion.com\/\",\"logo\":{\"@type\":\"ImageObject\",\"inLanguage\":\"es\",\"@id\":\"https:\/\/deportesycomunicacion.com\/#\/schema\/logo\/image\/\",\"url\":\"https:\/\/deportesycomunicacion.com\/wp-content\/uploads\/2013\/05\/cropped-Logo-Deportes-Comunicacion.jpg\",\"contentUrl\":\"https:\/\/deportesycomunicacion.com\/wp-content\/uploads\/2013\/05\/cropped-Logo-Deportes-Comunicacion.jpg\",\"width\":300,\"height\":65,\"caption\":\"Deportes y Comunicaci\u00f3n\"},\"image\":{\"@id\":\"https:\/\/deportesycomunicacion.com\/#\/schema\/logo\/image\/\"},\"sameAs\":[\"https:\/\/www.facebook.com\/ivan.ferrercayuela\",\"https:\/\/x.com\/IFC1976\"]},{\"@type\":\"Person\",\"@id\":\"https:\/\/deportesycomunicacion.com\/#\/schema\/person\/5bd536572b924420557d2db2f98bdd16\",\"name\":\"ivanferrer\",\"url\":\"https:\/\/deportesycomunicacion.com\/?author=2\"}]}<\/script>\n<!-- \/ Yoast SEO plugin. -->","yoast_head_json":{"title":"\u00bfSe acaba el mundo?","description":"Parece que no, pero hay una gran diferencia entre una paliza y un festival. Las palizas se acaban difuminando con el paso inexorable de las hojas del","robots":{"index":"index","follow":"follow","max-snippet":"max-snippet:-1","max-image-preview":"max-image-preview:large","max-video-preview":"max-video-preview:-1"},"canonical":"https:\/\/deportesycomunicacion.com\/?p=7095","og_locale":"es_ES","og_type":"article","og_title":"\u00bfSe acaba el mundo?","og_description":"Parece que no, pero hay una gran diferencia entre una paliza y un festival. Las palizas se acaban difuminando con el paso inexorable de las hojas del","og_url":"https:\/\/deportesycomunicacion.com\/?p=7095","og_site_name":"Deportes y Comunicaci\u00f3n","article_publisher":"https:\/\/www.facebook.com\/ivan.ferrercayuela","article_published_time":"2020-02-11T14:57:07+00:00","og_image":[{"width":500,"height":281,"url":"https:\/\/deportesycomunicacion.com\/wp-content\/uploads\/2020\/02\/fin-mundo.jpg","type":"image\/jpeg"}],"author":"ivanferrer","twitter_card":"summary_large_image","twitter_creator":"@IFC1976","twitter_site":"@IFC1976","twitter_misc":{"Escrito por":"ivanferrer","Tiempo de lectura":"1 minuto"},"schema":{"@context":"https:\/\/schema.org","@graph":[{"@type":"Article","@id":"https:\/\/deportesycomunicacion.com\/?p=7095#article","isPartOf":{"@id":"https:\/\/deportesycomunicacion.com\/?p=7095"},"author":{"name":"ivanferrer","@id":"https:\/\/deportesycomunicacion.com\/#\/schema\/person\/5bd536572b924420557d2db2f98bdd16"},"headline":"\u00bfSe acaba el mundo?","datePublished":"2020-02-11T14:57:07+00:00","mainEntityOfPage":{"@id":"https:\/\/deportesycomunicacion.com\/?p=7095"},"wordCount":273,"commentCount":0,"publisher":{"@id":"https:\/\/deportesycomunicacion.com\/#organization"},"image":{"@id":"https:\/\/deportesycomunicacion.com\/?p=7095#primaryimage"},"thumbnailUrl":"https:\/\/deportesycomunicacion.com\/wp-content\/uploads\/2020\/02\/fin-mundo.jpg","keywords":["DESIGUALDAD","FINAL","FUTBOL","REAL SOCIEDAD - FC BARCELONA","SUPERCOPA ESPA\u00d1A"],"articleSection":["FUTBOL"],"inLanguage":"es","potentialAction":[{"@type":"CommentAction","name":"Comment","target":["https:\/\/deportesycomunicacion.com\/?p=7095#respond"]}]},{"@type":"WebPage","@id":"https:\/\/deportesycomunicacion.com\/?p=7095","url":"https:\/\/deportesycomunicacion.com\/?p=7095","name":"\u00bfSe acaba el mundo?","isPartOf":{"@id":"https:\/\/deportesycomunicacion.com\/#website"},"primaryImageOfPage":{"@id":"https:\/\/deportesycomunicacion.com\/?p=7095#primaryimage"},"image":{"@id":"https:\/\/deportesycomunicacion.com\/?p=7095#primaryimage"},"thumbnailUrl":"https:\/\/deportesycomunicacion.com\/wp-content\/uploads\/2020\/02\/fin-mundo.jpg","datePublished":"2020-02-11T14:57:07+00:00","description":"Parece que no, pero hay una gran diferencia entre una paliza y un festival. Las palizas se acaban difuminando con el paso inexorable de las hojas del","breadcrumb":{"@id":"https:\/\/deportesycomunicacion.com\/?p=7095#breadcrumb"},"inLanguage":"es","potentialAction":[{"@type":"ReadAction","target":["https:\/\/deportesycomunicacion.com\/?p=7095"]}]},{"@type":"ImageObject","inLanguage":"es","@id":"https:\/\/deportesycomunicacion.com\/?p=7095#primaryimage","url":"https:\/\/deportesycomunicacion.com\/wp-content\/uploads\/2020\/02\/fin-mundo.jpg","contentUrl":"https:\/\/deportesycomunicacion.com\/wp-content\/uploads\/2020\/02\/fin-mundo.jpg","width":500,"height":281},{"@type":"BreadcrumbList","@id":"https:\/\/deportesycomunicacion.com\/?p=7095#breadcrumb","itemListElement":[{"@type":"ListItem","position":1,"name":"Portada","item":"https:\/\/deportesycomunicacion.com\/"},{"@type":"ListItem","position":2,"name":"\u00bfSe acaba el mundo?"}]},{"@type":"WebSite","@id":"https:\/\/deportesycomunicacion.com\/#website","url":"https:\/\/deportesycomunicacion.com\/","name":"Deportes y Comunicaci\u00f3n","description":"Powered by Ivan Ferrer","publisher":{"@id":"https:\/\/deportesycomunicacion.com\/#organization"},"potentialAction":[{"@type":"SearchAction","target":{"@type":"EntryPoint","urlTemplate":"https:\/\/deportesycomunicacion.com\/?s={search_term_string}"},"query-input":{"@type":"PropertyValueSpecification","valueRequired":true,"valueName":"search_term_string"}}],"inLanguage":"es"},{"@type":"Organization","@id":"https:\/\/deportesycomunicacion.com\/#organization","name":"Deportes y Comunicaci\u00f3n","url":"https:\/\/deportesycomunicacion.com\/","logo":{"@type":"ImageObject","inLanguage":"es","@id":"https:\/\/deportesycomunicacion.com\/#\/schema\/logo\/image\/","url":"https:\/\/deportesycomunicacion.com\/wp-content\/uploads\/2013\/05\/cropped-Logo-Deportes-Comunicacion.jpg","contentUrl":"https:\/\/deportesycomunicacion.com\/wp-content\/uploads\/2013\/05\/cropped-Logo-Deportes-Comunicacion.jpg","width":300,"height":65,"caption":"Deportes y Comunicaci\u00f3n"},"image":{"@id":"https:\/\/deportesycomunicacion.com\/#\/schema\/logo\/image\/"},"sameAs":["https:\/\/www.facebook.com\/ivan.ferrercayuela","https:\/\/x.com\/IFC1976"]},{"@type":"Person","@id":"https:\/\/deportesycomunicacion.com\/#\/schema\/person\/5bd536572b924420557d2db2f98bdd16","name":"ivanferrer","url":"https:\/\/deportesycomunicacion.com\/?author=2"}]}},"_links":{"self":[{"href":"https:\/\/deportesycomunicacion.com\/index.php?rest_route=\/wp\/v2\/posts\/7095","targetHints":{"allow":["GET"]}}],"collection":[{"href":"https:\/\/deportesycomunicacion.com\/index.php?rest_route=\/wp\/v2\/posts"}],"about":[{"href":"https:\/\/deportesycomunicacion.com\/index.php?rest_route=\/wp\/v2\/types\/post"}],"author":[{"embeddable":true,"href":"https:\/\/deportesycomunicacion.com\/index.php?rest_route=\/wp\/v2\/users\/2"}],"replies":[{"embeddable":true,"href":"https:\/\/deportesycomunicacion.com\/index.php?rest_route=%2Fwp%2Fv2%2Fcomments&post=7095"}],"version-history":[{"count":3,"href":"https:\/\/deportesycomunicacion.com\/index.php?rest_route=\/wp\/v2\/posts\/7095\/revisions"}],"predecessor-version":[{"id":7105,"href":"https:\/\/deportesycomunicacion.com\/index.php?rest_route=\/wp\/v2\/posts\/7095\/revisions\/7105"}],"wp:featuredmedia":[{"embeddable":true,"href":"https:\/\/deportesycomunicacion.com\/index.php?rest_route=\/wp\/v2\/media\/7103"}],"wp:attachment":[{"href":"https:\/\/deportesycomunicacion.com\/index.php?rest_route=%2Fwp%2Fv2%2Fmedia&parent=7095"}],"wp:term":[{"taxonomy":"category","embeddable":true,"href":"https:\/\/deportesycomunicacion.com\/index.php?rest_route=%2Fwp%2Fv2%2Fcategories&post=7095"},{"taxonomy":"post_tag","embeddable":true,"href":"https:\/\/deportesycomunicacion.com\/index.php?rest_route=%2Fwp%2Fv2%2Ftags&post=7095"}],"curies":[{"name":"wp","href":"https:\/\/api.w.org\/{rel}","templated":true}]}}