{"id":7217,"date":"2020-04-03T10:57:24","date_gmt":"2020-04-03T08:57:24","guid":{"rendered":"http:\/\/deportesycomunicacion.com\/?p=7217"},"modified":"2020-04-03T11:00:57","modified_gmt":"2020-04-03T09:00:57","slug":"tercera-semana-sin-deporte-tres-tercios","status":"publish","type":"post","link":"https:\/\/deportesycomunicacion.com\/?p=7217","title":{"rendered":"Tercera semana sin deporte (tres tercios)"},"content":{"rendered":"<p style=\"text-align: justify;\">En toda crisis siempre hay un listo que, fiel a sus creencias y dotado de unos <strong>valores morales<\/strong> de dudosa reputaci\u00f3n, pretende tirar por el camino del medio. Como dictado interno sigue \u00fanicamente los par\u00e1metros de la victoria y el resto de elementos quedan supeditados esa m\u00e1xima. Y le da igual lo que piensen los dem\u00e1s. <strong>Helmut Marko<\/strong>, asesor de la escuder\u00eda <strong>Red Bull,<\/strong> entra en esta triste categor\u00eda.<\/p>\n<p style=\"text-align: justify;\">Su <a href=\"https:\/\/www.lavanguardia.com\/deportes\/automovilismo\/20200330\/48182351908\/helmut-marko-formula-1-red-bull-coronavirus.html\" target=\"_blank\"><strong>ins\u00f3lito plan<\/strong><\/a> consist\u00eda en reunir a todos los pilotos de la marca para que se preparan f\u00edsicamente juntos, estuvieran controlados y a la vez superaran la infecci\u00f3n del <strong>coronavirus<\/strong> (que seg\u00fan su criterio superar\u00edan sin problemas por sus buenas condiciones f\u00edsicas). De esta manera estar\u00edan todos los deportistas preparados para afrontar la reanudaci\u00f3n de las competiciones con garant\u00edas.<\/p>\n<p style=\"text-align: justify;\">Menos mal que en el equipo no se tomaron demasiado en serio la propuesta y la descartaron. Usando el maquiav\u00e9lico razonamiento del <strong><a href=\"https:\/\/es.wikipedia.org\/wiki\/Dr._Doofenshmirtz\" target=\"_blank\">doctor Doofenshmirtz<\/a><\/strong>, pedir\u00eda por contrato que todos los pilotos de Red Bull, como medida preventiva, se <a href=\"https:\/\/albertbosch.info\/blog\/2011\/09\/08\/operaci-n-preventiva-1214\/\" target=\"_blank\"><strong>quitaran el ap\u00e9ndice<\/strong><\/a> no sea que les pueda afectar en el desarrollo normal de la temporada y pierdan puntos en alguna prueba\u2026<\/p>\n<p style=\"text-align: justify;\"><strong>\u00bfTiras por el camino del medio? \u00bfO tus principios morales no te lo permiten?<\/strong><\/p>\n<p style=\"text-align: justify;\">photo credit: Thomas Hawk <a href=\"http:\/\/www.flickr.com\/photos\/51035555243@N01\/48184355001\">American Firefighter<\/a> via <a href=\"http:\/\/photopin.com\">photopin<\/a> <a href=\"https:\/\/creativecommons.org\/licenses\/by-nc\/2.0\/\">(license)<\/a><\/p>\n","protected":false},"excerpt":{"rendered":"<p>En toda crisis siempre hay un listo que, fiel a sus creencias y dotado de unos &hellip; <a title=\"Tercera semana sin deporte (tres tercios)\" class=\"hm-read-more\" href=\"https:\/\/deportesycomunicacion.com\/?p=7217\"><span class=\"screen-reader-text\">Tercera semana sin deporte (tres tercios)<\/span>Leer m\u00e1s<\/a><\/p>\n","protected":false},"author":2,"featured_media":7224,"comment_status":"open","ping_status":"open","sticky":false,"template":"","format":"standard","meta":{"footnotes":""},"categories":[69],"tags":[1063,2266,2265,2264,1573],"class_list":["post-7217","post","type-post","status-publish","format-standard","has-post-thumbnail","hentry","category-automovilismo","tag-automovilismo","tag-helmut-marko","tag-moralidad","tag-plan-coronavirus","tag-red-bull"],"yoast_head":"<!-- This site is optimized with the Yoast SEO plugin v24.8.1 - https:\/\/yoast.com\/wordpress\/plugins\/seo\/ -->\n<title>Tercera semana sin deporte (tres tercios)<\/title>\n<meta name=\"description\" content=\"En toda crisis siempre hay un listo que, fiel a sus creencias y dotado de unos valores morales de dudosa reputaci\u00f3n, pretende tirar por el camino del\" \/>\n<meta name=\"robots\" content=\"index, follow, max-snippet:-1, max-image-preview:large, max-video-preview:-1\" \/>\n<link rel=\"canonical\" href=\"https:\/\/deportesycomunicacion.com\/?p=7217\" \/>\n<meta property=\"og:locale\" content=\"es_ES\" \/>\n<meta property=\"og:type\" content=\"article\" \/>\n<meta property=\"og:title\" content=\"Tercera semana sin deporte (tres tercios)\" \/>\n<meta property=\"og:description\" content=\"En toda crisis siempre hay un listo que, fiel a sus creencias y dotado de unos valores morales de dudosa reputaci\u00f3n, pretende tirar por el camino del\" \/>\n<meta property=\"og:url\" content=\"https:\/\/deportesycomunicacion.com\/?p=7217\" \/>\n<meta property=\"og:site_name\" content=\"Deportes y Comunicaci\u00f3n\" \/>\n<meta property=\"article:publisher\" content=\"https:\/\/www.facebook.com\/ivan.ferrercayuela\" \/>\n<meta property=\"article:published_time\" content=\"2020-04-03T08:57:24+00:00\" \/>\n<meta property=\"article:modified_time\" content=\"2020-04-03T09:00:57+00:00\" \/>\n<meta property=\"og:image\" content=\"https:\/\/deportesycomunicacion.com\/wp-content\/uploads\/2020\/04\/bombero.jpg\" \/>\n\t<meta property=\"og:image:width\" content=\"499\" \/>\n\t<meta property=\"og:image:height\" content=\"333\" \/>\n\t<meta property=\"og:image:type\" content=\"image\/jpeg\" \/>\n<meta name=\"author\" content=\"ivanferrer\" \/>\n<meta name=\"twitter:card\" content=\"summary_large_image\" \/>\n<meta name=\"twitter:creator\" content=\"@IFC1976\" \/>\n<meta name=\"twitter:site\" content=\"@IFC1976\" \/>\n<meta name=\"twitter:label1\" content=\"Escrito por\" \/>\n\t<meta name=\"twitter:data1\" content=\"ivanferrer\" \/>\n\t<meta name=\"twitter:label2\" content=\"Tiempo de lectura\" \/>\n\t<meta name=\"twitter:data2\" content=\"1 minuto\" \/>\n<script type=\"application\/ld+json\" class=\"yoast-schema-graph\">{\"@context\":\"https:\/\/schema.org\",\"@graph\":[{\"@type\":\"Article\",\"@id\":\"https:\/\/deportesycomunicacion.com\/?p=7217#article\",\"isPartOf\":{\"@id\":\"https:\/\/deportesycomunicacion.com\/?p=7217\"},\"author\":{\"name\":\"ivanferrer\",\"@id\":\"https:\/\/deportesycomunicacion.com\/#\/schema\/person\/5bd536572b924420557d2db2f98bdd16\"},\"headline\":\"Tercera semana sin deporte (tres tercios)\",\"datePublished\":\"2020-04-03T08:57:24+00:00\",\"dateModified\":\"2020-04-03T09:00:57+00:00\",\"mainEntityOfPage\":{\"@id\":\"https:\/\/deportesycomunicacion.com\/?p=7217\"},\"wordCount\":236,\"commentCount\":0,\"publisher\":{\"@id\":\"https:\/\/deportesycomunicacion.com\/#organization\"},\"image\":{\"@id\":\"https:\/\/deportesycomunicacion.com\/?p=7217#primaryimage\"},\"thumbnailUrl\":\"https:\/\/deportesycomunicacion.com\/wp-content\/uploads\/2020\/04\/bombero.jpg\",\"keywords\":[\"AUTOMOVILISMO\",\"HELMUT MARKO\",\"MORALIDAD\",\"PLAN CORONAVIRUS\",\"RED BULL\"],\"articleSection\":[\"AUTOMOVILISMO\"],\"inLanguage\":\"es\",\"potentialAction\":[{\"@type\":\"CommentAction\",\"name\":\"Comment\",\"target\":[\"https:\/\/deportesycomunicacion.com\/?p=7217#respond\"]}]},{\"@type\":\"WebPage\",\"@id\":\"https:\/\/deportesycomunicacion.com\/?p=7217\",\"url\":\"https:\/\/deportesycomunicacion.com\/?p=7217\",\"name\":\"Tercera semana sin deporte (tres tercios)\",\"isPartOf\":{\"@id\":\"https:\/\/deportesycomunicacion.com\/#website\"},\"primaryImageOfPage\":{\"@id\":\"https:\/\/deportesycomunicacion.com\/?p=7217#primaryimage\"},\"image\":{\"@id\":\"https:\/\/deportesycomunicacion.com\/?p=7217#primaryimage\"},\"thumbnailUrl\":\"https:\/\/deportesycomunicacion.com\/wp-content\/uploads\/2020\/04\/bombero.jpg\",\"datePublished\":\"2020-04-03T08:57:24+00:00\",\"dateModified\":\"2020-04-03T09:00:57+00:00\",\"description\":\"En toda crisis siempre hay un listo que, fiel a sus creencias y dotado de unos valores morales de dudosa reputaci\u00f3n, pretende tirar por el camino del\",\"breadcrumb\":{\"@id\":\"https:\/\/deportesycomunicacion.com\/?p=7217#breadcrumb\"},\"inLanguage\":\"es\",\"potentialAction\":[{\"@type\":\"ReadAction\",\"target\":[\"https:\/\/deportesycomunicacion.com\/?p=7217\"]}]},{\"@type\":\"ImageObject\",\"inLanguage\":\"es\",\"@id\":\"https:\/\/deportesycomunicacion.com\/?p=7217#primaryimage\",\"url\":\"https:\/\/deportesycomunicacion.com\/wp-content\/uploads\/2020\/04\/bombero.jpg\",\"contentUrl\":\"https:\/\/deportesycomunicacion.com\/wp-content\/uploads\/2020\/04\/bombero.jpg\",\"width\":499,\"height\":333},{\"@type\":\"BreadcrumbList\",\"@id\":\"https:\/\/deportesycomunicacion.com\/?p=7217#breadcrumb\",\"itemListElement\":[{\"@type\":\"ListItem\",\"position\":1,\"name\":\"Portada\",\"item\":\"https:\/\/deportesycomunicacion.com\/\"},{\"@type\":\"ListItem\",\"position\":2,\"name\":\"Tercera semana sin deporte (tres tercios)\"}]},{\"@type\":\"WebSite\",\"@id\":\"https:\/\/deportesycomunicacion.com\/#website\",\"url\":\"https:\/\/deportesycomunicacion.com\/\",\"name\":\"Deportes y Comunicaci\u00f3n\",\"description\":\"Powered by Ivan Ferrer\",\"publisher\":{\"@id\":\"https:\/\/deportesycomunicacion.com\/#organization\"},\"potentialAction\":[{\"@type\":\"SearchAction\",\"target\":{\"@type\":\"EntryPoint\",\"urlTemplate\":\"https:\/\/deportesycomunicacion.com\/?s={search_term_string}\"},\"query-input\":{\"@type\":\"PropertyValueSpecification\",\"valueRequired\":true,\"valueName\":\"search_term_string\"}}],\"inLanguage\":\"es\"},{\"@type\":\"Organization\",\"@id\":\"https:\/\/deportesycomunicacion.com\/#organization\",\"name\":\"Deportes y Comunicaci\u00f3n\",\"url\":\"https:\/\/deportesycomunicacion.com\/\",\"logo\":{\"@type\":\"ImageObject\",\"inLanguage\":\"es\",\"@id\":\"https:\/\/deportesycomunicacion.com\/#\/schema\/logo\/image\/\",\"url\":\"https:\/\/deportesycomunicacion.com\/wp-content\/uploads\/2013\/05\/cropped-Logo-Deportes-Comunicacion.jpg\",\"contentUrl\":\"https:\/\/deportesycomunicacion.com\/wp-content\/uploads\/2013\/05\/cropped-Logo-Deportes-Comunicacion.jpg\",\"width\":300,\"height\":65,\"caption\":\"Deportes y Comunicaci\u00f3n\"},\"image\":{\"@id\":\"https:\/\/deportesycomunicacion.com\/#\/schema\/logo\/image\/\"},\"sameAs\":[\"https:\/\/www.facebook.com\/ivan.ferrercayuela\",\"https:\/\/x.com\/IFC1976\"]},{\"@type\":\"Person\",\"@id\":\"https:\/\/deportesycomunicacion.com\/#\/schema\/person\/5bd536572b924420557d2db2f98bdd16\",\"name\":\"ivanferrer\",\"url\":\"https:\/\/deportesycomunicacion.com\/?author=2\"}]}<\/script>\n<!-- \/ Yoast SEO plugin. -->","yoast_head_json":{"title":"Tercera semana sin deporte (tres tercios)","description":"En toda crisis siempre hay un listo que, fiel a sus creencias y dotado de unos valores morales de dudosa reputaci\u00f3n, pretende tirar por el camino del","robots":{"index":"index","follow":"follow","max-snippet":"max-snippet:-1","max-image-preview":"max-image-preview:large","max-video-preview":"max-video-preview:-1"},"canonical":"https:\/\/deportesycomunicacion.com\/?p=7217","og_locale":"es_ES","og_type":"article","og_title":"Tercera semana sin deporte (tres tercios)","og_description":"En toda crisis siempre hay un listo que, fiel a sus creencias y dotado de unos valores morales de dudosa reputaci\u00f3n, pretende tirar por el camino del","og_url":"https:\/\/deportesycomunicacion.com\/?p=7217","og_site_name":"Deportes y Comunicaci\u00f3n","article_publisher":"https:\/\/www.facebook.com\/ivan.ferrercayuela","article_published_time":"2020-04-03T08:57:24+00:00","article_modified_time":"2020-04-03T09:00:57+00:00","og_image":[{"width":499,"height":333,"url":"https:\/\/deportesycomunicacion.com\/wp-content\/uploads\/2020\/04\/bombero.jpg","type":"image\/jpeg"}],"author":"ivanferrer","twitter_card":"summary_large_image","twitter_creator":"@IFC1976","twitter_site":"@IFC1976","twitter_misc":{"Escrito por":"ivanferrer","Tiempo de lectura":"1 minuto"},"schema":{"@context":"https:\/\/schema.org","@graph":[{"@type":"Article","@id":"https:\/\/deportesycomunicacion.com\/?p=7217#article","isPartOf":{"@id":"https:\/\/deportesycomunicacion.com\/?p=7217"},"author":{"name":"ivanferrer","@id":"https:\/\/deportesycomunicacion.com\/#\/schema\/person\/5bd536572b924420557d2db2f98bdd16"},"headline":"Tercera semana sin deporte (tres tercios)","datePublished":"2020-04-03T08:57:24+00:00","dateModified":"2020-04-03T09:00:57+00:00","mainEntityOfPage":{"@id":"https:\/\/deportesycomunicacion.com\/?p=7217"},"wordCount":236,"commentCount":0,"publisher":{"@id":"https:\/\/deportesycomunicacion.com\/#organization"},"image":{"@id":"https:\/\/deportesycomunicacion.com\/?p=7217#primaryimage"},"thumbnailUrl":"https:\/\/deportesycomunicacion.com\/wp-content\/uploads\/2020\/04\/bombero.jpg","keywords":["AUTOMOVILISMO","HELMUT MARKO","MORALIDAD","PLAN CORONAVIRUS","RED BULL"],"articleSection":["AUTOMOVILISMO"],"inLanguage":"es","potentialAction":[{"@type":"CommentAction","name":"Comment","target":["https:\/\/deportesycomunicacion.com\/?p=7217#respond"]}]},{"@type":"WebPage","@id":"https:\/\/deportesycomunicacion.com\/?p=7217","url":"https:\/\/deportesycomunicacion.com\/?p=7217","name":"Tercera semana sin deporte (tres tercios)","isPartOf":{"@id":"https:\/\/deportesycomunicacion.com\/#website"},"primaryImageOfPage":{"@id":"https:\/\/deportesycomunicacion.com\/?p=7217#primaryimage"},"image":{"@id":"https:\/\/deportesycomunicacion.com\/?p=7217#primaryimage"},"thumbnailUrl":"https:\/\/deportesycomunicacion.com\/wp-content\/uploads\/2020\/04\/bombero.jpg","datePublished":"2020-04-03T08:57:24+00:00","dateModified":"2020-04-03T09:00:57+00:00","description":"En toda crisis siempre hay un listo que, fiel a sus creencias y dotado de unos valores morales de dudosa reputaci\u00f3n, pretende tirar por el camino del","breadcrumb":{"@id":"https:\/\/deportesycomunicacion.com\/?p=7217#breadcrumb"},"inLanguage":"es","potentialAction":[{"@type":"ReadAction","target":["https:\/\/deportesycomunicacion.com\/?p=7217"]}]},{"@type":"ImageObject","inLanguage":"es","@id":"https:\/\/deportesycomunicacion.com\/?p=7217#primaryimage","url":"https:\/\/deportesycomunicacion.com\/wp-content\/uploads\/2020\/04\/bombero.jpg","contentUrl":"https:\/\/deportesycomunicacion.com\/wp-content\/uploads\/2020\/04\/bombero.jpg","width":499,"height":333},{"@type":"BreadcrumbList","@id":"https:\/\/deportesycomunicacion.com\/?p=7217#breadcrumb","itemListElement":[{"@type":"ListItem","position":1,"name":"Portada","item":"https:\/\/deportesycomunicacion.com\/"},{"@type":"ListItem","position":2,"name":"Tercera semana sin deporte (tres tercios)"}]},{"@type":"WebSite","@id":"https:\/\/deportesycomunicacion.com\/#website","url":"https:\/\/deportesycomunicacion.com\/","name":"Deportes y Comunicaci\u00f3n","description":"Powered by Ivan Ferrer","publisher":{"@id":"https:\/\/deportesycomunicacion.com\/#organization"},"potentialAction":[{"@type":"SearchAction","target":{"@type":"EntryPoint","urlTemplate":"https:\/\/deportesycomunicacion.com\/?s={search_term_string}"},"query-input":{"@type":"PropertyValueSpecification","valueRequired":true,"valueName":"search_term_string"}}],"inLanguage":"es"},{"@type":"Organization","@id":"https:\/\/deportesycomunicacion.com\/#organization","name":"Deportes y Comunicaci\u00f3n","url":"https:\/\/deportesycomunicacion.com\/","logo":{"@type":"ImageObject","inLanguage":"es","@id":"https:\/\/deportesycomunicacion.com\/#\/schema\/logo\/image\/","url":"https:\/\/deportesycomunicacion.com\/wp-content\/uploads\/2013\/05\/cropped-Logo-Deportes-Comunicacion.jpg","contentUrl":"https:\/\/deportesycomunicacion.com\/wp-content\/uploads\/2013\/05\/cropped-Logo-Deportes-Comunicacion.jpg","width":300,"height":65,"caption":"Deportes y Comunicaci\u00f3n"},"image":{"@id":"https:\/\/deportesycomunicacion.com\/#\/schema\/logo\/image\/"},"sameAs":["https:\/\/www.facebook.com\/ivan.ferrercayuela","https:\/\/x.com\/IFC1976"]},{"@type":"Person","@id":"https:\/\/deportesycomunicacion.com\/#\/schema\/person\/5bd536572b924420557d2db2f98bdd16","name":"ivanferrer","url":"https:\/\/deportesycomunicacion.com\/?author=2"}]}},"_links":{"self":[{"href":"https:\/\/deportesycomunicacion.com\/index.php?rest_route=\/wp\/v2\/posts\/7217","targetHints":{"allow":["GET"]}}],"collection":[{"href":"https:\/\/deportesycomunicacion.com\/index.php?rest_route=\/wp\/v2\/posts"}],"about":[{"href":"https:\/\/deportesycomunicacion.com\/index.php?rest_route=\/wp\/v2\/types\/post"}],"author":[{"embeddable":true,"href":"https:\/\/deportesycomunicacion.com\/index.php?rest_route=\/wp\/v2\/users\/2"}],"replies":[{"embeddable":true,"href":"https:\/\/deportesycomunicacion.com\/index.php?rest_route=%2Fwp%2Fv2%2Fcomments&post=7217"}],"version-history":[{"count":5,"href":"https:\/\/deportesycomunicacion.com\/index.php?rest_route=\/wp\/v2\/posts\/7217\/revisions"}],"predecessor-version":[{"id":7228,"href":"https:\/\/deportesycomunicacion.com\/index.php?rest_route=\/wp\/v2\/posts\/7217\/revisions\/7228"}],"wp:featuredmedia":[{"embeddable":true,"href":"https:\/\/deportesycomunicacion.com\/index.php?rest_route=\/wp\/v2\/media\/7224"}],"wp:attachment":[{"href":"https:\/\/deportesycomunicacion.com\/index.php?rest_route=%2Fwp%2Fv2%2Fmedia&parent=7217"}],"wp:term":[{"taxonomy":"category","embeddable":true,"href":"https:\/\/deportesycomunicacion.com\/index.php?rest_route=%2Fwp%2Fv2%2Fcategories&post=7217"},{"taxonomy":"post_tag","embeddable":true,"href":"https:\/\/deportesycomunicacion.com\/index.php?rest_route=%2Fwp%2Fv2%2Ftags&post=7217"}],"curies":[{"name":"wp","href":"https:\/\/api.w.org\/{rel}","templated":true}]}}