{"id":7910,"date":"2021-07-27T11:29:07","date_gmt":"2021-07-27T09:29:07","guid":{"rendered":"http:\/\/deportesycomunicacion.com\/?p=7910"},"modified":"2021-07-27T11:30:02","modified_gmt":"2021-07-27T09:30:02","slug":"cambias-naranja-rojo","status":"publish","type":"post","link":"https:\/\/deportesycomunicacion.com\/?p=7910","title":{"rendered":"\u00bfCambias naranja por rojo?"},"content":{"rendered":"<p style=\"text-align: justify;\">Mi blog se llama as\u00ed por una doble raz\u00f3n: amo incondicionalmente al <strong>deporte<\/strong> y creo que la <strong>comunicaci\u00f3n<\/strong> es b\u00e1sica en toda relaci\u00f3n humana. El di\u00e1logo interno del deportista puede catapultarle hacia l\u00edmites alcanzables solo en sus sue\u00f1os o hundirle en la m\u00e1s absoluta miseria; tener claro el prop\u00f3sito que le impulsa a dar lo mejor en cada entrenamiento; conversaciones profundas con los m\u00e1s allegados sobre cu\u00e1les son los fantasmas que le acechan; pedir ayudar para mejorar o superar un bache f\u00edsico o mental&#8230; todas estas situaciones y muchas m\u00e1s entran en el inmenso saco en el que convergen <strong>deporte y comunicaci\u00f3n<\/strong>.<\/p>\n<p style=\"text-align: justify;\">En un plano menos filos\u00f3fico y profundo, se encuentran las informaciones t\u00e1cticas, que tienen que ser dadas de forma precisa, clara y concisa (y despu\u00e9s validar que todo el mundo las tiene claras). Porque cinco a\u00f1os de ciclo ol\u00edmpico (alargado excepcionalmente por el coronavirus) no pueden depender de que <a href=\"https:\/\/www.mundodeportivo.com\/videos\/mas-videos\/20210726\/5183707841771533\/la-dura-caida-de-van-der-poel-en-la-prueba-de-mountain-bike-de-los-juegos-de-tokio.html\" target=\"_blank\">no est\u00e9 claro que esa plancha no estar\u00e1 el d\u00eda de la prueba<\/a> o que <a href=\"https:\/\/www.tycsports.com\/polideportivo\/van-vleuten-ciclismo-juegos-olimpicos-id359375.html\" target=\"_blank\">en realidad vas segunda cuando crees que no tienes nadie m\u00e1s delante<\/a>.<\/p>\n<p style=\"text-align: justify;\"><a href=\"https:\/\/www.ciclismointernacional.com\/la-tabla-que-condeno-a-van-der-poel-en-tokio\/\" target=\"_blank\"><strong>Van der Poel<\/strong><\/a>, el gran favorito para ganar la prueba de <strong>ciclismo de monta\u00f1a<\/strong>, se comi\u00f3 un salto, que le priv\u00f3 incluso de cruzar la l\u00ednea de meta por el dolor causado tras la ca\u00edda. Por su parte,\u00a0<a href=\"https:\/\/www.eurosport.es\/ciclismo\/juegos-olimpicos-tokio-2020\/2021\/van-vleuten-confusion-medalla-de-plata-increible-anna-kiesenhofer-oro_vid1509375\/video.shtml\" target=\"_blank\"><strong>Van Vleuten<\/strong><\/a>, en la disciplina de <strong>ciclismo<\/strong> en ruta, celebr\u00f3 el oro ol\u00edmpico cuando su rival ya hac\u00eda m\u00e1s de un minuto que saboreaba su victoria. Dos <strong>errores<\/strong> de <strong>comunicaci\u00f3n<\/strong> con consecuencias funestas, separados solo por un d\u00eda y dentro de una misma delegaci\u00f3n. La viva met\u00e1fora de c\u00f3mo transitar, a la velocidad de la luz, del naranja neerland\u00e9s al rojo alarma&#8230;<\/p>\n<p style=\"text-align: justify;\"><strong>\u00bfCuidas los peque\u00f1os detalles?\u00a0 \u00a0\u00a0<\/strong><\/p>\n<p>Imagen de <a href=\"https:\/\/pixabay.com\/es\/users\/sarahrichterart-1546275\/?utm_source=link-attribution&amp;utm_medium=referral&amp;utm_campaign=image&amp;utm_content=3036245\">Sarah Richter<\/a> en <a href=\"https:\/\/pixabay.com\/es\/?utm_source=link-attribution&amp;utm_medium=referral&amp;utm_campaign=image&amp;utm_content=3036245\">Pixabay<\/a><\/p>\n","protected":false},"excerpt":{"rendered":"<p>Mi blog se llama as\u00ed por una doble raz\u00f3n: amo incondicionalmente al deporte y creo que &hellip; <a title=\"\u00bfCambias naranja por rojo?\" class=\"hm-read-more\" href=\"https:\/\/deportesycomunicacion.com\/?p=7910\"><span class=\"screen-reader-text\">\u00bfCambias naranja por rojo?<\/span>Leer m\u00e1s<\/a><\/p>\n","protected":false},"author":2,"featured_media":7920,"comment_status":"open","ping_status":"open","sticky":false,"template":"","format":"standard","meta":{"footnotes":""},"categories":[50,2408,1],"tags":[1061,2409,72,491,2412,2410,2411],"class_list":["post-7910","post","type-post","status-publish","format-standard","has-post-thumbnail","hentry","category-ciclismo","category-ciclismo-montana","category-deportes-comunicacion","tag-ciclismo","tag-ciclismo-montana","tag-comunicacion","tag-deporte","tag-errores","tag-van-der-poel","tag-van-vleuten"],"yoast_head":"<!-- This site is optimized with the Yoast SEO plugin v24.8.1 - https:\/\/yoast.com\/wordpress\/plugins\/seo\/ -->\n<title>\u00bfCambias naranja por rojo?<\/title>\n<meta name=\"description\" content=\"Mi blog se llama as\u00ed por una doble raz\u00f3n: amo incondicionalmente al deporte y creo que la comunicaci\u00f3n es b\u00e1sica en toda relaci\u00f3n humana. El di\u00e1logo\" \/>\n<meta name=\"robots\" content=\"index, follow, max-snippet:-1, max-image-preview:large, max-video-preview:-1\" \/>\n<link rel=\"canonical\" href=\"https:\/\/deportesycomunicacion.com\/?p=7910\" \/>\n<meta property=\"og:locale\" content=\"es_ES\" \/>\n<meta property=\"og:type\" content=\"article\" \/>\n<meta property=\"og:title\" content=\"\u00bfCambias naranja por rojo?\" \/>\n<meta property=\"og:description\" content=\"Mi blog se llama as\u00ed por una doble raz\u00f3n: amo incondicionalmente al deporte y creo que la comunicaci\u00f3n es b\u00e1sica en toda relaci\u00f3n humana. El di\u00e1logo\" \/>\n<meta property=\"og:url\" content=\"https:\/\/deportesycomunicacion.com\/?p=7910\" \/>\n<meta property=\"og:site_name\" content=\"Deportes y Comunicaci\u00f3n\" \/>\n<meta property=\"article:publisher\" content=\"https:\/\/www.facebook.com\/ivan.ferrercayuela\" \/>\n<meta property=\"article:published_time\" content=\"2021-07-27T09:29:07+00:00\" \/>\n<meta property=\"article:modified_time\" content=\"2021-07-27T09:30:02+00:00\" \/>\n<meta property=\"og:image\" content=\"https:\/\/deportesycomunicacion.com\/wp-content\/uploads\/2021\/07\/clock-3036245_1920.jpg\" \/>\n\t<meta property=\"og:image:width\" content=\"1920\" \/>\n\t<meta property=\"og:image:height\" content=\"1418\" \/>\n\t<meta property=\"og:image:type\" content=\"image\/jpeg\" \/>\n<meta name=\"author\" content=\"ivanferrer\" \/>\n<meta name=\"twitter:card\" content=\"summary_large_image\" \/>\n<meta name=\"twitter:creator\" content=\"@IFC1976\" \/>\n<meta name=\"twitter:site\" content=\"@IFC1976\" \/>\n<meta name=\"twitter:label1\" content=\"Escrito por\" \/>\n\t<meta name=\"twitter:data1\" content=\"ivanferrer\" \/>\n\t<meta name=\"twitter:label2\" content=\"Tiempo de lectura\" \/>\n\t<meta name=\"twitter:data2\" content=\"2 minutos\" \/>\n<script type=\"application\/ld+json\" class=\"yoast-schema-graph\">{\"@context\":\"https:\/\/schema.org\",\"@graph\":[{\"@type\":\"Article\",\"@id\":\"https:\/\/deportesycomunicacion.com\/?p=7910#article\",\"isPartOf\":{\"@id\":\"https:\/\/deportesycomunicacion.com\/?p=7910\"},\"author\":{\"name\":\"ivanferrer\",\"@id\":\"https:\/\/deportesycomunicacion.com\/#\/schema\/person\/5bd536572b924420557d2db2f98bdd16\"},\"headline\":\"\u00bfCambias naranja por rojo?\",\"datePublished\":\"2021-07-27T09:29:07+00:00\",\"dateModified\":\"2021-07-27T09:30:02+00:00\",\"mainEntityOfPage\":{\"@id\":\"https:\/\/deportesycomunicacion.com\/?p=7910\"},\"wordCount\":326,\"commentCount\":0,\"publisher\":{\"@id\":\"https:\/\/deportesycomunicacion.com\/#organization\"},\"image\":{\"@id\":\"https:\/\/deportesycomunicacion.com\/?p=7910#primaryimage\"},\"thumbnailUrl\":\"https:\/\/deportesycomunicacion.com\/wp-content\/uploads\/2021\/07\/clock-3036245_1920.jpg\",\"keywords\":[\"CICLISMO\",\"CICLISMO MONTA\u00d1A\",\"COMUNICACION\",\"DEPORTE\",\"ERRORES\",\"VAN DER POEL\",\"VAN VLEUTEN\"],\"articleSection\":[\"CICLISMO\",\"CICLISMO MONTA\u00d1A\",\"DEPORTES &amp; COMUNICACI\u00d3N\"],\"inLanguage\":\"es\",\"potentialAction\":[{\"@type\":\"CommentAction\",\"name\":\"Comment\",\"target\":[\"https:\/\/deportesycomunicacion.com\/?p=7910#respond\"]}]},{\"@type\":\"WebPage\",\"@id\":\"https:\/\/deportesycomunicacion.com\/?p=7910\",\"url\":\"https:\/\/deportesycomunicacion.com\/?p=7910\",\"name\":\"\u00bfCambias naranja por rojo?\",\"isPartOf\":{\"@id\":\"https:\/\/deportesycomunicacion.com\/#website\"},\"primaryImageOfPage\":{\"@id\":\"https:\/\/deportesycomunicacion.com\/?p=7910#primaryimage\"},\"image\":{\"@id\":\"https:\/\/deportesycomunicacion.com\/?p=7910#primaryimage\"},\"thumbnailUrl\":\"https:\/\/deportesycomunicacion.com\/wp-content\/uploads\/2021\/07\/clock-3036245_1920.jpg\",\"datePublished\":\"2021-07-27T09:29:07+00:00\",\"dateModified\":\"2021-07-27T09:30:02+00:00\",\"description\":\"Mi blog se llama as\u00ed por una doble raz\u00f3n: amo incondicionalmente al deporte y creo que la comunicaci\u00f3n es b\u00e1sica en toda relaci\u00f3n humana. El di\u00e1logo\",\"breadcrumb\":{\"@id\":\"https:\/\/deportesycomunicacion.com\/?p=7910#breadcrumb\"},\"inLanguage\":\"es\",\"potentialAction\":[{\"@type\":\"ReadAction\",\"target\":[\"https:\/\/deportesycomunicacion.com\/?p=7910\"]}]},{\"@type\":\"ImageObject\",\"inLanguage\":\"es\",\"@id\":\"https:\/\/deportesycomunicacion.com\/?p=7910#primaryimage\",\"url\":\"https:\/\/deportesycomunicacion.com\/wp-content\/uploads\/2021\/07\/clock-3036245_1920.jpg\",\"contentUrl\":\"https:\/\/deportesycomunicacion.com\/wp-content\/uploads\/2021\/07\/clock-3036245_1920.jpg\",\"width\":1920,\"height\":1418},{\"@type\":\"BreadcrumbList\",\"@id\":\"https:\/\/deportesycomunicacion.com\/?p=7910#breadcrumb\",\"itemListElement\":[{\"@type\":\"ListItem\",\"position\":1,\"name\":\"Portada\",\"item\":\"https:\/\/deportesycomunicacion.com\/\"},{\"@type\":\"ListItem\",\"position\":2,\"name\":\"\u00bfCambias naranja por rojo?\"}]},{\"@type\":\"WebSite\",\"@id\":\"https:\/\/deportesycomunicacion.com\/#website\",\"url\":\"https:\/\/deportesycomunicacion.com\/\",\"name\":\"Deportes y Comunicaci\u00f3n\",\"description\":\"Powered by Ivan Ferrer\",\"publisher\":{\"@id\":\"https:\/\/deportesycomunicacion.com\/#organization\"},\"potentialAction\":[{\"@type\":\"SearchAction\",\"target\":{\"@type\":\"EntryPoint\",\"urlTemplate\":\"https:\/\/deportesycomunicacion.com\/?s={search_term_string}\"},\"query-input\":{\"@type\":\"PropertyValueSpecification\",\"valueRequired\":true,\"valueName\":\"search_term_string\"}}],\"inLanguage\":\"es\"},{\"@type\":\"Organization\",\"@id\":\"https:\/\/deportesycomunicacion.com\/#organization\",\"name\":\"Deportes y Comunicaci\u00f3n\",\"url\":\"https:\/\/deportesycomunicacion.com\/\",\"logo\":{\"@type\":\"ImageObject\",\"inLanguage\":\"es\",\"@id\":\"https:\/\/deportesycomunicacion.com\/#\/schema\/logo\/image\/\",\"url\":\"https:\/\/deportesycomunicacion.com\/wp-content\/uploads\/2013\/05\/cropped-Logo-Deportes-Comunicacion.jpg\",\"contentUrl\":\"https:\/\/deportesycomunicacion.com\/wp-content\/uploads\/2013\/05\/cropped-Logo-Deportes-Comunicacion.jpg\",\"width\":300,\"height\":65,\"caption\":\"Deportes y Comunicaci\u00f3n\"},\"image\":{\"@id\":\"https:\/\/deportesycomunicacion.com\/#\/schema\/logo\/image\/\"},\"sameAs\":[\"https:\/\/www.facebook.com\/ivan.ferrercayuela\",\"https:\/\/x.com\/IFC1976\"]},{\"@type\":\"Person\",\"@id\":\"https:\/\/deportesycomunicacion.com\/#\/schema\/person\/5bd536572b924420557d2db2f98bdd16\",\"name\":\"ivanferrer\",\"url\":\"https:\/\/deportesycomunicacion.com\/?author=2\"}]}<\/script>\n<!-- \/ Yoast SEO plugin. -->","yoast_head_json":{"title":"\u00bfCambias naranja por rojo?","description":"Mi blog se llama as\u00ed por una doble raz\u00f3n: amo incondicionalmente al deporte y creo que la comunicaci\u00f3n es b\u00e1sica en toda relaci\u00f3n humana. El di\u00e1logo","robots":{"index":"index","follow":"follow","max-snippet":"max-snippet:-1","max-image-preview":"max-image-preview:large","max-video-preview":"max-video-preview:-1"},"canonical":"https:\/\/deportesycomunicacion.com\/?p=7910","og_locale":"es_ES","og_type":"article","og_title":"\u00bfCambias naranja por rojo?","og_description":"Mi blog se llama as\u00ed por una doble raz\u00f3n: amo incondicionalmente al deporte y creo que la comunicaci\u00f3n es b\u00e1sica en toda relaci\u00f3n humana. El di\u00e1logo","og_url":"https:\/\/deportesycomunicacion.com\/?p=7910","og_site_name":"Deportes y Comunicaci\u00f3n","article_publisher":"https:\/\/www.facebook.com\/ivan.ferrercayuela","article_published_time":"2021-07-27T09:29:07+00:00","article_modified_time":"2021-07-27T09:30:02+00:00","og_image":[{"width":1920,"height":1418,"url":"https:\/\/deportesycomunicacion.com\/wp-content\/uploads\/2021\/07\/clock-3036245_1920.jpg","type":"image\/jpeg"}],"author":"ivanferrer","twitter_card":"summary_large_image","twitter_creator":"@IFC1976","twitter_site":"@IFC1976","twitter_misc":{"Escrito por":"ivanferrer","Tiempo de lectura":"2 minutos"},"schema":{"@context":"https:\/\/schema.org","@graph":[{"@type":"Article","@id":"https:\/\/deportesycomunicacion.com\/?p=7910#article","isPartOf":{"@id":"https:\/\/deportesycomunicacion.com\/?p=7910"},"author":{"name":"ivanferrer","@id":"https:\/\/deportesycomunicacion.com\/#\/schema\/person\/5bd536572b924420557d2db2f98bdd16"},"headline":"\u00bfCambias naranja por rojo?","datePublished":"2021-07-27T09:29:07+00:00","dateModified":"2021-07-27T09:30:02+00:00","mainEntityOfPage":{"@id":"https:\/\/deportesycomunicacion.com\/?p=7910"},"wordCount":326,"commentCount":0,"publisher":{"@id":"https:\/\/deportesycomunicacion.com\/#organization"},"image":{"@id":"https:\/\/deportesycomunicacion.com\/?p=7910#primaryimage"},"thumbnailUrl":"https:\/\/deportesycomunicacion.com\/wp-content\/uploads\/2021\/07\/clock-3036245_1920.jpg","keywords":["CICLISMO","CICLISMO MONTA\u00d1A","COMUNICACION","DEPORTE","ERRORES","VAN DER POEL","VAN VLEUTEN"],"articleSection":["CICLISMO","CICLISMO MONTA\u00d1A","DEPORTES &amp; COMUNICACI\u00d3N"],"inLanguage":"es","potentialAction":[{"@type":"CommentAction","name":"Comment","target":["https:\/\/deportesycomunicacion.com\/?p=7910#respond"]}]},{"@type":"WebPage","@id":"https:\/\/deportesycomunicacion.com\/?p=7910","url":"https:\/\/deportesycomunicacion.com\/?p=7910","name":"\u00bfCambias naranja por rojo?","isPartOf":{"@id":"https:\/\/deportesycomunicacion.com\/#website"},"primaryImageOfPage":{"@id":"https:\/\/deportesycomunicacion.com\/?p=7910#primaryimage"},"image":{"@id":"https:\/\/deportesycomunicacion.com\/?p=7910#primaryimage"},"thumbnailUrl":"https:\/\/deportesycomunicacion.com\/wp-content\/uploads\/2021\/07\/clock-3036245_1920.jpg","datePublished":"2021-07-27T09:29:07+00:00","dateModified":"2021-07-27T09:30:02+00:00","description":"Mi blog se llama as\u00ed por una doble raz\u00f3n: amo incondicionalmente al deporte y creo que la comunicaci\u00f3n es b\u00e1sica en toda relaci\u00f3n humana. El di\u00e1logo","breadcrumb":{"@id":"https:\/\/deportesycomunicacion.com\/?p=7910#breadcrumb"},"inLanguage":"es","potentialAction":[{"@type":"ReadAction","target":["https:\/\/deportesycomunicacion.com\/?p=7910"]}]},{"@type":"ImageObject","inLanguage":"es","@id":"https:\/\/deportesycomunicacion.com\/?p=7910#primaryimage","url":"https:\/\/deportesycomunicacion.com\/wp-content\/uploads\/2021\/07\/clock-3036245_1920.jpg","contentUrl":"https:\/\/deportesycomunicacion.com\/wp-content\/uploads\/2021\/07\/clock-3036245_1920.jpg","width":1920,"height":1418},{"@type":"BreadcrumbList","@id":"https:\/\/deportesycomunicacion.com\/?p=7910#breadcrumb","itemListElement":[{"@type":"ListItem","position":1,"name":"Portada","item":"https:\/\/deportesycomunicacion.com\/"},{"@type":"ListItem","position":2,"name":"\u00bfCambias naranja por rojo?"}]},{"@type":"WebSite","@id":"https:\/\/deportesycomunicacion.com\/#website","url":"https:\/\/deportesycomunicacion.com\/","name":"Deportes y Comunicaci\u00f3n","description":"Powered by Ivan Ferrer","publisher":{"@id":"https:\/\/deportesycomunicacion.com\/#organization"},"potentialAction":[{"@type":"SearchAction","target":{"@type":"EntryPoint","urlTemplate":"https:\/\/deportesycomunicacion.com\/?s={search_term_string}"},"query-input":{"@type":"PropertyValueSpecification","valueRequired":true,"valueName":"search_term_string"}}],"inLanguage":"es"},{"@type":"Organization","@id":"https:\/\/deportesycomunicacion.com\/#organization","name":"Deportes y Comunicaci\u00f3n","url":"https:\/\/deportesycomunicacion.com\/","logo":{"@type":"ImageObject","inLanguage":"es","@id":"https:\/\/deportesycomunicacion.com\/#\/schema\/logo\/image\/","url":"https:\/\/deportesycomunicacion.com\/wp-content\/uploads\/2013\/05\/cropped-Logo-Deportes-Comunicacion.jpg","contentUrl":"https:\/\/deportesycomunicacion.com\/wp-content\/uploads\/2013\/05\/cropped-Logo-Deportes-Comunicacion.jpg","width":300,"height":65,"caption":"Deportes y Comunicaci\u00f3n"},"image":{"@id":"https:\/\/deportesycomunicacion.com\/#\/schema\/logo\/image\/"},"sameAs":["https:\/\/www.facebook.com\/ivan.ferrercayuela","https:\/\/x.com\/IFC1976"]},{"@type":"Person","@id":"https:\/\/deportesycomunicacion.com\/#\/schema\/person\/5bd536572b924420557d2db2f98bdd16","name":"ivanferrer","url":"https:\/\/deportesycomunicacion.com\/?author=2"}]}},"_links":{"self":[{"href":"https:\/\/deportesycomunicacion.com\/index.php?rest_route=\/wp\/v2\/posts\/7910","targetHints":{"allow":["GET"]}}],"collection":[{"href":"https:\/\/deportesycomunicacion.com\/index.php?rest_route=\/wp\/v2\/posts"}],"about":[{"href":"https:\/\/deportesycomunicacion.com\/index.php?rest_route=\/wp\/v2\/types\/post"}],"author":[{"embeddable":true,"href":"https:\/\/deportesycomunicacion.com\/index.php?rest_route=\/wp\/v2\/users\/2"}],"replies":[{"embeddable":true,"href":"https:\/\/deportesycomunicacion.com\/index.php?rest_route=%2Fwp%2Fv2%2Fcomments&post=7910"}],"version-history":[{"count":7,"href":"https:\/\/deportesycomunicacion.com\/index.php?rest_route=\/wp\/v2\/posts\/7910\/revisions"}],"predecessor-version":[{"id":7923,"href":"https:\/\/deportesycomunicacion.com\/index.php?rest_route=\/wp\/v2\/posts\/7910\/revisions\/7923"}],"wp:featuredmedia":[{"embeddable":true,"href":"https:\/\/deportesycomunicacion.com\/index.php?rest_route=\/wp\/v2\/media\/7920"}],"wp:attachment":[{"href":"https:\/\/deportesycomunicacion.com\/index.php?rest_route=%2Fwp%2Fv2%2Fmedia&parent=7910"}],"wp:term":[{"taxonomy":"category","embeddable":true,"href":"https:\/\/deportesycomunicacion.com\/index.php?rest_route=%2Fwp%2Fv2%2Fcategories&post=7910"},{"taxonomy":"post_tag","embeddable":true,"href":"https:\/\/deportesycomunicacion.com\/index.php?rest_route=%2Fwp%2Fv2%2Ftags&post=7910"}],"curies":[{"name":"wp","href":"https:\/\/api.w.org\/{rel}","templated":true}]}}