{"id":8237,"date":"2022-07-05T12:42:43","date_gmt":"2022-07-05T10:42:43","guid":{"rendered":"http:\/\/deportesycomunicacion.com\/?p=8237"},"modified":"2022-07-05T12:47:08","modified_gmt":"2022-07-05T10:47:08","slug":"una-putisima-mierda","status":"publish","type":"post","link":"https:\/\/deportesycomunicacion.com\/?p=8237","title":{"rendered":"\u00bfUna put\u00edsima mierda?"},"content":{"rendered":"<p style=\"text-align: justify;\">Negro intenso. As\u00ed es mi particular <strong>valoraci\u00f3n<\/strong> de la temporada del equipo en el que ha jugado mi hija esta temporada que, por suerte, ya ha llegado a su fin. B\u00e1sicamente ha sido un desastre porqu\u00e9 las ni\u00f1as han vivido los meses de competici\u00f3n con angustia y desasosiego. Y, al menos en el caso de Anna, he visto que se ha divertido a nivel 0 (en demasiadas ocasiones nos olvidamos que son ni\u00f1as de 14-15 a\u00f1os que practican <strong>baloncesto<\/strong>).<\/p>\n<p style=\"text-align: justify;\">Al estar encuadradas en grupo especial de primer a\u00f1o <strong>cadete<\/strong>, seg\u00fan su clasificaci\u00f3n, se jugaban un billete para jugar en Preferente la temporada 2022-23, la m\u00e1xima categor\u00eda a nivel auton\u00f3mico. Ni desde el banquillo ni en la grada se les supo hacer ver que conseguirlo ser\u00eda un premio; sino que era la evoluci\u00f3n y estado natural del equipo. Ese list\u00f3n ha ido quemando y frustrando a las j\u00f3venes, a lo largo de los meses de entrenamientos y partidos. Es como si cada 22 de diciembre te sintieras un desgraciado por no ganar el Gordo. Estar\u00eda muy bien sacarse un buen pellizco para cerrar el a\u00f1o a lo grande, pero no est\u00e1s obligado a ello ni a sentirte mal por no conseguirlo.<\/p>\n<p style=\"text-align: justify;\">Y como cerdos con el gancho al cuello se han ido, dirigiendo, poco a poco, al matadero, para acabar muriendo en la orilla al caer en las semifinales de la final a cuatro para determinar los puestos 13 al 16. He visto en mi hija la desgana (antes de disputar el partido contra el Joventut de Badalona me dijo que le daba palo ir a jugar) y el miedo (me verbaliz\u00f3 que ten\u00eda ese sentimiento ante la posibilidad de perder ante el Parets en la final a cuatro); dos elementos terribles, especialmente, en el baloncesto base.<\/p>\n<p style=\"text-align: justify;\">Y tras una temporada, bajo mi punto de vista, tirada a la basura se me eriza el vello cuando escucho que, la mayor\u00eda de comentarios en la reuni\u00f3n de pretemporada 2022-23 siguen girando alrededor de si jugaremos en Interterritorial o si, debido a alguna renuncia, estaremos en Preferente&#8230;<\/p>\n<p style=\"text-align: justify;\">Estamos enfermos de competici\u00f3n y si hace falta pasar por encima del bienestar de la jugadoras, pues lo hacemos y listos. Mi deseo para el a\u00f1o que viene es <strong>MENOS PREFERENTE y M\u00c1S DIVERSI\u00d3N<\/strong>.<\/p>\n<p>Imagen de <a href=\"https:\/\/pixabay.com\/es\/users\/yousafbhutta-2933897\/?utm_source=link-attribution&amp;utm_medium=referral&amp;utm_campaign=image&amp;utm_content=7292253\">yousafbhutta<\/a> en <a href=\"https:\/\/pixabay.com\/es\/?utm_source=link-attribution&amp;utm_medium=referral&amp;utm_campaign=image&amp;utm_content=7292253\">Pixabay<\/a><\/p>\n<p style=\"text-align: justify;\"><strong>\u00bfC\u00f3mo catalogas la temporada de tu hijo?<\/strong><\/p>\n","protected":false},"excerpt":{"rendered":"<p>Negro intenso. As\u00ed es mi particular valoraci\u00f3n de la temporada del equipo en el que ha &hellip; <a title=\"\u00bfUna put\u00edsima mierda?\" class=\"hm-read-more\" href=\"https:\/\/deportesycomunicacion.com\/?p=8237\"><span class=\"screen-reader-text\">\u00bfUna put\u00edsima mierda?<\/span>Leer m\u00e1s<\/a><\/p>\n","protected":false},"author":2,"featured_media":8241,"comment_status":"open","ping_status":"open","sticky":false,"template":"","format":"standard","meta":{"footnotes":""},"categories":[12,67],"tags":[2464,1057,2445,1867,2465],"class_list":["post-8237","post","type-post","status-publish","format-standard","has-post-thumbnail","hentry","category-baloncesto","category-en-las-tricheras","tag-balance-temporada","tag-baloncesto","tag-cb-cornella-cadete-b","tag-deporte-base","tag-temporada-2021-22"],"yoast_head":"<!-- This site is optimized with the Yoast SEO plugin v24.8.1 - https:\/\/yoast.com\/wordpress\/plugins\/seo\/ -->\n<title>\u00bfUna put\u00edsima mierda?<\/title>\n<meta name=\"description\" content=\"Negro intenso. As\u00ed es mi particular valoraci\u00f3n de la temporada del equipo en el que ha jugado mi hija esta temporada que, por suerte, ya ha llegado a su\" \/>\n<meta name=\"robots\" content=\"index, follow, max-snippet:-1, max-image-preview:large, max-video-preview:-1\" \/>\n<link rel=\"canonical\" href=\"https:\/\/deportesycomunicacion.com\/?p=8237\" \/>\n<meta property=\"og:locale\" content=\"es_ES\" \/>\n<meta property=\"og:type\" content=\"article\" \/>\n<meta property=\"og:title\" content=\"\u00bfUna put\u00edsima mierda?\" \/>\n<meta property=\"og:description\" content=\"Negro intenso. As\u00ed es mi particular valoraci\u00f3n de la temporada del equipo en el que ha jugado mi hija esta temporada que, por suerte, ya ha llegado a su\" \/>\n<meta property=\"og:url\" content=\"https:\/\/deportesycomunicacion.com\/?p=8237\" \/>\n<meta property=\"og:site_name\" content=\"Deportes y Comunicaci\u00f3n\" \/>\n<meta property=\"article:publisher\" content=\"https:\/\/www.facebook.com\/ivan.ferrercayuela\" \/>\n<meta property=\"article:published_time\" content=\"2022-07-05T10:42:43+00:00\" \/>\n<meta property=\"article:modified_time\" content=\"2022-07-05T10:47:08+00:00\" \/>\n<meta property=\"og:image\" content=\"https:\/\/deportesycomunicacion.com\/wp-content\/uploads\/2022\/07\/catalogue-g124993fbf_1920.jpg\" \/>\n\t<meta property=\"og:image:width\" content=\"1920\" \/>\n\t<meta property=\"og:image:height\" content=\"1280\" \/>\n\t<meta property=\"og:image:type\" content=\"image\/jpeg\" \/>\n<meta name=\"author\" content=\"ivanferrer\" \/>\n<meta name=\"twitter:card\" content=\"summary_large_image\" \/>\n<meta name=\"twitter:creator\" content=\"@IFC1976\" \/>\n<meta name=\"twitter:site\" content=\"@IFC1976\" \/>\n<meta name=\"twitter:label1\" content=\"Escrito por\" \/>\n\t<meta name=\"twitter:data1\" content=\"ivanferrer\" \/>\n\t<meta name=\"twitter:label2\" content=\"Tiempo de lectura\" \/>\n\t<meta name=\"twitter:data2\" content=\"2 minutos\" \/>\n<script type=\"application\/ld+json\" class=\"yoast-schema-graph\">{\"@context\":\"https:\/\/schema.org\",\"@graph\":[{\"@type\":\"Article\",\"@id\":\"https:\/\/deportesycomunicacion.com\/?p=8237#article\",\"isPartOf\":{\"@id\":\"https:\/\/deportesycomunicacion.com\/?p=8237\"},\"author\":{\"name\":\"ivanferrer\",\"@id\":\"https:\/\/deportesycomunicacion.com\/#\/schema\/person\/5bd536572b924420557d2db2f98bdd16\"},\"headline\":\"\u00bfUna put\u00edsima mierda?\",\"datePublished\":\"2022-07-05T10:42:43+00:00\",\"dateModified\":\"2022-07-05T10:47:08+00:00\",\"mainEntityOfPage\":{\"@id\":\"https:\/\/deportesycomunicacion.com\/?p=8237\"},\"wordCount\":417,\"commentCount\":0,\"publisher\":{\"@id\":\"https:\/\/deportesycomunicacion.com\/#organization\"},\"image\":{\"@id\":\"https:\/\/deportesycomunicacion.com\/?p=8237#primaryimage\"},\"thumbnailUrl\":\"https:\/\/deportesycomunicacion.com\/wp-content\/uploads\/2022\/07\/catalogue-g124993fbf_1920.jpg\",\"keywords\":[\"BALANCE TEMPORADA\",\"BALONCESTO\",\"CB CORNELLA CADETE B\",\"DEPORTE BASE\",\"TEMPORADA 2021-22\"],\"articleSection\":[\"BALONCESTO\",\"EN LAS TRICHERAS\"],\"inLanguage\":\"es\",\"potentialAction\":[{\"@type\":\"CommentAction\",\"name\":\"Comment\",\"target\":[\"https:\/\/deportesycomunicacion.com\/?p=8237#respond\"]}]},{\"@type\":\"WebPage\",\"@id\":\"https:\/\/deportesycomunicacion.com\/?p=8237\",\"url\":\"https:\/\/deportesycomunicacion.com\/?p=8237\",\"name\":\"\u00bfUna put\u00edsima mierda?\",\"isPartOf\":{\"@id\":\"https:\/\/deportesycomunicacion.com\/#website\"},\"primaryImageOfPage\":{\"@id\":\"https:\/\/deportesycomunicacion.com\/?p=8237#primaryimage\"},\"image\":{\"@id\":\"https:\/\/deportesycomunicacion.com\/?p=8237#primaryimage\"},\"thumbnailUrl\":\"https:\/\/deportesycomunicacion.com\/wp-content\/uploads\/2022\/07\/catalogue-g124993fbf_1920.jpg\",\"datePublished\":\"2022-07-05T10:42:43+00:00\",\"dateModified\":\"2022-07-05T10:47:08+00:00\",\"description\":\"Negro intenso. As\u00ed es mi particular valoraci\u00f3n de la temporada del equipo en el que ha jugado mi hija esta temporada que, por suerte, ya ha llegado a su\",\"breadcrumb\":{\"@id\":\"https:\/\/deportesycomunicacion.com\/?p=8237#breadcrumb\"},\"inLanguage\":\"es\",\"potentialAction\":[{\"@type\":\"ReadAction\",\"target\":[\"https:\/\/deportesycomunicacion.com\/?p=8237\"]}]},{\"@type\":\"ImageObject\",\"inLanguage\":\"es\",\"@id\":\"https:\/\/deportesycomunicacion.com\/?p=8237#primaryimage\",\"url\":\"https:\/\/deportesycomunicacion.com\/wp-content\/uploads\/2022\/07\/catalogue-g124993fbf_1920.jpg\",\"contentUrl\":\"https:\/\/deportesycomunicacion.com\/wp-content\/uploads\/2022\/07\/catalogue-g124993fbf_1920.jpg\",\"width\":1920,\"height\":1280},{\"@type\":\"BreadcrumbList\",\"@id\":\"https:\/\/deportesycomunicacion.com\/?p=8237#breadcrumb\",\"itemListElement\":[{\"@type\":\"ListItem\",\"position\":1,\"name\":\"Portada\",\"item\":\"https:\/\/deportesycomunicacion.com\/\"},{\"@type\":\"ListItem\",\"position\":2,\"name\":\"\u00bfUna put\u00edsima mierda?\"}]},{\"@type\":\"WebSite\",\"@id\":\"https:\/\/deportesycomunicacion.com\/#website\",\"url\":\"https:\/\/deportesycomunicacion.com\/\",\"name\":\"Deportes y Comunicaci\u00f3n\",\"description\":\"Powered by Ivan Ferrer\",\"publisher\":{\"@id\":\"https:\/\/deportesycomunicacion.com\/#organization\"},\"potentialAction\":[{\"@type\":\"SearchAction\",\"target\":{\"@type\":\"EntryPoint\",\"urlTemplate\":\"https:\/\/deportesycomunicacion.com\/?s={search_term_string}\"},\"query-input\":{\"@type\":\"PropertyValueSpecification\",\"valueRequired\":true,\"valueName\":\"search_term_string\"}}],\"inLanguage\":\"es\"},{\"@type\":\"Organization\",\"@id\":\"https:\/\/deportesycomunicacion.com\/#organization\",\"name\":\"Deportes y Comunicaci\u00f3n\",\"url\":\"https:\/\/deportesycomunicacion.com\/\",\"logo\":{\"@type\":\"ImageObject\",\"inLanguage\":\"es\",\"@id\":\"https:\/\/deportesycomunicacion.com\/#\/schema\/logo\/image\/\",\"url\":\"https:\/\/deportesycomunicacion.com\/wp-content\/uploads\/2013\/05\/cropped-Logo-Deportes-Comunicacion.jpg\",\"contentUrl\":\"https:\/\/deportesycomunicacion.com\/wp-content\/uploads\/2013\/05\/cropped-Logo-Deportes-Comunicacion.jpg\",\"width\":300,\"height\":65,\"caption\":\"Deportes y Comunicaci\u00f3n\"},\"image\":{\"@id\":\"https:\/\/deportesycomunicacion.com\/#\/schema\/logo\/image\/\"},\"sameAs\":[\"https:\/\/www.facebook.com\/ivan.ferrercayuela\",\"https:\/\/x.com\/IFC1976\"]},{\"@type\":\"Person\",\"@id\":\"https:\/\/deportesycomunicacion.com\/#\/schema\/person\/5bd536572b924420557d2db2f98bdd16\",\"name\":\"ivanferrer\",\"url\":\"https:\/\/deportesycomunicacion.com\/?author=2\"}]}<\/script>\n<!-- \/ Yoast SEO plugin. -->","yoast_head_json":{"title":"\u00bfUna put\u00edsima mierda?","description":"Negro intenso. As\u00ed es mi particular valoraci\u00f3n de la temporada del equipo en el que ha jugado mi hija esta temporada que, por suerte, ya ha llegado a su","robots":{"index":"index","follow":"follow","max-snippet":"max-snippet:-1","max-image-preview":"max-image-preview:large","max-video-preview":"max-video-preview:-1"},"canonical":"https:\/\/deportesycomunicacion.com\/?p=8237","og_locale":"es_ES","og_type":"article","og_title":"\u00bfUna put\u00edsima mierda?","og_description":"Negro intenso. As\u00ed es mi particular valoraci\u00f3n de la temporada del equipo en el que ha jugado mi hija esta temporada que, por suerte, ya ha llegado a su","og_url":"https:\/\/deportesycomunicacion.com\/?p=8237","og_site_name":"Deportes y Comunicaci\u00f3n","article_publisher":"https:\/\/www.facebook.com\/ivan.ferrercayuela","article_published_time":"2022-07-05T10:42:43+00:00","article_modified_time":"2022-07-05T10:47:08+00:00","og_image":[{"width":1920,"height":1280,"url":"https:\/\/deportesycomunicacion.com\/wp-content\/uploads\/2022\/07\/catalogue-g124993fbf_1920.jpg","type":"image\/jpeg"}],"author":"ivanferrer","twitter_card":"summary_large_image","twitter_creator":"@IFC1976","twitter_site":"@IFC1976","twitter_misc":{"Escrito por":"ivanferrer","Tiempo de lectura":"2 minutos"},"schema":{"@context":"https:\/\/schema.org","@graph":[{"@type":"Article","@id":"https:\/\/deportesycomunicacion.com\/?p=8237#article","isPartOf":{"@id":"https:\/\/deportesycomunicacion.com\/?p=8237"},"author":{"name":"ivanferrer","@id":"https:\/\/deportesycomunicacion.com\/#\/schema\/person\/5bd536572b924420557d2db2f98bdd16"},"headline":"\u00bfUna put\u00edsima mierda?","datePublished":"2022-07-05T10:42:43+00:00","dateModified":"2022-07-05T10:47:08+00:00","mainEntityOfPage":{"@id":"https:\/\/deportesycomunicacion.com\/?p=8237"},"wordCount":417,"commentCount":0,"publisher":{"@id":"https:\/\/deportesycomunicacion.com\/#organization"},"image":{"@id":"https:\/\/deportesycomunicacion.com\/?p=8237#primaryimage"},"thumbnailUrl":"https:\/\/deportesycomunicacion.com\/wp-content\/uploads\/2022\/07\/catalogue-g124993fbf_1920.jpg","keywords":["BALANCE TEMPORADA","BALONCESTO","CB CORNELLA CADETE B","DEPORTE BASE","TEMPORADA 2021-22"],"articleSection":["BALONCESTO","EN LAS TRICHERAS"],"inLanguage":"es","potentialAction":[{"@type":"CommentAction","name":"Comment","target":["https:\/\/deportesycomunicacion.com\/?p=8237#respond"]}]},{"@type":"WebPage","@id":"https:\/\/deportesycomunicacion.com\/?p=8237","url":"https:\/\/deportesycomunicacion.com\/?p=8237","name":"\u00bfUna put\u00edsima mierda?","isPartOf":{"@id":"https:\/\/deportesycomunicacion.com\/#website"},"primaryImageOfPage":{"@id":"https:\/\/deportesycomunicacion.com\/?p=8237#primaryimage"},"image":{"@id":"https:\/\/deportesycomunicacion.com\/?p=8237#primaryimage"},"thumbnailUrl":"https:\/\/deportesycomunicacion.com\/wp-content\/uploads\/2022\/07\/catalogue-g124993fbf_1920.jpg","datePublished":"2022-07-05T10:42:43+00:00","dateModified":"2022-07-05T10:47:08+00:00","description":"Negro intenso. As\u00ed es mi particular valoraci\u00f3n de la temporada del equipo en el que ha jugado mi hija esta temporada que, por suerte, ya ha llegado a su","breadcrumb":{"@id":"https:\/\/deportesycomunicacion.com\/?p=8237#breadcrumb"},"inLanguage":"es","potentialAction":[{"@type":"ReadAction","target":["https:\/\/deportesycomunicacion.com\/?p=8237"]}]},{"@type":"ImageObject","inLanguage":"es","@id":"https:\/\/deportesycomunicacion.com\/?p=8237#primaryimage","url":"https:\/\/deportesycomunicacion.com\/wp-content\/uploads\/2022\/07\/catalogue-g124993fbf_1920.jpg","contentUrl":"https:\/\/deportesycomunicacion.com\/wp-content\/uploads\/2022\/07\/catalogue-g124993fbf_1920.jpg","width":1920,"height":1280},{"@type":"BreadcrumbList","@id":"https:\/\/deportesycomunicacion.com\/?p=8237#breadcrumb","itemListElement":[{"@type":"ListItem","position":1,"name":"Portada","item":"https:\/\/deportesycomunicacion.com\/"},{"@type":"ListItem","position":2,"name":"\u00bfUna put\u00edsima mierda?"}]},{"@type":"WebSite","@id":"https:\/\/deportesycomunicacion.com\/#website","url":"https:\/\/deportesycomunicacion.com\/","name":"Deportes y Comunicaci\u00f3n","description":"Powered by Ivan Ferrer","publisher":{"@id":"https:\/\/deportesycomunicacion.com\/#organization"},"potentialAction":[{"@type":"SearchAction","target":{"@type":"EntryPoint","urlTemplate":"https:\/\/deportesycomunicacion.com\/?s={search_term_string}"},"query-input":{"@type":"PropertyValueSpecification","valueRequired":true,"valueName":"search_term_string"}}],"inLanguage":"es"},{"@type":"Organization","@id":"https:\/\/deportesycomunicacion.com\/#organization","name":"Deportes y Comunicaci\u00f3n","url":"https:\/\/deportesycomunicacion.com\/","logo":{"@type":"ImageObject","inLanguage":"es","@id":"https:\/\/deportesycomunicacion.com\/#\/schema\/logo\/image\/","url":"https:\/\/deportesycomunicacion.com\/wp-content\/uploads\/2013\/05\/cropped-Logo-Deportes-Comunicacion.jpg","contentUrl":"https:\/\/deportesycomunicacion.com\/wp-content\/uploads\/2013\/05\/cropped-Logo-Deportes-Comunicacion.jpg","width":300,"height":65,"caption":"Deportes y Comunicaci\u00f3n"},"image":{"@id":"https:\/\/deportesycomunicacion.com\/#\/schema\/logo\/image\/"},"sameAs":["https:\/\/www.facebook.com\/ivan.ferrercayuela","https:\/\/x.com\/IFC1976"]},{"@type":"Person","@id":"https:\/\/deportesycomunicacion.com\/#\/schema\/person\/5bd536572b924420557d2db2f98bdd16","name":"ivanferrer","url":"https:\/\/deportesycomunicacion.com\/?author=2"}]}},"_links":{"self":[{"href":"https:\/\/deportesycomunicacion.com\/index.php?rest_route=\/wp\/v2\/posts\/8237","targetHints":{"allow":["GET"]}}],"collection":[{"href":"https:\/\/deportesycomunicacion.com\/index.php?rest_route=\/wp\/v2\/posts"}],"about":[{"href":"https:\/\/deportesycomunicacion.com\/index.php?rest_route=\/wp\/v2\/types\/post"}],"author":[{"embeddable":true,"href":"https:\/\/deportesycomunicacion.com\/index.php?rest_route=\/wp\/v2\/users\/2"}],"replies":[{"embeddable":true,"href":"https:\/\/deportesycomunicacion.com\/index.php?rest_route=%2Fwp%2Fv2%2Fcomments&post=8237"}],"version-history":[{"count":6,"href":"https:\/\/deportesycomunicacion.com\/index.php?rest_route=\/wp\/v2\/posts\/8237\/revisions"}],"predecessor-version":[{"id":8245,"href":"https:\/\/deportesycomunicacion.com\/index.php?rest_route=\/wp\/v2\/posts\/8237\/revisions\/8245"}],"wp:featuredmedia":[{"embeddable":true,"href":"https:\/\/deportesycomunicacion.com\/index.php?rest_route=\/wp\/v2\/media\/8241"}],"wp:attachment":[{"href":"https:\/\/deportesycomunicacion.com\/index.php?rest_route=%2Fwp%2Fv2%2Fmedia&parent=8237"}],"wp:term":[{"taxonomy":"category","embeddable":true,"href":"https:\/\/deportesycomunicacion.com\/index.php?rest_route=%2Fwp%2Fv2%2Fcategories&post=8237"},{"taxonomy":"post_tag","embeddable":true,"href":"https:\/\/deportesycomunicacion.com\/index.php?rest_route=%2Fwp%2Fv2%2Ftags&post=8237"}],"curies":[{"name":"wp","href":"https:\/\/api.w.org\/{rel}","templated":true}]}}