{"id":8450,"date":"2023-03-29T12:40:45","date_gmt":"2023-03-29T10:40:45","guid":{"rendered":"http:\/\/deportesycomunicacion.com\/?p=8450"},"modified":"2023-03-29T15:34:56","modified_gmt":"2023-03-29T13:34:56","slug":"puedes-balance-llegar-la-cumbre","status":"publish","type":"post","link":"https:\/\/deportesycomunicacion.com\/?p=8450","title":{"rendered":"\u00bfPuedes hacer balance antes de llegar a la cumbre?"},"content":{"rendered":"<p style=\"text-align: justify;\">El domingo cambiaremos la <a href=\"https:\/\/es.wikipedia.org\/wiki\/Domingo_de_Ramos\" target=\"_blank\"><strong>entrada triunfal de Jes\u00fas en Jerusal\u00e9n<\/strong><\/a> por la emoci\u00f3n y los nervios a la llegada del pabell\u00f3n en Sabadell. Y los ni\u00f1os dejar\u00e1n de lado la tradicional ceremonia de la bendici\u00f3n y distribuci\u00f3n de ramas de palma para entregarse, en cuerpo y alma, a su amado deporte del <strong>pat\u00edn en l\u00ednea<\/strong>. Llega el momento cumbre de la temporada, en el que se miden los 4 mejores equipos de la liga regular. Ahora ya ser\u00e1 cuesti\u00f3n de que los <a href=\"https:\/\/deportesycomunicacion.com\/?p=6492\" target=\"_blank\"><strong>malditos\/benditos detalles decanten la balanza en cuatro partidos que se antojan equilibrad\u00edsimos<\/strong><\/a>.<\/p>\n<p style=\"text-align: justify;\">Dejando de lado el gran acontecimiento del que disfrutaremos este fin de semana, catalogar\u00eda la temporada como excelente. Creo que los jugadores han aprendido una barbaridad (ayer me fij\u00e9 en el partidillo que hacen al final del entreno y han pasado, como equipo, de manejar un SEAT 600 a conducir un flamante <strong><a href=\"https:\/\/es.wikipedia.org\/wiki\/M%C3%A1quina_del_tiempo_DeLorean\" target=\"_blank\">DeLorean<\/a>\u00a0<\/strong>buscando el futuro), tenemos portero (como Ter Stegen pero con patines), el ambiente es fenomenal y, por primera vez en tres temporadas, hemos abandonado y enterrado desagradables temas extradeportivos.<\/p>\n<p style=\"text-align: justify;\">Y en el plano personal, por fin Oriol se ha enganchado y enamorado del <strong>hockey en l\u00ednea<\/strong>. Se enfada si llueve y no puede entrenar o si se pierde alguna pr\u00e1ctica con los alevines. Incluso en verano se ha apuntado a un campus en Jaca de una semana. Se encinta la pala con el tape multicolor como si no hubiera un ma\u00f1ana y afirma que con sus nuevos patines \u00abcorro mucho m\u00e1s\u00bb. La semana pasada disfrut\u00f3 mucho, en una grada a reventar, viendo la final <a href=\"http:\/\/www.fcpatinatge.cat\/ca\/noticies\/hoquei-linia\/270323\/tsunamis-jokers-i-tucans-campions-de-catalunya-2023-de-categories\" target=\"_blank\"><strong>de la categor\u00eda alev\u00edn, en la que el Jujol se proclam\u00f3 campe\u00f3n en una contienda de las que enganchan al deporte<\/strong><\/a>.<\/p>\n<p style=\"text-align: justify;\">La tecnolog\u00eda est\u00e1 muy bien, pero donde se ponga la electricidad, el esfuerzo, la entrega, la emoci\u00f3n y el subid\u00f3n que te ofrecen los deportes en equipo, que se quiten las maquinitas&#8230;<\/p>\n<p style=\"text-align: justify;\"><strong>\u00bfEsperas al resultado final para hacer balance? \u00bfO con las sensaciones ya es suficiente?<\/strong><\/p>\n<p>Imagen de <a href=\"https:\/\/pixabay.com\/es\/users\/narya-194384\/?utm_source=link-attribution&amp;utm_medium=referral&amp;utm_campaign=image&amp;utm_content=1516733\">Claudia Beyli<\/a> en <a href=\"https:\/\/pixabay.com\/es\/\/?utm_source=link-attribution&amp;utm_medium=referral&amp;utm_campaign=image&amp;utm_content=1516733\">Pixabay<\/a><\/p>\n","protected":false},"excerpt":{"rendered":"<p>El domingo cambiaremos la entrada triunfal de Jes\u00fas en Jerusal\u00e9n por la emoci\u00f3n y los nervios &hellip; <a title=\"\u00bfPuedes hacer balance antes de llegar a la cumbre?\" class=\"hm-read-more\" href=\"https:\/\/deportesycomunicacion.com\/?p=8450\"><span class=\"screen-reader-text\">\u00bfPuedes hacer balance antes de llegar a la cumbre?<\/span>Leer m\u00e1s<\/a><\/p>\n","protected":false},"author":2,"featured_media":8456,"comment_status":"open","ping_status":"open","sticky":false,"template":"","format":"standard","meta":{"footnotes":""},"categories":[67,1555],"tags":[2500,2386,2499,1556],"class_list":["post-8450","post","type-post","status-publish","format-standard","has-post-thumbnail","hentry","category-en-las-tricheras","category-hockey-en-linea","tag-campeonato-cataluna","tag-chl-jujol","tag-final-a-cuatro","tag-hockey-en-linea"],"yoast_head":"<!-- This site is optimized with the Yoast SEO plugin v24.8.1 - https:\/\/yoast.com\/wordpress\/plugins\/seo\/ -->\n<title>\u00bfPuedes hacer balance antes de llegar a la cumbre?<\/title>\n<meta name=\"description\" content=\"El domingo cambiaremos la entrada triunfal de Jes\u00fas en Jerusal\u00e9n por la emoci\u00f3n y los nervios a la llegada del pabell\u00f3n en Sabadell. Y los ni\u00f1os dejar\u00e1n\" \/>\n<meta name=\"robots\" content=\"index, follow, max-snippet:-1, max-image-preview:large, max-video-preview:-1\" \/>\n<link rel=\"canonical\" href=\"https:\/\/deportesycomunicacion.com\/?p=8450\" \/>\n<meta property=\"og:locale\" content=\"es_ES\" \/>\n<meta property=\"og:type\" content=\"article\" \/>\n<meta property=\"og:title\" content=\"\u00bfPuedes hacer balance antes de llegar a la cumbre?\" \/>\n<meta property=\"og:description\" content=\"El domingo cambiaremos la entrada triunfal de Jes\u00fas en Jerusal\u00e9n por la emoci\u00f3n y los nervios a la llegada del pabell\u00f3n en Sabadell. Y los ni\u00f1os dejar\u00e1n\" \/>\n<meta property=\"og:url\" content=\"https:\/\/deportesycomunicacion.com\/?p=8450\" \/>\n<meta property=\"og:site_name\" content=\"Deportes y Comunicaci\u00f3n\" \/>\n<meta property=\"article:publisher\" content=\"https:\/\/www.facebook.com\/ivan.ferrercayuela\" \/>\n<meta property=\"article:published_time\" content=\"2023-03-29T10:40:45+00:00\" \/>\n<meta property=\"article:modified_time\" content=\"2023-03-29T13:34:56+00:00\" \/>\n<meta property=\"og:image\" content=\"https:\/\/deportesycomunicacion.com\/wp-content\/uploads\/2023\/03\/mountains-g4ec23dcc3_1280.jpg\" \/>\n\t<meta property=\"og:image:width\" content=\"1280\" \/>\n\t<meta property=\"og:image:height\" content=\"851\" \/>\n\t<meta property=\"og:image:type\" content=\"image\/jpeg\" \/>\n<meta name=\"author\" content=\"ivanferrer\" \/>\n<meta name=\"twitter:card\" content=\"summary_large_image\" \/>\n<meta name=\"twitter:creator\" content=\"@IFC1976\" \/>\n<meta name=\"twitter:site\" content=\"@IFC1976\" \/>\n<meta name=\"twitter:label1\" content=\"Escrito por\" \/>\n\t<meta name=\"twitter:data1\" content=\"ivanferrer\" \/>\n\t<meta name=\"twitter:label2\" content=\"Tiempo de lectura\" \/>\n\t<meta name=\"twitter:data2\" content=\"2 minutos\" \/>\n<script type=\"application\/ld+json\" class=\"yoast-schema-graph\">{\"@context\":\"https:\/\/schema.org\",\"@graph\":[{\"@type\":\"Article\",\"@id\":\"https:\/\/deportesycomunicacion.com\/?p=8450#article\",\"isPartOf\":{\"@id\":\"https:\/\/deportesycomunicacion.com\/?p=8450\"},\"author\":{\"name\":\"ivanferrer\",\"@id\":\"https:\/\/deportesycomunicacion.com\/#\/schema\/person\/5bd536572b924420557d2db2f98bdd16\"},\"headline\":\"\u00bfPuedes hacer balance antes de llegar a la cumbre?\",\"datePublished\":\"2023-03-29T10:40:45+00:00\",\"dateModified\":\"2023-03-29T13:34:56+00:00\",\"mainEntityOfPage\":{\"@id\":\"https:\/\/deportesycomunicacion.com\/?p=8450\"},\"wordCount\":365,\"commentCount\":0,\"publisher\":{\"@id\":\"https:\/\/deportesycomunicacion.com\/#organization\"},\"image\":{\"@id\":\"https:\/\/deportesycomunicacion.com\/?p=8450#primaryimage\"},\"thumbnailUrl\":\"https:\/\/deportesycomunicacion.com\/wp-content\/uploads\/2023\/03\/mountains-g4ec23dcc3_1280.jpg\",\"keywords\":[\"CAMPEONATO CATALU\u00d1A\",\"CHL JUJOL\",\"FINAL A CUATRO\",\"HOCKEY EN LINEA\"],\"articleSection\":[\"EN LAS TRICHERAS\",\"HOCKEY EN LINEA\"],\"inLanguage\":\"es\",\"potentialAction\":[{\"@type\":\"CommentAction\",\"name\":\"Comment\",\"target\":[\"https:\/\/deportesycomunicacion.com\/?p=8450#respond\"]}]},{\"@type\":\"WebPage\",\"@id\":\"https:\/\/deportesycomunicacion.com\/?p=8450\",\"url\":\"https:\/\/deportesycomunicacion.com\/?p=8450\",\"name\":\"\u00bfPuedes hacer balance antes de llegar a la cumbre?\",\"isPartOf\":{\"@id\":\"https:\/\/deportesycomunicacion.com\/#website\"},\"primaryImageOfPage\":{\"@id\":\"https:\/\/deportesycomunicacion.com\/?p=8450#primaryimage\"},\"image\":{\"@id\":\"https:\/\/deportesycomunicacion.com\/?p=8450#primaryimage\"},\"thumbnailUrl\":\"https:\/\/deportesycomunicacion.com\/wp-content\/uploads\/2023\/03\/mountains-g4ec23dcc3_1280.jpg\",\"datePublished\":\"2023-03-29T10:40:45+00:00\",\"dateModified\":\"2023-03-29T13:34:56+00:00\",\"description\":\"El domingo cambiaremos la entrada triunfal de Jes\u00fas en Jerusal\u00e9n por la emoci\u00f3n y los nervios a la llegada del pabell\u00f3n en Sabadell. Y los ni\u00f1os dejar\u00e1n\",\"breadcrumb\":{\"@id\":\"https:\/\/deportesycomunicacion.com\/?p=8450#breadcrumb\"},\"inLanguage\":\"es\",\"potentialAction\":[{\"@type\":\"ReadAction\",\"target\":[\"https:\/\/deportesycomunicacion.com\/?p=8450\"]}]},{\"@type\":\"ImageObject\",\"inLanguage\":\"es\",\"@id\":\"https:\/\/deportesycomunicacion.com\/?p=8450#primaryimage\",\"url\":\"https:\/\/deportesycomunicacion.com\/wp-content\/uploads\/2023\/03\/mountains-g4ec23dcc3_1280.jpg\",\"contentUrl\":\"https:\/\/deportesycomunicacion.com\/wp-content\/uploads\/2023\/03\/mountains-g4ec23dcc3_1280.jpg\",\"width\":1280,\"height\":851},{\"@type\":\"BreadcrumbList\",\"@id\":\"https:\/\/deportesycomunicacion.com\/?p=8450#breadcrumb\",\"itemListElement\":[{\"@type\":\"ListItem\",\"position\":1,\"name\":\"Portada\",\"item\":\"https:\/\/deportesycomunicacion.com\/\"},{\"@type\":\"ListItem\",\"position\":2,\"name\":\"\u00bfPuedes hacer balance antes de llegar a la cumbre?\"}]},{\"@type\":\"WebSite\",\"@id\":\"https:\/\/deportesycomunicacion.com\/#website\",\"url\":\"https:\/\/deportesycomunicacion.com\/\",\"name\":\"Deportes y Comunicaci\u00f3n\",\"description\":\"Powered by Ivan Ferrer\",\"publisher\":{\"@id\":\"https:\/\/deportesycomunicacion.com\/#organization\"},\"potentialAction\":[{\"@type\":\"SearchAction\",\"target\":{\"@type\":\"EntryPoint\",\"urlTemplate\":\"https:\/\/deportesycomunicacion.com\/?s={search_term_string}\"},\"query-input\":{\"@type\":\"PropertyValueSpecification\",\"valueRequired\":true,\"valueName\":\"search_term_string\"}}],\"inLanguage\":\"es\"},{\"@type\":\"Organization\",\"@id\":\"https:\/\/deportesycomunicacion.com\/#organization\",\"name\":\"Deportes y Comunicaci\u00f3n\",\"url\":\"https:\/\/deportesycomunicacion.com\/\",\"logo\":{\"@type\":\"ImageObject\",\"inLanguage\":\"es\",\"@id\":\"https:\/\/deportesycomunicacion.com\/#\/schema\/logo\/image\/\",\"url\":\"https:\/\/deportesycomunicacion.com\/wp-content\/uploads\/2013\/05\/cropped-Logo-Deportes-Comunicacion.jpg\",\"contentUrl\":\"https:\/\/deportesycomunicacion.com\/wp-content\/uploads\/2013\/05\/cropped-Logo-Deportes-Comunicacion.jpg\",\"width\":300,\"height\":65,\"caption\":\"Deportes y Comunicaci\u00f3n\"},\"image\":{\"@id\":\"https:\/\/deportesycomunicacion.com\/#\/schema\/logo\/image\/\"},\"sameAs\":[\"https:\/\/www.facebook.com\/ivan.ferrercayuela\",\"https:\/\/x.com\/IFC1976\"]},{\"@type\":\"Person\",\"@id\":\"https:\/\/deportesycomunicacion.com\/#\/schema\/person\/5bd536572b924420557d2db2f98bdd16\",\"name\":\"ivanferrer\",\"url\":\"https:\/\/deportesycomunicacion.com\/?author=2\"}]}<\/script>\n<!-- \/ Yoast SEO plugin. -->","yoast_head_json":{"title":"\u00bfPuedes hacer balance antes de llegar a la cumbre?","description":"El domingo cambiaremos la entrada triunfal de Jes\u00fas en Jerusal\u00e9n por la emoci\u00f3n y los nervios a la llegada del pabell\u00f3n en Sabadell. Y los ni\u00f1os dejar\u00e1n","robots":{"index":"index","follow":"follow","max-snippet":"max-snippet:-1","max-image-preview":"max-image-preview:large","max-video-preview":"max-video-preview:-1"},"canonical":"https:\/\/deportesycomunicacion.com\/?p=8450","og_locale":"es_ES","og_type":"article","og_title":"\u00bfPuedes hacer balance antes de llegar a la cumbre?","og_description":"El domingo cambiaremos la entrada triunfal de Jes\u00fas en Jerusal\u00e9n por la emoci\u00f3n y los nervios a la llegada del pabell\u00f3n en Sabadell. Y los ni\u00f1os dejar\u00e1n","og_url":"https:\/\/deportesycomunicacion.com\/?p=8450","og_site_name":"Deportes y Comunicaci\u00f3n","article_publisher":"https:\/\/www.facebook.com\/ivan.ferrercayuela","article_published_time":"2023-03-29T10:40:45+00:00","article_modified_time":"2023-03-29T13:34:56+00:00","og_image":[{"width":1280,"height":851,"url":"https:\/\/deportesycomunicacion.com\/wp-content\/uploads\/2023\/03\/mountains-g4ec23dcc3_1280.jpg","type":"image\/jpeg"}],"author":"ivanferrer","twitter_card":"summary_large_image","twitter_creator":"@IFC1976","twitter_site":"@IFC1976","twitter_misc":{"Escrito por":"ivanferrer","Tiempo de lectura":"2 minutos"},"schema":{"@context":"https:\/\/schema.org","@graph":[{"@type":"Article","@id":"https:\/\/deportesycomunicacion.com\/?p=8450#article","isPartOf":{"@id":"https:\/\/deportesycomunicacion.com\/?p=8450"},"author":{"name":"ivanferrer","@id":"https:\/\/deportesycomunicacion.com\/#\/schema\/person\/5bd536572b924420557d2db2f98bdd16"},"headline":"\u00bfPuedes hacer balance antes de llegar a la cumbre?","datePublished":"2023-03-29T10:40:45+00:00","dateModified":"2023-03-29T13:34:56+00:00","mainEntityOfPage":{"@id":"https:\/\/deportesycomunicacion.com\/?p=8450"},"wordCount":365,"commentCount":0,"publisher":{"@id":"https:\/\/deportesycomunicacion.com\/#organization"},"image":{"@id":"https:\/\/deportesycomunicacion.com\/?p=8450#primaryimage"},"thumbnailUrl":"https:\/\/deportesycomunicacion.com\/wp-content\/uploads\/2023\/03\/mountains-g4ec23dcc3_1280.jpg","keywords":["CAMPEONATO CATALU\u00d1A","CHL JUJOL","FINAL A CUATRO","HOCKEY EN LINEA"],"articleSection":["EN LAS TRICHERAS","HOCKEY EN LINEA"],"inLanguage":"es","potentialAction":[{"@type":"CommentAction","name":"Comment","target":["https:\/\/deportesycomunicacion.com\/?p=8450#respond"]}]},{"@type":"WebPage","@id":"https:\/\/deportesycomunicacion.com\/?p=8450","url":"https:\/\/deportesycomunicacion.com\/?p=8450","name":"\u00bfPuedes hacer balance antes de llegar a la cumbre?","isPartOf":{"@id":"https:\/\/deportesycomunicacion.com\/#website"},"primaryImageOfPage":{"@id":"https:\/\/deportesycomunicacion.com\/?p=8450#primaryimage"},"image":{"@id":"https:\/\/deportesycomunicacion.com\/?p=8450#primaryimage"},"thumbnailUrl":"https:\/\/deportesycomunicacion.com\/wp-content\/uploads\/2023\/03\/mountains-g4ec23dcc3_1280.jpg","datePublished":"2023-03-29T10:40:45+00:00","dateModified":"2023-03-29T13:34:56+00:00","description":"El domingo cambiaremos la entrada triunfal de Jes\u00fas en Jerusal\u00e9n por la emoci\u00f3n y los nervios a la llegada del pabell\u00f3n en Sabadell. Y los ni\u00f1os dejar\u00e1n","breadcrumb":{"@id":"https:\/\/deportesycomunicacion.com\/?p=8450#breadcrumb"},"inLanguage":"es","potentialAction":[{"@type":"ReadAction","target":["https:\/\/deportesycomunicacion.com\/?p=8450"]}]},{"@type":"ImageObject","inLanguage":"es","@id":"https:\/\/deportesycomunicacion.com\/?p=8450#primaryimage","url":"https:\/\/deportesycomunicacion.com\/wp-content\/uploads\/2023\/03\/mountains-g4ec23dcc3_1280.jpg","contentUrl":"https:\/\/deportesycomunicacion.com\/wp-content\/uploads\/2023\/03\/mountains-g4ec23dcc3_1280.jpg","width":1280,"height":851},{"@type":"BreadcrumbList","@id":"https:\/\/deportesycomunicacion.com\/?p=8450#breadcrumb","itemListElement":[{"@type":"ListItem","position":1,"name":"Portada","item":"https:\/\/deportesycomunicacion.com\/"},{"@type":"ListItem","position":2,"name":"\u00bfPuedes hacer balance antes de llegar a la cumbre?"}]},{"@type":"WebSite","@id":"https:\/\/deportesycomunicacion.com\/#website","url":"https:\/\/deportesycomunicacion.com\/","name":"Deportes y Comunicaci\u00f3n","description":"Powered by Ivan Ferrer","publisher":{"@id":"https:\/\/deportesycomunicacion.com\/#organization"},"potentialAction":[{"@type":"SearchAction","target":{"@type":"EntryPoint","urlTemplate":"https:\/\/deportesycomunicacion.com\/?s={search_term_string}"},"query-input":{"@type":"PropertyValueSpecification","valueRequired":true,"valueName":"search_term_string"}}],"inLanguage":"es"},{"@type":"Organization","@id":"https:\/\/deportesycomunicacion.com\/#organization","name":"Deportes y Comunicaci\u00f3n","url":"https:\/\/deportesycomunicacion.com\/","logo":{"@type":"ImageObject","inLanguage":"es","@id":"https:\/\/deportesycomunicacion.com\/#\/schema\/logo\/image\/","url":"https:\/\/deportesycomunicacion.com\/wp-content\/uploads\/2013\/05\/cropped-Logo-Deportes-Comunicacion.jpg","contentUrl":"https:\/\/deportesycomunicacion.com\/wp-content\/uploads\/2013\/05\/cropped-Logo-Deportes-Comunicacion.jpg","width":300,"height":65,"caption":"Deportes y Comunicaci\u00f3n"},"image":{"@id":"https:\/\/deportesycomunicacion.com\/#\/schema\/logo\/image\/"},"sameAs":["https:\/\/www.facebook.com\/ivan.ferrercayuela","https:\/\/x.com\/IFC1976"]},{"@type":"Person","@id":"https:\/\/deportesycomunicacion.com\/#\/schema\/person\/5bd536572b924420557d2db2f98bdd16","name":"ivanferrer","url":"https:\/\/deportesycomunicacion.com\/?author=2"}]}},"_links":{"self":[{"href":"https:\/\/deportesycomunicacion.com\/index.php?rest_route=\/wp\/v2\/posts\/8450","targetHints":{"allow":["GET"]}}],"collection":[{"href":"https:\/\/deportesycomunicacion.com\/index.php?rest_route=\/wp\/v2\/posts"}],"about":[{"href":"https:\/\/deportesycomunicacion.com\/index.php?rest_route=\/wp\/v2\/types\/post"}],"author":[{"embeddable":true,"href":"https:\/\/deportesycomunicacion.com\/index.php?rest_route=\/wp\/v2\/users\/2"}],"replies":[{"embeddable":true,"href":"https:\/\/deportesycomunicacion.com\/index.php?rest_route=%2Fwp%2Fv2%2Fcomments&post=8450"}],"version-history":[{"count":8,"href":"https:\/\/deportesycomunicacion.com\/index.php?rest_route=\/wp\/v2\/posts\/8450\/revisions"}],"predecessor-version":[{"id":8460,"href":"https:\/\/deportesycomunicacion.com\/index.php?rest_route=\/wp\/v2\/posts\/8450\/revisions\/8460"}],"wp:featuredmedia":[{"embeddable":true,"href":"https:\/\/deportesycomunicacion.com\/index.php?rest_route=\/wp\/v2\/media\/8456"}],"wp:attachment":[{"href":"https:\/\/deportesycomunicacion.com\/index.php?rest_route=%2Fwp%2Fv2%2Fmedia&parent=8450"}],"wp:term":[{"taxonomy":"category","embeddable":true,"href":"https:\/\/deportesycomunicacion.com\/index.php?rest_route=%2Fwp%2Fv2%2Fcategories&post=8450"},{"taxonomy":"post_tag","embeddable":true,"href":"https:\/\/deportesycomunicacion.com\/index.php?rest_route=%2Fwp%2Fv2%2Ftags&post=8450"}],"curies":[{"name":"wp","href":"https:\/\/api.w.org\/{rel}","templated":true}]}}