{"id":8663,"date":"2023-07-31T16:30:07","date_gmt":"2023-07-31T14:30:07","guid":{"rendered":"https:\/\/deportesycomunicacion.com\/?p=8663"},"modified":"2023-07-31T16:36:04","modified_gmt":"2023-07-31T14:36:04","slug":"preparado-para-el-verano","status":"publish","type":"post","link":"https:\/\/deportesycomunicacion.com\/?p=8663","title":{"rendered":"\u00bfPreparado para el verano?"},"content":{"rendered":"\n<p>El verano es, por antonomasia, un per\u00edodo de desorden o de una clasificaci\u00f3n de diversos aspectos de la vida de una forma diferente al resto de a\u00f1o. Para acabar temporada destacar\u00e9 tres noticias que me han cautivado por diferentes razones:<\/p>\n\n\n\n<p>\u00c9pico. El concurso de <strong><a href=\"https:\/\/es.wikipedia.org\/wiki\/Sabrina_Ionescu\" target=\"_blank\" rel=\"noreferrer noopener\">S<\/a><\/strong><a href=\"https:\/\/es.wikipedia.org\/wiki\/Sabrina_Ionescu\" target=\"_blank\" rel=\"noreferrer noopener\"><strong>abrina Ionescu<\/strong><\/a>, jugadora de las New York Liberty, que pulveriz\u00f3 el <strong><a href=\"https:\/\/www.youtube.com\/watch?v=DquTVwX4njo\" target=\"_blank\" rel=\"noreferrer noopener\">r\u00e9cord de triples de todos los tiempos en la NBA y WNBA<\/a><\/strong> (solo fall\u00f3 dos tiros de 27 intentos en la serie que dur\u00f3 64 segundos).<\/p>\n\n\n\n<p>Confundido. Cuando juegas en la \u00e9lite, las excusas son de mal perdedor y demuestran que vives sobrepasado. Igual Xavi se pensaba que iba a jugar un solteros contra casados, previo a una barbacoa veraniega con sobremesa interminable. Por muy amistoso que sea, te encuentras en un entorno profesional en el que los jugadores se est\u00e1n ganando el sueldo y un puesto en el equipo titular de sus respectivos equipos. En la \u00e9lite, <a href=\"https:\/\/www.antena3.com\/noticias\/deportes\/futbol\/xavi-queja-intensidad-arsenal-normal_2023072764c25e44bcaee00001aa2918.html#:~:text=El%20entrenador%20del%20Barcelona%20se,que%20de%20un%20duelo%20amistoso.&amp;text=%22Nuestra%20intensidad%20no%20me%20h\" target=\"_blank\" rel=\"noreferrer noopener\"><strong>los partidos van m\u00e1s all\u00e1 de una simple pach<\/strong>anga<\/a>\u2026<\/p>\n\n\n\n<p>Espectacular. La <strong><a href=\"https:\/\/twitter.com\/FIBA\/status\/1683133722474708992\" target=\"_blank\" rel=\"noreferrer noopener\">pista que se ha utilizado para el mundial femenino sub 19<\/a><\/strong> es llevar el deporte a otro nivel. Sobran las palabras\u2026<\/p>\n\n\n\n<p>Disfrutad y descansad mucho. Practicad mucho o poco deporte, pero exprimid cada segundo de vacaciones, llenando vuestro tiempo o simplemente sin hacer nada. \u00a1\u00a1\u00a1Nos vemos en septiembre!!!<\/p>\n\n\n\n<p>Imagen de&nbsp;<a href=\"https:\/\/pixabay.com\/es\/users\/stokpic-692575\/?utm_source=link-attribution&amp;utm_medium=referral&amp;utm_campaign=image&amp;utm_content=601580\">stokpic<\/a>&nbsp;en&nbsp;<a href=\"https:\/\/pixabay.com\/es\/?utm_source=link-attribution&amp;utm_medium=referral&amp;utm_campaign=image&amp;utm_content=601580\">Pixabay<\/a><\/p>\n","protected":false},"excerpt":{"rendered":"<p>El verano es, por antonomasia, un per\u00edodo de desorden o de una clasificaci\u00f3n de diversos aspectos &hellip; <a title=\"\u00bfPreparado para el verano?\" class=\"hm-read-more\" href=\"https:\/\/deportesycomunicacion.com\/?p=8663\"><span class=\"screen-reader-text\">\u00bfPreparado para el verano?<\/span>Leer m\u00e1s<\/a><\/p>\n","protected":false},"author":2,"featured_media":8664,"comment_status":"open","ping_status":"open","sticky":false,"template":"","format":"standard","meta":{"footnotes":""},"categories":[1],"tags":[1584],"class_list":["post-8663","post","type-post","status-publish","format-standard","has-post-thumbnail","hentry","category-deportes-comunicacion","tag-deportes-comunicacion"],"yoast_head":"<!-- This site is optimized with the Yoast SEO plugin v24.8.1 - https:\/\/yoast.com\/wordpress\/plugins\/seo\/ -->\n<title>\u00bfPreparado para el verano?<\/title>\n<meta name=\"description\" content=\"El verano es, por antonomasia, un per\u00edodo de desorden o de una clasificaci\u00f3n de diversos aspectos de la vida de una forma diferente al resto de a\u00f1o. Para\" \/>\n<meta name=\"robots\" content=\"index, follow, max-snippet:-1, max-image-preview:large, max-video-preview:-1\" \/>\n<link rel=\"canonical\" href=\"https:\/\/deportesycomunicacion.com\/?p=8663\" \/>\n<meta property=\"og:locale\" content=\"es_ES\" \/>\n<meta property=\"og:type\" content=\"article\" \/>\n<meta property=\"og:title\" content=\"\u00bfPreparado para el verano?\" \/>\n<meta property=\"og:description\" content=\"El verano es, por antonomasia, un per\u00edodo de desorden o de una clasificaci\u00f3n de diversos aspectos de la vida de una forma diferente al resto de a\u00f1o. Para\" \/>\n<meta property=\"og:url\" content=\"https:\/\/deportesycomunicacion.com\/?p=8663\" \/>\n<meta property=\"og:site_name\" content=\"Deportes y Comunicaci\u00f3n\" \/>\n<meta property=\"article:publisher\" content=\"https:\/\/www.facebook.com\/ivan.ferrercayuela\" \/>\n<meta property=\"article:published_time\" content=\"2023-07-31T14:30:07+00:00\" \/>\n<meta property=\"article:modified_time\" content=\"2023-07-31T14:36:04+00:00\" \/>\n<meta property=\"og:image\" content=\"http:\/\/deportesycomunicacion.com\/wp-content\/uploads\/2023\/07\/market-g9a28092dd_1280.jpeg\" \/>\n\t<meta property=\"og:image:width\" content=\"640\" \/>\n\t<meta property=\"og:image:height\" content=\"427\" \/>\n\t<meta property=\"og:image:type\" content=\"image\/jpeg\" \/>\n<meta name=\"author\" content=\"ivanferrer\" \/>\n<meta name=\"twitter:card\" content=\"summary_large_image\" \/>\n<meta name=\"twitter:creator\" content=\"@IFC1976\" \/>\n<meta name=\"twitter:site\" content=\"@IFC1976\" \/>\n<meta name=\"twitter:label1\" content=\"Escrito por\" \/>\n\t<meta name=\"twitter:data1\" content=\"ivanferrer\" \/>\n\t<meta name=\"twitter:label2\" content=\"Tiempo de lectura\" \/>\n\t<meta name=\"twitter:data2\" content=\"2 minutos\" \/>\n<script type=\"application\/ld+json\" class=\"yoast-schema-graph\">{\"@context\":\"https:\/\/schema.org\",\"@graph\":[{\"@type\":\"Article\",\"@id\":\"https:\/\/deportesycomunicacion.com\/?p=8663#article\",\"isPartOf\":{\"@id\":\"https:\/\/deportesycomunicacion.com\/?p=8663\"},\"author\":{\"name\":\"ivanferrer\",\"@id\":\"https:\/\/deportesycomunicacion.com\/#\/schema\/person\/5bd536572b924420557d2db2f98bdd16\"},\"headline\":\"\u00bfPreparado para el verano?\",\"datePublished\":\"2023-07-31T14:30:07+00:00\",\"dateModified\":\"2023-07-31T14:36:04+00:00\",\"mainEntityOfPage\":{\"@id\":\"https:\/\/deportesycomunicacion.com\/?p=8663\"},\"wordCount\":228,\"commentCount\":0,\"publisher\":{\"@id\":\"https:\/\/deportesycomunicacion.com\/#organization\"},\"image\":{\"@id\":\"https:\/\/deportesycomunicacion.com\/?p=8663#primaryimage\"},\"thumbnailUrl\":\"https:\/\/deportesycomunicacion.com\/wp-content\/uploads\/2023\/07\/market-g9a28092dd_1280.jpeg\",\"keywords\":[\"DEPORTES &amp; COMUNICACION\"],\"articleSection\":[\"DEPORTES &amp; COMUNICACI\u00d3N\"],\"inLanguage\":\"es\",\"potentialAction\":[{\"@type\":\"CommentAction\",\"name\":\"Comment\",\"target\":[\"https:\/\/deportesycomunicacion.com\/?p=8663#respond\"]}]},{\"@type\":\"WebPage\",\"@id\":\"https:\/\/deportesycomunicacion.com\/?p=8663\",\"url\":\"https:\/\/deportesycomunicacion.com\/?p=8663\",\"name\":\"\u00bfPreparado para el verano?\",\"isPartOf\":{\"@id\":\"https:\/\/deportesycomunicacion.com\/#website\"},\"primaryImageOfPage\":{\"@id\":\"https:\/\/deportesycomunicacion.com\/?p=8663#primaryimage\"},\"image\":{\"@id\":\"https:\/\/deportesycomunicacion.com\/?p=8663#primaryimage\"},\"thumbnailUrl\":\"https:\/\/deportesycomunicacion.com\/wp-content\/uploads\/2023\/07\/market-g9a28092dd_1280.jpeg\",\"datePublished\":\"2023-07-31T14:30:07+00:00\",\"dateModified\":\"2023-07-31T14:36:04+00:00\",\"description\":\"El verano es, por antonomasia, un per\u00edodo de desorden o de una clasificaci\u00f3n de diversos aspectos de la vida de una forma diferente al resto de a\u00f1o. Para\",\"breadcrumb\":{\"@id\":\"https:\/\/deportesycomunicacion.com\/?p=8663#breadcrumb\"},\"inLanguage\":\"es\",\"potentialAction\":[{\"@type\":\"ReadAction\",\"target\":[\"https:\/\/deportesycomunicacion.com\/?p=8663\"]}]},{\"@type\":\"ImageObject\",\"inLanguage\":\"es\",\"@id\":\"https:\/\/deportesycomunicacion.com\/?p=8663#primaryimage\",\"url\":\"https:\/\/deportesycomunicacion.com\/wp-content\/uploads\/2023\/07\/market-g9a28092dd_1280.jpeg\",\"contentUrl\":\"https:\/\/deportesycomunicacion.com\/wp-content\/uploads\/2023\/07\/market-g9a28092dd_1280.jpeg\",\"width\":640,\"height\":427},{\"@type\":\"BreadcrumbList\",\"@id\":\"https:\/\/deportesycomunicacion.com\/?p=8663#breadcrumb\",\"itemListElement\":[{\"@type\":\"ListItem\",\"position\":1,\"name\":\"Portada\",\"item\":\"https:\/\/deportesycomunicacion.com\/\"},{\"@type\":\"ListItem\",\"position\":2,\"name\":\"\u00bfPreparado para el verano?\"}]},{\"@type\":\"WebSite\",\"@id\":\"https:\/\/deportesycomunicacion.com\/#website\",\"url\":\"https:\/\/deportesycomunicacion.com\/\",\"name\":\"Deportes y Comunicaci\u00f3n\",\"description\":\"Powered by Ivan Ferrer\",\"publisher\":{\"@id\":\"https:\/\/deportesycomunicacion.com\/#organization\"},\"potentialAction\":[{\"@type\":\"SearchAction\",\"target\":{\"@type\":\"EntryPoint\",\"urlTemplate\":\"https:\/\/deportesycomunicacion.com\/?s={search_term_string}\"},\"query-input\":{\"@type\":\"PropertyValueSpecification\",\"valueRequired\":true,\"valueName\":\"search_term_string\"}}],\"inLanguage\":\"es\"},{\"@type\":\"Organization\",\"@id\":\"https:\/\/deportesycomunicacion.com\/#organization\",\"name\":\"Deportes y Comunicaci\u00f3n\",\"url\":\"https:\/\/deportesycomunicacion.com\/\",\"logo\":{\"@type\":\"ImageObject\",\"inLanguage\":\"es\",\"@id\":\"https:\/\/deportesycomunicacion.com\/#\/schema\/logo\/image\/\",\"url\":\"https:\/\/deportesycomunicacion.com\/wp-content\/uploads\/2013\/05\/cropped-Logo-Deportes-Comunicacion.jpg\",\"contentUrl\":\"https:\/\/deportesycomunicacion.com\/wp-content\/uploads\/2013\/05\/cropped-Logo-Deportes-Comunicacion.jpg\",\"width\":300,\"height\":65,\"caption\":\"Deportes y Comunicaci\u00f3n\"},\"image\":{\"@id\":\"https:\/\/deportesycomunicacion.com\/#\/schema\/logo\/image\/\"},\"sameAs\":[\"https:\/\/www.facebook.com\/ivan.ferrercayuela\",\"https:\/\/x.com\/IFC1976\"]},{\"@type\":\"Person\",\"@id\":\"https:\/\/deportesycomunicacion.com\/#\/schema\/person\/5bd536572b924420557d2db2f98bdd16\",\"name\":\"ivanferrer\",\"url\":\"https:\/\/deportesycomunicacion.com\/?author=2\"}]}<\/script>\n<!-- \/ Yoast SEO plugin. -->","yoast_head_json":{"title":"\u00bfPreparado para el verano?","description":"El verano es, por antonomasia, un per\u00edodo de desorden o de una clasificaci\u00f3n de diversos aspectos de la vida de una forma diferente al resto de a\u00f1o. Para","robots":{"index":"index","follow":"follow","max-snippet":"max-snippet:-1","max-image-preview":"max-image-preview:large","max-video-preview":"max-video-preview:-1"},"canonical":"https:\/\/deportesycomunicacion.com\/?p=8663","og_locale":"es_ES","og_type":"article","og_title":"\u00bfPreparado para el verano?","og_description":"El verano es, por antonomasia, un per\u00edodo de desorden o de una clasificaci\u00f3n de diversos aspectos de la vida de una forma diferente al resto de a\u00f1o. Para","og_url":"https:\/\/deportesycomunicacion.com\/?p=8663","og_site_name":"Deportes y Comunicaci\u00f3n","article_publisher":"https:\/\/www.facebook.com\/ivan.ferrercayuela","article_published_time":"2023-07-31T14:30:07+00:00","article_modified_time":"2023-07-31T14:36:04+00:00","og_image":[{"width":640,"height":427,"url":"http:\/\/deportesycomunicacion.com\/wp-content\/uploads\/2023\/07\/market-g9a28092dd_1280.jpeg","type":"image\/jpeg"}],"author":"ivanferrer","twitter_card":"summary_large_image","twitter_creator":"@IFC1976","twitter_site":"@IFC1976","twitter_misc":{"Escrito por":"ivanferrer","Tiempo de lectura":"2 minutos"},"schema":{"@context":"https:\/\/schema.org","@graph":[{"@type":"Article","@id":"https:\/\/deportesycomunicacion.com\/?p=8663#article","isPartOf":{"@id":"https:\/\/deportesycomunicacion.com\/?p=8663"},"author":{"name":"ivanferrer","@id":"https:\/\/deportesycomunicacion.com\/#\/schema\/person\/5bd536572b924420557d2db2f98bdd16"},"headline":"\u00bfPreparado para el verano?","datePublished":"2023-07-31T14:30:07+00:00","dateModified":"2023-07-31T14:36:04+00:00","mainEntityOfPage":{"@id":"https:\/\/deportesycomunicacion.com\/?p=8663"},"wordCount":228,"commentCount":0,"publisher":{"@id":"https:\/\/deportesycomunicacion.com\/#organization"},"image":{"@id":"https:\/\/deportesycomunicacion.com\/?p=8663#primaryimage"},"thumbnailUrl":"https:\/\/deportesycomunicacion.com\/wp-content\/uploads\/2023\/07\/market-g9a28092dd_1280.jpeg","keywords":["DEPORTES &amp; COMUNICACION"],"articleSection":["DEPORTES &amp; COMUNICACI\u00d3N"],"inLanguage":"es","potentialAction":[{"@type":"CommentAction","name":"Comment","target":["https:\/\/deportesycomunicacion.com\/?p=8663#respond"]}]},{"@type":"WebPage","@id":"https:\/\/deportesycomunicacion.com\/?p=8663","url":"https:\/\/deportesycomunicacion.com\/?p=8663","name":"\u00bfPreparado para el verano?","isPartOf":{"@id":"https:\/\/deportesycomunicacion.com\/#website"},"primaryImageOfPage":{"@id":"https:\/\/deportesycomunicacion.com\/?p=8663#primaryimage"},"image":{"@id":"https:\/\/deportesycomunicacion.com\/?p=8663#primaryimage"},"thumbnailUrl":"https:\/\/deportesycomunicacion.com\/wp-content\/uploads\/2023\/07\/market-g9a28092dd_1280.jpeg","datePublished":"2023-07-31T14:30:07+00:00","dateModified":"2023-07-31T14:36:04+00:00","description":"El verano es, por antonomasia, un per\u00edodo de desorden o de una clasificaci\u00f3n de diversos aspectos de la vida de una forma diferente al resto de a\u00f1o. Para","breadcrumb":{"@id":"https:\/\/deportesycomunicacion.com\/?p=8663#breadcrumb"},"inLanguage":"es","potentialAction":[{"@type":"ReadAction","target":["https:\/\/deportesycomunicacion.com\/?p=8663"]}]},{"@type":"ImageObject","inLanguage":"es","@id":"https:\/\/deportesycomunicacion.com\/?p=8663#primaryimage","url":"https:\/\/deportesycomunicacion.com\/wp-content\/uploads\/2023\/07\/market-g9a28092dd_1280.jpeg","contentUrl":"https:\/\/deportesycomunicacion.com\/wp-content\/uploads\/2023\/07\/market-g9a28092dd_1280.jpeg","width":640,"height":427},{"@type":"BreadcrumbList","@id":"https:\/\/deportesycomunicacion.com\/?p=8663#breadcrumb","itemListElement":[{"@type":"ListItem","position":1,"name":"Portada","item":"https:\/\/deportesycomunicacion.com\/"},{"@type":"ListItem","position":2,"name":"\u00bfPreparado para el verano?"}]},{"@type":"WebSite","@id":"https:\/\/deportesycomunicacion.com\/#website","url":"https:\/\/deportesycomunicacion.com\/","name":"Deportes y Comunicaci\u00f3n","description":"Powered by Ivan Ferrer","publisher":{"@id":"https:\/\/deportesycomunicacion.com\/#organization"},"potentialAction":[{"@type":"SearchAction","target":{"@type":"EntryPoint","urlTemplate":"https:\/\/deportesycomunicacion.com\/?s={search_term_string}"},"query-input":{"@type":"PropertyValueSpecification","valueRequired":true,"valueName":"search_term_string"}}],"inLanguage":"es"},{"@type":"Organization","@id":"https:\/\/deportesycomunicacion.com\/#organization","name":"Deportes y Comunicaci\u00f3n","url":"https:\/\/deportesycomunicacion.com\/","logo":{"@type":"ImageObject","inLanguage":"es","@id":"https:\/\/deportesycomunicacion.com\/#\/schema\/logo\/image\/","url":"https:\/\/deportesycomunicacion.com\/wp-content\/uploads\/2013\/05\/cropped-Logo-Deportes-Comunicacion.jpg","contentUrl":"https:\/\/deportesycomunicacion.com\/wp-content\/uploads\/2013\/05\/cropped-Logo-Deportes-Comunicacion.jpg","width":300,"height":65,"caption":"Deportes y Comunicaci\u00f3n"},"image":{"@id":"https:\/\/deportesycomunicacion.com\/#\/schema\/logo\/image\/"},"sameAs":["https:\/\/www.facebook.com\/ivan.ferrercayuela","https:\/\/x.com\/IFC1976"]},{"@type":"Person","@id":"https:\/\/deportesycomunicacion.com\/#\/schema\/person\/5bd536572b924420557d2db2f98bdd16","name":"ivanferrer","url":"https:\/\/deportesycomunicacion.com\/?author=2"}]}},"_links":{"self":[{"href":"https:\/\/deportesycomunicacion.com\/index.php?rest_route=\/wp\/v2\/posts\/8663","targetHints":{"allow":["GET"]}}],"collection":[{"href":"https:\/\/deportesycomunicacion.com\/index.php?rest_route=\/wp\/v2\/posts"}],"about":[{"href":"https:\/\/deportesycomunicacion.com\/index.php?rest_route=\/wp\/v2\/types\/post"}],"author":[{"embeddable":true,"href":"https:\/\/deportesycomunicacion.com\/index.php?rest_route=\/wp\/v2\/users\/2"}],"replies":[{"embeddable":true,"href":"https:\/\/deportesycomunicacion.com\/index.php?rest_route=%2Fwp%2Fv2%2Fcomments&post=8663"}],"version-history":[{"count":4,"href":"https:\/\/deportesycomunicacion.com\/index.php?rest_route=\/wp\/v2\/posts\/8663\/revisions"}],"predecessor-version":[{"id":8669,"href":"https:\/\/deportesycomunicacion.com\/index.php?rest_route=\/wp\/v2\/posts\/8663\/revisions\/8669"}],"wp:featuredmedia":[{"embeddable":true,"href":"https:\/\/deportesycomunicacion.com\/index.php?rest_route=\/wp\/v2\/media\/8664"}],"wp:attachment":[{"href":"https:\/\/deportesycomunicacion.com\/index.php?rest_route=%2Fwp%2Fv2%2Fmedia&parent=8663"}],"wp:term":[{"taxonomy":"category","embeddable":true,"href":"https:\/\/deportesycomunicacion.com\/index.php?rest_route=%2Fwp%2Fv2%2Fcategories&post=8663"},{"taxonomy":"post_tag","embeddable":true,"href":"https:\/\/deportesycomunicacion.com\/index.php?rest_route=%2Fwp%2Fv2%2Ftags&post=8663"}],"curies":[{"name":"wp","href":"https:\/\/api.w.org\/{rel}","templated":true}]}}