{"id":8696,"date":"2023-11-06T19:27:04","date_gmt":"2023-11-06T18:27:04","guid":{"rendered":"https:\/\/deportesycomunicacion.com\/?p=8696"},"modified":"2023-11-06T19:30:18","modified_gmt":"2023-11-06T18:30:18","slug":"te-obcecas-en-mantenerte-en-el-pleistoceno","status":"publish","type":"post","link":"https:\/\/deportesycomunicacion.com\/?p=8696","title":{"rendered":"\u00bfTe obcecas en mantenerte en el pleistoceno?"},"content":{"rendered":"\n<p>La <strong><a href=\"https:\/\/deportesycomunicacion.com\/?p=8676\" target=\"_blank\" rel=\"noreferrer noopener\">RFEF<\/a><\/strong>, la misma que se ha cubierto de mierda hasta la coronilla (gracias a sus artes prehist\u00f3ricas y a una p\u00e9sima gesti\u00f3n de la mayor gesta del f\u00fatbol femenino en toda su historia), vuelve a la carga. Da igual desde el prisma que lo ataquen, se trata del aut\u00e9ntico Rey Midas de la basura. Todo lo que toca huele a podrido y sabe a\u00fan peor. Ahora le llega el turno al <strong>sorteo de la segunda ronda de la Copa del Rey<\/strong>, que no se va a celebrar ma\u00f1ana &#8211; como estaba previsto- ya que una borrasca oblig\u00f3 a suspender dos encuentros de la primera eliminatoria.<\/p>\n\n\n\n<p>La l\u00f3gica podr\u00eda imponer una soluci\u00f3n muy sencilla: una bola con la leyenda \u00abganador Gimn\u00e1stica Segoviana &#8211; Sestao River\u00bb y otra con \u00abganador Atzeneta &#8211; Zaragoza\u00bb. Pero no, mejor <strong><a href=\"https:\/\/www.marca.com\/futbol\/copa-rey\/2023\/11\/03\/6544b3ebca474137248b4598.html\" target=\"_blank\" rel=\"noreferrer noopener\">parar m\u00e1quinas<\/a><\/strong>, al m\u00e1s puro estilo rugby de patada a seguir. Y as\u00ed con todo&#8230; El deporte que m\u00e1s dinero mueve en manos de las instituciones m\u00e1s casposas, retr\u00f3gradas y aburridas posibles. Emoci\u00f3n, de aquella manera&#8230; Hasta semifinales, no sea que alg\u00fan equipo peque\u00f1o se cuele en la pen\u00faltima ronda y arruine los derechos televisivos de una jugosa final. <\/p>\n\n\n\n<p>Todo est\u00e1 tan medido, tan tabulado, tan parametrizado y controlado como negocio que lo que menos importa es la emoci\u00f3n del deporte. Emoci\u00f3n s\u00ed, pero entre equipos grandes que muevan grandes sumas de dinero en contratos de patrocinio y derechos televisivos para amplias audiencias globales. Lo mejor para el negocio, lo peor para el <strong>f\u00fatbol<\/strong>; como lo es tener de gestor a la nefasta e infecta <strong>RFEF<\/strong>.  <\/p>\n\n\n\n<p><\/p>\n\n\n\n<p><strong>\u00bfEl f\u00fatbol espa\u00f1ol sigue anclado en el pasado? \u00bfO ya est\u00e1 bien como se gestiona?<\/strong><\/p>\n\n\n\n<p>Imagen de <a href=\"https:\/\/pixabay.com\/es\/users\/dariuszsankowski-1441456\/?utm_source=link-attribution&amp;utm_medium=referral&amp;utm_campaign=image&amp;utm_content=958022\">Dariusz Sankowski<\/a> en <a href=\"https:\/\/pixabay.com\/es\/\/?utm_source=link-attribution&amp;utm_medium=referral&amp;utm_campaign=image&amp;utm_content=958022\">Pixabay<\/a><\/p>\n","protected":false},"excerpt":{"rendered":"<p>La RFEF, la misma que se ha cubierto de mierda hasta la coronilla (gracias a sus &hellip; <a title=\"\u00bfTe obcecas en mantenerte en el pleistoceno?\" class=\"hm-read-more\" href=\"https:\/\/deportesycomunicacion.com\/?p=8696\"><span class=\"screen-reader-text\">\u00bfTe obcecas en mantenerte en el pleistoceno?<\/span>Leer m\u00e1s<\/a><\/p>\n","protected":false},"author":2,"featured_media":8699,"comment_status":"open","ping_status":"open","sticky":false,"template":"","format":"standard","meta":{"footnotes":""},"categories":[7],"tags":[2535,1056,2534,2533],"class_list":["post-8696","post","type-post","status-publish","format-standard","has-post-thumbnail","hentry","category-futbol","tag-copa-rey-2023","tag-futbol","tag-mala-gestion","tag-rfef"],"yoast_head":"<!-- This site is optimized with the Yoast SEO plugin v24.8.1 - https:\/\/yoast.com\/wordpress\/plugins\/seo\/ -->\n<title>\u00bfTe obcecas en mantenerte en el pleistoceno?<\/title>\n<meta name=\"description\" content=\"La RFEF, la misma que se ha cubierto de mierda hasta la coronilla (gracias a sus artes prehist\u00f3ricas y a una p\u00e9sima gesti\u00f3n de la mayor gesta del f\u00fatbol\" \/>\n<meta name=\"robots\" content=\"index, follow, max-snippet:-1, max-image-preview:large, max-video-preview:-1\" \/>\n<link rel=\"canonical\" href=\"https:\/\/deportesycomunicacion.com\/?p=8696\" \/>\n<meta property=\"og:locale\" content=\"es_ES\" \/>\n<meta property=\"og:type\" content=\"article\" \/>\n<meta property=\"og:title\" content=\"\u00bfTe obcecas en mantenerte en el pleistoceno?\" \/>\n<meta property=\"og:description\" content=\"La RFEF, la misma que se ha cubierto de mierda hasta la coronilla (gracias a sus artes prehist\u00f3ricas y a una p\u00e9sima gesti\u00f3n de la mayor gesta del f\u00fatbol\" \/>\n<meta property=\"og:url\" content=\"https:\/\/deportesycomunicacion.com\/?p=8696\" \/>\n<meta property=\"og:site_name\" content=\"Deportes y Comunicaci\u00f3n\" \/>\n<meta property=\"article:publisher\" content=\"https:\/\/www.facebook.com\/ivan.ferrercayuela\" \/>\n<meta property=\"article:published_time\" content=\"2023-11-06T18:27:04+00:00\" \/>\n<meta property=\"article:modified_time\" content=\"2023-11-06T18:30:18+00:00\" \/>\n<meta property=\"og:image\" content=\"http:\/\/deportesycomunicacion.com\/wp-content\/uploads\/2023\/11\/dinosaur-958022_1280.jpeg\" \/>\n\t<meta property=\"og:image:width\" content=\"1280\" \/>\n\t<meta property=\"og:image:height\" content=\"850\" \/>\n\t<meta property=\"og:image:type\" content=\"image\/jpeg\" \/>\n<meta name=\"author\" content=\"ivanferrer\" \/>\n<meta name=\"twitter:card\" content=\"summary_large_image\" \/>\n<meta name=\"twitter:creator\" content=\"@IFC1976\" \/>\n<meta name=\"twitter:site\" content=\"@IFC1976\" \/>\n<meta name=\"twitter:label1\" content=\"Escrito por\" \/>\n\t<meta name=\"twitter:data1\" content=\"ivanferrer\" \/>\n\t<meta name=\"twitter:label2\" content=\"Tiempo de lectura\" \/>\n\t<meta name=\"twitter:data2\" content=\"2 minutos\" \/>\n<script type=\"application\/ld+json\" class=\"yoast-schema-graph\">{\"@context\":\"https:\/\/schema.org\",\"@graph\":[{\"@type\":\"Article\",\"@id\":\"https:\/\/deportesycomunicacion.com\/?p=8696#article\",\"isPartOf\":{\"@id\":\"https:\/\/deportesycomunicacion.com\/?p=8696\"},\"author\":{\"name\":\"ivanferrer\",\"@id\":\"https:\/\/deportesycomunicacion.com\/#\/schema\/person\/5bd536572b924420557d2db2f98bdd16\"},\"headline\":\"\u00bfTe obcecas en mantenerte en el pleistoceno?\",\"datePublished\":\"2023-11-06T18:27:04+00:00\",\"dateModified\":\"2023-11-06T18:30:18+00:00\",\"mainEntityOfPage\":{\"@id\":\"https:\/\/deportesycomunicacion.com\/?p=8696\"},\"wordCount\":314,\"commentCount\":0,\"publisher\":{\"@id\":\"https:\/\/deportesycomunicacion.com\/#organization\"},\"image\":{\"@id\":\"https:\/\/deportesycomunicacion.com\/?p=8696#primaryimage\"},\"thumbnailUrl\":\"https:\/\/deportesycomunicacion.com\/wp-content\/uploads\/2023\/11\/dinosaur-958022_1280.jpeg\",\"keywords\":[\"COPA REY 2023\",\"FUTBOL\",\"MALA GESTION\",\"RFEF\"],\"articleSection\":[\"FUTBOL\"],\"inLanguage\":\"es\",\"potentialAction\":[{\"@type\":\"CommentAction\",\"name\":\"Comment\",\"target\":[\"https:\/\/deportesycomunicacion.com\/?p=8696#respond\"]}]},{\"@type\":\"WebPage\",\"@id\":\"https:\/\/deportesycomunicacion.com\/?p=8696\",\"url\":\"https:\/\/deportesycomunicacion.com\/?p=8696\",\"name\":\"\u00bfTe obcecas en mantenerte en el pleistoceno?\",\"isPartOf\":{\"@id\":\"https:\/\/deportesycomunicacion.com\/#website\"},\"primaryImageOfPage\":{\"@id\":\"https:\/\/deportesycomunicacion.com\/?p=8696#primaryimage\"},\"image\":{\"@id\":\"https:\/\/deportesycomunicacion.com\/?p=8696#primaryimage\"},\"thumbnailUrl\":\"https:\/\/deportesycomunicacion.com\/wp-content\/uploads\/2023\/11\/dinosaur-958022_1280.jpeg\",\"datePublished\":\"2023-11-06T18:27:04+00:00\",\"dateModified\":\"2023-11-06T18:30:18+00:00\",\"description\":\"La RFEF, la misma que se ha cubierto de mierda hasta la coronilla (gracias a sus artes prehist\u00f3ricas y a una p\u00e9sima gesti\u00f3n de la mayor gesta del f\u00fatbol\",\"breadcrumb\":{\"@id\":\"https:\/\/deportesycomunicacion.com\/?p=8696#breadcrumb\"},\"inLanguage\":\"es\",\"potentialAction\":[{\"@type\":\"ReadAction\",\"target\":[\"https:\/\/deportesycomunicacion.com\/?p=8696\"]}]},{\"@type\":\"ImageObject\",\"inLanguage\":\"es\",\"@id\":\"https:\/\/deportesycomunicacion.com\/?p=8696#primaryimage\",\"url\":\"https:\/\/deportesycomunicacion.com\/wp-content\/uploads\/2023\/11\/dinosaur-958022_1280.jpeg\",\"contentUrl\":\"https:\/\/deportesycomunicacion.com\/wp-content\/uploads\/2023\/11\/dinosaur-958022_1280.jpeg\",\"width\":1280,\"height\":850},{\"@type\":\"BreadcrumbList\",\"@id\":\"https:\/\/deportesycomunicacion.com\/?p=8696#breadcrumb\",\"itemListElement\":[{\"@type\":\"ListItem\",\"position\":1,\"name\":\"Portada\",\"item\":\"https:\/\/deportesycomunicacion.com\/\"},{\"@type\":\"ListItem\",\"position\":2,\"name\":\"\u00bfTe obcecas en mantenerte en el pleistoceno?\"}]},{\"@type\":\"WebSite\",\"@id\":\"https:\/\/deportesycomunicacion.com\/#website\",\"url\":\"https:\/\/deportesycomunicacion.com\/\",\"name\":\"Deportes y Comunicaci\u00f3n\",\"description\":\"Powered by Ivan Ferrer\",\"publisher\":{\"@id\":\"https:\/\/deportesycomunicacion.com\/#organization\"},\"potentialAction\":[{\"@type\":\"SearchAction\",\"target\":{\"@type\":\"EntryPoint\",\"urlTemplate\":\"https:\/\/deportesycomunicacion.com\/?s={search_term_string}\"},\"query-input\":{\"@type\":\"PropertyValueSpecification\",\"valueRequired\":true,\"valueName\":\"search_term_string\"}}],\"inLanguage\":\"es\"},{\"@type\":\"Organization\",\"@id\":\"https:\/\/deportesycomunicacion.com\/#organization\",\"name\":\"Deportes y Comunicaci\u00f3n\",\"url\":\"https:\/\/deportesycomunicacion.com\/\",\"logo\":{\"@type\":\"ImageObject\",\"inLanguage\":\"es\",\"@id\":\"https:\/\/deportesycomunicacion.com\/#\/schema\/logo\/image\/\",\"url\":\"https:\/\/deportesycomunicacion.com\/wp-content\/uploads\/2013\/05\/cropped-Logo-Deportes-Comunicacion.jpg\",\"contentUrl\":\"https:\/\/deportesycomunicacion.com\/wp-content\/uploads\/2013\/05\/cropped-Logo-Deportes-Comunicacion.jpg\",\"width\":300,\"height\":65,\"caption\":\"Deportes y Comunicaci\u00f3n\"},\"image\":{\"@id\":\"https:\/\/deportesycomunicacion.com\/#\/schema\/logo\/image\/\"},\"sameAs\":[\"https:\/\/www.facebook.com\/ivan.ferrercayuela\",\"https:\/\/x.com\/IFC1976\"]},{\"@type\":\"Person\",\"@id\":\"https:\/\/deportesycomunicacion.com\/#\/schema\/person\/5bd536572b924420557d2db2f98bdd16\",\"name\":\"ivanferrer\",\"url\":\"https:\/\/deportesycomunicacion.com\/?author=2\"}]}<\/script>\n<!-- \/ Yoast SEO plugin. -->","yoast_head_json":{"title":"\u00bfTe obcecas en mantenerte en el pleistoceno?","description":"La RFEF, la misma que se ha cubierto de mierda hasta la coronilla (gracias a sus artes prehist\u00f3ricas y a una p\u00e9sima gesti\u00f3n de la mayor gesta del f\u00fatbol","robots":{"index":"index","follow":"follow","max-snippet":"max-snippet:-1","max-image-preview":"max-image-preview:large","max-video-preview":"max-video-preview:-1"},"canonical":"https:\/\/deportesycomunicacion.com\/?p=8696","og_locale":"es_ES","og_type":"article","og_title":"\u00bfTe obcecas en mantenerte en el pleistoceno?","og_description":"La RFEF, la misma que se ha cubierto de mierda hasta la coronilla (gracias a sus artes prehist\u00f3ricas y a una p\u00e9sima gesti\u00f3n de la mayor gesta del f\u00fatbol","og_url":"https:\/\/deportesycomunicacion.com\/?p=8696","og_site_name":"Deportes y Comunicaci\u00f3n","article_publisher":"https:\/\/www.facebook.com\/ivan.ferrercayuela","article_published_time":"2023-11-06T18:27:04+00:00","article_modified_time":"2023-11-06T18:30:18+00:00","og_image":[{"width":1280,"height":850,"url":"http:\/\/deportesycomunicacion.com\/wp-content\/uploads\/2023\/11\/dinosaur-958022_1280.jpeg","type":"image\/jpeg"}],"author":"ivanferrer","twitter_card":"summary_large_image","twitter_creator":"@IFC1976","twitter_site":"@IFC1976","twitter_misc":{"Escrito por":"ivanferrer","Tiempo de lectura":"2 minutos"},"schema":{"@context":"https:\/\/schema.org","@graph":[{"@type":"Article","@id":"https:\/\/deportesycomunicacion.com\/?p=8696#article","isPartOf":{"@id":"https:\/\/deportesycomunicacion.com\/?p=8696"},"author":{"name":"ivanferrer","@id":"https:\/\/deportesycomunicacion.com\/#\/schema\/person\/5bd536572b924420557d2db2f98bdd16"},"headline":"\u00bfTe obcecas en mantenerte en el pleistoceno?","datePublished":"2023-11-06T18:27:04+00:00","dateModified":"2023-11-06T18:30:18+00:00","mainEntityOfPage":{"@id":"https:\/\/deportesycomunicacion.com\/?p=8696"},"wordCount":314,"commentCount":0,"publisher":{"@id":"https:\/\/deportesycomunicacion.com\/#organization"},"image":{"@id":"https:\/\/deportesycomunicacion.com\/?p=8696#primaryimage"},"thumbnailUrl":"https:\/\/deportesycomunicacion.com\/wp-content\/uploads\/2023\/11\/dinosaur-958022_1280.jpeg","keywords":["COPA REY 2023","FUTBOL","MALA GESTION","RFEF"],"articleSection":["FUTBOL"],"inLanguage":"es","potentialAction":[{"@type":"CommentAction","name":"Comment","target":["https:\/\/deportesycomunicacion.com\/?p=8696#respond"]}]},{"@type":"WebPage","@id":"https:\/\/deportesycomunicacion.com\/?p=8696","url":"https:\/\/deportesycomunicacion.com\/?p=8696","name":"\u00bfTe obcecas en mantenerte en el pleistoceno?","isPartOf":{"@id":"https:\/\/deportesycomunicacion.com\/#website"},"primaryImageOfPage":{"@id":"https:\/\/deportesycomunicacion.com\/?p=8696#primaryimage"},"image":{"@id":"https:\/\/deportesycomunicacion.com\/?p=8696#primaryimage"},"thumbnailUrl":"https:\/\/deportesycomunicacion.com\/wp-content\/uploads\/2023\/11\/dinosaur-958022_1280.jpeg","datePublished":"2023-11-06T18:27:04+00:00","dateModified":"2023-11-06T18:30:18+00:00","description":"La RFEF, la misma que se ha cubierto de mierda hasta la coronilla (gracias a sus artes prehist\u00f3ricas y a una p\u00e9sima gesti\u00f3n de la mayor gesta del f\u00fatbol","breadcrumb":{"@id":"https:\/\/deportesycomunicacion.com\/?p=8696#breadcrumb"},"inLanguage":"es","potentialAction":[{"@type":"ReadAction","target":["https:\/\/deportesycomunicacion.com\/?p=8696"]}]},{"@type":"ImageObject","inLanguage":"es","@id":"https:\/\/deportesycomunicacion.com\/?p=8696#primaryimage","url":"https:\/\/deportesycomunicacion.com\/wp-content\/uploads\/2023\/11\/dinosaur-958022_1280.jpeg","contentUrl":"https:\/\/deportesycomunicacion.com\/wp-content\/uploads\/2023\/11\/dinosaur-958022_1280.jpeg","width":1280,"height":850},{"@type":"BreadcrumbList","@id":"https:\/\/deportesycomunicacion.com\/?p=8696#breadcrumb","itemListElement":[{"@type":"ListItem","position":1,"name":"Portada","item":"https:\/\/deportesycomunicacion.com\/"},{"@type":"ListItem","position":2,"name":"\u00bfTe obcecas en mantenerte en el pleistoceno?"}]},{"@type":"WebSite","@id":"https:\/\/deportesycomunicacion.com\/#website","url":"https:\/\/deportesycomunicacion.com\/","name":"Deportes y Comunicaci\u00f3n","description":"Powered by Ivan Ferrer","publisher":{"@id":"https:\/\/deportesycomunicacion.com\/#organization"},"potentialAction":[{"@type":"SearchAction","target":{"@type":"EntryPoint","urlTemplate":"https:\/\/deportesycomunicacion.com\/?s={search_term_string}"},"query-input":{"@type":"PropertyValueSpecification","valueRequired":true,"valueName":"search_term_string"}}],"inLanguage":"es"},{"@type":"Organization","@id":"https:\/\/deportesycomunicacion.com\/#organization","name":"Deportes y Comunicaci\u00f3n","url":"https:\/\/deportesycomunicacion.com\/","logo":{"@type":"ImageObject","inLanguage":"es","@id":"https:\/\/deportesycomunicacion.com\/#\/schema\/logo\/image\/","url":"https:\/\/deportesycomunicacion.com\/wp-content\/uploads\/2013\/05\/cropped-Logo-Deportes-Comunicacion.jpg","contentUrl":"https:\/\/deportesycomunicacion.com\/wp-content\/uploads\/2013\/05\/cropped-Logo-Deportes-Comunicacion.jpg","width":300,"height":65,"caption":"Deportes y Comunicaci\u00f3n"},"image":{"@id":"https:\/\/deportesycomunicacion.com\/#\/schema\/logo\/image\/"},"sameAs":["https:\/\/www.facebook.com\/ivan.ferrercayuela","https:\/\/x.com\/IFC1976"]},{"@type":"Person","@id":"https:\/\/deportesycomunicacion.com\/#\/schema\/person\/5bd536572b924420557d2db2f98bdd16","name":"ivanferrer","url":"https:\/\/deportesycomunicacion.com\/?author=2"}]}},"_links":{"self":[{"href":"https:\/\/deportesycomunicacion.com\/index.php?rest_route=\/wp\/v2\/posts\/8696","targetHints":{"allow":["GET"]}}],"collection":[{"href":"https:\/\/deportesycomunicacion.com\/index.php?rest_route=\/wp\/v2\/posts"}],"about":[{"href":"https:\/\/deportesycomunicacion.com\/index.php?rest_route=\/wp\/v2\/types\/post"}],"author":[{"embeddable":true,"href":"https:\/\/deportesycomunicacion.com\/index.php?rest_route=\/wp\/v2\/users\/2"}],"replies":[{"embeddable":true,"href":"https:\/\/deportesycomunicacion.com\/index.php?rest_route=%2Fwp%2Fv2%2Fcomments&post=8696"}],"version-history":[{"count":3,"href":"https:\/\/deportesycomunicacion.com\/index.php?rest_route=\/wp\/v2\/posts\/8696\/revisions"}],"predecessor-version":[{"id":8701,"href":"https:\/\/deportesycomunicacion.com\/index.php?rest_route=\/wp\/v2\/posts\/8696\/revisions\/8701"}],"wp:featuredmedia":[{"embeddable":true,"href":"https:\/\/deportesycomunicacion.com\/index.php?rest_route=\/wp\/v2\/media\/8699"}],"wp:attachment":[{"href":"https:\/\/deportesycomunicacion.com\/index.php?rest_route=%2Fwp%2Fv2%2Fmedia&parent=8696"}],"wp:term":[{"taxonomy":"category","embeddable":true,"href":"https:\/\/deportesycomunicacion.com\/index.php?rest_route=%2Fwp%2Fv2%2Fcategories&post=8696"},{"taxonomy":"post_tag","embeddable":true,"href":"https:\/\/deportesycomunicacion.com\/index.php?rest_route=%2Fwp%2Fv2%2Ftags&post=8696"}],"curies":[{"name":"wp","href":"https:\/\/api.w.org\/{rel}","templated":true}]}}