{"id":8931,"date":"2024-06-28T19:21:33","date_gmt":"2024-06-28T17:21:33","guid":{"rendered":"https:\/\/deportesycomunicacion.com\/?p=8931"},"modified":"2024-06-28T19:21:33","modified_gmt":"2024-06-28T17:21:33","slug":"por-que-compites","status":"publish","type":"post","link":"https:\/\/deportesycomunicacion.com\/?p=8931","title":{"rendered":"\u00bfPor qu\u00e9 compites?"},"content":{"rendered":"\n<p>La realidad es c\u00edclicamente tozuda. Acab\u00f3 una <strong><a href=\"https:\/\/deportesycomunicacion.com\/?p=8889\" target=\"_blank\" rel=\"noreferrer noopener\">temporada excepcional<\/a><\/strong> pero, tras el \u00faltimo partido, el contador vuelve a la casilla de salida, sin importar si has quedado primero o \u00faltimo. Y con el cambio de categor\u00eda, avanzando al alev\u00edn, se configura una nueva plantilla. Oriol estaba nervioso para saber en qu\u00e9 equipo acababa jugando. Solo ten\u00eda un claro un solo deseo: continuar con Llu\u00eds y Gala, con los que ha compartido vestuario y disputado las \u00faltimas tres finales a cuatro. Realmente no los prefiere a su lado porque hayan sido los dos mejores jugadores de Catalu\u00f1a en categor\u00eda benjam\u00edn; lo hace por otros motivos muy diferentes. <\/p>\n\n\n\n<p>Con <strong>Llu\u00eds<\/strong> conecta dentro y fuera de la pista (largos ratos pasan jugando al Minecraft y al Fortnite. Y en verano su amigo le invita a pasar la tarde a la piscina). Llu\u00eds y Gala jugaron con el alev\u00edn la fase final del camperonato de Espa\u00f1a el pasado fin de semana. Y en el momento m\u00e1s feliz de su participaci\u00f3n, cuando marc\u00f3 un gol, se acord\u00f3 de su amigo Oriol y se lo dedic\u00f3, con una <strong><a href=\"https:\/\/deportesycomunicacion.com\/?p=8798\" target=\"_blank\" rel=\"noreferrer noopener\">celebraci\u00f3n de media fusi\u00f3n<\/a><\/strong>.   <\/p>\n\n\n\n<p>Con <strong>Gala<\/strong>, son c\u00f3mplices en la pista &#8211;<strong><a href=\"https:\/\/deportesycomunicacion.com\/?p=8327\" target=\"_blank\" rel=\"noreferrer noopener\">con acciones que desaf\u00edan toda l\u00f3gica<\/a><\/strong>&#8211; y en el colegio -los dos comparten experiencias en clase y forman parte del mismo grupo de amigos. Gala es muy generosa con Oriol y tiene grandes detalles como el collage de fotos que le hizo para su \u00faltimo cumplea\u00f1os. <\/p>\n\n\n\n<p>Oriol los quiere, sencillamente, porque son grandes dentro y fuera de la pista. Y eso pesa al triple que la copa que ganaron juntos hace solo un mes. Sus amigos y compa\u00f1eros de equipo; as\u00ed que poco le puede pedir m\u00e1s a la nueva temporada. Excepto disfrutarla a su lado&#8230; <\/p>\n\n\n\n<p><strong>\u00bfDe qui\u00e9n te gusta rodearte?<\/strong><\/p>\n","protected":false},"excerpt":{"rendered":"<p>La realidad es c\u00edclicamente tozuda. Acab\u00f3 una temporada excepcional pero, tras el \u00faltimo partido, el contador &hellip; <a title=\"\u00bfPor qu\u00e9 compites?\" class=\"hm-read-more\" href=\"https:\/\/deportesycomunicacion.com\/?p=8931\"><span class=\"screen-reader-text\">\u00bfPor qu\u00e9 compites?<\/span>Leer m\u00e1s<\/a><\/p>\n","protected":false},"author":2,"featured_media":8932,"comment_status":"open","ping_status":"open","sticky":false,"template":"","format":"standard","meta":{"footnotes":""},"categories":[67,1555],"tags":[2082,2386,2580,1556,2581],"class_list":["post-8931","post","type-post","status-publish","format-standard","has-post-thumbnail","hentry","category-en-las-tricheras","category-hockey-en-linea","tag-amigos","tag-chl-jujol","tag-gala","tag-hockey-en-linea","tag-lluis"],"yoast_head":"<!-- This site is optimized with the Yoast SEO plugin v24.8.1 - https:\/\/yoast.com\/wordpress\/plugins\/seo\/ -->\n<title>\u00bfPor qu\u00e9 compites?<\/title>\n<meta name=\"description\" content=\"La realidad es c\u00edclicamente tozuda. Acab\u00f3 una temporada excepcional pero, tras el \u00faltimo partido, el contador vuelve a la casilla de salida, sin importar\" \/>\n<meta name=\"robots\" content=\"index, follow, max-snippet:-1, max-image-preview:large, max-video-preview:-1\" \/>\n<link rel=\"canonical\" href=\"https:\/\/deportesycomunicacion.com\/?p=8931\" \/>\n<meta property=\"og:locale\" content=\"es_ES\" \/>\n<meta property=\"og:type\" content=\"article\" \/>\n<meta property=\"og:title\" content=\"\u00bfPor qu\u00e9 compites?\" \/>\n<meta property=\"og:description\" content=\"La realidad es c\u00edclicamente tozuda. Acab\u00f3 una temporada excepcional pero, tras el \u00faltimo partido, el contador vuelve a la casilla de salida, sin importar\" \/>\n<meta property=\"og:url\" content=\"https:\/\/deportesycomunicacion.com\/?p=8931\" \/>\n<meta property=\"og:site_name\" content=\"Deportes y Comunicaci\u00f3n\" \/>\n<meta property=\"article:publisher\" content=\"https:\/\/www.facebook.com\/ivan.ferrercayuela\" \/>\n<meta property=\"article:published_time\" content=\"2024-06-28T17:21:33+00:00\" \/>\n<meta property=\"og:image\" content=\"http:\/\/deportesycomunicacion.com\/wp-content\/uploads\/2024\/06\/3JUJOL.jpg\" \/>\n\t<meta property=\"og:image:width\" content=\"1500\" \/>\n\t<meta property=\"og:image:height\" content=\"1000\" \/>\n\t<meta property=\"og:image:type\" content=\"image\/jpeg\" \/>\n<meta name=\"author\" content=\"ivanferrer\" \/>\n<meta name=\"twitter:card\" content=\"summary_large_image\" \/>\n<meta name=\"twitter:creator\" content=\"@IFC1976\" \/>\n<meta name=\"twitter:site\" content=\"@IFC1976\" \/>\n<meta name=\"twitter:label1\" content=\"Escrito por\" \/>\n\t<meta name=\"twitter:data1\" content=\"ivanferrer\" \/>\n\t<meta name=\"twitter:label2\" content=\"Tiempo de lectura\" \/>\n\t<meta name=\"twitter:data2\" content=\"2 minutos\" \/>\n<script type=\"application\/ld+json\" class=\"yoast-schema-graph\">{\"@context\":\"https:\/\/schema.org\",\"@graph\":[{\"@type\":\"Article\",\"@id\":\"https:\/\/deportesycomunicacion.com\/?p=8931#article\",\"isPartOf\":{\"@id\":\"https:\/\/deportesycomunicacion.com\/?p=8931\"},\"author\":{\"name\":\"ivanferrer\",\"@id\":\"https:\/\/deportesycomunicacion.com\/#\/schema\/person\/5bd536572b924420557d2db2f98bdd16\"},\"headline\":\"\u00bfPor qu\u00e9 compites?\",\"datePublished\":\"2024-06-28T17:21:33+00:00\",\"mainEntityOfPage\":{\"@id\":\"https:\/\/deportesycomunicacion.com\/?p=8931\"},\"wordCount\":322,\"commentCount\":0,\"publisher\":{\"@id\":\"https:\/\/deportesycomunicacion.com\/#organization\"},\"image\":{\"@id\":\"https:\/\/deportesycomunicacion.com\/?p=8931#primaryimage\"},\"thumbnailUrl\":\"https:\/\/deportesycomunicacion.com\/wp-content\/uploads\/2024\/06\/3JUJOL.jpg\",\"keywords\":[\"AMIGOS\",\"CHL JUJOL\",\"GALA\",\"HOCKEY EN LINEA\",\"LLUIS\"],\"articleSection\":[\"EN LAS TRICHERAS\",\"HOCKEY EN LINEA\"],\"inLanguage\":\"es\",\"potentialAction\":[{\"@type\":\"CommentAction\",\"name\":\"Comment\",\"target\":[\"https:\/\/deportesycomunicacion.com\/?p=8931#respond\"]}]},{\"@type\":\"WebPage\",\"@id\":\"https:\/\/deportesycomunicacion.com\/?p=8931\",\"url\":\"https:\/\/deportesycomunicacion.com\/?p=8931\",\"name\":\"\u00bfPor qu\u00e9 compites?\",\"isPartOf\":{\"@id\":\"https:\/\/deportesycomunicacion.com\/#website\"},\"primaryImageOfPage\":{\"@id\":\"https:\/\/deportesycomunicacion.com\/?p=8931#primaryimage\"},\"image\":{\"@id\":\"https:\/\/deportesycomunicacion.com\/?p=8931#primaryimage\"},\"thumbnailUrl\":\"https:\/\/deportesycomunicacion.com\/wp-content\/uploads\/2024\/06\/3JUJOL.jpg\",\"datePublished\":\"2024-06-28T17:21:33+00:00\",\"description\":\"La realidad es c\u00edclicamente tozuda. Acab\u00f3 una temporada excepcional pero, tras el \u00faltimo partido, el contador vuelve a la casilla de salida, sin importar\",\"breadcrumb\":{\"@id\":\"https:\/\/deportesycomunicacion.com\/?p=8931#breadcrumb\"},\"inLanguage\":\"es\",\"potentialAction\":[{\"@type\":\"ReadAction\",\"target\":[\"https:\/\/deportesycomunicacion.com\/?p=8931\"]}]},{\"@type\":\"ImageObject\",\"inLanguage\":\"es\",\"@id\":\"https:\/\/deportesycomunicacion.com\/?p=8931#primaryimage\",\"url\":\"https:\/\/deportesycomunicacion.com\/wp-content\/uploads\/2024\/06\/3JUJOL.jpg\",\"contentUrl\":\"https:\/\/deportesycomunicacion.com\/wp-content\/uploads\/2024\/06\/3JUJOL.jpg\",\"width\":1500,\"height\":1000},{\"@type\":\"BreadcrumbList\",\"@id\":\"https:\/\/deportesycomunicacion.com\/?p=8931#breadcrumb\",\"itemListElement\":[{\"@type\":\"ListItem\",\"position\":1,\"name\":\"Portada\",\"item\":\"https:\/\/deportesycomunicacion.com\/\"},{\"@type\":\"ListItem\",\"position\":2,\"name\":\"\u00bfPor qu\u00e9 compites?\"}]},{\"@type\":\"WebSite\",\"@id\":\"https:\/\/deportesycomunicacion.com\/#website\",\"url\":\"https:\/\/deportesycomunicacion.com\/\",\"name\":\"Deportes y Comunicaci\u00f3n\",\"description\":\"Powered by Ivan Ferrer\",\"publisher\":{\"@id\":\"https:\/\/deportesycomunicacion.com\/#organization\"},\"potentialAction\":[{\"@type\":\"SearchAction\",\"target\":{\"@type\":\"EntryPoint\",\"urlTemplate\":\"https:\/\/deportesycomunicacion.com\/?s={search_term_string}\"},\"query-input\":{\"@type\":\"PropertyValueSpecification\",\"valueRequired\":true,\"valueName\":\"search_term_string\"}}],\"inLanguage\":\"es\"},{\"@type\":\"Organization\",\"@id\":\"https:\/\/deportesycomunicacion.com\/#organization\",\"name\":\"Deportes y Comunicaci\u00f3n\",\"url\":\"https:\/\/deportesycomunicacion.com\/\",\"logo\":{\"@type\":\"ImageObject\",\"inLanguage\":\"es\",\"@id\":\"https:\/\/deportesycomunicacion.com\/#\/schema\/logo\/image\/\",\"url\":\"https:\/\/deportesycomunicacion.com\/wp-content\/uploads\/2013\/05\/cropped-Logo-Deportes-Comunicacion.jpg\",\"contentUrl\":\"https:\/\/deportesycomunicacion.com\/wp-content\/uploads\/2013\/05\/cropped-Logo-Deportes-Comunicacion.jpg\",\"width\":300,\"height\":65,\"caption\":\"Deportes y Comunicaci\u00f3n\"},\"image\":{\"@id\":\"https:\/\/deportesycomunicacion.com\/#\/schema\/logo\/image\/\"},\"sameAs\":[\"https:\/\/www.facebook.com\/ivan.ferrercayuela\",\"https:\/\/x.com\/IFC1976\"]},{\"@type\":\"Person\",\"@id\":\"https:\/\/deportesycomunicacion.com\/#\/schema\/person\/5bd536572b924420557d2db2f98bdd16\",\"name\":\"ivanferrer\",\"url\":\"https:\/\/deportesycomunicacion.com\/?author=2\"}]}<\/script>\n<!-- \/ Yoast SEO plugin. -->","yoast_head_json":{"title":"\u00bfPor qu\u00e9 compites?","description":"La realidad es c\u00edclicamente tozuda. Acab\u00f3 una temporada excepcional pero, tras el \u00faltimo partido, el contador vuelve a la casilla de salida, sin importar","robots":{"index":"index","follow":"follow","max-snippet":"max-snippet:-1","max-image-preview":"max-image-preview:large","max-video-preview":"max-video-preview:-1"},"canonical":"https:\/\/deportesycomunicacion.com\/?p=8931","og_locale":"es_ES","og_type":"article","og_title":"\u00bfPor qu\u00e9 compites?","og_description":"La realidad es c\u00edclicamente tozuda. Acab\u00f3 una temporada excepcional pero, tras el \u00faltimo partido, el contador vuelve a la casilla de salida, sin importar","og_url":"https:\/\/deportesycomunicacion.com\/?p=8931","og_site_name":"Deportes y Comunicaci\u00f3n","article_publisher":"https:\/\/www.facebook.com\/ivan.ferrercayuela","article_published_time":"2024-06-28T17:21:33+00:00","og_image":[{"width":1500,"height":1000,"url":"http:\/\/deportesycomunicacion.com\/wp-content\/uploads\/2024\/06\/3JUJOL.jpg","type":"image\/jpeg"}],"author":"ivanferrer","twitter_card":"summary_large_image","twitter_creator":"@IFC1976","twitter_site":"@IFC1976","twitter_misc":{"Escrito por":"ivanferrer","Tiempo de lectura":"2 minutos"},"schema":{"@context":"https:\/\/schema.org","@graph":[{"@type":"Article","@id":"https:\/\/deportesycomunicacion.com\/?p=8931#article","isPartOf":{"@id":"https:\/\/deportesycomunicacion.com\/?p=8931"},"author":{"name":"ivanferrer","@id":"https:\/\/deportesycomunicacion.com\/#\/schema\/person\/5bd536572b924420557d2db2f98bdd16"},"headline":"\u00bfPor qu\u00e9 compites?","datePublished":"2024-06-28T17:21:33+00:00","mainEntityOfPage":{"@id":"https:\/\/deportesycomunicacion.com\/?p=8931"},"wordCount":322,"commentCount":0,"publisher":{"@id":"https:\/\/deportesycomunicacion.com\/#organization"},"image":{"@id":"https:\/\/deportesycomunicacion.com\/?p=8931#primaryimage"},"thumbnailUrl":"https:\/\/deportesycomunicacion.com\/wp-content\/uploads\/2024\/06\/3JUJOL.jpg","keywords":["AMIGOS","CHL JUJOL","GALA","HOCKEY EN LINEA","LLUIS"],"articleSection":["EN LAS TRICHERAS","HOCKEY EN LINEA"],"inLanguage":"es","potentialAction":[{"@type":"CommentAction","name":"Comment","target":["https:\/\/deportesycomunicacion.com\/?p=8931#respond"]}]},{"@type":"WebPage","@id":"https:\/\/deportesycomunicacion.com\/?p=8931","url":"https:\/\/deportesycomunicacion.com\/?p=8931","name":"\u00bfPor qu\u00e9 compites?","isPartOf":{"@id":"https:\/\/deportesycomunicacion.com\/#website"},"primaryImageOfPage":{"@id":"https:\/\/deportesycomunicacion.com\/?p=8931#primaryimage"},"image":{"@id":"https:\/\/deportesycomunicacion.com\/?p=8931#primaryimage"},"thumbnailUrl":"https:\/\/deportesycomunicacion.com\/wp-content\/uploads\/2024\/06\/3JUJOL.jpg","datePublished":"2024-06-28T17:21:33+00:00","description":"La realidad es c\u00edclicamente tozuda. Acab\u00f3 una temporada excepcional pero, tras el \u00faltimo partido, el contador vuelve a la casilla de salida, sin importar","breadcrumb":{"@id":"https:\/\/deportesycomunicacion.com\/?p=8931#breadcrumb"},"inLanguage":"es","potentialAction":[{"@type":"ReadAction","target":["https:\/\/deportesycomunicacion.com\/?p=8931"]}]},{"@type":"ImageObject","inLanguage":"es","@id":"https:\/\/deportesycomunicacion.com\/?p=8931#primaryimage","url":"https:\/\/deportesycomunicacion.com\/wp-content\/uploads\/2024\/06\/3JUJOL.jpg","contentUrl":"https:\/\/deportesycomunicacion.com\/wp-content\/uploads\/2024\/06\/3JUJOL.jpg","width":1500,"height":1000},{"@type":"BreadcrumbList","@id":"https:\/\/deportesycomunicacion.com\/?p=8931#breadcrumb","itemListElement":[{"@type":"ListItem","position":1,"name":"Portada","item":"https:\/\/deportesycomunicacion.com\/"},{"@type":"ListItem","position":2,"name":"\u00bfPor qu\u00e9 compites?"}]},{"@type":"WebSite","@id":"https:\/\/deportesycomunicacion.com\/#website","url":"https:\/\/deportesycomunicacion.com\/","name":"Deportes y Comunicaci\u00f3n","description":"Powered by Ivan Ferrer","publisher":{"@id":"https:\/\/deportesycomunicacion.com\/#organization"},"potentialAction":[{"@type":"SearchAction","target":{"@type":"EntryPoint","urlTemplate":"https:\/\/deportesycomunicacion.com\/?s={search_term_string}"},"query-input":{"@type":"PropertyValueSpecification","valueRequired":true,"valueName":"search_term_string"}}],"inLanguage":"es"},{"@type":"Organization","@id":"https:\/\/deportesycomunicacion.com\/#organization","name":"Deportes y Comunicaci\u00f3n","url":"https:\/\/deportesycomunicacion.com\/","logo":{"@type":"ImageObject","inLanguage":"es","@id":"https:\/\/deportesycomunicacion.com\/#\/schema\/logo\/image\/","url":"https:\/\/deportesycomunicacion.com\/wp-content\/uploads\/2013\/05\/cropped-Logo-Deportes-Comunicacion.jpg","contentUrl":"https:\/\/deportesycomunicacion.com\/wp-content\/uploads\/2013\/05\/cropped-Logo-Deportes-Comunicacion.jpg","width":300,"height":65,"caption":"Deportes y Comunicaci\u00f3n"},"image":{"@id":"https:\/\/deportesycomunicacion.com\/#\/schema\/logo\/image\/"},"sameAs":["https:\/\/www.facebook.com\/ivan.ferrercayuela","https:\/\/x.com\/IFC1976"]},{"@type":"Person","@id":"https:\/\/deportesycomunicacion.com\/#\/schema\/person\/5bd536572b924420557d2db2f98bdd16","name":"ivanferrer","url":"https:\/\/deportesycomunicacion.com\/?author=2"}]}},"_links":{"self":[{"href":"https:\/\/deportesycomunicacion.com\/index.php?rest_route=\/wp\/v2\/posts\/8931","targetHints":{"allow":["GET"]}}],"collection":[{"href":"https:\/\/deportesycomunicacion.com\/index.php?rest_route=\/wp\/v2\/posts"}],"about":[{"href":"https:\/\/deportesycomunicacion.com\/index.php?rest_route=\/wp\/v2\/types\/post"}],"author":[{"embeddable":true,"href":"https:\/\/deportesycomunicacion.com\/index.php?rest_route=\/wp\/v2\/users\/2"}],"replies":[{"embeddable":true,"href":"https:\/\/deportesycomunicacion.com\/index.php?rest_route=%2Fwp%2Fv2%2Fcomments&post=8931"}],"version-history":[{"count":1,"href":"https:\/\/deportesycomunicacion.com\/index.php?rest_route=\/wp\/v2\/posts\/8931\/revisions"}],"predecessor-version":[{"id":8933,"href":"https:\/\/deportesycomunicacion.com\/index.php?rest_route=\/wp\/v2\/posts\/8931\/revisions\/8933"}],"wp:featuredmedia":[{"embeddable":true,"href":"https:\/\/deportesycomunicacion.com\/index.php?rest_route=\/wp\/v2\/media\/8932"}],"wp:attachment":[{"href":"https:\/\/deportesycomunicacion.com\/index.php?rest_route=%2Fwp%2Fv2%2Fmedia&parent=8931"}],"wp:term":[{"taxonomy":"category","embeddable":true,"href":"https:\/\/deportesycomunicacion.com\/index.php?rest_route=%2Fwp%2Fv2%2Fcategories&post=8931"},{"taxonomy":"post_tag","embeddable":true,"href":"https:\/\/deportesycomunicacion.com\/index.php?rest_route=%2Fwp%2Fv2%2Ftags&post=8931"}],"curies":[{"name":"wp","href":"https:\/\/api.w.org\/{rel}","templated":true}]}}