{"id":9001,"date":"2024-09-23T21:59:52","date_gmt":"2024-09-23T19:59:52","guid":{"rendered":"https:\/\/deportesycomunicacion.com\/?p=9001"},"modified":"2024-09-23T21:59:53","modified_gmt":"2024-09-23T19:59:53","slug":"dentro-o-fuera-2","status":"publish","type":"post","link":"https:\/\/deportesycomunicacion.com\/?p=9001","title":{"rendered":"\u00bfDentro o fuera?"},"content":{"rendered":"\n<p>La sexta jornada signific\u00f3 una <strong><a href=\"https:\/\/www.fcbarcelonanoticias.com\/laliga\/villarreal-fc-barcelona-lesion-ter-stegen-amarga-goleada-lider-laliga_307429_102.html\" target=\"_blank\" rel=\"noreferrer noopener\">nueva exhibici\u00f3n azulgrana<\/a><\/strong>, pero qued\u00f3 total y absolutamente eclipsada por la lesi\u00f3n de <strong>Marc Andr\u00e9 Ter Stegen<\/strong>. La <strong><a href=\"https:\/\/x.com\/DAZN_ES\/status\/1837908296818139367?ref_src=twsrc%5Egoogle%7Ctwcamp%5Eserp%7Ctwgr%5Etweet\" target=\"_blank\" rel=\"noreferrer noopener\">rotura completa del tend\u00f3n rotuliano de su rodilla derecha<\/a><\/strong> abre un mel\u00f3n de complicada predicci\u00f3n. Lo que sin dudar ni un segundo ha supuesto reposiciones infinitas de jugadores en el resto de las diez posiciones del campo (la cantera del Bar\u00e7a se ha posicionado como una fuente inagotable de talento), en lo referente a la porter\u00eda ha significado un debate amargo.<\/p>\n\n\n\n<p>En el banquillo, como un efecto domin\u00f3 instant\u00e1neo, esperaban los guardametas I\u00f1aki Pe\u00f1a y <strong><a href=\"https:\/\/www.eldesmarque.com\/futbol\/fc-barcelona\/20240923\/quien-es-astralaga-alternativa-barcelona-inaki-pena-perfil-estadisticas_300452535.html\" target=\"_blank\" rel=\"noreferrer noopener\">Ander Astralaga<\/a><\/strong>. La lesi\u00f3n de larga duraci\u00f3n del capit\u00e1n alem\u00e1n ha puesto sobre la mesa si se conf\u00eda en lo que hay en casa o si, por el contrario, es necesario recurrir a <strong><a href=\"https:\/\/www.mundodeportivo.com\/futbol\/fc-barcelona\/20240923\/1002320524\/10-porteros-libres-cubrir-baja-ter-stegen.html\" target=\"_blank\" rel=\"noreferrer noopener\">porteros de solvencia contrastada inmediata que actualmente est\u00e1n sin equipo<\/a><\/strong>. La n\u00f3mina de candidatos incluye al exguardameta del PSG y Real Madrid Keylor Navas, Jordi Masip (con pasado barcelonista), Edgar Badia (cortado por el Elche) o Loris Karius (de infausto recuerdo para los aficionados del Liverpool), entre otros.<\/p>\n\n\n\n<p>La bifurcaci\u00f3n pasa por seguir confiando ciegamente en la casa o en buscar talento y tranquilidad fuera de ella. Dif\u00edcil decisi\u00f3n en un puesto tan especial, singular y comprometido como es el de cancerbero&#8230;<\/p>\n\n\n\n<p><strong>\u00bfSiempre hay que recurrir a lo que tienes a mano inmediatamente? \u00bfO vale la pena buscar la mejora fuera?       <\/strong><\/p>\n\n\n\n<p>Imagen de <a href=\"https:\/\/pixabay.com\/es\/users\/trent_garverick-4726407\/?utm_source=link-attribution&amp;utm_medium=referral&amp;utm_campaign=image&amp;utm_content=5467806\">Trent Garverick<\/a> en <a href=\"https:\/\/pixabay.com\/es\/\/?utm_source=link-attribution&amp;utm_medium=referral&amp;utm_campaign=image&amp;utm_content=5467806\">Pixabay<\/a><\/p>\n\n\n\n<p><\/p>\n","protected":false},"excerpt":{"rendered":"<p>La sexta jornada signific\u00f3 una nueva exhibici\u00f3n azulgrana, pero qued\u00f3 total y absolutamente eclipsada por la &hellip; <a title=\"\u00bfDentro o fuera?\" class=\"hm-read-more\" href=\"https:\/\/deportesycomunicacion.com\/?p=9001\"><span class=\"screen-reader-text\">\u00bfDentro o fuera?<\/span>Leer m\u00e1s<\/a><\/p>\n","protected":false},"author":2,"featured_media":9002,"comment_status":"open","ping_status":"open","sticky":false,"template":"","format":"standard","meta":{"footnotes":""},"categories":[7],"tags":[1056,84,2600,463,2601],"class_list":["post-9001","post","type-post","status-publish","format-standard","has-post-thumbnail","hentry","category-futbol","tag-futbol","tag-lesion","tag-marc-andre-ter-stegen-2","tag-portero","tag-sustituto"],"yoast_head":"<!-- This site is optimized with the Yoast SEO plugin v24.8.1 - https:\/\/yoast.com\/wordpress\/plugins\/seo\/ -->\n<title>\u00bfDentro o fuera?<\/title>\n<meta name=\"description\" content=\"La sexta jornada signific\u00f3 una nueva exhibici\u00f3n azulgrana, pero qued\u00f3 total y absolutamente eclipsada por la lesi\u00f3n de Marc Andr\u00e9 Ter Stegen. La rotura\" \/>\n<meta name=\"robots\" content=\"index, follow, max-snippet:-1, max-image-preview:large, max-video-preview:-1\" \/>\n<link rel=\"canonical\" href=\"https:\/\/deportesycomunicacion.com\/?p=9001\" \/>\n<meta property=\"og:locale\" content=\"es_ES\" \/>\n<meta property=\"og:type\" content=\"article\" \/>\n<meta property=\"og:title\" content=\"\u00bfDentro o fuera?\" \/>\n<meta property=\"og:description\" content=\"La sexta jornada signific\u00f3 una nueva exhibici\u00f3n azulgrana, pero qued\u00f3 total y absolutamente eclipsada por la lesi\u00f3n de Marc Andr\u00e9 Ter Stegen. La rotura\" \/>\n<meta property=\"og:url\" content=\"https:\/\/deportesycomunicacion.com\/?p=9001\" \/>\n<meta property=\"og:site_name\" content=\"Deportes y Comunicaci\u00f3n\" \/>\n<meta property=\"article:publisher\" content=\"https:\/\/www.facebook.com\/ivan.ferrercayuela\" \/>\n<meta property=\"article:published_time\" content=\"2024-09-23T19:59:52+00:00\" \/>\n<meta property=\"article:modified_time\" content=\"2024-09-23T19:59:53+00:00\" \/>\n<meta property=\"og:image\" content=\"http:\/\/deportesycomunicacion.com\/wp-content\/uploads\/2024\/09\/restaurant-5467806_1280.jpg\" \/>\n\t<meta property=\"og:image:width\" content=\"1280\" \/>\n\t<meta property=\"og:image:height\" content=\"720\" \/>\n\t<meta property=\"og:image:type\" content=\"image\/jpeg\" \/>\n<meta name=\"author\" content=\"ivanferrer\" \/>\n<meta name=\"twitter:card\" content=\"summary_large_image\" \/>\n<meta name=\"twitter:creator\" content=\"@IFC1976\" \/>\n<meta name=\"twitter:site\" content=\"@IFC1976\" \/>\n<meta name=\"twitter:label1\" content=\"Escrito por\" \/>\n\t<meta name=\"twitter:data1\" content=\"ivanferrer\" \/>\n\t<meta name=\"twitter:label2\" content=\"Tiempo de lectura\" \/>\n\t<meta name=\"twitter:data2\" content=\"2 minutos\" \/>\n<script type=\"application\/ld+json\" class=\"yoast-schema-graph\">{\"@context\":\"https:\/\/schema.org\",\"@graph\":[{\"@type\":\"Article\",\"@id\":\"https:\/\/deportesycomunicacion.com\/?p=9001#article\",\"isPartOf\":{\"@id\":\"https:\/\/deportesycomunicacion.com\/?p=9001\"},\"author\":{\"name\":\"ivanferrer\",\"@id\":\"https:\/\/deportesycomunicacion.com\/#\/schema\/person\/5bd536572b924420557d2db2f98bdd16\"},\"headline\":\"\u00bfDentro o fuera?\",\"datePublished\":\"2024-09-23T19:59:52+00:00\",\"dateModified\":\"2024-09-23T19:59:53+00:00\",\"mainEntityOfPage\":{\"@id\":\"https:\/\/deportesycomunicacion.com\/?p=9001\"},\"wordCount\":261,\"commentCount\":0,\"publisher\":{\"@id\":\"https:\/\/deportesycomunicacion.com\/#organization\"},\"image\":{\"@id\":\"https:\/\/deportesycomunicacion.com\/?p=9001#primaryimage\"},\"thumbnailUrl\":\"https:\/\/deportesycomunicacion.com\/wp-content\/uploads\/2024\/09\/restaurant-5467806_1280.jpg\",\"keywords\":[\"FUTBOL\",\"LESION\",\"MARC ANDRE TER STEGEN\",\"PORTERO\",\"SUSTITUTO\"],\"articleSection\":[\"FUTBOL\"],\"inLanguage\":\"es\",\"potentialAction\":[{\"@type\":\"CommentAction\",\"name\":\"Comment\",\"target\":[\"https:\/\/deportesycomunicacion.com\/?p=9001#respond\"]}]},{\"@type\":\"WebPage\",\"@id\":\"https:\/\/deportesycomunicacion.com\/?p=9001\",\"url\":\"https:\/\/deportesycomunicacion.com\/?p=9001\",\"name\":\"\u00bfDentro o fuera?\",\"isPartOf\":{\"@id\":\"https:\/\/deportesycomunicacion.com\/#website\"},\"primaryImageOfPage\":{\"@id\":\"https:\/\/deportesycomunicacion.com\/?p=9001#primaryimage\"},\"image\":{\"@id\":\"https:\/\/deportesycomunicacion.com\/?p=9001#primaryimage\"},\"thumbnailUrl\":\"https:\/\/deportesycomunicacion.com\/wp-content\/uploads\/2024\/09\/restaurant-5467806_1280.jpg\",\"datePublished\":\"2024-09-23T19:59:52+00:00\",\"dateModified\":\"2024-09-23T19:59:53+00:00\",\"description\":\"La sexta jornada signific\u00f3 una nueva exhibici\u00f3n azulgrana, pero qued\u00f3 total y absolutamente eclipsada por la lesi\u00f3n de Marc Andr\u00e9 Ter Stegen. La rotura\",\"breadcrumb\":{\"@id\":\"https:\/\/deportesycomunicacion.com\/?p=9001#breadcrumb\"},\"inLanguage\":\"es\",\"potentialAction\":[{\"@type\":\"ReadAction\",\"target\":[\"https:\/\/deportesycomunicacion.com\/?p=9001\"]}]},{\"@type\":\"ImageObject\",\"inLanguage\":\"es\",\"@id\":\"https:\/\/deportesycomunicacion.com\/?p=9001#primaryimage\",\"url\":\"https:\/\/deportesycomunicacion.com\/wp-content\/uploads\/2024\/09\/restaurant-5467806_1280.jpg\",\"contentUrl\":\"https:\/\/deportesycomunicacion.com\/wp-content\/uploads\/2024\/09\/restaurant-5467806_1280.jpg\",\"width\":1280,\"height\":720},{\"@type\":\"BreadcrumbList\",\"@id\":\"https:\/\/deportesycomunicacion.com\/?p=9001#breadcrumb\",\"itemListElement\":[{\"@type\":\"ListItem\",\"position\":1,\"name\":\"Portada\",\"item\":\"https:\/\/deportesycomunicacion.com\/\"},{\"@type\":\"ListItem\",\"position\":2,\"name\":\"\u00bfDentro o fuera?\"}]},{\"@type\":\"WebSite\",\"@id\":\"https:\/\/deportesycomunicacion.com\/#website\",\"url\":\"https:\/\/deportesycomunicacion.com\/\",\"name\":\"Deportes y Comunicaci\u00f3n\",\"description\":\"Powered by Ivan Ferrer\",\"publisher\":{\"@id\":\"https:\/\/deportesycomunicacion.com\/#organization\"},\"potentialAction\":[{\"@type\":\"SearchAction\",\"target\":{\"@type\":\"EntryPoint\",\"urlTemplate\":\"https:\/\/deportesycomunicacion.com\/?s={search_term_string}\"},\"query-input\":{\"@type\":\"PropertyValueSpecification\",\"valueRequired\":true,\"valueName\":\"search_term_string\"}}],\"inLanguage\":\"es\"},{\"@type\":\"Organization\",\"@id\":\"https:\/\/deportesycomunicacion.com\/#organization\",\"name\":\"Deportes y Comunicaci\u00f3n\",\"url\":\"https:\/\/deportesycomunicacion.com\/\",\"logo\":{\"@type\":\"ImageObject\",\"inLanguage\":\"es\",\"@id\":\"https:\/\/deportesycomunicacion.com\/#\/schema\/logo\/image\/\",\"url\":\"https:\/\/deportesycomunicacion.com\/wp-content\/uploads\/2013\/05\/cropped-Logo-Deportes-Comunicacion.jpg\",\"contentUrl\":\"https:\/\/deportesycomunicacion.com\/wp-content\/uploads\/2013\/05\/cropped-Logo-Deportes-Comunicacion.jpg\",\"width\":300,\"height\":65,\"caption\":\"Deportes y Comunicaci\u00f3n\"},\"image\":{\"@id\":\"https:\/\/deportesycomunicacion.com\/#\/schema\/logo\/image\/\"},\"sameAs\":[\"https:\/\/www.facebook.com\/ivan.ferrercayuela\",\"https:\/\/x.com\/IFC1976\"]},{\"@type\":\"Person\",\"@id\":\"https:\/\/deportesycomunicacion.com\/#\/schema\/person\/5bd536572b924420557d2db2f98bdd16\",\"name\":\"ivanferrer\",\"url\":\"https:\/\/deportesycomunicacion.com\/?author=2\"}]}<\/script>\n<!-- \/ Yoast SEO plugin. -->","yoast_head_json":{"title":"\u00bfDentro o fuera?","description":"La sexta jornada signific\u00f3 una nueva exhibici\u00f3n azulgrana, pero qued\u00f3 total y absolutamente eclipsada por la lesi\u00f3n de Marc Andr\u00e9 Ter Stegen. La rotura","robots":{"index":"index","follow":"follow","max-snippet":"max-snippet:-1","max-image-preview":"max-image-preview:large","max-video-preview":"max-video-preview:-1"},"canonical":"https:\/\/deportesycomunicacion.com\/?p=9001","og_locale":"es_ES","og_type":"article","og_title":"\u00bfDentro o fuera?","og_description":"La sexta jornada signific\u00f3 una nueva exhibici\u00f3n azulgrana, pero qued\u00f3 total y absolutamente eclipsada por la lesi\u00f3n de Marc Andr\u00e9 Ter Stegen. La rotura","og_url":"https:\/\/deportesycomunicacion.com\/?p=9001","og_site_name":"Deportes y Comunicaci\u00f3n","article_publisher":"https:\/\/www.facebook.com\/ivan.ferrercayuela","article_published_time":"2024-09-23T19:59:52+00:00","article_modified_time":"2024-09-23T19:59:53+00:00","og_image":[{"width":1280,"height":720,"url":"http:\/\/deportesycomunicacion.com\/wp-content\/uploads\/2024\/09\/restaurant-5467806_1280.jpg","type":"image\/jpeg"}],"author":"ivanferrer","twitter_card":"summary_large_image","twitter_creator":"@IFC1976","twitter_site":"@IFC1976","twitter_misc":{"Escrito por":"ivanferrer","Tiempo de lectura":"2 minutos"},"schema":{"@context":"https:\/\/schema.org","@graph":[{"@type":"Article","@id":"https:\/\/deportesycomunicacion.com\/?p=9001#article","isPartOf":{"@id":"https:\/\/deportesycomunicacion.com\/?p=9001"},"author":{"name":"ivanferrer","@id":"https:\/\/deportesycomunicacion.com\/#\/schema\/person\/5bd536572b924420557d2db2f98bdd16"},"headline":"\u00bfDentro o fuera?","datePublished":"2024-09-23T19:59:52+00:00","dateModified":"2024-09-23T19:59:53+00:00","mainEntityOfPage":{"@id":"https:\/\/deportesycomunicacion.com\/?p=9001"},"wordCount":261,"commentCount":0,"publisher":{"@id":"https:\/\/deportesycomunicacion.com\/#organization"},"image":{"@id":"https:\/\/deportesycomunicacion.com\/?p=9001#primaryimage"},"thumbnailUrl":"https:\/\/deportesycomunicacion.com\/wp-content\/uploads\/2024\/09\/restaurant-5467806_1280.jpg","keywords":["FUTBOL","LESION","MARC ANDRE TER STEGEN","PORTERO","SUSTITUTO"],"articleSection":["FUTBOL"],"inLanguage":"es","potentialAction":[{"@type":"CommentAction","name":"Comment","target":["https:\/\/deportesycomunicacion.com\/?p=9001#respond"]}]},{"@type":"WebPage","@id":"https:\/\/deportesycomunicacion.com\/?p=9001","url":"https:\/\/deportesycomunicacion.com\/?p=9001","name":"\u00bfDentro o fuera?","isPartOf":{"@id":"https:\/\/deportesycomunicacion.com\/#website"},"primaryImageOfPage":{"@id":"https:\/\/deportesycomunicacion.com\/?p=9001#primaryimage"},"image":{"@id":"https:\/\/deportesycomunicacion.com\/?p=9001#primaryimage"},"thumbnailUrl":"https:\/\/deportesycomunicacion.com\/wp-content\/uploads\/2024\/09\/restaurant-5467806_1280.jpg","datePublished":"2024-09-23T19:59:52+00:00","dateModified":"2024-09-23T19:59:53+00:00","description":"La sexta jornada signific\u00f3 una nueva exhibici\u00f3n azulgrana, pero qued\u00f3 total y absolutamente eclipsada por la lesi\u00f3n de Marc Andr\u00e9 Ter Stegen. La rotura","breadcrumb":{"@id":"https:\/\/deportesycomunicacion.com\/?p=9001#breadcrumb"},"inLanguage":"es","potentialAction":[{"@type":"ReadAction","target":["https:\/\/deportesycomunicacion.com\/?p=9001"]}]},{"@type":"ImageObject","inLanguage":"es","@id":"https:\/\/deportesycomunicacion.com\/?p=9001#primaryimage","url":"https:\/\/deportesycomunicacion.com\/wp-content\/uploads\/2024\/09\/restaurant-5467806_1280.jpg","contentUrl":"https:\/\/deportesycomunicacion.com\/wp-content\/uploads\/2024\/09\/restaurant-5467806_1280.jpg","width":1280,"height":720},{"@type":"BreadcrumbList","@id":"https:\/\/deportesycomunicacion.com\/?p=9001#breadcrumb","itemListElement":[{"@type":"ListItem","position":1,"name":"Portada","item":"https:\/\/deportesycomunicacion.com\/"},{"@type":"ListItem","position":2,"name":"\u00bfDentro o fuera?"}]},{"@type":"WebSite","@id":"https:\/\/deportesycomunicacion.com\/#website","url":"https:\/\/deportesycomunicacion.com\/","name":"Deportes y Comunicaci\u00f3n","description":"Powered by Ivan Ferrer","publisher":{"@id":"https:\/\/deportesycomunicacion.com\/#organization"},"potentialAction":[{"@type":"SearchAction","target":{"@type":"EntryPoint","urlTemplate":"https:\/\/deportesycomunicacion.com\/?s={search_term_string}"},"query-input":{"@type":"PropertyValueSpecification","valueRequired":true,"valueName":"search_term_string"}}],"inLanguage":"es"},{"@type":"Organization","@id":"https:\/\/deportesycomunicacion.com\/#organization","name":"Deportes y Comunicaci\u00f3n","url":"https:\/\/deportesycomunicacion.com\/","logo":{"@type":"ImageObject","inLanguage":"es","@id":"https:\/\/deportesycomunicacion.com\/#\/schema\/logo\/image\/","url":"https:\/\/deportesycomunicacion.com\/wp-content\/uploads\/2013\/05\/cropped-Logo-Deportes-Comunicacion.jpg","contentUrl":"https:\/\/deportesycomunicacion.com\/wp-content\/uploads\/2013\/05\/cropped-Logo-Deportes-Comunicacion.jpg","width":300,"height":65,"caption":"Deportes y Comunicaci\u00f3n"},"image":{"@id":"https:\/\/deportesycomunicacion.com\/#\/schema\/logo\/image\/"},"sameAs":["https:\/\/www.facebook.com\/ivan.ferrercayuela","https:\/\/x.com\/IFC1976"]},{"@type":"Person","@id":"https:\/\/deportesycomunicacion.com\/#\/schema\/person\/5bd536572b924420557d2db2f98bdd16","name":"ivanferrer","url":"https:\/\/deportesycomunicacion.com\/?author=2"}]}},"_links":{"self":[{"href":"https:\/\/deportesycomunicacion.com\/index.php?rest_route=\/wp\/v2\/posts\/9001","targetHints":{"allow":["GET"]}}],"collection":[{"href":"https:\/\/deportesycomunicacion.com\/index.php?rest_route=\/wp\/v2\/posts"}],"about":[{"href":"https:\/\/deportesycomunicacion.com\/index.php?rest_route=\/wp\/v2\/types\/post"}],"author":[{"embeddable":true,"href":"https:\/\/deportesycomunicacion.com\/index.php?rest_route=\/wp\/v2\/users\/2"}],"replies":[{"embeddable":true,"href":"https:\/\/deportesycomunicacion.com\/index.php?rest_route=%2Fwp%2Fv2%2Fcomments&post=9001"}],"version-history":[{"count":2,"href":"https:\/\/deportesycomunicacion.com\/index.php?rest_route=\/wp\/v2\/posts\/9001\/revisions"}],"predecessor-version":[{"id":9004,"href":"https:\/\/deportesycomunicacion.com\/index.php?rest_route=\/wp\/v2\/posts\/9001\/revisions\/9004"}],"wp:featuredmedia":[{"embeddable":true,"href":"https:\/\/deportesycomunicacion.com\/index.php?rest_route=\/wp\/v2\/media\/9002"}],"wp:attachment":[{"href":"https:\/\/deportesycomunicacion.com\/index.php?rest_route=%2Fwp%2Fv2%2Fmedia&parent=9001"}],"wp:term":[{"taxonomy":"category","embeddable":true,"href":"https:\/\/deportesycomunicacion.com\/index.php?rest_route=%2Fwp%2Fv2%2Fcategories&post=9001"},{"taxonomy":"post_tag","embeddable":true,"href":"https:\/\/deportesycomunicacion.com\/index.php?rest_route=%2Fwp%2Fv2%2Ftags&post=9001"}],"curies":[{"name":"wp","href":"https:\/\/api.w.org\/{rel}","templated":true}]}}