{"id":9068,"date":"2024-12-02T14:20:06","date_gmt":"2024-12-02T13:20:06","guid":{"rendered":"https:\/\/deportesycomunicacion.com\/?p=9068"},"modified":"2024-12-02T14:27:28","modified_gmt":"2024-12-02T13:27:28","slug":"titulos-o-emociones","status":"publish","type":"post","link":"https:\/\/deportesycomunicacion.com\/?p=9068","title":{"rendered":"\u00bfT\u00edtulos o emociones?"},"content":{"rendered":"\n<p><strong>125 a\u00f1os<\/strong> dan para infinidad de historias. Desde aquel lejano <strong><a href=\"https:\/\/www.fcbarcelona.es\/es\/ficha\/643865\/1899-09-nacimiento-y-supervivencia\" target=\"_blank\" rel=\"noreferrer noopener\">22 de octubre de 1899<\/a><\/strong>, en el que se puso un anuncio en el peri\u00f3dico para crear un equipo de <strong>f\u00fatbol<\/strong> en la ciudad de Barcelona, han pasado centenares de jugadores, innumerables leyendas y an\u00e9cdotas para parar un cami\u00f3n. El <strong>Bar\u00e7a<\/strong> ha sido uno de los hilos conductores de mi vida, una realidad que ha trenzado historias con familiares, amigos e incluso desconocidos. Desde que tengo uso de raz\u00f3n (lo certifica mi foto con unos tres a\u00f1os con el 3 de <strong><a href=\"https:\/\/players.fcbarcelona.com\/es\/jugador\/552-migueli-miguel-bernardo-bianquetti\" target=\"_blank\" rel=\"noreferrer noopener\">Migueli<\/a><\/strong> a la espalda) soy cul\u00e9; en casa no existi\u00f3 alternativa alguna. M\u00e1s all\u00e1 de partidos \u00e9picos, he vivido muchos momentos de forma hiperb\u00f3lica, amplificados por la emoci\u00f3n y la explosi\u00f3n del momento.<\/p>\n\n\n\n<p>La extra\u00f1a sensaci\u00f3n de jugar con la <strong><a href=\"https:\/\/www.futbolchapasretro.es\/chapas\/fc-barcelona-1988-1989\/\" target=\"_blank\" rel=\"noreferrer noopener\">camiseta suple<\/a><a href=\"https:\/\/www.futbolchapasretro.es\/chapas\/fc-barcelona-1988-1989\/\">nte azul<\/a><\/strong> y el escudo del Bar\u00e7a, siendo jugador de la Penya Barcelonista Les Corts. Hubo un problema con las el\u00e1sticas de juego y no llegaron a tiempo para cambiarlo por el emblema del equipo (estaba prohibid\u00edsimo jugar con el equipaje del primer equipo si no formabas parte de las categor\u00edas inferiores). La frustraci\u00f3n, cada vez que ten\u00eda que acompa\u00f1ar a mi hermana al lavabo (en el maldito id\u00e9ntico lapso de tiempo en el que le pitaban una falta directa al borde del \u00e1rea al Bar\u00e7a y que la ejecutaba magistralmente Bernd Schuster). El estado catat\u00f3nico en el que quedamos mi padre y yo tras la <strong><a href=\"https:\/\/www.youtube.com\/watch?v=49NlzBzguZw\" target=\"_blank\" rel=\"noreferrer noopener\">remontada copera ante el Atl\u00e9tico de Madrid<\/a><\/strong>. Y la celebraci\u00f3n en el Nou Camp, ante la sorpresa de propios y extra\u00f1os, del <strong><a href=\"https:\/\/www.youtube.com\/watch?v=SS-C4S9ZAo8\" target=\"_blank\" rel=\"noreferrer noopener\">gol de Julio Salinas con el Depor <\/a><\/strong>(jugador que me encantaba), que le robaba la victoria al Bar\u00e7a en el \u00faltimo suspiro (es el \u00fanico tanto que he celebrado en mi vida de un rival).<\/p>\n\n\n\n<p>El deporte son batallitas y emociones, el palmar\u00e9s y las estad\u00edsticas los dejo para analistas y hemerotecas&#8230;<\/p>\n\n\n\n<p><strong>\u00bfQu\u00e9 recuerdas m\u00e1s de los cumplea\u00f1os?<\/strong><\/p>\n\n\n\n<p>Imagen de <a href=\"https:\/\/pixabay.com\/es\/users\/bru-no-1161770\/?utm_source=link-attribution&amp;utm_medium=referral&amp;utm_campaign=image&amp;utm_content=3554917\">Bruno<\/a> en <a href=\"https:\/\/pixabay.com\/es\/\/?utm_source=link-attribution&amp;utm_medium=referral&amp;utm_campaign=image&amp;utm_content=3554917\">Pixabay<\/a><\/p>\n\n\n\n<p><\/p>\n","protected":false},"excerpt":{"rendered":"<p>125 a\u00f1os dan para infinidad de historias. Desde aquel lejano 22 de octubre de 1899, en &hellip; <a title=\"\u00bfT\u00edtulos o emociones?\" class=\"hm-read-more\" href=\"https:\/\/deportesycomunicacion.com\/?p=9068\"><span class=\"screen-reader-text\">\u00bfT\u00edtulos o emociones?<\/span>Leer m\u00e1s<\/a><\/p>\n","protected":false},"author":2,"featured_media":9070,"comment_status":"open","ping_status":"open","sticky":false,"template":"","format":"standard","meta":{"footnotes":""},"categories":[67,7],"tags":[2616,2615,266,1056],"class_list":["post-9068","post","type-post","status-publish","format-standard","has-post-thumbnail","hentry","category-en-las-tricheras","category-futbol","tag-125-anos","tag-aniversario","tag-fc-barcelona","tag-futbol"],"yoast_head":"<!-- This site is optimized with the Yoast SEO plugin v24.8.1 - https:\/\/yoast.com\/wordpress\/plugins\/seo\/ -->\n<title>\u00bfT\u00edtulos o emociones?<\/title>\n<meta name=\"description\" content=\"125 a\u00f1os dan para infinidad de historias. Desde aquel lejano 22 de octubre de 1899, en el que se puso un anuncio en el peri\u00f3dico para crear un equipo de\" \/>\n<meta name=\"robots\" content=\"index, follow, max-snippet:-1, max-image-preview:large, max-video-preview:-1\" \/>\n<link rel=\"canonical\" href=\"https:\/\/deportesycomunicacion.com\/?p=9068\" \/>\n<meta property=\"og:locale\" content=\"es_ES\" \/>\n<meta property=\"og:type\" content=\"article\" \/>\n<meta property=\"og:title\" content=\"\u00bfT\u00edtulos o emociones?\" \/>\n<meta property=\"og:description\" content=\"125 a\u00f1os dan para infinidad de historias. Desde aquel lejano 22 de octubre de 1899, en el que se puso un anuncio en el peri\u00f3dico para crear un equipo de\" \/>\n<meta property=\"og:url\" content=\"https:\/\/deportesycomunicacion.com\/?p=9068\" \/>\n<meta property=\"og:site_name\" content=\"Deportes y Comunicaci\u00f3n\" \/>\n<meta property=\"article:publisher\" content=\"https:\/\/www.facebook.com\/ivan.ferrercayuela\" \/>\n<meta property=\"article:published_time\" content=\"2024-12-02T13:20:06+00:00\" \/>\n<meta property=\"article:modified_time\" content=\"2024-12-02T13:27:28+00:00\" \/>\n<meta property=\"og:image\" content=\"http:\/\/deportesycomunicacion.com\/wp-content\/uploads\/2024\/12\/muffin-3554917_1280.jpg\" \/>\n\t<meta property=\"og:image:width\" content=\"1280\" \/>\n\t<meta property=\"og:image:height\" content=\"853\" \/>\n\t<meta property=\"og:image:type\" content=\"image\/jpeg\" \/>\n<meta name=\"author\" content=\"ivanferrer\" \/>\n<meta name=\"twitter:card\" content=\"summary_large_image\" \/>\n<meta name=\"twitter:creator\" content=\"@IFC1976\" \/>\n<meta name=\"twitter:site\" content=\"@IFC1976\" \/>\n<meta name=\"twitter:label1\" content=\"Escrito por\" \/>\n\t<meta name=\"twitter:data1\" content=\"ivanferrer\" \/>\n\t<meta name=\"twitter:label2\" content=\"Tiempo de lectura\" \/>\n\t<meta name=\"twitter:data2\" content=\"2 minutos\" \/>\n<script type=\"application\/ld+json\" class=\"yoast-schema-graph\">{\"@context\":\"https:\/\/schema.org\",\"@graph\":[{\"@type\":\"Article\",\"@id\":\"https:\/\/deportesycomunicacion.com\/?p=9068#article\",\"isPartOf\":{\"@id\":\"https:\/\/deportesycomunicacion.com\/?p=9068\"},\"author\":{\"name\":\"ivanferrer\",\"@id\":\"https:\/\/deportesycomunicacion.com\/#\/schema\/person\/5bd536572b924420557d2db2f98bdd16\"},\"headline\":\"\u00bfT\u00edtulos o emociones?\",\"datePublished\":\"2024-12-02T13:20:06+00:00\",\"dateModified\":\"2024-12-02T13:27:28+00:00\",\"mainEntityOfPage\":{\"@id\":\"https:\/\/deportesycomunicacion.com\/?p=9068\"},\"wordCount\":356,\"commentCount\":0,\"publisher\":{\"@id\":\"https:\/\/deportesycomunicacion.com\/#organization\"},\"image\":{\"@id\":\"https:\/\/deportesycomunicacion.com\/?p=9068#primaryimage\"},\"thumbnailUrl\":\"https:\/\/deportesycomunicacion.com\/wp-content\/uploads\/2024\/12\/muffin-3554917_1280.jpg\",\"keywords\":[\"125 A\u00d1OS\",\"ANIVERSARIO\",\"FC BARCELONA\",\"FUTBOL\"],\"articleSection\":[\"EN LAS TRICHERAS\",\"FUTBOL\"],\"inLanguage\":\"es\",\"potentialAction\":[{\"@type\":\"CommentAction\",\"name\":\"Comment\",\"target\":[\"https:\/\/deportesycomunicacion.com\/?p=9068#respond\"]}]},{\"@type\":\"WebPage\",\"@id\":\"https:\/\/deportesycomunicacion.com\/?p=9068\",\"url\":\"https:\/\/deportesycomunicacion.com\/?p=9068\",\"name\":\"\u00bfT\u00edtulos o emociones?\",\"isPartOf\":{\"@id\":\"https:\/\/deportesycomunicacion.com\/#website\"},\"primaryImageOfPage\":{\"@id\":\"https:\/\/deportesycomunicacion.com\/?p=9068#primaryimage\"},\"image\":{\"@id\":\"https:\/\/deportesycomunicacion.com\/?p=9068#primaryimage\"},\"thumbnailUrl\":\"https:\/\/deportesycomunicacion.com\/wp-content\/uploads\/2024\/12\/muffin-3554917_1280.jpg\",\"datePublished\":\"2024-12-02T13:20:06+00:00\",\"dateModified\":\"2024-12-02T13:27:28+00:00\",\"description\":\"125 a\u00f1os dan para infinidad de historias. Desde aquel lejano 22 de octubre de 1899, en el que se puso un anuncio en el peri\u00f3dico para crear un equipo de\",\"breadcrumb\":{\"@id\":\"https:\/\/deportesycomunicacion.com\/?p=9068#breadcrumb\"},\"inLanguage\":\"es\",\"potentialAction\":[{\"@type\":\"ReadAction\",\"target\":[\"https:\/\/deportesycomunicacion.com\/?p=9068\"]}]},{\"@type\":\"ImageObject\",\"inLanguage\":\"es\",\"@id\":\"https:\/\/deportesycomunicacion.com\/?p=9068#primaryimage\",\"url\":\"https:\/\/deportesycomunicacion.com\/wp-content\/uploads\/2024\/12\/muffin-3554917_1280.jpg\",\"contentUrl\":\"https:\/\/deportesycomunicacion.com\/wp-content\/uploads\/2024\/12\/muffin-3554917_1280.jpg\",\"width\":1280,\"height\":853},{\"@type\":\"BreadcrumbList\",\"@id\":\"https:\/\/deportesycomunicacion.com\/?p=9068#breadcrumb\",\"itemListElement\":[{\"@type\":\"ListItem\",\"position\":1,\"name\":\"Portada\",\"item\":\"https:\/\/deportesycomunicacion.com\/\"},{\"@type\":\"ListItem\",\"position\":2,\"name\":\"\u00bfT\u00edtulos o emociones?\"}]},{\"@type\":\"WebSite\",\"@id\":\"https:\/\/deportesycomunicacion.com\/#website\",\"url\":\"https:\/\/deportesycomunicacion.com\/\",\"name\":\"Deportes y Comunicaci\u00f3n\",\"description\":\"Powered by Ivan Ferrer\",\"publisher\":{\"@id\":\"https:\/\/deportesycomunicacion.com\/#organization\"},\"potentialAction\":[{\"@type\":\"SearchAction\",\"target\":{\"@type\":\"EntryPoint\",\"urlTemplate\":\"https:\/\/deportesycomunicacion.com\/?s={search_term_string}\"},\"query-input\":{\"@type\":\"PropertyValueSpecification\",\"valueRequired\":true,\"valueName\":\"search_term_string\"}}],\"inLanguage\":\"es\"},{\"@type\":\"Organization\",\"@id\":\"https:\/\/deportesycomunicacion.com\/#organization\",\"name\":\"Deportes y Comunicaci\u00f3n\",\"url\":\"https:\/\/deportesycomunicacion.com\/\",\"logo\":{\"@type\":\"ImageObject\",\"inLanguage\":\"es\",\"@id\":\"https:\/\/deportesycomunicacion.com\/#\/schema\/logo\/image\/\",\"url\":\"https:\/\/deportesycomunicacion.com\/wp-content\/uploads\/2013\/05\/cropped-Logo-Deportes-Comunicacion.jpg\",\"contentUrl\":\"https:\/\/deportesycomunicacion.com\/wp-content\/uploads\/2013\/05\/cropped-Logo-Deportes-Comunicacion.jpg\",\"width\":300,\"height\":65,\"caption\":\"Deportes y Comunicaci\u00f3n\"},\"image\":{\"@id\":\"https:\/\/deportesycomunicacion.com\/#\/schema\/logo\/image\/\"},\"sameAs\":[\"https:\/\/www.facebook.com\/ivan.ferrercayuela\",\"https:\/\/x.com\/IFC1976\"]},{\"@type\":\"Person\",\"@id\":\"https:\/\/deportesycomunicacion.com\/#\/schema\/person\/5bd536572b924420557d2db2f98bdd16\",\"name\":\"ivanferrer\",\"url\":\"https:\/\/deportesycomunicacion.com\/?author=2\"}]}<\/script>\n<!-- \/ Yoast SEO plugin. -->","yoast_head_json":{"title":"\u00bfT\u00edtulos o emociones?","description":"125 a\u00f1os dan para infinidad de historias. Desde aquel lejano 22 de octubre de 1899, en el que se puso un anuncio en el peri\u00f3dico para crear un equipo de","robots":{"index":"index","follow":"follow","max-snippet":"max-snippet:-1","max-image-preview":"max-image-preview:large","max-video-preview":"max-video-preview:-1"},"canonical":"https:\/\/deportesycomunicacion.com\/?p=9068","og_locale":"es_ES","og_type":"article","og_title":"\u00bfT\u00edtulos o emociones?","og_description":"125 a\u00f1os dan para infinidad de historias. Desde aquel lejano 22 de octubre de 1899, en el que se puso un anuncio en el peri\u00f3dico para crear un equipo de","og_url":"https:\/\/deportesycomunicacion.com\/?p=9068","og_site_name":"Deportes y Comunicaci\u00f3n","article_publisher":"https:\/\/www.facebook.com\/ivan.ferrercayuela","article_published_time":"2024-12-02T13:20:06+00:00","article_modified_time":"2024-12-02T13:27:28+00:00","og_image":[{"width":1280,"height":853,"url":"http:\/\/deportesycomunicacion.com\/wp-content\/uploads\/2024\/12\/muffin-3554917_1280.jpg","type":"image\/jpeg"}],"author":"ivanferrer","twitter_card":"summary_large_image","twitter_creator":"@IFC1976","twitter_site":"@IFC1976","twitter_misc":{"Escrito por":"ivanferrer","Tiempo de lectura":"2 minutos"},"schema":{"@context":"https:\/\/schema.org","@graph":[{"@type":"Article","@id":"https:\/\/deportesycomunicacion.com\/?p=9068#article","isPartOf":{"@id":"https:\/\/deportesycomunicacion.com\/?p=9068"},"author":{"name":"ivanferrer","@id":"https:\/\/deportesycomunicacion.com\/#\/schema\/person\/5bd536572b924420557d2db2f98bdd16"},"headline":"\u00bfT\u00edtulos o emociones?","datePublished":"2024-12-02T13:20:06+00:00","dateModified":"2024-12-02T13:27:28+00:00","mainEntityOfPage":{"@id":"https:\/\/deportesycomunicacion.com\/?p=9068"},"wordCount":356,"commentCount":0,"publisher":{"@id":"https:\/\/deportesycomunicacion.com\/#organization"},"image":{"@id":"https:\/\/deportesycomunicacion.com\/?p=9068#primaryimage"},"thumbnailUrl":"https:\/\/deportesycomunicacion.com\/wp-content\/uploads\/2024\/12\/muffin-3554917_1280.jpg","keywords":["125 A\u00d1OS","ANIVERSARIO","FC BARCELONA","FUTBOL"],"articleSection":["EN LAS TRICHERAS","FUTBOL"],"inLanguage":"es","potentialAction":[{"@type":"CommentAction","name":"Comment","target":["https:\/\/deportesycomunicacion.com\/?p=9068#respond"]}]},{"@type":"WebPage","@id":"https:\/\/deportesycomunicacion.com\/?p=9068","url":"https:\/\/deportesycomunicacion.com\/?p=9068","name":"\u00bfT\u00edtulos o emociones?","isPartOf":{"@id":"https:\/\/deportesycomunicacion.com\/#website"},"primaryImageOfPage":{"@id":"https:\/\/deportesycomunicacion.com\/?p=9068#primaryimage"},"image":{"@id":"https:\/\/deportesycomunicacion.com\/?p=9068#primaryimage"},"thumbnailUrl":"https:\/\/deportesycomunicacion.com\/wp-content\/uploads\/2024\/12\/muffin-3554917_1280.jpg","datePublished":"2024-12-02T13:20:06+00:00","dateModified":"2024-12-02T13:27:28+00:00","description":"125 a\u00f1os dan para infinidad de historias. Desde aquel lejano 22 de octubre de 1899, en el que se puso un anuncio en el peri\u00f3dico para crear un equipo de","breadcrumb":{"@id":"https:\/\/deportesycomunicacion.com\/?p=9068#breadcrumb"},"inLanguage":"es","potentialAction":[{"@type":"ReadAction","target":["https:\/\/deportesycomunicacion.com\/?p=9068"]}]},{"@type":"ImageObject","inLanguage":"es","@id":"https:\/\/deportesycomunicacion.com\/?p=9068#primaryimage","url":"https:\/\/deportesycomunicacion.com\/wp-content\/uploads\/2024\/12\/muffin-3554917_1280.jpg","contentUrl":"https:\/\/deportesycomunicacion.com\/wp-content\/uploads\/2024\/12\/muffin-3554917_1280.jpg","width":1280,"height":853},{"@type":"BreadcrumbList","@id":"https:\/\/deportesycomunicacion.com\/?p=9068#breadcrumb","itemListElement":[{"@type":"ListItem","position":1,"name":"Portada","item":"https:\/\/deportesycomunicacion.com\/"},{"@type":"ListItem","position":2,"name":"\u00bfT\u00edtulos o emociones?"}]},{"@type":"WebSite","@id":"https:\/\/deportesycomunicacion.com\/#website","url":"https:\/\/deportesycomunicacion.com\/","name":"Deportes y Comunicaci\u00f3n","description":"Powered by Ivan Ferrer","publisher":{"@id":"https:\/\/deportesycomunicacion.com\/#organization"},"potentialAction":[{"@type":"SearchAction","target":{"@type":"EntryPoint","urlTemplate":"https:\/\/deportesycomunicacion.com\/?s={search_term_string}"},"query-input":{"@type":"PropertyValueSpecification","valueRequired":true,"valueName":"search_term_string"}}],"inLanguage":"es"},{"@type":"Organization","@id":"https:\/\/deportesycomunicacion.com\/#organization","name":"Deportes y Comunicaci\u00f3n","url":"https:\/\/deportesycomunicacion.com\/","logo":{"@type":"ImageObject","inLanguage":"es","@id":"https:\/\/deportesycomunicacion.com\/#\/schema\/logo\/image\/","url":"https:\/\/deportesycomunicacion.com\/wp-content\/uploads\/2013\/05\/cropped-Logo-Deportes-Comunicacion.jpg","contentUrl":"https:\/\/deportesycomunicacion.com\/wp-content\/uploads\/2013\/05\/cropped-Logo-Deportes-Comunicacion.jpg","width":300,"height":65,"caption":"Deportes y Comunicaci\u00f3n"},"image":{"@id":"https:\/\/deportesycomunicacion.com\/#\/schema\/logo\/image\/"},"sameAs":["https:\/\/www.facebook.com\/ivan.ferrercayuela","https:\/\/x.com\/IFC1976"]},{"@type":"Person","@id":"https:\/\/deportesycomunicacion.com\/#\/schema\/person\/5bd536572b924420557d2db2f98bdd16","name":"ivanferrer","url":"https:\/\/deportesycomunicacion.com\/?author=2"}]}},"_links":{"self":[{"href":"https:\/\/deportesycomunicacion.com\/index.php?rest_route=\/wp\/v2\/posts\/9068","targetHints":{"allow":["GET"]}}],"collection":[{"href":"https:\/\/deportesycomunicacion.com\/index.php?rest_route=\/wp\/v2\/posts"}],"about":[{"href":"https:\/\/deportesycomunicacion.com\/index.php?rest_route=\/wp\/v2\/types\/post"}],"author":[{"embeddable":true,"href":"https:\/\/deportesycomunicacion.com\/index.php?rest_route=\/wp\/v2\/users\/2"}],"replies":[{"embeddable":true,"href":"https:\/\/deportesycomunicacion.com\/index.php?rest_route=%2Fwp%2Fv2%2Fcomments&post=9068"}],"version-history":[{"count":3,"href":"https:\/\/deportesycomunicacion.com\/index.php?rest_route=\/wp\/v2\/posts\/9068\/revisions"}],"predecessor-version":[{"id":9073,"href":"https:\/\/deportesycomunicacion.com\/index.php?rest_route=\/wp\/v2\/posts\/9068\/revisions\/9073"}],"wp:featuredmedia":[{"embeddable":true,"href":"https:\/\/deportesycomunicacion.com\/index.php?rest_route=\/wp\/v2\/media\/9070"}],"wp:attachment":[{"href":"https:\/\/deportesycomunicacion.com\/index.php?rest_route=%2Fwp%2Fv2%2Fmedia&parent=9068"}],"wp:term":[{"taxonomy":"category","embeddable":true,"href":"https:\/\/deportesycomunicacion.com\/index.php?rest_route=%2Fwp%2Fv2%2Fcategories&post=9068"},{"taxonomy":"post_tag","embeddable":true,"href":"https:\/\/deportesycomunicacion.com\/index.php?rest_route=%2Fwp%2Fv2%2Ftags&post=9068"}],"curies":[{"name":"wp","href":"https:\/\/api.w.org\/{rel}","templated":true}]}}