{"id":9074,"date":"2024-12-08T22:11:58","date_gmt":"2024-12-08T21:11:58","guid":{"rendered":"https:\/\/deportesycomunicacion.com\/?p=9074"},"modified":"2024-12-08T22:11:59","modified_gmt":"2024-12-08T21:11:59","slug":"te-relacionas-con-el-balon-de-la-manera-mas-inesperada","status":"publish","type":"post","link":"https:\/\/deportesycomunicacion.com\/?p=9074","title":{"rendered":"\u00bfTe relacionas con el bal\u00f3n de la manera m\u00e1s inesperada?"},"content":{"rendered":"\n<p>El mi\u00e9rcoles pasado, de manera fortuita y accidental, me estren\u00e9 en un <strong>concierto<\/strong> con mi hija. En principio iba con mi mujer, pero la mala suerte quiso que su empresa decidiera poner la cena de Navidad ese mismo d\u00eda. Anna, musicalmente bascula entre el reguet\u00f3n y artistas como The Weeknd, as\u00ed que la <strong>m\u00fasica electr\u00f3nica <\/strong>queda fuera de su radar. El d\u00fao alem\u00e1n <strong><a href=\"https:\/\/es.wikipedia.org\/wiki\/Digitalism\" target=\"_blank\" rel=\"noreferrer noopener\">Digitalism<\/a><\/strong> nos esperaba en la <strong><a href=\"https:\/\/www.salarazzmatazz.com\/04-12-2024\/digitalism-idealism-live-vennus\" target=\"_blank\" rel=\"noreferrer noopener\">sala 2 del Razzmatazz<\/a><\/strong>, En el barrio de Poblenou. <\/p>\n\n\n\n<p>Me hizo ilusi\u00f3n que me acompa\u00f1ara. Al acabar me dijo que fue, para ella, una experiencia curiosa. Seguro que estaba en lo cierto, viendo un grupo que no hab\u00eda escuchado apenas (excepto alguna canci\u00f3n que le he conseguido colar en el coche) y rodeada de una audiencia que no bajaba de los cuarenta, salvo honrosas excepciones, que lo dio todo en la pista. Una de las canciones que sonaron fue <strong><a href=\"https:\/\/www.youtube.com\/watch?v=1rI2iwa4G-4\" target=\"_blank\" rel=\"noreferrer noopener\">Circles<\/a><\/strong>. Su envolvente estribillo (\u201cI play it again and again. And again and again&#8230;\u201c) es un c\u00edrculo hipn\u00f3tico sin fin&#8230; <\/p>\n\n\n\n<p>Descubr\u00ed, buscando la canci\u00f3n por internet, que hab\u00eda sido la <strong><a href=\"https:\/\/www.youtube.com\/watch?v=uH3Z9kmbaLM\" target=\"_blank\" rel=\"noreferrer noopener\">banda sonora del FIFA 12<\/a><\/strong>. La verdad que por aquellos entonces, ya con 36 a\u00f1os, hab\u00eda abandonado las consolas (la verdad que, a medida que se fueron complicando los mandos, fui perdiendo el inter\u00e9s. M\u00e1s all\u00e1 de izquierda, derecha, arriba, abajo, pase corto, largo y chute se convert\u00eda el jugar una partida en un galimat\u00edas para m\u00ed) y no conoc\u00eda al grupo de Hamburgo. Pero el 4 de diciembre, de forma m\u00e1gica, hubo una <strong>conexi\u00f3n<\/strong> entre un concierto de m\u00fasica electr\u00f3nica a mi pasi\u00f3n por el <strong>f\u00fatbol<\/strong>&#8230;<\/p>\n\n\n\n<p><strong>\u00bfEncuentras conexiones sorprendentes con el deporte rey?   <\/strong><\/p>\n\n\n\n<p>Imagen de <a href=\"https:\/\/pixabay.com\/es\/users\/phil-pavarini-jr-1396103\/?utm_source=link-attribution&amp;utm_medium=referral&amp;utm_campaign=image&amp;utm_content=935279\">Phil-Pavarini-Jr<\/a> en <a href=\"https:\/\/pixabay.com\/es\/\/?utm_source=link-attribution&amp;utm_medium=referral&amp;utm_campaign=image&amp;utm_content=935279\">Pixabay<\/a><\/p>\n","protected":false},"excerpt":{"rendered":"<p>El mi\u00e9rcoles pasado, de manera fortuita y accidental, me estren\u00e9 en un concierto con mi hija. &hellip; <a title=\"\u00bfTe relacionas con el bal\u00f3n de la manera m\u00e1s inesperada?\" class=\"hm-read-more\" href=\"https:\/\/deportesycomunicacion.com\/?p=9074\"><span class=\"screen-reader-text\">\u00bfTe relacionas con el bal\u00f3n de la manera m\u00e1s inesperada?<\/span>Leer m\u00e1s<\/a><\/p>\n","protected":false},"author":2,"featured_media":9076,"comment_status":"open","ping_status":"open","sticky":false,"template":"","format":"standard","meta":{"footnotes":""},"categories":[67,7],"tags":[2621,2617,2620,2619,1056,2618],"class_list":["post-9074","post","type-post","status-publish","format-standard","has-post-thumbnail","hentry","category-en-las-tricheras","category-futbol","tag-concierto","tag-conexion","tag-digitalism","tag-fifa-12","tag-futbol","tag-musica-electronica"],"yoast_head":"<!-- This site is optimized with the Yoast SEO plugin v24.8.1 - https:\/\/yoast.com\/wordpress\/plugins\/seo\/ -->\n<title>\u00bfTe relacionas con el bal\u00f3n de la manera m\u00e1s inesperada?<\/title>\n<meta name=\"description\" content=\"El mi\u00e9rcoles pasado, de manera fortuita y accidental, me estren\u00e9 en un concierto con mi hija. En principio iba con mi mujer, pero la mala suerte quiso que\" \/>\n<meta name=\"robots\" content=\"index, follow, max-snippet:-1, max-image-preview:large, max-video-preview:-1\" \/>\n<link rel=\"canonical\" href=\"https:\/\/deportesycomunicacion.com\/?p=9074\" \/>\n<meta property=\"og:locale\" content=\"es_ES\" \/>\n<meta property=\"og:type\" content=\"article\" \/>\n<meta property=\"og:title\" content=\"\u00bfTe relacionas con el bal\u00f3n de la manera m\u00e1s inesperada?\" \/>\n<meta property=\"og:description\" content=\"El mi\u00e9rcoles pasado, de manera fortuita y accidental, me estren\u00e9 en un concierto con mi hija. En principio iba con mi mujer, pero la mala suerte quiso que\" \/>\n<meta property=\"og:url\" content=\"https:\/\/deportesycomunicacion.com\/?p=9074\" \/>\n<meta property=\"og:site_name\" content=\"Deportes y Comunicaci\u00f3n\" \/>\n<meta property=\"article:publisher\" content=\"https:\/\/www.facebook.com\/ivan.ferrercayuela\" \/>\n<meta property=\"article:published_time\" content=\"2024-12-08T21:11:58+00:00\" \/>\n<meta property=\"article:modified_time\" content=\"2024-12-08T21:11:59+00:00\" \/>\n<meta property=\"og:image\" content=\"http:\/\/deportesycomunicacion.com\/wp-content\/uploads\/2024\/12\/police-935279_1280.jpg\" \/>\n\t<meta property=\"og:image:width\" content=\"1280\" \/>\n\t<meta property=\"og:image:height\" content=\"854\" \/>\n\t<meta property=\"og:image:type\" content=\"image\/jpeg\" \/>\n<meta name=\"author\" content=\"ivanferrer\" \/>\n<meta name=\"twitter:card\" content=\"summary_large_image\" \/>\n<meta name=\"twitter:creator\" content=\"@IFC1976\" \/>\n<meta name=\"twitter:site\" content=\"@IFC1976\" \/>\n<meta name=\"twitter:label1\" content=\"Escrito por\" \/>\n\t<meta name=\"twitter:data1\" content=\"ivanferrer\" \/>\n\t<meta name=\"twitter:label2\" content=\"Tiempo de lectura\" \/>\n\t<meta name=\"twitter:data2\" content=\"2 minutos\" \/>\n<script type=\"application\/ld+json\" class=\"yoast-schema-graph\">{\"@context\":\"https:\/\/schema.org\",\"@graph\":[{\"@type\":\"Article\",\"@id\":\"https:\/\/deportesycomunicacion.com\/?p=9074#article\",\"isPartOf\":{\"@id\":\"https:\/\/deportesycomunicacion.com\/?p=9074\"},\"author\":{\"name\":\"ivanferrer\",\"@id\":\"https:\/\/deportesycomunicacion.com\/#\/schema\/person\/5bd536572b924420557d2db2f98bdd16\"},\"headline\":\"\u00bfTe relacionas con el bal\u00f3n de la manera m\u00e1s inesperada?\",\"datePublished\":\"2024-12-08T21:11:58+00:00\",\"dateModified\":\"2024-12-08T21:11:59+00:00\",\"mainEntityOfPage\":{\"@id\":\"https:\/\/deportesycomunicacion.com\/?p=9074\"},\"wordCount\":312,\"commentCount\":0,\"publisher\":{\"@id\":\"https:\/\/deportesycomunicacion.com\/#organization\"},\"image\":{\"@id\":\"https:\/\/deportesycomunicacion.com\/?p=9074#primaryimage\"},\"thumbnailUrl\":\"https:\/\/deportesycomunicacion.com\/wp-content\/uploads\/2024\/12\/police-935279_1280.jpg\",\"keywords\":[\"CONCIERTO\",\"CONEXION\",\"DIGITALISM\",\"FIFA 12\",\"FUTBOL\",\"MUSICA ELECTRONICA\"],\"articleSection\":[\"EN LAS TRICHERAS\",\"FUTBOL\"],\"inLanguage\":\"es\",\"potentialAction\":[{\"@type\":\"CommentAction\",\"name\":\"Comment\",\"target\":[\"https:\/\/deportesycomunicacion.com\/?p=9074#respond\"]}]},{\"@type\":\"WebPage\",\"@id\":\"https:\/\/deportesycomunicacion.com\/?p=9074\",\"url\":\"https:\/\/deportesycomunicacion.com\/?p=9074\",\"name\":\"\u00bfTe relacionas con el bal\u00f3n de la manera m\u00e1s inesperada?\",\"isPartOf\":{\"@id\":\"https:\/\/deportesycomunicacion.com\/#website\"},\"primaryImageOfPage\":{\"@id\":\"https:\/\/deportesycomunicacion.com\/?p=9074#primaryimage\"},\"image\":{\"@id\":\"https:\/\/deportesycomunicacion.com\/?p=9074#primaryimage\"},\"thumbnailUrl\":\"https:\/\/deportesycomunicacion.com\/wp-content\/uploads\/2024\/12\/police-935279_1280.jpg\",\"datePublished\":\"2024-12-08T21:11:58+00:00\",\"dateModified\":\"2024-12-08T21:11:59+00:00\",\"description\":\"El mi\u00e9rcoles pasado, de manera fortuita y accidental, me estren\u00e9 en un concierto con mi hija. En principio iba con mi mujer, pero la mala suerte quiso que\",\"breadcrumb\":{\"@id\":\"https:\/\/deportesycomunicacion.com\/?p=9074#breadcrumb\"},\"inLanguage\":\"es\",\"potentialAction\":[{\"@type\":\"ReadAction\",\"target\":[\"https:\/\/deportesycomunicacion.com\/?p=9074\"]}]},{\"@type\":\"ImageObject\",\"inLanguage\":\"es\",\"@id\":\"https:\/\/deportesycomunicacion.com\/?p=9074#primaryimage\",\"url\":\"https:\/\/deportesycomunicacion.com\/wp-content\/uploads\/2024\/12\/police-935279_1280.jpg\",\"contentUrl\":\"https:\/\/deportesycomunicacion.com\/wp-content\/uploads\/2024\/12\/police-935279_1280.jpg\",\"width\":1280,\"height\":854},{\"@type\":\"BreadcrumbList\",\"@id\":\"https:\/\/deportesycomunicacion.com\/?p=9074#breadcrumb\",\"itemListElement\":[{\"@type\":\"ListItem\",\"position\":1,\"name\":\"Portada\",\"item\":\"https:\/\/deportesycomunicacion.com\/\"},{\"@type\":\"ListItem\",\"position\":2,\"name\":\"\u00bfTe relacionas con el bal\u00f3n de la manera m\u00e1s inesperada?\"}]},{\"@type\":\"WebSite\",\"@id\":\"https:\/\/deportesycomunicacion.com\/#website\",\"url\":\"https:\/\/deportesycomunicacion.com\/\",\"name\":\"Deportes y Comunicaci\u00f3n\",\"description\":\"Powered by Ivan Ferrer\",\"publisher\":{\"@id\":\"https:\/\/deportesycomunicacion.com\/#organization\"},\"potentialAction\":[{\"@type\":\"SearchAction\",\"target\":{\"@type\":\"EntryPoint\",\"urlTemplate\":\"https:\/\/deportesycomunicacion.com\/?s={search_term_string}\"},\"query-input\":{\"@type\":\"PropertyValueSpecification\",\"valueRequired\":true,\"valueName\":\"search_term_string\"}}],\"inLanguage\":\"es\"},{\"@type\":\"Organization\",\"@id\":\"https:\/\/deportesycomunicacion.com\/#organization\",\"name\":\"Deportes y Comunicaci\u00f3n\",\"url\":\"https:\/\/deportesycomunicacion.com\/\",\"logo\":{\"@type\":\"ImageObject\",\"inLanguage\":\"es\",\"@id\":\"https:\/\/deportesycomunicacion.com\/#\/schema\/logo\/image\/\",\"url\":\"https:\/\/deportesycomunicacion.com\/wp-content\/uploads\/2013\/05\/cropped-Logo-Deportes-Comunicacion.jpg\",\"contentUrl\":\"https:\/\/deportesycomunicacion.com\/wp-content\/uploads\/2013\/05\/cropped-Logo-Deportes-Comunicacion.jpg\",\"width\":300,\"height\":65,\"caption\":\"Deportes y Comunicaci\u00f3n\"},\"image\":{\"@id\":\"https:\/\/deportesycomunicacion.com\/#\/schema\/logo\/image\/\"},\"sameAs\":[\"https:\/\/www.facebook.com\/ivan.ferrercayuela\",\"https:\/\/x.com\/IFC1976\"]},{\"@type\":\"Person\",\"@id\":\"https:\/\/deportesycomunicacion.com\/#\/schema\/person\/5bd536572b924420557d2db2f98bdd16\",\"name\":\"ivanferrer\",\"url\":\"https:\/\/deportesycomunicacion.com\/?author=2\"}]}<\/script>\n<!-- \/ Yoast SEO plugin. -->","yoast_head_json":{"title":"\u00bfTe relacionas con el bal\u00f3n de la manera m\u00e1s inesperada?","description":"El mi\u00e9rcoles pasado, de manera fortuita y accidental, me estren\u00e9 en un concierto con mi hija. En principio iba con mi mujer, pero la mala suerte quiso que","robots":{"index":"index","follow":"follow","max-snippet":"max-snippet:-1","max-image-preview":"max-image-preview:large","max-video-preview":"max-video-preview:-1"},"canonical":"https:\/\/deportesycomunicacion.com\/?p=9074","og_locale":"es_ES","og_type":"article","og_title":"\u00bfTe relacionas con el bal\u00f3n de la manera m\u00e1s inesperada?","og_description":"El mi\u00e9rcoles pasado, de manera fortuita y accidental, me estren\u00e9 en un concierto con mi hija. En principio iba con mi mujer, pero la mala suerte quiso que","og_url":"https:\/\/deportesycomunicacion.com\/?p=9074","og_site_name":"Deportes y Comunicaci\u00f3n","article_publisher":"https:\/\/www.facebook.com\/ivan.ferrercayuela","article_published_time":"2024-12-08T21:11:58+00:00","article_modified_time":"2024-12-08T21:11:59+00:00","og_image":[{"width":1280,"height":854,"url":"http:\/\/deportesycomunicacion.com\/wp-content\/uploads\/2024\/12\/police-935279_1280.jpg","type":"image\/jpeg"}],"author":"ivanferrer","twitter_card":"summary_large_image","twitter_creator":"@IFC1976","twitter_site":"@IFC1976","twitter_misc":{"Escrito por":"ivanferrer","Tiempo de lectura":"2 minutos"},"schema":{"@context":"https:\/\/schema.org","@graph":[{"@type":"Article","@id":"https:\/\/deportesycomunicacion.com\/?p=9074#article","isPartOf":{"@id":"https:\/\/deportesycomunicacion.com\/?p=9074"},"author":{"name":"ivanferrer","@id":"https:\/\/deportesycomunicacion.com\/#\/schema\/person\/5bd536572b924420557d2db2f98bdd16"},"headline":"\u00bfTe relacionas con el bal\u00f3n de la manera m\u00e1s inesperada?","datePublished":"2024-12-08T21:11:58+00:00","dateModified":"2024-12-08T21:11:59+00:00","mainEntityOfPage":{"@id":"https:\/\/deportesycomunicacion.com\/?p=9074"},"wordCount":312,"commentCount":0,"publisher":{"@id":"https:\/\/deportesycomunicacion.com\/#organization"},"image":{"@id":"https:\/\/deportesycomunicacion.com\/?p=9074#primaryimage"},"thumbnailUrl":"https:\/\/deportesycomunicacion.com\/wp-content\/uploads\/2024\/12\/police-935279_1280.jpg","keywords":["CONCIERTO","CONEXION","DIGITALISM","FIFA 12","FUTBOL","MUSICA ELECTRONICA"],"articleSection":["EN LAS TRICHERAS","FUTBOL"],"inLanguage":"es","potentialAction":[{"@type":"CommentAction","name":"Comment","target":["https:\/\/deportesycomunicacion.com\/?p=9074#respond"]}]},{"@type":"WebPage","@id":"https:\/\/deportesycomunicacion.com\/?p=9074","url":"https:\/\/deportesycomunicacion.com\/?p=9074","name":"\u00bfTe relacionas con el bal\u00f3n de la manera m\u00e1s inesperada?","isPartOf":{"@id":"https:\/\/deportesycomunicacion.com\/#website"},"primaryImageOfPage":{"@id":"https:\/\/deportesycomunicacion.com\/?p=9074#primaryimage"},"image":{"@id":"https:\/\/deportesycomunicacion.com\/?p=9074#primaryimage"},"thumbnailUrl":"https:\/\/deportesycomunicacion.com\/wp-content\/uploads\/2024\/12\/police-935279_1280.jpg","datePublished":"2024-12-08T21:11:58+00:00","dateModified":"2024-12-08T21:11:59+00:00","description":"El mi\u00e9rcoles pasado, de manera fortuita y accidental, me estren\u00e9 en un concierto con mi hija. En principio iba con mi mujer, pero la mala suerte quiso que","breadcrumb":{"@id":"https:\/\/deportesycomunicacion.com\/?p=9074#breadcrumb"},"inLanguage":"es","potentialAction":[{"@type":"ReadAction","target":["https:\/\/deportesycomunicacion.com\/?p=9074"]}]},{"@type":"ImageObject","inLanguage":"es","@id":"https:\/\/deportesycomunicacion.com\/?p=9074#primaryimage","url":"https:\/\/deportesycomunicacion.com\/wp-content\/uploads\/2024\/12\/police-935279_1280.jpg","contentUrl":"https:\/\/deportesycomunicacion.com\/wp-content\/uploads\/2024\/12\/police-935279_1280.jpg","width":1280,"height":854},{"@type":"BreadcrumbList","@id":"https:\/\/deportesycomunicacion.com\/?p=9074#breadcrumb","itemListElement":[{"@type":"ListItem","position":1,"name":"Portada","item":"https:\/\/deportesycomunicacion.com\/"},{"@type":"ListItem","position":2,"name":"\u00bfTe relacionas con el bal\u00f3n de la manera m\u00e1s inesperada?"}]},{"@type":"WebSite","@id":"https:\/\/deportesycomunicacion.com\/#website","url":"https:\/\/deportesycomunicacion.com\/","name":"Deportes y Comunicaci\u00f3n","description":"Powered by Ivan Ferrer","publisher":{"@id":"https:\/\/deportesycomunicacion.com\/#organization"},"potentialAction":[{"@type":"SearchAction","target":{"@type":"EntryPoint","urlTemplate":"https:\/\/deportesycomunicacion.com\/?s={search_term_string}"},"query-input":{"@type":"PropertyValueSpecification","valueRequired":true,"valueName":"search_term_string"}}],"inLanguage":"es"},{"@type":"Organization","@id":"https:\/\/deportesycomunicacion.com\/#organization","name":"Deportes y Comunicaci\u00f3n","url":"https:\/\/deportesycomunicacion.com\/","logo":{"@type":"ImageObject","inLanguage":"es","@id":"https:\/\/deportesycomunicacion.com\/#\/schema\/logo\/image\/","url":"https:\/\/deportesycomunicacion.com\/wp-content\/uploads\/2013\/05\/cropped-Logo-Deportes-Comunicacion.jpg","contentUrl":"https:\/\/deportesycomunicacion.com\/wp-content\/uploads\/2013\/05\/cropped-Logo-Deportes-Comunicacion.jpg","width":300,"height":65,"caption":"Deportes y Comunicaci\u00f3n"},"image":{"@id":"https:\/\/deportesycomunicacion.com\/#\/schema\/logo\/image\/"},"sameAs":["https:\/\/www.facebook.com\/ivan.ferrercayuela","https:\/\/x.com\/IFC1976"]},{"@type":"Person","@id":"https:\/\/deportesycomunicacion.com\/#\/schema\/person\/5bd536572b924420557d2db2f98bdd16","name":"ivanferrer","url":"https:\/\/deportesycomunicacion.com\/?author=2"}]}},"_links":{"self":[{"href":"https:\/\/deportesycomunicacion.com\/index.php?rest_route=\/wp\/v2\/posts\/9074","targetHints":{"allow":["GET"]}}],"collection":[{"href":"https:\/\/deportesycomunicacion.com\/index.php?rest_route=\/wp\/v2\/posts"}],"about":[{"href":"https:\/\/deportesycomunicacion.com\/index.php?rest_route=\/wp\/v2\/types\/post"}],"author":[{"embeddable":true,"href":"https:\/\/deportesycomunicacion.com\/index.php?rest_route=\/wp\/v2\/users\/2"}],"replies":[{"embeddable":true,"href":"https:\/\/deportesycomunicacion.com\/index.php?rest_route=%2Fwp%2Fv2%2Fcomments&post=9074"}],"version-history":[{"count":3,"href":"https:\/\/deportesycomunicacion.com\/index.php?rest_route=\/wp\/v2\/posts\/9074\/revisions"}],"predecessor-version":[{"id":9078,"href":"https:\/\/deportesycomunicacion.com\/index.php?rest_route=\/wp\/v2\/posts\/9074\/revisions\/9078"}],"wp:featuredmedia":[{"embeddable":true,"href":"https:\/\/deportesycomunicacion.com\/index.php?rest_route=\/wp\/v2\/media\/9076"}],"wp:attachment":[{"href":"https:\/\/deportesycomunicacion.com\/index.php?rest_route=%2Fwp%2Fv2%2Fmedia&parent=9074"}],"wp:term":[{"taxonomy":"category","embeddable":true,"href":"https:\/\/deportesycomunicacion.com\/index.php?rest_route=%2Fwp%2Fv2%2Fcategories&post=9074"},{"taxonomy":"post_tag","embeddable":true,"href":"https:\/\/deportesycomunicacion.com\/index.php?rest_route=%2Fwp%2Fv2%2Ftags&post=9074"}],"curies":[{"name":"wp","href":"https:\/\/api.w.org\/{rel}","templated":true}]}}