{"id":9196,"date":"2025-04-27T19:28:32","date_gmt":"2025-04-27T17:28:32","guid":{"rendered":"https:\/\/deportesycomunicacion.com\/?p=9196"},"modified":"2025-04-27T19:34:05","modified_gmt":"2025-04-27T17:34:05","slug":"eres-consciente-de-la-barbaridad-que-acabas-de-hacer-parte-1","status":"publish","type":"post","link":"https:\/\/deportesycomunicacion.com\/?p=9196","title":{"rendered":"\u00bfEres consciente de la barbaridad que acabas de hacer? (parte 1)"},"content":{"rendered":"\n<p>Tras el asombroso <strong><a href=\"https:\/\/elpais.com\/deportes\/futbol\/2024-10-28\/ni-vinicius-ni-el-real-madrid-asisten-a-la-gala-del-balon-de-oro-en-un-plante-sin-precedentes.html\" target=\"_blank\" rel=\"noreferrer noopener\">rid\u00edculo del Real Madrid en la gala del Bal\u00f3n de Oro<\/a><\/strong>, el viernes dio una nueva e infinitamente bochornosa vuelta de tuerca en su enfrentamiento con el estamento arbitral (<strong><a href=\"https:\/\/www.elespanol.com\/deportes\/futbol\/20250425\/real-madrid-pide-rfef-aparte-expediente-arbitros-final-copa-animadversion-club\/1003743730803_0.html\" target=\"_blank\" rel=\"noreferrer noopener\">pidiendo que se modificara la designaci\u00f3n de la final<\/a><\/strong>). De una manera ins\u00f3lita, el club blanco quiso que le cambiaran las reglas de juego antes de empezar a jugar el partido definitivo que coronar\u00eda al campe\u00f3n de <strong>Copa del Rey<\/strong>.<\/p>\n\n\n\n<p>Tras crujir emocionalmente al \u00e1rbitro, a trav\u00e9s de los  v\u00eddeos que emite el estercolero medi\u00e1tico que es Real Madrid TV, el club madrile\u00f1o se sinti\u00f3 intimidado y menospreciado, pidiendo medidas de urgencia y <strong><a href=\"https:\/\/www.infobae.com\/espana\/2025\/04\/25\/peligra-la-final-de-la-copa-del-rey-el-real-madrid-suspende-rueda-de-prensa-y-asistencia-a-los-actos-oficiales-de-este-viernes\/\" target=\"_blank\" rel=\"noreferrer noopener\">no present\u00e1ndose a los actos oficiales<\/a><\/strong> organizados por la Federaci\u00f3n Espa\u00f1ola de F\u00fatbol. Tras la pataleta de ni\u00f1o de P3, sigui\u00f3 la verg\u00fcenza en la final, <strong><a href=\"https:\/\/www.marca.com\/futbol\/copa-rey\/2025\/04\/27\/insultos-carvajal-arbitro-final-bellingham-repite-famoso-fuck-off.html\" target=\"_blank\" rel=\"noreferrer noopener\">con ilustres actuaciones del portero de discoteca Carvajal en la grada y Bellingham en el c\u00e9sped<\/a><\/strong>, rematadas por la <strong><a href=\"https:\/\/www.lavanguardia.com\/deportes\/futbol\/20250427\/10622178\/acta-arbitral-refleja-expulsiones-ruediger-lucas-vazquez-bellingham-final-copa-del-rey.html\" target=\"_blank\" rel=\"noreferrer noopener\">traca final de R\u00fcdiger<\/a><\/strong> (sinceramente, creo que le faltaron entre diez y quince segundo de ox\u00edgeno al nacer&#8230;).<\/p>\n\n\n\n<p>Recupero pasajes del <strong><a href=\"https:\/\/www.dazn.com\/es-ES\/news\/f%C3%BAtbol\/hala-madrid-letra-historia-significado-himno-real-madrid\/1e2j60wipcnqo1twdkscoek926\" target=\"_blank\" rel=\"noreferrer noopener\">himno tradicional del Real Madrid<\/a><\/strong> y no puedo m\u00e1s que descojonarme: \u00abNoble y b\u00e9lico adalid, caballero del honor\u00bb o \u00abEnemigo en la contienda, cuando pierde da la mano. Sin envidias ni rencores, como bueno y fiel hermano\u00bb. Por mucho m\u00fasculo financiero y poder de coacci\u00f3n que tengas, el storytelling se aguanta solo en los hechos. Y el Madrid, con Florentino a la cabeza, ha decidido vivir en una eterna pel\u00edcula de ciencia-ficci\u00f3n&#8230; \u00a1Hala Madrid!<\/p>\n\n\n\n<p>Imagen de <a href=\"https:\/\/pixabay.com\/es\/users\/martins2018-9698383\/?utm_source=link-attribution&amp;utm_medium=referral&amp;utm_campaign=image&amp;utm_content=8698103\">martins2018<\/a> en <a href=\"https:\/\/pixabay.com\/es\/\/?utm_source=link-attribution&amp;utm_medium=referral&amp;utm_campaign=image&amp;utm_content=8698103\">Pixabay<\/a><\/p>\n\n\n\n<p><\/p>\n","protected":false},"excerpt":{"rendered":"<p>Tras el asombroso rid\u00edculo del Real Madrid en la gala del Bal\u00f3n de Oro, el viernes &hellip; <a title=\"\u00bfEres consciente de la barbaridad que acabas de hacer? (parte 1)\" class=\"hm-read-more\" href=\"https:\/\/deportesycomunicacion.com\/?p=9196\"><span class=\"screen-reader-text\">\u00bfEres consciente de la barbaridad que acabas de hacer? (parte 1)<\/span>Leer m\u00e1s<\/a><\/p>\n","protected":false},"author":2,"featured_media":9198,"comment_status":"open","ping_status":"open","sticky":false,"template":"","format":"standard","meta":{"footnotes":""},"categories":[7],"tags":[2638,1056,285,446],"class_list":["post-9196","post","type-post","status-publish","format-standard","has-post-thumbnail","hentry","category-futbol","tag-final-copa-rey-2025","tag-futbol","tag-real-madrid","tag-valores"],"yoast_head":"<!-- This site is optimized with the Yoast SEO plugin v24.8.1 - https:\/\/yoast.com\/wordpress\/plugins\/seo\/ -->\n<title>\u00bfEres consciente de la barbaridad que acabas de hacer? (parte 1)<\/title>\n<meta name=\"description\" content=\"Tras el asombroso rid\u00edculo del Real Madrid en la gala del Bal\u00f3n de Oro, el viernes dio una nueva e infinitamente bochornosa vuelta de tuerca en su\" \/>\n<meta name=\"robots\" content=\"index, follow, max-snippet:-1, max-image-preview:large, max-video-preview:-1\" \/>\n<link rel=\"canonical\" href=\"https:\/\/deportesycomunicacion.com\/?p=9196\" \/>\n<meta property=\"og:locale\" content=\"es_ES\" \/>\n<meta property=\"og:type\" content=\"article\" \/>\n<meta property=\"og:title\" content=\"\u00bfEres consciente de la barbaridad que acabas de hacer? (parte 1)\" \/>\n<meta property=\"og:description\" content=\"Tras el asombroso rid\u00edculo del Real Madrid en la gala del Bal\u00f3n de Oro, el viernes dio una nueva e infinitamente bochornosa vuelta de tuerca en su\" \/>\n<meta property=\"og:url\" content=\"https:\/\/deportesycomunicacion.com\/?p=9196\" \/>\n<meta property=\"og:site_name\" content=\"Deportes y Comunicaci\u00f3n\" \/>\n<meta property=\"article:publisher\" content=\"https:\/\/www.facebook.com\/ivan.ferrercayuela\" \/>\n<meta property=\"article:published_time\" content=\"2025-04-27T17:28:32+00:00\" \/>\n<meta property=\"article:modified_time\" content=\"2025-04-27T17:34:05+00:00\" \/>\n<meta property=\"og:image\" content=\"http:\/\/deportesycomunicacion.com\/wp-content\/uploads\/2025\/04\/ai-generated-8698103_1280.jpg\" \/>\n\t<meta property=\"og:image:width\" content=\"1280\" \/>\n\t<meta property=\"og:image:height\" content=\"960\" \/>\n\t<meta property=\"og:image:type\" content=\"image\/jpeg\" \/>\n<meta name=\"author\" content=\"ivanferrer\" \/>\n<meta name=\"twitter:card\" content=\"summary_large_image\" \/>\n<meta name=\"twitter:creator\" content=\"@IFC1976\" \/>\n<meta name=\"twitter:site\" content=\"@IFC1976\" \/>\n<meta name=\"twitter:label1\" content=\"Escrito por\" \/>\n\t<meta name=\"twitter:data1\" content=\"ivanferrer\" \/>\n\t<meta name=\"twitter:label2\" content=\"Tiempo de lectura\" \/>\n\t<meta name=\"twitter:data2\" content=\"2 minutos\" \/>\n<script type=\"application\/ld+json\" class=\"yoast-schema-graph\">{\"@context\":\"https:\/\/schema.org\",\"@graph\":[{\"@type\":\"Article\",\"@id\":\"https:\/\/deportesycomunicacion.com\/?p=9196#article\",\"isPartOf\":{\"@id\":\"https:\/\/deportesycomunicacion.com\/?p=9196\"},\"author\":{\"name\":\"ivanferrer\",\"@id\":\"https:\/\/deportesycomunicacion.com\/#\/schema\/person\/5bd536572b924420557d2db2f98bdd16\"},\"headline\":\"\u00bfEres consciente de la barbaridad que acabas de hacer? (parte 1)\",\"datePublished\":\"2025-04-27T17:28:32+00:00\",\"dateModified\":\"2025-04-27T17:34:05+00:00\",\"mainEntityOfPage\":{\"@id\":\"https:\/\/deportesycomunicacion.com\/?p=9196\"},\"wordCount\":285,\"commentCount\":0,\"publisher\":{\"@id\":\"https:\/\/deportesycomunicacion.com\/#organization\"},\"image\":{\"@id\":\"https:\/\/deportesycomunicacion.com\/?p=9196#primaryimage\"},\"thumbnailUrl\":\"https:\/\/deportesycomunicacion.com\/wp-content\/uploads\/2025\/04\/ai-generated-8698103_1280.jpg\",\"keywords\":[\"FINAL COPA REY 2025\",\"FUTBOL\",\"REAL MADRID\",\"VALORES\"],\"articleSection\":[\"FUTBOL\"],\"inLanguage\":\"es\",\"potentialAction\":[{\"@type\":\"CommentAction\",\"name\":\"Comment\",\"target\":[\"https:\/\/deportesycomunicacion.com\/?p=9196#respond\"]}]},{\"@type\":\"WebPage\",\"@id\":\"https:\/\/deportesycomunicacion.com\/?p=9196\",\"url\":\"https:\/\/deportesycomunicacion.com\/?p=9196\",\"name\":\"\u00bfEres consciente de la barbaridad que acabas de hacer? (parte 1)\",\"isPartOf\":{\"@id\":\"https:\/\/deportesycomunicacion.com\/#website\"},\"primaryImageOfPage\":{\"@id\":\"https:\/\/deportesycomunicacion.com\/?p=9196#primaryimage\"},\"image\":{\"@id\":\"https:\/\/deportesycomunicacion.com\/?p=9196#primaryimage\"},\"thumbnailUrl\":\"https:\/\/deportesycomunicacion.com\/wp-content\/uploads\/2025\/04\/ai-generated-8698103_1280.jpg\",\"datePublished\":\"2025-04-27T17:28:32+00:00\",\"dateModified\":\"2025-04-27T17:34:05+00:00\",\"description\":\"Tras el asombroso rid\u00edculo del Real Madrid en la gala del Bal\u00f3n de Oro, el viernes dio una nueva e infinitamente bochornosa vuelta de tuerca en su\",\"breadcrumb\":{\"@id\":\"https:\/\/deportesycomunicacion.com\/?p=9196#breadcrumb\"},\"inLanguage\":\"es\",\"potentialAction\":[{\"@type\":\"ReadAction\",\"target\":[\"https:\/\/deportesycomunicacion.com\/?p=9196\"]}]},{\"@type\":\"ImageObject\",\"inLanguage\":\"es\",\"@id\":\"https:\/\/deportesycomunicacion.com\/?p=9196#primaryimage\",\"url\":\"https:\/\/deportesycomunicacion.com\/wp-content\/uploads\/2025\/04\/ai-generated-8698103_1280.jpg\",\"contentUrl\":\"https:\/\/deportesycomunicacion.com\/wp-content\/uploads\/2025\/04\/ai-generated-8698103_1280.jpg\",\"width\":1280,\"height\":960},{\"@type\":\"BreadcrumbList\",\"@id\":\"https:\/\/deportesycomunicacion.com\/?p=9196#breadcrumb\",\"itemListElement\":[{\"@type\":\"ListItem\",\"position\":1,\"name\":\"Portada\",\"item\":\"https:\/\/deportesycomunicacion.com\/\"},{\"@type\":\"ListItem\",\"position\":2,\"name\":\"\u00bfEres consciente de la barbaridad que acabas de hacer? (parte 1)\"}]},{\"@type\":\"WebSite\",\"@id\":\"https:\/\/deportesycomunicacion.com\/#website\",\"url\":\"https:\/\/deportesycomunicacion.com\/\",\"name\":\"Deportes y Comunicaci\u00f3n\",\"description\":\"Powered by Ivan Ferrer\",\"publisher\":{\"@id\":\"https:\/\/deportesycomunicacion.com\/#organization\"},\"potentialAction\":[{\"@type\":\"SearchAction\",\"target\":{\"@type\":\"EntryPoint\",\"urlTemplate\":\"https:\/\/deportesycomunicacion.com\/?s={search_term_string}\"},\"query-input\":{\"@type\":\"PropertyValueSpecification\",\"valueRequired\":true,\"valueName\":\"search_term_string\"}}],\"inLanguage\":\"es\"},{\"@type\":\"Organization\",\"@id\":\"https:\/\/deportesycomunicacion.com\/#organization\",\"name\":\"Deportes y Comunicaci\u00f3n\",\"url\":\"https:\/\/deportesycomunicacion.com\/\",\"logo\":{\"@type\":\"ImageObject\",\"inLanguage\":\"es\",\"@id\":\"https:\/\/deportesycomunicacion.com\/#\/schema\/logo\/image\/\",\"url\":\"https:\/\/deportesycomunicacion.com\/wp-content\/uploads\/2013\/05\/cropped-Logo-Deportes-Comunicacion.jpg\",\"contentUrl\":\"https:\/\/deportesycomunicacion.com\/wp-content\/uploads\/2013\/05\/cropped-Logo-Deportes-Comunicacion.jpg\",\"width\":300,\"height\":65,\"caption\":\"Deportes y Comunicaci\u00f3n\"},\"image\":{\"@id\":\"https:\/\/deportesycomunicacion.com\/#\/schema\/logo\/image\/\"},\"sameAs\":[\"https:\/\/www.facebook.com\/ivan.ferrercayuela\",\"https:\/\/x.com\/IFC1976\"]},{\"@type\":\"Person\",\"@id\":\"https:\/\/deportesycomunicacion.com\/#\/schema\/person\/5bd536572b924420557d2db2f98bdd16\",\"name\":\"ivanferrer\",\"url\":\"https:\/\/deportesycomunicacion.com\/?author=2\"}]}<\/script>\n<!-- \/ Yoast SEO plugin. -->","yoast_head_json":{"title":"\u00bfEres consciente de la barbaridad que acabas de hacer? (parte 1)","description":"Tras el asombroso rid\u00edculo del Real Madrid en la gala del Bal\u00f3n de Oro, el viernes dio una nueva e infinitamente bochornosa vuelta de tuerca en su","robots":{"index":"index","follow":"follow","max-snippet":"max-snippet:-1","max-image-preview":"max-image-preview:large","max-video-preview":"max-video-preview:-1"},"canonical":"https:\/\/deportesycomunicacion.com\/?p=9196","og_locale":"es_ES","og_type":"article","og_title":"\u00bfEres consciente de la barbaridad que acabas de hacer? (parte 1)","og_description":"Tras el asombroso rid\u00edculo del Real Madrid en la gala del Bal\u00f3n de Oro, el viernes dio una nueva e infinitamente bochornosa vuelta de tuerca en su","og_url":"https:\/\/deportesycomunicacion.com\/?p=9196","og_site_name":"Deportes y Comunicaci\u00f3n","article_publisher":"https:\/\/www.facebook.com\/ivan.ferrercayuela","article_published_time":"2025-04-27T17:28:32+00:00","article_modified_time":"2025-04-27T17:34:05+00:00","og_image":[{"width":1280,"height":960,"url":"http:\/\/deportesycomunicacion.com\/wp-content\/uploads\/2025\/04\/ai-generated-8698103_1280.jpg","type":"image\/jpeg"}],"author":"ivanferrer","twitter_card":"summary_large_image","twitter_creator":"@IFC1976","twitter_site":"@IFC1976","twitter_misc":{"Escrito por":"ivanferrer","Tiempo de lectura":"2 minutos"},"schema":{"@context":"https:\/\/schema.org","@graph":[{"@type":"Article","@id":"https:\/\/deportesycomunicacion.com\/?p=9196#article","isPartOf":{"@id":"https:\/\/deportesycomunicacion.com\/?p=9196"},"author":{"name":"ivanferrer","@id":"https:\/\/deportesycomunicacion.com\/#\/schema\/person\/5bd536572b924420557d2db2f98bdd16"},"headline":"\u00bfEres consciente de la barbaridad que acabas de hacer? (parte 1)","datePublished":"2025-04-27T17:28:32+00:00","dateModified":"2025-04-27T17:34:05+00:00","mainEntityOfPage":{"@id":"https:\/\/deportesycomunicacion.com\/?p=9196"},"wordCount":285,"commentCount":0,"publisher":{"@id":"https:\/\/deportesycomunicacion.com\/#organization"},"image":{"@id":"https:\/\/deportesycomunicacion.com\/?p=9196#primaryimage"},"thumbnailUrl":"https:\/\/deportesycomunicacion.com\/wp-content\/uploads\/2025\/04\/ai-generated-8698103_1280.jpg","keywords":["FINAL COPA REY 2025","FUTBOL","REAL MADRID","VALORES"],"articleSection":["FUTBOL"],"inLanguage":"es","potentialAction":[{"@type":"CommentAction","name":"Comment","target":["https:\/\/deportesycomunicacion.com\/?p=9196#respond"]}]},{"@type":"WebPage","@id":"https:\/\/deportesycomunicacion.com\/?p=9196","url":"https:\/\/deportesycomunicacion.com\/?p=9196","name":"\u00bfEres consciente de la barbaridad que acabas de hacer? (parte 1)","isPartOf":{"@id":"https:\/\/deportesycomunicacion.com\/#website"},"primaryImageOfPage":{"@id":"https:\/\/deportesycomunicacion.com\/?p=9196#primaryimage"},"image":{"@id":"https:\/\/deportesycomunicacion.com\/?p=9196#primaryimage"},"thumbnailUrl":"https:\/\/deportesycomunicacion.com\/wp-content\/uploads\/2025\/04\/ai-generated-8698103_1280.jpg","datePublished":"2025-04-27T17:28:32+00:00","dateModified":"2025-04-27T17:34:05+00:00","description":"Tras el asombroso rid\u00edculo del Real Madrid en la gala del Bal\u00f3n de Oro, el viernes dio una nueva e infinitamente bochornosa vuelta de tuerca en su","breadcrumb":{"@id":"https:\/\/deportesycomunicacion.com\/?p=9196#breadcrumb"},"inLanguage":"es","potentialAction":[{"@type":"ReadAction","target":["https:\/\/deportesycomunicacion.com\/?p=9196"]}]},{"@type":"ImageObject","inLanguage":"es","@id":"https:\/\/deportesycomunicacion.com\/?p=9196#primaryimage","url":"https:\/\/deportesycomunicacion.com\/wp-content\/uploads\/2025\/04\/ai-generated-8698103_1280.jpg","contentUrl":"https:\/\/deportesycomunicacion.com\/wp-content\/uploads\/2025\/04\/ai-generated-8698103_1280.jpg","width":1280,"height":960},{"@type":"BreadcrumbList","@id":"https:\/\/deportesycomunicacion.com\/?p=9196#breadcrumb","itemListElement":[{"@type":"ListItem","position":1,"name":"Portada","item":"https:\/\/deportesycomunicacion.com\/"},{"@type":"ListItem","position":2,"name":"\u00bfEres consciente de la barbaridad que acabas de hacer? (parte 1)"}]},{"@type":"WebSite","@id":"https:\/\/deportesycomunicacion.com\/#website","url":"https:\/\/deportesycomunicacion.com\/","name":"Deportes y Comunicaci\u00f3n","description":"Powered by Ivan Ferrer","publisher":{"@id":"https:\/\/deportesycomunicacion.com\/#organization"},"potentialAction":[{"@type":"SearchAction","target":{"@type":"EntryPoint","urlTemplate":"https:\/\/deportesycomunicacion.com\/?s={search_term_string}"},"query-input":{"@type":"PropertyValueSpecification","valueRequired":true,"valueName":"search_term_string"}}],"inLanguage":"es"},{"@type":"Organization","@id":"https:\/\/deportesycomunicacion.com\/#organization","name":"Deportes y Comunicaci\u00f3n","url":"https:\/\/deportesycomunicacion.com\/","logo":{"@type":"ImageObject","inLanguage":"es","@id":"https:\/\/deportesycomunicacion.com\/#\/schema\/logo\/image\/","url":"https:\/\/deportesycomunicacion.com\/wp-content\/uploads\/2013\/05\/cropped-Logo-Deportes-Comunicacion.jpg","contentUrl":"https:\/\/deportesycomunicacion.com\/wp-content\/uploads\/2013\/05\/cropped-Logo-Deportes-Comunicacion.jpg","width":300,"height":65,"caption":"Deportes y Comunicaci\u00f3n"},"image":{"@id":"https:\/\/deportesycomunicacion.com\/#\/schema\/logo\/image\/"},"sameAs":["https:\/\/www.facebook.com\/ivan.ferrercayuela","https:\/\/x.com\/IFC1976"]},{"@type":"Person","@id":"https:\/\/deportesycomunicacion.com\/#\/schema\/person\/5bd536572b924420557d2db2f98bdd16","name":"ivanferrer","url":"https:\/\/deportesycomunicacion.com\/?author=2"}]}},"_links":{"self":[{"href":"https:\/\/deportesycomunicacion.com\/index.php?rest_route=\/wp\/v2\/posts\/9196","targetHints":{"allow":["GET"]}}],"collection":[{"href":"https:\/\/deportesycomunicacion.com\/index.php?rest_route=\/wp\/v2\/posts"}],"about":[{"href":"https:\/\/deportesycomunicacion.com\/index.php?rest_route=\/wp\/v2\/types\/post"}],"author":[{"embeddable":true,"href":"https:\/\/deportesycomunicacion.com\/index.php?rest_route=\/wp\/v2\/users\/2"}],"replies":[{"embeddable":true,"href":"https:\/\/deportesycomunicacion.com\/index.php?rest_route=%2Fwp%2Fv2%2Fcomments&post=9196"}],"version-history":[{"count":6,"href":"https:\/\/deportesycomunicacion.com\/index.php?rest_route=\/wp\/v2\/posts\/9196\/revisions"}],"predecessor-version":[{"id":9204,"href":"https:\/\/deportesycomunicacion.com\/index.php?rest_route=\/wp\/v2\/posts\/9196\/revisions\/9204"}],"wp:featuredmedia":[{"embeddable":true,"href":"https:\/\/deportesycomunicacion.com\/index.php?rest_route=\/wp\/v2\/media\/9198"}],"wp:attachment":[{"href":"https:\/\/deportesycomunicacion.com\/index.php?rest_route=%2Fwp%2Fv2%2Fmedia&parent=9196"}],"wp:term":[{"taxonomy":"category","embeddable":true,"href":"https:\/\/deportesycomunicacion.com\/index.php?rest_route=%2Fwp%2Fv2%2Fcategories&post=9196"},{"taxonomy":"post_tag","embeddable":true,"href":"https:\/\/deportesycomunicacion.com\/index.php?rest_route=%2Fwp%2Fv2%2Ftags&post=9196"}],"curies":[{"name":"wp","href":"https:\/\/api.w.org\/{rel}","templated":true}]}}