{"id":9210,"date":"2025-05-02T14:46:22","date_gmt":"2025-05-02T12:46:22","guid":{"rendered":"https:\/\/deportesycomunicacion.com\/?p=9210"},"modified":"2025-05-02T14:52:12","modified_gmt":"2025-05-02T12:52:12","slug":"pasaste-demasiado-rapido-del-cielo-al-infierno","status":"publish","type":"post","link":"https:\/\/deportesycomunicacion.com\/?p=9210","title":{"rendered":"\u00bfPasaste demasiado r\u00e1pido del cielo al infierno?"},"content":{"rendered":"\n<p>Tras una <strong><a href=\"https:\/\/www.eurosport.es\/futbol\/la-liga\/2023-2024\/clasificacion.shtml\" target=\"_blank\" rel=\"noreferrer noopener\">temporada de ensue\u00f1o<\/a><\/strong> -en la que solo le superaron Madrid y Bar\u00e7a-, el <strong>Girona<\/strong> se sent\u00f3, por primera vez en su historia, en el <strong><a href=\"https:\/\/www.muyinteresante.com\/historia\/36290.html\" target=\"_blank\" rel=\"noreferrer noopener\">sal\u00f3n de los Ases<\/a><\/strong> con los mejores y m\u00e1s temidos equipos del continente. El presente curso empez\u00f3 con una tremenda ilusi\u00f3n por ver en Montilivi a rivales de la talla del PSG, Liverpool, Milan o Arsenal. Aunque muchos encuentros se decidieron por la m\u00ednima, el equipo catal\u00e1n solo pudo saborear el <strong><a href=\"https:\/\/es.uefa.com\/uefachampionsleague\/clubs\/2602798--girona\/matches\/\" target=\"_blank\" rel=\"noreferrer noopener\">\u00e9xito en uno<\/a><\/strong> de los ocho encuentros, <strong><a href=\"https:\/\/es.uefa.com\/uefachampionsleague\/clubs\/2602798--girona\/standings\/\" target=\"_blank\" rel=\"noreferrer noopener\">quedando en el puesto 33 de 36 participantes<\/a><\/strong>.  <\/p>\n\n\n\n<p>Pero mientras el novato europeo saboreaba las mieles de jugar la mejor copa, se ha desangrado y fundido, en la competici\u00f3n dom\u00e9stica. Desde la <strong><a href=\"https:\/\/es.wikipedia.org\/wiki\/Anexo:Temporada_2024-25_del_Girona_F%C3%BAtbol_Club\" target=\"_blank\" rel=\"noreferrer noopener\">victoria en la jornada 22<\/a><\/strong> (ante Las Palmas, por 2 a 1, que le encaramaba a la s\u00e9ptima posici\u00f3n, con acceso a la Europa League de la siguiente temporada), el conjunto inici\u00f3 su particular descenso a los infiernos de la clasificaci\u00f3n con una dram\u00e1tica racha de 4 empates y 7 derrotas. <\/p>\n\n\n\n<p>De la alegr\u00eda y la ilusi\u00f3n inicial, protagonizando una t\u00edpica pel\u00edcula pastelosa de Navidad en Netflix, el equipo ha pasado a ser la pr\u00f3xima v\u00edctima (entre asustada, estresada y desesperada) de una secuela en una saga <em><strong><a href=\"https:\/\/zona-cinco.com\/cine-slasher-un-sangriento-subgenero\/#:~:text=El%20cine%20slasher%20nos%20muestra,y%20mat%C3%A1ndolos%20uno%20por%20uno.\" target=\"_blank\" rel=\"noreferrer noopener\">slasher<\/a><\/strong><\/em>. La cruda realidad, <strong><a href=\"https:\/\/www.mundodeportivo.com\/resultados\/futbol\/laliga\/clasificacion\" target=\"_blank\" rel=\"noreferrer noopener\">a tres puntos del descenso<\/a><\/strong>, les obliga a hacer ahora un ejercicio de supervivencia comprimido en solo cinco jornadas. De coronar el Everest machacando al Bar\u00e7a (<strong><a href=\"https:\/\/www.diaridegirona.cat\/girona-fc\/2024\/05\/04\/girona-barca-cronica-101797587.html\" target=\"_blank\" rel=\"noreferrer noopener\">el 4 de mayo de 2024<\/a><\/strong>) a achicar agua como locos, en medio del oc\u00e9ano, <strong><a href=\"https:\/\/www.gironafc.cat\/es\/partidos\/temporada-2024-2025-laliga-ea-sports-34-girona-fc-vs-rcd-mallorca\" target=\"_blank\" rel=\"noreferrer noopener\">366 d\u00edas m\u00e1s tarde<\/a><\/strong>. Del cielo al infierno en un a\u00f1o&#8230;<\/p>\n\n\n\n<p><strong>\u00bfC\u00f3mo digieres pasar del \u00e9xito a una terror\u00edfica pesadilla en un breve espacio de tiempo?<\/strong><\/p>\n\n\n\n<p>Imagen de <a href=\"https:\/\/pixabay.com\/es\/users\/nikolaytaman90-18017684\/?utm_source=link-attribution&amp;utm_medium=referral&amp;utm_campaign=image&amp;utm_content=5551559\">nikolaytaman90<\/a> en <a href=\"https:\/\/pixabay.com\/es\/\/?utm_source=link-attribution&amp;utm_medium=referral&amp;utm_campaign=image&amp;utm_content=5551559\">Pixabay<\/a><\/p>\n\n\n\n<p><\/p>\n","protected":false},"excerpt":{"rendered":"<p>Tras una temporada de ensue\u00f1o -en la que solo le superaron Madrid y Bar\u00e7a-, el Girona &hellip; <a title=\"\u00bfPasaste demasiado r\u00e1pido del cielo al infierno?\" class=\"hm-read-more\" href=\"https:\/\/deportesycomunicacion.com\/?p=9210\"><span class=\"screen-reader-text\">\u00bfPasaste demasiado r\u00e1pido del cielo al infierno?<\/span>Leer m\u00e1s<\/a><\/p>\n","protected":false},"author":2,"featured_media":9215,"comment_status":"open","ping_status":"open","sticky":false,"template":"","format":"standard","meta":{"footnotes":""},"categories":[7],"tags":[1056,833,36,1686,2639],"class_list":["post-9210","post","type-post","status-publish","format-standard","has-post-thumbnail","hentry","category-futbol","tag-futbol","tag-girona","tag-objetivos","tag-primera-division","tag-temporada-24-25"],"yoast_head":"<!-- This site is optimized with the Yoast SEO plugin v24.8.1 - https:\/\/yoast.com\/wordpress\/plugins\/seo\/ -->\n<title>\u00bfPasaste demasiado r\u00e1pido del cielo al infierno?<\/title>\n<meta name=\"description\" content=\"Tras una temporada de ensue\u00f1o -en la que solo le superaron Madrid y Bar\u00e7a-, el Girona se sent\u00f3, por primera vez en su historia, en el sal\u00f3n de los Ases\" \/>\n<meta name=\"robots\" content=\"index, follow, max-snippet:-1, max-image-preview:large, max-video-preview:-1\" \/>\n<link rel=\"canonical\" href=\"https:\/\/deportesycomunicacion.com\/?p=9210\" \/>\n<meta property=\"og:locale\" content=\"es_ES\" \/>\n<meta property=\"og:type\" content=\"article\" \/>\n<meta property=\"og:title\" content=\"\u00bfPasaste demasiado r\u00e1pido del cielo al infierno?\" \/>\n<meta property=\"og:description\" content=\"Tras una temporada de ensue\u00f1o -en la que solo le superaron Madrid y Bar\u00e7a-, el Girona se sent\u00f3, por primera vez en su historia, en el sal\u00f3n de los Ases\" \/>\n<meta property=\"og:url\" content=\"https:\/\/deportesycomunicacion.com\/?p=9210\" \/>\n<meta property=\"og:site_name\" content=\"Deportes y Comunicaci\u00f3n\" \/>\n<meta property=\"article:publisher\" content=\"https:\/\/www.facebook.com\/ivan.ferrercayuela\" \/>\n<meta property=\"article:published_time\" content=\"2025-05-02T12:46:22+00:00\" \/>\n<meta property=\"article:modified_time\" content=\"2025-05-02T12:52:12+00:00\" \/>\n<meta property=\"og:image\" content=\"http:\/\/deportesycomunicacion.com\/wp-content\/uploads\/2025\/05\/fire-5551559_1280.jpg\" \/>\n\t<meta property=\"og:image:width\" content=\"1280\" \/>\n\t<meta property=\"og:image:height\" content=\"853\" \/>\n\t<meta property=\"og:image:type\" content=\"image\/jpeg\" \/>\n<meta name=\"author\" content=\"ivanferrer\" \/>\n<meta name=\"twitter:card\" content=\"summary_large_image\" \/>\n<meta name=\"twitter:creator\" content=\"@IFC1976\" \/>\n<meta name=\"twitter:site\" content=\"@IFC1976\" \/>\n<meta name=\"twitter:label1\" content=\"Escrito por\" \/>\n\t<meta name=\"twitter:data1\" content=\"ivanferrer\" \/>\n\t<meta name=\"twitter:label2\" content=\"Tiempo de lectura\" \/>\n\t<meta name=\"twitter:data2\" content=\"2 minutos\" \/>\n<script type=\"application\/ld+json\" class=\"yoast-schema-graph\">{\"@context\":\"https:\/\/schema.org\",\"@graph\":[{\"@type\":\"Article\",\"@id\":\"https:\/\/deportesycomunicacion.com\/?p=9210#article\",\"isPartOf\":{\"@id\":\"https:\/\/deportesycomunicacion.com\/?p=9210\"},\"author\":{\"name\":\"ivanferrer\",\"@id\":\"https:\/\/deportesycomunicacion.com\/#\/schema\/person\/5bd536572b924420557d2db2f98bdd16\"},\"headline\":\"\u00bfPasaste demasiado r\u00e1pido del cielo al infierno?\",\"datePublished\":\"2025-05-02T12:46:22+00:00\",\"dateModified\":\"2025-05-02T12:52:12+00:00\",\"mainEntityOfPage\":{\"@id\":\"https:\/\/deportesycomunicacion.com\/?p=9210\"},\"wordCount\":303,\"commentCount\":0,\"publisher\":{\"@id\":\"https:\/\/deportesycomunicacion.com\/#organization\"},\"image\":{\"@id\":\"https:\/\/deportesycomunicacion.com\/?p=9210#primaryimage\"},\"thumbnailUrl\":\"https:\/\/deportesycomunicacion.com\/wp-content\/uploads\/2025\/05\/fire-5551559_1280.jpg\",\"keywords\":[\"FUTBOL\",\"GIRONA\",\"OBJETIVOS\",\"PRIMERA DIVISION\",\"TEMPORADA 24-25\"],\"articleSection\":[\"FUTBOL\"],\"inLanguage\":\"es\",\"potentialAction\":[{\"@type\":\"CommentAction\",\"name\":\"Comment\",\"target\":[\"https:\/\/deportesycomunicacion.com\/?p=9210#respond\"]}]},{\"@type\":\"WebPage\",\"@id\":\"https:\/\/deportesycomunicacion.com\/?p=9210\",\"url\":\"https:\/\/deportesycomunicacion.com\/?p=9210\",\"name\":\"\u00bfPasaste demasiado r\u00e1pido del cielo al infierno?\",\"isPartOf\":{\"@id\":\"https:\/\/deportesycomunicacion.com\/#website\"},\"primaryImageOfPage\":{\"@id\":\"https:\/\/deportesycomunicacion.com\/?p=9210#primaryimage\"},\"image\":{\"@id\":\"https:\/\/deportesycomunicacion.com\/?p=9210#primaryimage\"},\"thumbnailUrl\":\"https:\/\/deportesycomunicacion.com\/wp-content\/uploads\/2025\/05\/fire-5551559_1280.jpg\",\"datePublished\":\"2025-05-02T12:46:22+00:00\",\"dateModified\":\"2025-05-02T12:52:12+00:00\",\"description\":\"Tras una temporada de ensue\u00f1o -en la que solo le superaron Madrid y Bar\u00e7a-, el Girona se sent\u00f3, por primera vez en su historia, en el sal\u00f3n de los Ases\",\"breadcrumb\":{\"@id\":\"https:\/\/deportesycomunicacion.com\/?p=9210#breadcrumb\"},\"inLanguage\":\"es\",\"potentialAction\":[{\"@type\":\"ReadAction\",\"target\":[\"https:\/\/deportesycomunicacion.com\/?p=9210\"]}]},{\"@type\":\"ImageObject\",\"inLanguage\":\"es\",\"@id\":\"https:\/\/deportesycomunicacion.com\/?p=9210#primaryimage\",\"url\":\"https:\/\/deportesycomunicacion.com\/wp-content\/uploads\/2025\/05\/fire-5551559_1280.jpg\",\"contentUrl\":\"https:\/\/deportesycomunicacion.com\/wp-content\/uploads\/2025\/05\/fire-5551559_1280.jpg\",\"width\":1280,\"height\":853},{\"@type\":\"BreadcrumbList\",\"@id\":\"https:\/\/deportesycomunicacion.com\/?p=9210#breadcrumb\",\"itemListElement\":[{\"@type\":\"ListItem\",\"position\":1,\"name\":\"Portada\",\"item\":\"https:\/\/deportesycomunicacion.com\/\"},{\"@type\":\"ListItem\",\"position\":2,\"name\":\"\u00bfPasaste demasiado r\u00e1pido del cielo al infierno?\"}]},{\"@type\":\"WebSite\",\"@id\":\"https:\/\/deportesycomunicacion.com\/#website\",\"url\":\"https:\/\/deportesycomunicacion.com\/\",\"name\":\"Deportes y Comunicaci\u00f3n\",\"description\":\"Powered by Ivan Ferrer\",\"publisher\":{\"@id\":\"https:\/\/deportesycomunicacion.com\/#organization\"},\"potentialAction\":[{\"@type\":\"SearchAction\",\"target\":{\"@type\":\"EntryPoint\",\"urlTemplate\":\"https:\/\/deportesycomunicacion.com\/?s={search_term_string}\"},\"query-input\":{\"@type\":\"PropertyValueSpecification\",\"valueRequired\":true,\"valueName\":\"search_term_string\"}}],\"inLanguage\":\"es\"},{\"@type\":\"Organization\",\"@id\":\"https:\/\/deportesycomunicacion.com\/#organization\",\"name\":\"Deportes y Comunicaci\u00f3n\",\"url\":\"https:\/\/deportesycomunicacion.com\/\",\"logo\":{\"@type\":\"ImageObject\",\"inLanguage\":\"es\",\"@id\":\"https:\/\/deportesycomunicacion.com\/#\/schema\/logo\/image\/\",\"url\":\"https:\/\/deportesycomunicacion.com\/wp-content\/uploads\/2013\/05\/cropped-Logo-Deportes-Comunicacion.jpg\",\"contentUrl\":\"https:\/\/deportesycomunicacion.com\/wp-content\/uploads\/2013\/05\/cropped-Logo-Deportes-Comunicacion.jpg\",\"width\":300,\"height\":65,\"caption\":\"Deportes y Comunicaci\u00f3n\"},\"image\":{\"@id\":\"https:\/\/deportesycomunicacion.com\/#\/schema\/logo\/image\/\"},\"sameAs\":[\"https:\/\/www.facebook.com\/ivan.ferrercayuela\",\"https:\/\/x.com\/IFC1976\"]},{\"@type\":\"Person\",\"@id\":\"https:\/\/deportesycomunicacion.com\/#\/schema\/person\/5bd536572b924420557d2db2f98bdd16\",\"name\":\"ivanferrer\",\"url\":\"https:\/\/deportesycomunicacion.com\/?author=2\"}]}<\/script>\n<!-- \/ Yoast SEO plugin. -->","yoast_head_json":{"title":"\u00bfPasaste demasiado r\u00e1pido del cielo al infierno?","description":"Tras una temporada de ensue\u00f1o -en la que solo le superaron Madrid y Bar\u00e7a-, el Girona se sent\u00f3, por primera vez en su historia, en el sal\u00f3n de los Ases","robots":{"index":"index","follow":"follow","max-snippet":"max-snippet:-1","max-image-preview":"max-image-preview:large","max-video-preview":"max-video-preview:-1"},"canonical":"https:\/\/deportesycomunicacion.com\/?p=9210","og_locale":"es_ES","og_type":"article","og_title":"\u00bfPasaste demasiado r\u00e1pido del cielo al infierno?","og_description":"Tras una temporada de ensue\u00f1o -en la que solo le superaron Madrid y Bar\u00e7a-, el Girona se sent\u00f3, por primera vez en su historia, en el sal\u00f3n de los Ases","og_url":"https:\/\/deportesycomunicacion.com\/?p=9210","og_site_name":"Deportes y Comunicaci\u00f3n","article_publisher":"https:\/\/www.facebook.com\/ivan.ferrercayuela","article_published_time":"2025-05-02T12:46:22+00:00","article_modified_time":"2025-05-02T12:52:12+00:00","og_image":[{"width":1280,"height":853,"url":"http:\/\/deportesycomunicacion.com\/wp-content\/uploads\/2025\/05\/fire-5551559_1280.jpg","type":"image\/jpeg"}],"author":"ivanferrer","twitter_card":"summary_large_image","twitter_creator":"@IFC1976","twitter_site":"@IFC1976","twitter_misc":{"Escrito por":"ivanferrer","Tiempo de lectura":"2 minutos"},"schema":{"@context":"https:\/\/schema.org","@graph":[{"@type":"Article","@id":"https:\/\/deportesycomunicacion.com\/?p=9210#article","isPartOf":{"@id":"https:\/\/deportesycomunicacion.com\/?p=9210"},"author":{"name":"ivanferrer","@id":"https:\/\/deportesycomunicacion.com\/#\/schema\/person\/5bd536572b924420557d2db2f98bdd16"},"headline":"\u00bfPasaste demasiado r\u00e1pido del cielo al infierno?","datePublished":"2025-05-02T12:46:22+00:00","dateModified":"2025-05-02T12:52:12+00:00","mainEntityOfPage":{"@id":"https:\/\/deportesycomunicacion.com\/?p=9210"},"wordCount":303,"commentCount":0,"publisher":{"@id":"https:\/\/deportesycomunicacion.com\/#organization"},"image":{"@id":"https:\/\/deportesycomunicacion.com\/?p=9210#primaryimage"},"thumbnailUrl":"https:\/\/deportesycomunicacion.com\/wp-content\/uploads\/2025\/05\/fire-5551559_1280.jpg","keywords":["FUTBOL","GIRONA","OBJETIVOS","PRIMERA DIVISION","TEMPORADA 24-25"],"articleSection":["FUTBOL"],"inLanguage":"es","potentialAction":[{"@type":"CommentAction","name":"Comment","target":["https:\/\/deportesycomunicacion.com\/?p=9210#respond"]}]},{"@type":"WebPage","@id":"https:\/\/deportesycomunicacion.com\/?p=9210","url":"https:\/\/deportesycomunicacion.com\/?p=9210","name":"\u00bfPasaste demasiado r\u00e1pido del cielo al infierno?","isPartOf":{"@id":"https:\/\/deportesycomunicacion.com\/#website"},"primaryImageOfPage":{"@id":"https:\/\/deportesycomunicacion.com\/?p=9210#primaryimage"},"image":{"@id":"https:\/\/deportesycomunicacion.com\/?p=9210#primaryimage"},"thumbnailUrl":"https:\/\/deportesycomunicacion.com\/wp-content\/uploads\/2025\/05\/fire-5551559_1280.jpg","datePublished":"2025-05-02T12:46:22+00:00","dateModified":"2025-05-02T12:52:12+00:00","description":"Tras una temporada de ensue\u00f1o -en la que solo le superaron Madrid y Bar\u00e7a-, el Girona se sent\u00f3, por primera vez en su historia, en el sal\u00f3n de los Ases","breadcrumb":{"@id":"https:\/\/deportesycomunicacion.com\/?p=9210#breadcrumb"},"inLanguage":"es","potentialAction":[{"@type":"ReadAction","target":["https:\/\/deportesycomunicacion.com\/?p=9210"]}]},{"@type":"ImageObject","inLanguage":"es","@id":"https:\/\/deportesycomunicacion.com\/?p=9210#primaryimage","url":"https:\/\/deportesycomunicacion.com\/wp-content\/uploads\/2025\/05\/fire-5551559_1280.jpg","contentUrl":"https:\/\/deportesycomunicacion.com\/wp-content\/uploads\/2025\/05\/fire-5551559_1280.jpg","width":1280,"height":853},{"@type":"BreadcrumbList","@id":"https:\/\/deportesycomunicacion.com\/?p=9210#breadcrumb","itemListElement":[{"@type":"ListItem","position":1,"name":"Portada","item":"https:\/\/deportesycomunicacion.com\/"},{"@type":"ListItem","position":2,"name":"\u00bfPasaste demasiado r\u00e1pido del cielo al infierno?"}]},{"@type":"WebSite","@id":"https:\/\/deportesycomunicacion.com\/#website","url":"https:\/\/deportesycomunicacion.com\/","name":"Deportes y Comunicaci\u00f3n","description":"Powered by Ivan Ferrer","publisher":{"@id":"https:\/\/deportesycomunicacion.com\/#organization"},"potentialAction":[{"@type":"SearchAction","target":{"@type":"EntryPoint","urlTemplate":"https:\/\/deportesycomunicacion.com\/?s={search_term_string}"},"query-input":{"@type":"PropertyValueSpecification","valueRequired":true,"valueName":"search_term_string"}}],"inLanguage":"es"},{"@type":"Organization","@id":"https:\/\/deportesycomunicacion.com\/#organization","name":"Deportes y Comunicaci\u00f3n","url":"https:\/\/deportesycomunicacion.com\/","logo":{"@type":"ImageObject","inLanguage":"es","@id":"https:\/\/deportesycomunicacion.com\/#\/schema\/logo\/image\/","url":"https:\/\/deportesycomunicacion.com\/wp-content\/uploads\/2013\/05\/cropped-Logo-Deportes-Comunicacion.jpg","contentUrl":"https:\/\/deportesycomunicacion.com\/wp-content\/uploads\/2013\/05\/cropped-Logo-Deportes-Comunicacion.jpg","width":300,"height":65,"caption":"Deportes y Comunicaci\u00f3n"},"image":{"@id":"https:\/\/deportesycomunicacion.com\/#\/schema\/logo\/image\/"},"sameAs":["https:\/\/www.facebook.com\/ivan.ferrercayuela","https:\/\/x.com\/IFC1976"]},{"@type":"Person","@id":"https:\/\/deportesycomunicacion.com\/#\/schema\/person\/5bd536572b924420557d2db2f98bdd16","name":"ivanferrer","url":"https:\/\/deportesycomunicacion.com\/?author=2"}]}},"_links":{"self":[{"href":"https:\/\/deportesycomunicacion.com\/index.php?rest_route=\/wp\/v2\/posts\/9210","targetHints":{"allow":["GET"]}}],"collection":[{"href":"https:\/\/deportesycomunicacion.com\/index.php?rest_route=\/wp\/v2\/posts"}],"about":[{"href":"https:\/\/deportesycomunicacion.com\/index.php?rest_route=\/wp\/v2\/types\/post"}],"author":[{"embeddable":true,"href":"https:\/\/deportesycomunicacion.com\/index.php?rest_route=\/wp\/v2\/users\/2"}],"replies":[{"embeddable":true,"href":"https:\/\/deportesycomunicacion.com\/index.php?rest_route=%2Fwp%2Fv2%2Fcomments&post=9210"}],"version-history":[{"count":6,"href":"https:\/\/deportesycomunicacion.com\/index.php?rest_route=\/wp\/v2\/posts\/9210\/revisions"}],"predecessor-version":[{"id":9217,"href":"https:\/\/deportesycomunicacion.com\/index.php?rest_route=\/wp\/v2\/posts\/9210\/revisions\/9217"}],"wp:featuredmedia":[{"embeddable":true,"href":"https:\/\/deportesycomunicacion.com\/index.php?rest_route=\/wp\/v2\/media\/9215"}],"wp:attachment":[{"href":"https:\/\/deportesycomunicacion.com\/index.php?rest_route=%2Fwp%2Fv2%2Fmedia&parent=9210"}],"wp:term":[{"taxonomy":"category","embeddable":true,"href":"https:\/\/deportesycomunicacion.com\/index.php?rest_route=%2Fwp%2Fv2%2Fcategories&post=9210"},{"taxonomy":"post_tag","embeddable":true,"href":"https:\/\/deportesycomunicacion.com\/index.php?rest_route=%2Fwp%2Fv2%2Ftags&post=9210"}],"curies":[{"name":"wp","href":"https:\/\/api.w.org\/{rel}","templated":true}]}}