{"id":928,"date":"2014-01-13T15:59:22","date_gmt":"2014-01-13T14:59:22","guid":{"rendered":"http:\/\/deportesycomunicacion.com\/?p=928"},"modified":"2014-01-13T15:59:22","modified_gmt":"2014-01-13T14:59:22","slug":"te-gusta-ir-por-el-alambre-sin-red","status":"publish","type":"post","link":"https:\/\/deportesycomunicacion.com\/?p=928","title":{"rendered":"\u00bfTe gusta ir por el alambre sin red?"},"content":{"rendered":"<p style=\"text-align: justify;\">Como <strong><a title=\"Man on wire\" href=\"http:\/\/www.youtube.com\/watch?v=hX7sXYJzYmA\" target=\"_blank\">Philippe Petit<\/a> <\/strong>en 1974 -atravesando las torres gemelas de Nueva York con la \u00fanica ayuda de una barra, un cable y su inestimable equilibrio- <strong>Pau Gasol<\/strong> sigue pase\u00e1ndose sin red por la tortuosa temporada 2013-14 de la <strong>NBA<\/strong>. Hasta el 20 de febrero sigue funcionando a todo gas la ruleta rusa de los traspasos, en los que Pau est\u00e1 muy presente. Cleveland ha sido el \u00faltimo intento frustrado para sacarse de encima al p\u00edvot de los <strong>Lakers<\/strong>.<\/p>\n<p style=\"text-align: justify;\">Mientras tanto el equipo angelino hace aguas en plan Titanic, sufriendo la mayor paliza de la historia ante los Clippers (su m\u00e1ximo rival en la ciudad) por 36 puntos de diferencia y acumulando 23 KO en 37 partidos. Con Kobe Bryant lesionado hasta febrero -y el equipo hundido en el puesto 23 de la clasificaci\u00f3n-, Pau est\u00e1 sumiendo unos galones y un liderazgo cuestionado desde dentro. Con una relaci\u00f3n complicada con su entrenador y una directiva que lo pone en el mercado cada vez que ve una m\u00ednima oportunidad, Gasol juega contra el rival, contra el entorno y contra la incertidumbre: una situaci\u00f3n que le ha situado en la pura superviviencia.<\/p>\n<p style=\"text-align: justify;\">El \u00faltimo dardo, en tan surrealista situaci\u00f3n, lo ha lanzado el\u00a0general manager del equipo, <a title=\"Declaraciones General Manager Lakers\" href=\"http:\/\/deportes.elpais.com\/deportes\/2014\/01\/12\/actualidad\/1389551928_858738.html\" target=\"_blank\"><strong>Mitch Kupchak<\/strong><\/a>, que incluso tiene la intenci\u00f3n de que el p\u00edvot renueve un a\u00f1o m\u00e1s cuando acabe su contrato a finales de temporada. Las alabanzas que Pau Gasol es un gran jugador y candidato al Sal\u00f3n de la Fama no se corresponden con las acciones del club. As\u00ed que entre tanta confusi\u00f3n a Pau solo le sirve enfocarse en su trabajo y hacer de funambulista, de pista en pista&#8230;<\/p>\n<p style=\"text-align: justify;\"><strong>\u00bfTe sientes c\u00f3modo circulando por el alambre? \u00bfO necesitas calma para dar lo mejor de ti mismo?<\/strong><\/p>\n<p>photo credit: <a href=\"http:\/\/www.flickr.com\/photos\/vilanovailageltru\/4650491504\/\">Vilanova i la Geltr\u00fa<\/a> via <a href=\"http:\/\/photopin.com\">photopin<\/a> <a href=\"http:\/\/creativecommons.org\/licenses\/by-nd\/2.0\/\">cc<\/a><\/p>\n","protected":false},"excerpt":{"rendered":"<p>Como Philippe Petit en 1974 -atravesando las torres gemelas de Nueva York con la \u00fanica ayuda &hellip; <a title=\"\u00bfTe gusta ir por el alambre sin red?\" class=\"hm-read-more\" href=\"https:\/\/deportesycomunicacion.com\/?p=928\"><span class=\"screen-reader-text\">\u00bfTe gusta ir por el alambre sin red?<\/span>Leer m\u00e1s<\/a><\/p>\n","protected":false},"author":2,"featured_media":931,"comment_status":"open","ping_status":"open","sticky":false,"template":"","format":"standard","meta":{"footnotes":""},"categories":[12],"tags":[1057,247,248,144,236],"class_list":["post-928","post","type-post","status-publish","format-standard","has-post-thumbnail","hentry","category-baloncesto","tag-baloncesto","tag-incoherencia","tag-lakers","tag-nba","tag-pau-gasol"],"yoast_head":"<!-- This site is optimized with the Yoast SEO plugin v24.8.1 - https:\/\/yoast.com\/wordpress\/plugins\/seo\/ -->\n<title>\u00bfTe gusta ir por el alambre sin red?<\/title>\n<meta name=\"description\" content=\"Como Philippe Petit en 1974 -atravesando las torres gemelas de Nueva York con la \u00fanica ayuda de una barra, un cable y su inestimable equilibrio- Pau Gasol\" \/>\n<meta name=\"robots\" content=\"index, follow, max-snippet:-1, max-image-preview:large, max-video-preview:-1\" \/>\n<link rel=\"canonical\" href=\"https:\/\/deportesycomunicacion.com\/?p=928\" \/>\n<meta property=\"og:locale\" content=\"es_ES\" \/>\n<meta property=\"og:type\" content=\"article\" \/>\n<meta property=\"og:title\" content=\"\u00bfTe gusta ir por el alambre sin red?\" \/>\n<meta property=\"og:description\" content=\"Como Philippe Petit en 1974 -atravesando las torres gemelas de Nueva York con la \u00fanica ayuda de una barra, un cable y su inestimable equilibrio- Pau Gasol\" \/>\n<meta property=\"og:url\" content=\"https:\/\/deportesycomunicacion.com\/?p=928\" \/>\n<meta property=\"og:site_name\" content=\"Deportes y Comunicaci\u00f3n\" \/>\n<meta property=\"article:publisher\" content=\"https:\/\/www.facebook.com\/ivan.ferrercayuela\" \/>\n<meta property=\"article:published_time\" content=\"2014-01-13T14:59:22+00:00\" \/>\n<meta property=\"og:image\" content=\"https:\/\/deportesycomunicacion.com\/wp-content\/uploads\/2014\/01\/Funambulista.jpg\" \/>\n\t<meta property=\"og:image:width\" content=\"640\" \/>\n\t<meta property=\"og:image:height\" content=\"427\" \/>\n\t<meta property=\"og:image:type\" content=\"image\/jpeg\" \/>\n<meta name=\"author\" content=\"ivanferrer\" \/>\n<meta name=\"twitter:card\" content=\"summary_large_image\" \/>\n<meta name=\"twitter:creator\" content=\"@IFC1976\" \/>\n<meta name=\"twitter:site\" content=\"@IFC1976\" \/>\n<meta name=\"twitter:label1\" content=\"Escrito por\" \/>\n\t<meta name=\"twitter:data1\" content=\"ivanferrer\" \/>\n\t<meta name=\"twitter:label2\" content=\"Tiempo de lectura\" \/>\n\t<meta name=\"twitter:data2\" content=\"2 minutos\" \/>\n<script type=\"application\/ld+json\" class=\"yoast-schema-graph\">{\"@context\":\"https:\/\/schema.org\",\"@graph\":[{\"@type\":\"Article\",\"@id\":\"https:\/\/deportesycomunicacion.com\/?p=928#article\",\"isPartOf\":{\"@id\":\"https:\/\/deportesycomunicacion.com\/?p=928\"},\"author\":{\"name\":\"ivanferrer\",\"@id\":\"https:\/\/deportesycomunicacion.com\/#\/schema\/person\/5bd536572b924420557d2db2f98bdd16\"},\"headline\":\"\u00bfTe gusta ir por el alambre sin red?\",\"datePublished\":\"2014-01-13T14:59:22+00:00\",\"mainEntityOfPage\":{\"@id\":\"https:\/\/deportesycomunicacion.com\/?p=928\"},\"wordCount\":316,\"commentCount\":0,\"publisher\":{\"@id\":\"https:\/\/deportesycomunicacion.com\/#organization\"},\"image\":{\"@id\":\"https:\/\/deportesycomunicacion.com\/?p=928#primaryimage\"},\"thumbnailUrl\":\"https:\/\/deportesycomunicacion.com\/wp-content\/uploads\/2014\/01\/Funambulista.jpg\",\"keywords\":[\"BALONCESTO\",\"INCOHERENCIA\",\"LAKERS\",\"NBA\",\"PAU GASOL\"],\"articleSection\":[\"BALONCESTO\"],\"inLanguage\":\"es\",\"potentialAction\":[{\"@type\":\"CommentAction\",\"name\":\"Comment\",\"target\":[\"https:\/\/deportesycomunicacion.com\/?p=928#respond\"]}]},{\"@type\":\"WebPage\",\"@id\":\"https:\/\/deportesycomunicacion.com\/?p=928\",\"url\":\"https:\/\/deportesycomunicacion.com\/?p=928\",\"name\":\"\u00bfTe gusta ir por el alambre sin red?\",\"isPartOf\":{\"@id\":\"https:\/\/deportesycomunicacion.com\/#website\"},\"primaryImageOfPage\":{\"@id\":\"https:\/\/deportesycomunicacion.com\/?p=928#primaryimage\"},\"image\":{\"@id\":\"https:\/\/deportesycomunicacion.com\/?p=928#primaryimage\"},\"thumbnailUrl\":\"https:\/\/deportesycomunicacion.com\/wp-content\/uploads\/2014\/01\/Funambulista.jpg\",\"datePublished\":\"2014-01-13T14:59:22+00:00\",\"description\":\"Como Philippe Petit en 1974 -atravesando las torres gemelas de Nueva York con la \u00fanica ayuda de una barra, un cable y su inestimable equilibrio- Pau Gasol\",\"breadcrumb\":{\"@id\":\"https:\/\/deportesycomunicacion.com\/?p=928#breadcrumb\"},\"inLanguage\":\"es\",\"potentialAction\":[{\"@type\":\"ReadAction\",\"target\":[\"https:\/\/deportesycomunicacion.com\/?p=928\"]}]},{\"@type\":\"ImageObject\",\"inLanguage\":\"es\",\"@id\":\"https:\/\/deportesycomunicacion.com\/?p=928#primaryimage\",\"url\":\"https:\/\/deportesycomunicacion.com\/wp-content\/uploads\/2014\/01\/Funambulista.jpg\",\"contentUrl\":\"https:\/\/deportesycomunicacion.com\/wp-content\/uploads\/2014\/01\/Funambulista.jpg\",\"width\":640,\"height\":427},{\"@type\":\"BreadcrumbList\",\"@id\":\"https:\/\/deportesycomunicacion.com\/?p=928#breadcrumb\",\"itemListElement\":[{\"@type\":\"ListItem\",\"position\":1,\"name\":\"Portada\",\"item\":\"https:\/\/deportesycomunicacion.com\/\"},{\"@type\":\"ListItem\",\"position\":2,\"name\":\"\u00bfTe gusta ir por el alambre sin red?\"}]},{\"@type\":\"WebSite\",\"@id\":\"https:\/\/deportesycomunicacion.com\/#website\",\"url\":\"https:\/\/deportesycomunicacion.com\/\",\"name\":\"Deportes y Comunicaci\u00f3n\",\"description\":\"Powered by Ivan Ferrer\",\"publisher\":{\"@id\":\"https:\/\/deportesycomunicacion.com\/#organization\"},\"potentialAction\":[{\"@type\":\"SearchAction\",\"target\":{\"@type\":\"EntryPoint\",\"urlTemplate\":\"https:\/\/deportesycomunicacion.com\/?s={search_term_string}\"},\"query-input\":{\"@type\":\"PropertyValueSpecification\",\"valueRequired\":true,\"valueName\":\"search_term_string\"}}],\"inLanguage\":\"es\"},{\"@type\":\"Organization\",\"@id\":\"https:\/\/deportesycomunicacion.com\/#organization\",\"name\":\"Deportes y Comunicaci\u00f3n\",\"url\":\"https:\/\/deportesycomunicacion.com\/\",\"logo\":{\"@type\":\"ImageObject\",\"inLanguage\":\"es\",\"@id\":\"https:\/\/deportesycomunicacion.com\/#\/schema\/logo\/image\/\",\"url\":\"https:\/\/deportesycomunicacion.com\/wp-content\/uploads\/2013\/05\/cropped-Logo-Deportes-Comunicacion.jpg\",\"contentUrl\":\"https:\/\/deportesycomunicacion.com\/wp-content\/uploads\/2013\/05\/cropped-Logo-Deportes-Comunicacion.jpg\",\"width\":300,\"height\":65,\"caption\":\"Deportes y Comunicaci\u00f3n\"},\"image\":{\"@id\":\"https:\/\/deportesycomunicacion.com\/#\/schema\/logo\/image\/\"},\"sameAs\":[\"https:\/\/www.facebook.com\/ivan.ferrercayuela\",\"https:\/\/x.com\/IFC1976\"]},{\"@type\":\"Person\",\"@id\":\"https:\/\/deportesycomunicacion.com\/#\/schema\/person\/5bd536572b924420557d2db2f98bdd16\",\"name\":\"ivanferrer\",\"url\":\"https:\/\/deportesycomunicacion.com\/?author=2\"}]}<\/script>\n<!-- \/ Yoast SEO plugin. -->","yoast_head_json":{"title":"\u00bfTe gusta ir por el alambre sin red?","description":"Como Philippe Petit en 1974 -atravesando las torres gemelas de Nueva York con la \u00fanica ayuda de una barra, un cable y su inestimable equilibrio- Pau Gasol","robots":{"index":"index","follow":"follow","max-snippet":"max-snippet:-1","max-image-preview":"max-image-preview:large","max-video-preview":"max-video-preview:-1"},"canonical":"https:\/\/deportesycomunicacion.com\/?p=928","og_locale":"es_ES","og_type":"article","og_title":"\u00bfTe gusta ir por el alambre sin red?","og_description":"Como Philippe Petit en 1974 -atravesando las torres gemelas de Nueva York con la \u00fanica ayuda de una barra, un cable y su inestimable equilibrio- Pau Gasol","og_url":"https:\/\/deportesycomunicacion.com\/?p=928","og_site_name":"Deportes y Comunicaci\u00f3n","article_publisher":"https:\/\/www.facebook.com\/ivan.ferrercayuela","article_published_time":"2014-01-13T14:59:22+00:00","og_image":[{"width":640,"height":427,"url":"https:\/\/deportesycomunicacion.com\/wp-content\/uploads\/2014\/01\/Funambulista.jpg","type":"image\/jpeg"}],"author":"ivanferrer","twitter_card":"summary_large_image","twitter_creator":"@IFC1976","twitter_site":"@IFC1976","twitter_misc":{"Escrito por":"ivanferrer","Tiempo de lectura":"2 minutos"},"schema":{"@context":"https:\/\/schema.org","@graph":[{"@type":"Article","@id":"https:\/\/deportesycomunicacion.com\/?p=928#article","isPartOf":{"@id":"https:\/\/deportesycomunicacion.com\/?p=928"},"author":{"name":"ivanferrer","@id":"https:\/\/deportesycomunicacion.com\/#\/schema\/person\/5bd536572b924420557d2db2f98bdd16"},"headline":"\u00bfTe gusta ir por el alambre sin red?","datePublished":"2014-01-13T14:59:22+00:00","mainEntityOfPage":{"@id":"https:\/\/deportesycomunicacion.com\/?p=928"},"wordCount":316,"commentCount":0,"publisher":{"@id":"https:\/\/deportesycomunicacion.com\/#organization"},"image":{"@id":"https:\/\/deportesycomunicacion.com\/?p=928#primaryimage"},"thumbnailUrl":"https:\/\/deportesycomunicacion.com\/wp-content\/uploads\/2014\/01\/Funambulista.jpg","keywords":["BALONCESTO","INCOHERENCIA","LAKERS","NBA","PAU GASOL"],"articleSection":["BALONCESTO"],"inLanguage":"es","potentialAction":[{"@type":"CommentAction","name":"Comment","target":["https:\/\/deportesycomunicacion.com\/?p=928#respond"]}]},{"@type":"WebPage","@id":"https:\/\/deportesycomunicacion.com\/?p=928","url":"https:\/\/deportesycomunicacion.com\/?p=928","name":"\u00bfTe gusta ir por el alambre sin red?","isPartOf":{"@id":"https:\/\/deportesycomunicacion.com\/#website"},"primaryImageOfPage":{"@id":"https:\/\/deportesycomunicacion.com\/?p=928#primaryimage"},"image":{"@id":"https:\/\/deportesycomunicacion.com\/?p=928#primaryimage"},"thumbnailUrl":"https:\/\/deportesycomunicacion.com\/wp-content\/uploads\/2014\/01\/Funambulista.jpg","datePublished":"2014-01-13T14:59:22+00:00","description":"Como Philippe Petit en 1974 -atravesando las torres gemelas de Nueva York con la \u00fanica ayuda de una barra, un cable y su inestimable equilibrio- Pau Gasol","breadcrumb":{"@id":"https:\/\/deportesycomunicacion.com\/?p=928#breadcrumb"},"inLanguage":"es","potentialAction":[{"@type":"ReadAction","target":["https:\/\/deportesycomunicacion.com\/?p=928"]}]},{"@type":"ImageObject","inLanguage":"es","@id":"https:\/\/deportesycomunicacion.com\/?p=928#primaryimage","url":"https:\/\/deportesycomunicacion.com\/wp-content\/uploads\/2014\/01\/Funambulista.jpg","contentUrl":"https:\/\/deportesycomunicacion.com\/wp-content\/uploads\/2014\/01\/Funambulista.jpg","width":640,"height":427},{"@type":"BreadcrumbList","@id":"https:\/\/deportesycomunicacion.com\/?p=928#breadcrumb","itemListElement":[{"@type":"ListItem","position":1,"name":"Portada","item":"https:\/\/deportesycomunicacion.com\/"},{"@type":"ListItem","position":2,"name":"\u00bfTe gusta ir por el alambre sin red?"}]},{"@type":"WebSite","@id":"https:\/\/deportesycomunicacion.com\/#website","url":"https:\/\/deportesycomunicacion.com\/","name":"Deportes y Comunicaci\u00f3n","description":"Powered by Ivan Ferrer","publisher":{"@id":"https:\/\/deportesycomunicacion.com\/#organization"},"potentialAction":[{"@type":"SearchAction","target":{"@type":"EntryPoint","urlTemplate":"https:\/\/deportesycomunicacion.com\/?s={search_term_string}"},"query-input":{"@type":"PropertyValueSpecification","valueRequired":true,"valueName":"search_term_string"}}],"inLanguage":"es"},{"@type":"Organization","@id":"https:\/\/deportesycomunicacion.com\/#organization","name":"Deportes y Comunicaci\u00f3n","url":"https:\/\/deportesycomunicacion.com\/","logo":{"@type":"ImageObject","inLanguage":"es","@id":"https:\/\/deportesycomunicacion.com\/#\/schema\/logo\/image\/","url":"https:\/\/deportesycomunicacion.com\/wp-content\/uploads\/2013\/05\/cropped-Logo-Deportes-Comunicacion.jpg","contentUrl":"https:\/\/deportesycomunicacion.com\/wp-content\/uploads\/2013\/05\/cropped-Logo-Deportes-Comunicacion.jpg","width":300,"height":65,"caption":"Deportes y Comunicaci\u00f3n"},"image":{"@id":"https:\/\/deportesycomunicacion.com\/#\/schema\/logo\/image\/"},"sameAs":["https:\/\/www.facebook.com\/ivan.ferrercayuela","https:\/\/x.com\/IFC1976"]},{"@type":"Person","@id":"https:\/\/deportesycomunicacion.com\/#\/schema\/person\/5bd536572b924420557d2db2f98bdd16","name":"ivanferrer","url":"https:\/\/deportesycomunicacion.com\/?author=2"}]}},"_links":{"self":[{"href":"https:\/\/deportesycomunicacion.com\/index.php?rest_route=\/wp\/v2\/posts\/928","targetHints":{"allow":["GET"]}}],"collection":[{"href":"https:\/\/deportesycomunicacion.com\/index.php?rest_route=\/wp\/v2\/posts"}],"about":[{"href":"https:\/\/deportesycomunicacion.com\/index.php?rest_route=\/wp\/v2\/types\/post"}],"author":[{"embeddable":true,"href":"https:\/\/deportesycomunicacion.com\/index.php?rest_route=\/wp\/v2\/users\/2"}],"replies":[{"embeddable":true,"href":"https:\/\/deportesycomunicacion.com\/index.php?rest_route=%2Fwp%2Fv2%2Fcomments&post=928"}],"version-history":[{"count":4,"href":"https:\/\/deportesycomunicacion.com\/index.php?rest_route=\/wp\/v2\/posts\/928\/revisions"}],"predecessor-version":[{"id":933,"href":"https:\/\/deportesycomunicacion.com\/index.php?rest_route=\/wp\/v2\/posts\/928\/revisions\/933"}],"wp:featuredmedia":[{"embeddable":true,"href":"https:\/\/deportesycomunicacion.com\/index.php?rest_route=\/wp\/v2\/media\/931"}],"wp:attachment":[{"href":"https:\/\/deportesycomunicacion.com\/index.php?rest_route=%2Fwp%2Fv2%2Fmedia&parent=928"}],"wp:term":[{"taxonomy":"category","embeddable":true,"href":"https:\/\/deportesycomunicacion.com\/index.php?rest_route=%2Fwp%2Fv2%2Fcategories&post=928"},{"taxonomy":"post_tag","embeddable":true,"href":"https:\/\/deportesycomunicacion.com\/index.php?rest_route=%2Fwp%2Fv2%2Ftags&post=928"}],"curies":[{"name":"wp","href":"https:\/\/api.w.org\/{rel}","templated":true}]}}