{"id":9354,"date":"2025-10-19T13:33:31","date_gmt":"2025-10-19T11:33:31","guid":{"rendered":"https:\/\/deportesycomunicacion.com\/?p=9354"},"modified":"2026-03-10T16:24:59","modified_gmt":"2026-03-10T15:24:59","slug":"salvados-por-la-campana","status":"publish","type":"post","link":"https:\/\/deportesycomunicacion.com\/?p=9354","title":{"rendered":"\u00bfSalvados por la campana?"},"content":{"rendered":"\n<p>El partido agonizaba, camino del tercer traspi\u00e9 seguido del <strong>Bar\u00e7a<\/strong> esta temporada. El <strong>Girona<\/strong>, continuando con la v\u00eda de agua abierta por PSG y Sevilla, estaba a punto de llevarse el premio de un punto (muy necesario, dada su precaria situaci\u00f3n actual en la <strong><a href=\"https:\/\/www.sport.es\/resultados\/futbol\/primera-division\/clasificacion-liga.html\" target=\"_blank\" rel=\"noreferrer noopener\">clasificaci\u00f3n<\/a><\/strong>, batallando por salir del descenso). Pero en el minuto 93, emulando a la m\u00edtica serie norteamericana de los noventa, <strong><a href=\"https:\/\/www.imdb.com\/es-es\/title\/tt0096694\/\" target=\"_blank\" rel=\"noreferrer noopener\">Salvados por la campana<\/a><\/strong>, Ronald Araujo incrust\u00f3 el bal\u00f3n en el fondo de las mallas para hacer estallar el banquillo local de alegr\u00eda (y, de paso, afrontar con moral el trascendental primer cl\u00e1sico del curso, la semana que viene).<\/p>\n\n\n\n<p>La plaga de lesiones que est\u00e1 azotando al Bar\u00e7a en este inicio de liga, unida a las \u00faltimas <strong><a href=\"https:\/\/www.20minutos.es\/deportes\/futbol\/lamine-yamal-joven-estrella-que-preocupa-barca-por-sus-polemicas-inquieta-su-estilo-vida-discrepancias-entre-deco-flick_6529772_0.html\" target=\"_blank\" rel=\"noreferrer noopener\">controversias alrededor de la figura de Lamine Yamal<\/a><\/strong> (su pol\u00e9mica fiesta de mayor\u00eda de edad, la medi\u00e1tica relaci\u00f3n con la cantante Nicki Nicole, las pol\u00e9micas con la federaci\u00f3n espa\u00f1ola y sus <strong><a href=\"https:\/\/www.sport.es\/es\/noticias\/barca\/lamine-yamal-reaparece-nicky-nicole-122517351\" target=\"_blank\" rel=\"noreferrer noopener\">mini vacaciones en Croacia<\/a><\/strong>) han enrarecido el ambiente en un vestuario que tiene el list\u00f3n muy alto para mejorar los tres t\u00edtulos y la semifinal de Champions alcanzados la temporada anterior.<\/p>\n\n\n\n<p>El gol bals\u00e1mico de Araujo, \u00bfesconde la delicada situaci\u00f3n azulgrana o es un bal\u00f3n de ox\u00edgeno para seguir adelante, manteniendo intactas sus garant\u00edas de \u00e9xito? Nos debemos centrar en los aspectos negativos que est\u00e1n lastrando al equipo o mejor enfocarse en la positividad y energ\u00eda que ofrece el resultado para asaltar el Bernab\u00e9u?<\/p>\n\n\n\n<p><strong>\u00bfTe salvaste de un funeral o coges energ\u00eda para la gran batalla?<\/strong><\/p>\n\n\n\n<p>Imagen de <a href=\"https:\/\/pixabay.com\/es\/users\/jackmac34-483877\/?utm_source=link-attribution&amp;utm_medium=referral&amp;utm_campaign=image&amp;utm_content=1273151\">jacqueline macou<\/a> en <a href=\"https:\/\/pixabay.com\/es\/\/?utm_source=link-attribution&amp;utm_medium=referral&amp;utm_campaign=image&amp;utm_content=1273151\">Pixabay<\/a><\/p>\n\n\n\n<p><\/p>\n","protected":false},"excerpt":{"rendered":"<p>El partido agonizaba, camino del tercer traspi\u00e9 seguido del Bar\u00e7a esta temporada. El Girona, continuando con &hellip; <a title=\"\u00bfSalvados por la campana?\" class=\"hm-read-more\" href=\"https:\/\/deportesycomunicacion.com\/?p=9354\"><span class=\"screen-reader-text\">\u00bfSalvados por la campana?<\/span>Leer m\u00e1s<\/a><\/p>\n","protected":false},"author":2,"featured_media":9355,"comment_status":"closed","ping_status":"open","sticky":false,"template":"","format":"standard","meta":{"footnotes":""},"categories":[7],"tags":[2678,1056,2679],"class_list":["post-9354","post","type-post","status-publish","format-standard","has-post-thumbnail","hentry","category-futbol","tag-barca-girona","tag-futbol","tag-gol-agonico"],"yoast_head":"<!-- This site is optimized with the Yoast SEO plugin v24.8.1 - https:\/\/yoast.com\/wordpress\/plugins\/seo\/ -->\n<title>\u00bfSalvados por la campana?<\/title>\n<meta name=\"description\" content=\"El partido agonizaba, camino del tercer traspi\u00e9 seguido del Bar\u00e7a esta temporada. El Girona, continuando con la v\u00eda de agua abierta por PSG y Sevilla,\" \/>\n<meta name=\"robots\" content=\"index, follow, max-snippet:-1, max-image-preview:large, max-video-preview:-1\" \/>\n<link rel=\"canonical\" href=\"https:\/\/deportesycomunicacion.com\/?p=9354\" \/>\n<meta property=\"og:locale\" content=\"es_ES\" \/>\n<meta property=\"og:type\" content=\"article\" \/>\n<meta property=\"og:title\" content=\"\u00bfSalvados por la campana?\" \/>\n<meta property=\"og:description\" content=\"El partido agonizaba, camino del tercer traspi\u00e9 seguido del Bar\u00e7a esta temporada. El Girona, continuando con la v\u00eda de agua abierta por PSG y Sevilla,\" \/>\n<meta property=\"og:url\" content=\"https:\/\/deportesycomunicacion.com\/?p=9354\" \/>\n<meta property=\"og:site_name\" content=\"Deportes y Comunicaci\u00f3n\" \/>\n<meta property=\"article:publisher\" content=\"https:\/\/www.facebook.com\/ivan.ferrercayuela\" \/>\n<meta property=\"article:published_time\" content=\"2025-10-19T11:33:31+00:00\" \/>\n<meta property=\"article:modified_time\" content=\"2026-03-10T15:24:59+00:00\" \/>\n<meta property=\"og:image\" content=\"http:\/\/deportesycomunicacion.com\/wp-content\/uploads\/2025\/10\/bell-1273151_1280.jpg\" \/>\n\t<meta property=\"og:image:width\" content=\"1280\" \/>\n\t<meta property=\"og:image:height\" content=\"857\" \/>\n\t<meta property=\"og:image:type\" content=\"image\/jpeg\" \/>\n<meta name=\"author\" content=\"ivanferrer\" \/>\n<meta name=\"twitter:card\" content=\"summary_large_image\" \/>\n<meta name=\"twitter:creator\" content=\"@IFC1976\" \/>\n<meta name=\"twitter:site\" content=\"@IFC1976\" \/>\n<meta name=\"twitter:label1\" content=\"Escrito por\" \/>\n\t<meta name=\"twitter:data1\" content=\"ivanferrer\" \/>\n\t<meta name=\"twitter:label2\" content=\"Tiempo de lectura\" \/>\n\t<meta name=\"twitter:data2\" content=\"2 minutos\" \/>\n<script type=\"application\/ld+json\" class=\"yoast-schema-graph\">{\"@context\":\"https:\/\/schema.org\",\"@graph\":[{\"@type\":\"Article\",\"@id\":\"https:\/\/deportesycomunicacion.com\/?p=9354#article\",\"isPartOf\":{\"@id\":\"https:\/\/deportesycomunicacion.com\/?p=9354\"},\"author\":{\"name\":\"ivanferrer\",\"@id\":\"https:\/\/deportesycomunicacion.com\/#\/schema\/person\/5bd536572b924420557d2db2f98bdd16\"},\"headline\":\"\u00bfSalvados por la campana?\",\"datePublished\":\"2025-10-19T11:33:31+00:00\",\"dateModified\":\"2026-03-10T15:24:59+00:00\",\"mainEntityOfPage\":{\"@id\":\"https:\/\/deportesycomunicacion.com\/?p=9354\"},\"wordCount\":284,\"publisher\":{\"@id\":\"https:\/\/deportesycomunicacion.com\/#organization\"},\"image\":{\"@id\":\"https:\/\/deportesycomunicacion.com\/?p=9354#primaryimage\"},\"thumbnailUrl\":\"https:\/\/deportesycomunicacion.com\/wp-content\/uploads\/2025\/10\/bell-1273151_1280.jpg\",\"keywords\":[\"BAR\u00c7A - GIRONA\",\"FUTBOL\",\"GOL AGONICO\"],\"articleSection\":[\"FUTBOL\"],\"inLanguage\":\"es\"},{\"@type\":\"WebPage\",\"@id\":\"https:\/\/deportesycomunicacion.com\/?p=9354\",\"url\":\"https:\/\/deportesycomunicacion.com\/?p=9354\",\"name\":\"\u00bfSalvados por la campana?\",\"isPartOf\":{\"@id\":\"https:\/\/deportesycomunicacion.com\/#website\"},\"primaryImageOfPage\":{\"@id\":\"https:\/\/deportesycomunicacion.com\/?p=9354#primaryimage\"},\"image\":{\"@id\":\"https:\/\/deportesycomunicacion.com\/?p=9354#primaryimage\"},\"thumbnailUrl\":\"https:\/\/deportesycomunicacion.com\/wp-content\/uploads\/2025\/10\/bell-1273151_1280.jpg\",\"datePublished\":\"2025-10-19T11:33:31+00:00\",\"dateModified\":\"2026-03-10T15:24:59+00:00\",\"description\":\"El partido agonizaba, camino del tercer traspi\u00e9 seguido del Bar\u00e7a esta temporada. El Girona, continuando con la v\u00eda de agua abierta por PSG y Sevilla,\",\"breadcrumb\":{\"@id\":\"https:\/\/deportesycomunicacion.com\/?p=9354#breadcrumb\"},\"inLanguage\":\"es\",\"potentialAction\":[{\"@type\":\"ReadAction\",\"target\":[\"https:\/\/deportesycomunicacion.com\/?p=9354\"]}]},{\"@type\":\"ImageObject\",\"inLanguage\":\"es\",\"@id\":\"https:\/\/deportesycomunicacion.com\/?p=9354#primaryimage\",\"url\":\"https:\/\/deportesycomunicacion.com\/wp-content\/uploads\/2025\/10\/bell-1273151_1280.jpg\",\"contentUrl\":\"https:\/\/deportesycomunicacion.com\/wp-content\/uploads\/2025\/10\/bell-1273151_1280.jpg\",\"width\":1280,\"height\":857},{\"@type\":\"BreadcrumbList\",\"@id\":\"https:\/\/deportesycomunicacion.com\/?p=9354#breadcrumb\",\"itemListElement\":[{\"@type\":\"ListItem\",\"position\":1,\"name\":\"Portada\",\"item\":\"https:\/\/deportesycomunicacion.com\/\"},{\"@type\":\"ListItem\",\"position\":2,\"name\":\"\u00bfSalvados por la campana?\"}]},{\"@type\":\"WebSite\",\"@id\":\"https:\/\/deportesycomunicacion.com\/#website\",\"url\":\"https:\/\/deportesycomunicacion.com\/\",\"name\":\"Deportes y Comunicaci\u00f3n\",\"description\":\"Powered by Ivan Ferrer\",\"publisher\":{\"@id\":\"https:\/\/deportesycomunicacion.com\/#organization\"},\"potentialAction\":[{\"@type\":\"SearchAction\",\"target\":{\"@type\":\"EntryPoint\",\"urlTemplate\":\"https:\/\/deportesycomunicacion.com\/?s={search_term_string}\"},\"query-input\":{\"@type\":\"PropertyValueSpecification\",\"valueRequired\":true,\"valueName\":\"search_term_string\"}}],\"inLanguage\":\"es\"},{\"@type\":\"Organization\",\"@id\":\"https:\/\/deportesycomunicacion.com\/#organization\",\"name\":\"Deportes y Comunicaci\u00f3n\",\"url\":\"https:\/\/deportesycomunicacion.com\/\",\"logo\":{\"@type\":\"ImageObject\",\"inLanguage\":\"es\",\"@id\":\"https:\/\/deportesycomunicacion.com\/#\/schema\/logo\/image\/\",\"url\":\"https:\/\/deportesycomunicacion.com\/wp-content\/uploads\/2013\/05\/cropped-Logo-Deportes-Comunicacion.jpg\",\"contentUrl\":\"https:\/\/deportesycomunicacion.com\/wp-content\/uploads\/2013\/05\/cropped-Logo-Deportes-Comunicacion.jpg\",\"width\":300,\"height\":65,\"caption\":\"Deportes y Comunicaci\u00f3n\"},\"image\":{\"@id\":\"https:\/\/deportesycomunicacion.com\/#\/schema\/logo\/image\/\"},\"sameAs\":[\"https:\/\/www.facebook.com\/ivan.ferrercayuela\",\"https:\/\/x.com\/IFC1976\"]},{\"@type\":\"Person\",\"@id\":\"https:\/\/deportesycomunicacion.com\/#\/schema\/person\/5bd536572b924420557d2db2f98bdd16\",\"name\":\"ivanferrer\",\"url\":\"https:\/\/deportesycomunicacion.com\/?author=2\"}]}<\/script>\n<!-- \/ Yoast SEO plugin. -->","yoast_head_json":{"title":"\u00bfSalvados por la campana?","description":"El partido agonizaba, camino del tercer traspi\u00e9 seguido del Bar\u00e7a esta temporada. El Girona, continuando con la v\u00eda de agua abierta por PSG y Sevilla,","robots":{"index":"index","follow":"follow","max-snippet":"max-snippet:-1","max-image-preview":"max-image-preview:large","max-video-preview":"max-video-preview:-1"},"canonical":"https:\/\/deportesycomunicacion.com\/?p=9354","og_locale":"es_ES","og_type":"article","og_title":"\u00bfSalvados por la campana?","og_description":"El partido agonizaba, camino del tercer traspi\u00e9 seguido del Bar\u00e7a esta temporada. El Girona, continuando con la v\u00eda de agua abierta por PSG y Sevilla,","og_url":"https:\/\/deportesycomunicacion.com\/?p=9354","og_site_name":"Deportes y Comunicaci\u00f3n","article_publisher":"https:\/\/www.facebook.com\/ivan.ferrercayuela","article_published_time":"2025-10-19T11:33:31+00:00","article_modified_time":"2026-03-10T15:24:59+00:00","og_image":[{"width":1280,"height":857,"url":"http:\/\/deportesycomunicacion.com\/wp-content\/uploads\/2025\/10\/bell-1273151_1280.jpg","type":"image\/jpeg"}],"author":"ivanferrer","twitter_card":"summary_large_image","twitter_creator":"@IFC1976","twitter_site":"@IFC1976","twitter_misc":{"Escrito por":"ivanferrer","Tiempo de lectura":"2 minutos"},"schema":{"@context":"https:\/\/schema.org","@graph":[{"@type":"Article","@id":"https:\/\/deportesycomunicacion.com\/?p=9354#article","isPartOf":{"@id":"https:\/\/deportesycomunicacion.com\/?p=9354"},"author":{"name":"ivanferrer","@id":"https:\/\/deportesycomunicacion.com\/#\/schema\/person\/5bd536572b924420557d2db2f98bdd16"},"headline":"\u00bfSalvados por la campana?","datePublished":"2025-10-19T11:33:31+00:00","dateModified":"2026-03-10T15:24:59+00:00","mainEntityOfPage":{"@id":"https:\/\/deportesycomunicacion.com\/?p=9354"},"wordCount":284,"publisher":{"@id":"https:\/\/deportesycomunicacion.com\/#organization"},"image":{"@id":"https:\/\/deportesycomunicacion.com\/?p=9354#primaryimage"},"thumbnailUrl":"https:\/\/deportesycomunicacion.com\/wp-content\/uploads\/2025\/10\/bell-1273151_1280.jpg","keywords":["BAR\u00c7A - GIRONA","FUTBOL","GOL AGONICO"],"articleSection":["FUTBOL"],"inLanguage":"es"},{"@type":"WebPage","@id":"https:\/\/deportesycomunicacion.com\/?p=9354","url":"https:\/\/deportesycomunicacion.com\/?p=9354","name":"\u00bfSalvados por la campana?","isPartOf":{"@id":"https:\/\/deportesycomunicacion.com\/#website"},"primaryImageOfPage":{"@id":"https:\/\/deportesycomunicacion.com\/?p=9354#primaryimage"},"image":{"@id":"https:\/\/deportesycomunicacion.com\/?p=9354#primaryimage"},"thumbnailUrl":"https:\/\/deportesycomunicacion.com\/wp-content\/uploads\/2025\/10\/bell-1273151_1280.jpg","datePublished":"2025-10-19T11:33:31+00:00","dateModified":"2026-03-10T15:24:59+00:00","description":"El partido agonizaba, camino del tercer traspi\u00e9 seguido del Bar\u00e7a esta temporada. El Girona, continuando con la v\u00eda de agua abierta por PSG y Sevilla,","breadcrumb":{"@id":"https:\/\/deportesycomunicacion.com\/?p=9354#breadcrumb"},"inLanguage":"es","potentialAction":[{"@type":"ReadAction","target":["https:\/\/deportesycomunicacion.com\/?p=9354"]}]},{"@type":"ImageObject","inLanguage":"es","@id":"https:\/\/deportesycomunicacion.com\/?p=9354#primaryimage","url":"https:\/\/deportesycomunicacion.com\/wp-content\/uploads\/2025\/10\/bell-1273151_1280.jpg","contentUrl":"https:\/\/deportesycomunicacion.com\/wp-content\/uploads\/2025\/10\/bell-1273151_1280.jpg","width":1280,"height":857},{"@type":"BreadcrumbList","@id":"https:\/\/deportesycomunicacion.com\/?p=9354#breadcrumb","itemListElement":[{"@type":"ListItem","position":1,"name":"Portada","item":"https:\/\/deportesycomunicacion.com\/"},{"@type":"ListItem","position":2,"name":"\u00bfSalvados por la campana?"}]},{"@type":"WebSite","@id":"https:\/\/deportesycomunicacion.com\/#website","url":"https:\/\/deportesycomunicacion.com\/","name":"Deportes y Comunicaci\u00f3n","description":"Powered by Ivan Ferrer","publisher":{"@id":"https:\/\/deportesycomunicacion.com\/#organization"},"potentialAction":[{"@type":"SearchAction","target":{"@type":"EntryPoint","urlTemplate":"https:\/\/deportesycomunicacion.com\/?s={search_term_string}"},"query-input":{"@type":"PropertyValueSpecification","valueRequired":true,"valueName":"search_term_string"}}],"inLanguage":"es"},{"@type":"Organization","@id":"https:\/\/deportesycomunicacion.com\/#organization","name":"Deportes y Comunicaci\u00f3n","url":"https:\/\/deportesycomunicacion.com\/","logo":{"@type":"ImageObject","inLanguage":"es","@id":"https:\/\/deportesycomunicacion.com\/#\/schema\/logo\/image\/","url":"https:\/\/deportesycomunicacion.com\/wp-content\/uploads\/2013\/05\/cropped-Logo-Deportes-Comunicacion.jpg","contentUrl":"https:\/\/deportesycomunicacion.com\/wp-content\/uploads\/2013\/05\/cropped-Logo-Deportes-Comunicacion.jpg","width":300,"height":65,"caption":"Deportes y Comunicaci\u00f3n"},"image":{"@id":"https:\/\/deportesycomunicacion.com\/#\/schema\/logo\/image\/"},"sameAs":["https:\/\/www.facebook.com\/ivan.ferrercayuela","https:\/\/x.com\/IFC1976"]},{"@type":"Person","@id":"https:\/\/deportesycomunicacion.com\/#\/schema\/person\/5bd536572b924420557d2db2f98bdd16","name":"ivanferrer","url":"https:\/\/deportesycomunicacion.com\/?author=2"}]}},"_links":{"self":[{"href":"https:\/\/deportesycomunicacion.com\/index.php?rest_route=\/wp\/v2\/posts\/9354","targetHints":{"allow":["GET"]}}],"collection":[{"href":"https:\/\/deportesycomunicacion.com\/index.php?rest_route=\/wp\/v2\/posts"}],"about":[{"href":"https:\/\/deportesycomunicacion.com\/index.php?rest_route=\/wp\/v2\/types\/post"}],"author":[{"embeddable":true,"href":"https:\/\/deportesycomunicacion.com\/index.php?rest_route=\/wp\/v2\/users\/2"}],"replies":[{"embeddable":true,"href":"https:\/\/deportesycomunicacion.com\/index.php?rest_route=%2Fwp%2Fv2%2Fcomments&post=9354"}],"version-history":[{"count":2,"href":"https:\/\/deportesycomunicacion.com\/index.php?rest_route=\/wp\/v2\/posts\/9354\/revisions"}],"predecessor-version":[{"id":9358,"href":"https:\/\/deportesycomunicacion.com\/index.php?rest_route=\/wp\/v2\/posts\/9354\/revisions\/9358"}],"wp:featuredmedia":[{"embeddable":true,"href":"https:\/\/deportesycomunicacion.com\/index.php?rest_route=\/wp\/v2\/media\/9355"}],"wp:attachment":[{"href":"https:\/\/deportesycomunicacion.com\/index.php?rest_route=%2Fwp%2Fv2%2Fmedia&parent=9354"}],"wp:term":[{"taxonomy":"category","embeddable":true,"href":"https:\/\/deportesycomunicacion.com\/index.php?rest_route=%2Fwp%2Fv2%2Fcategories&post=9354"},{"taxonomy":"post_tag","embeddable":true,"href":"https:\/\/deportesycomunicacion.com\/index.php?rest_route=%2Fwp%2Fv2%2Ftags&post=9354"}],"curies":[{"name":"wp","href":"https:\/\/api.w.org\/{rel}","templated":true}]}}