{"id":9359,"date":"2025-10-25T10:16:56","date_gmt":"2025-10-25T08:16:56","guid":{"rendered":"https:\/\/deportesycomunicacion.com\/?p=9359"},"modified":"2026-03-10T16:24:59","modified_gmt":"2026-03-10T15:24:59","slug":"imposible-pedir-mas","status":"publish","type":"post","link":"https:\/\/deportesycomunicacion.com\/?p=9359","title":{"rendered":"\u00bfImposible pedir m\u00e1s?"},"content":{"rendered":"\n<p>Cuando te conviertes en padre, das un metaf\u00f3rico paso atr\u00e1s para dar todo el protagonismo y prioridad a  tus hijos. Desde el preciso instante en el que coges al beb\u00e9 en brazos, por primera vez, sus triunfos los vives con intensa alegr\u00eda y sus fracasos con meridiana preocupaci\u00f3n (aunque lo sigues a cierta distancia, desde la barrera). Y es que te une con ese reci\u00e9n nacido, un hilo invisible, de por vida. Es un potente im\u00e1n que nunca deja de funcionar entre <strong>progenitores<\/strong> y su descendencia. <\/p>\n\n\n\n<p>Recuerdo un poema que ten\u00eda colgado en un cuadro en mi habitaci\u00f3n, cuyas dos primeros versos eran <strong><a href=\"https:\/\/www.contarcuentos.com\/2019\/07\/tus-hijos-no-son-tus-hijos-khalil-gibran\/\" target=\"_blank\" rel=\"noreferrer noopener\">\u00abTus hijos no son tus hijos, son hijos de la vida\u00bb<\/a><\/strong>. De peque\u00f1o, me intrigaba mucho el profundo significado de las l\u00edneas del poeta y fil\u00f3sofo liban\u00e9s Khalil Gibran. Muchos a\u00f1os despu\u00e9s, cuando tienes hijos, lo comprendes autom\u00e1ticamente: t\u00fa los cr\u00edas, les transmites valores y despu\u00e9s ellos vuelan solos, para vivir sus sue\u00f1os. <\/p>\n\n\n\n<p>Hoy, los padres de <strong>\u00c1lex M\u00e1rquez<\/strong> han visto volar a su hijo en el asfalto de Malasia, para alcanzar un hito sin precedentes en el mundo del deporte. Tras el campeonato ganado recientemente por <strong><a href=\"https:\/\/www.marca.com\/motor\/motogp\/gp-japon\/2025\/09\/28\/marc-marquez-nueve-veces-campeon-mundo.html\" target=\"_blank\" rel=\"noreferrer noopener\">Marc M\u00e1rquez<\/a><\/strong>, ahora hay que sumarle el subcampeonato de su hermano peque\u00f1o <strong><a href=\"https:\/\/www.20minutos.es\/deportes\/deportes_motor\/motogp\/alex-marquez-subcampeon-mundo-motogp-tras-carrera-sprint-malasia_6660439_0.html\" target=\"_blank\" rel=\"noreferrer noopener\">\u00c1lex<\/a><\/strong>. Sobran las palabras acerca de lo que han podido sentir, al ver la bandera a cuadros, las personas que criaron a unos ni\u00f1os que, a d\u00eda de hoy, son los dos mejores pilotos de <strong>Moto GP<\/strong>: <strong>orgullo de padres<\/strong>.  <\/p>\n\n\n\n<p><strong>\u00bfVives las haza\u00f1as de tus hijos con intensidad? \u00bfO te lo tomas con cierta distancia?<\/strong><\/p>\n\n\n\n<p>Imagen de <a href=\"https:\/\/pixabay.com\/es\/users\/banx63-55388\/?utm_source=link-attribution&amp;utm_medium=referral&amp;utm_campaign=image&amp;utm_content=5324616\">John Banks<\/a> en <a href=\"https:\/\/pixabay.com\/es\/\/?utm_source=link-attribution&amp;utm_medium=referral&amp;utm_campaign=image&amp;utm_content=5324616\">Pixabay<\/a><\/p>\n","protected":false},"excerpt":{"rendered":"<p>Cuando te conviertes en padre, das un metaf\u00f3rico paso atr\u00e1s para dar todo el protagonismo y &hellip; <a title=\"\u00bfImposible pedir m\u00e1s?\" class=\"hm-read-more\" href=\"https:\/\/deportesycomunicacion.com\/?p=9359\"><span class=\"screen-reader-text\">\u00bfImposible pedir m\u00e1s?<\/span>Leer m\u00e1s<\/a><\/p>\n","protected":false},"author":2,"featured_media":9361,"comment_status":"closed","ping_status":"open","sticky":false,"template":"","format":"standard","meta":{"footnotes":""},"categories":[4],"tags":[2182,514,1055,2680],"class_list":["post-9359","post","type-post","status-publish","format-standard","has-post-thumbnail","hentry","category-motociclismo","tag-hermanos-marquez","tag-moto-gp","tag-motociclismo","tag-orgullo-padres"],"yoast_head":"<!-- This site is optimized with the Yoast SEO plugin v24.8.1 - https:\/\/yoast.com\/wordpress\/plugins\/seo\/ -->\n<title>\u00bfImposible pedir m\u00e1s?<\/title>\n<meta name=\"description\" content=\"Cuando te conviertes en padre, das un metaf\u00f3rico paso atr\u00e1s para dar todo el protagonismo y prioridad a tus hijos. Desde el preciso instante en el que\" \/>\n<meta name=\"robots\" content=\"index, follow, max-snippet:-1, max-image-preview:large, max-video-preview:-1\" \/>\n<link rel=\"canonical\" href=\"https:\/\/deportesycomunicacion.com\/?p=9359\" \/>\n<meta property=\"og:locale\" content=\"es_ES\" \/>\n<meta property=\"og:type\" content=\"article\" \/>\n<meta property=\"og:title\" content=\"\u00bfImposible pedir m\u00e1s?\" \/>\n<meta property=\"og:description\" content=\"Cuando te conviertes en padre, das un metaf\u00f3rico paso atr\u00e1s para dar todo el protagonismo y prioridad a tus hijos. Desde el preciso instante en el que\" \/>\n<meta property=\"og:url\" content=\"https:\/\/deportesycomunicacion.com\/?p=9359\" \/>\n<meta property=\"og:site_name\" content=\"Deportes y Comunicaci\u00f3n\" \/>\n<meta property=\"article:publisher\" content=\"https:\/\/www.facebook.com\/ivan.ferrercayuela\" \/>\n<meta property=\"article:published_time\" content=\"2025-10-25T08:16:56+00:00\" \/>\n<meta property=\"article:modified_time\" content=\"2026-03-10T15:24:59+00:00\" \/>\n<meta property=\"og:image\" content=\"http:\/\/deportesycomunicacion.com\/wp-content\/uploads\/2025\/10\/darts-5324616_1280.jpg\" \/>\n\t<meta property=\"og:image:width\" content=\"960\" \/>\n\t<meta property=\"og:image:height\" content=\"1280\" \/>\n\t<meta property=\"og:image:type\" content=\"image\/jpeg\" \/>\n<meta name=\"author\" content=\"ivanferrer\" \/>\n<meta name=\"twitter:card\" content=\"summary_large_image\" \/>\n<meta name=\"twitter:creator\" content=\"@IFC1976\" \/>\n<meta name=\"twitter:site\" content=\"@IFC1976\" \/>\n<meta name=\"twitter:label1\" content=\"Escrito por\" \/>\n\t<meta name=\"twitter:data1\" content=\"ivanferrer\" \/>\n\t<meta name=\"twitter:label2\" content=\"Tiempo de lectura\" \/>\n\t<meta name=\"twitter:data2\" content=\"2 minutos\" \/>\n<script type=\"application\/ld+json\" class=\"yoast-schema-graph\">{\"@context\":\"https:\/\/schema.org\",\"@graph\":[{\"@type\":\"Article\",\"@id\":\"https:\/\/deportesycomunicacion.com\/?p=9359#article\",\"isPartOf\":{\"@id\":\"https:\/\/deportesycomunicacion.com\/?p=9359\"},\"author\":{\"name\":\"ivanferrer\",\"@id\":\"https:\/\/deportesycomunicacion.com\/#\/schema\/person\/5bd536572b924420557d2db2f98bdd16\"},\"headline\":\"\u00bfImposible pedir m\u00e1s?\",\"datePublished\":\"2025-10-25T08:16:56+00:00\",\"dateModified\":\"2026-03-10T15:24:59+00:00\",\"mainEntityOfPage\":{\"@id\":\"https:\/\/deportesycomunicacion.com\/?p=9359\"},\"wordCount\":291,\"publisher\":{\"@id\":\"https:\/\/deportesycomunicacion.com\/#organization\"},\"image\":{\"@id\":\"https:\/\/deportesycomunicacion.com\/?p=9359#primaryimage\"},\"thumbnailUrl\":\"https:\/\/deportesycomunicacion.com\/wp-content\/uploads\/2025\/10\/darts-5324616_1280.jpg\",\"keywords\":[\"HERMANOS MARQUEZ\",\"MOTO GP\",\"MOTOCICLISMO\",\"ORGULLO PADRES\"],\"articleSection\":[\"MOTOCICLISMO\"],\"inLanguage\":\"es\"},{\"@type\":\"WebPage\",\"@id\":\"https:\/\/deportesycomunicacion.com\/?p=9359\",\"url\":\"https:\/\/deportesycomunicacion.com\/?p=9359\",\"name\":\"\u00bfImposible pedir m\u00e1s?\",\"isPartOf\":{\"@id\":\"https:\/\/deportesycomunicacion.com\/#website\"},\"primaryImageOfPage\":{\"@id\":\"https:\/\/deportesycomunicacion.com\/?p=9359#primaryimage\"},\"image\":{\"@id\":\"https:\/\/deportesycomunicacion.com\/?p=9359#primaryimage\"},\"thumbnailUrl\":\"https:\/\/deportesycomunicacion.com\/wp-content\/uploads\/2025\/10\/darts-5324616_1280.jpg\",\"datePublished\":\"2025-10-25T08:16:56+00:00\",\"dateModified\":\"2026-03-10T15:24:59+00:00\",\"description\":\"Cuando te conviertes en padre, das un metaf\u00f3rico paso atr\u00e1s para dar todo el protagonismo y prioridad a tus hijos. Desde el preciso instante en el que\",\"breadcrumb\":{\"@id\":\"https:\/\/deportesycomunicacion.com\/?p=9359#breadcrumb\"},\"inLanguage\":\"es\",\"potentialAction\":[{\"@type\":\"ReadAction\",\"target\":[\"https:\/\/deportesycomunicacion.com\/?p=9359\"]}]},{\"@type\":\"ImageObject\",\"inLanguage\":\"es\",\"@id\":\"https:\/\/deportesycomunicacion.com\/?p=9359#primaryimage\",\"url\":\"https:\/\/deportesycomunicacion.com\/wp-content\/uploads\/2025\/10\/darts-5324616_1280.jpg\",\"contentUrl\":\"https:\/\/deportesycomunicacion.com\/wp-content\/uploads\/2025\/10\/darts-5324616_1280.jpg\",\"width\":960,\"height\":1280},{\"@type\":\"BreadcrumbList\",\"@id\":\"https:\/\/deportesycomunicacion.com\/?p=9359#breadcrumb\",\"itemListElement\":[{\"@type\":\"ListItem\",\"position\":1,\"name\":\"Portada\",\"item\":\"https:\/\/deportesycomunicacion.com\/\"},{\"@type\":\"ListItem\",\"position\":2,\"name\":\"\u00bfImposible pedir m\u00e1s?\"}]},{\"@type\":\"WebSite\",\"@id\":\"https:\/\/deportesycomunicacion.com\/#website\",\"url\":\"https:\/\/deportesycomunicacion.com\/\",\"name\":\"Deportes y Comunicaci\u00f3n\",\"description\":\"Powered by Ivan Ferrer\",\"publisher\":{\"@id\":\"https:\/\/deportesycomunicacion.com\/#organization\"},\"potentialAction\":[{\"@type\":\"SearchAction\",\"target\":{\"@type\":\"EntryPoint\",\"urlTemplate\":\"https:\/\/deportesycomunicacion.com\/?s={search_term_string}\"},\"query-input\":{\"@type\":\"PropertyValueSpecification\",\"valueRequired\":true,\"valueName\":\"search_term_string\"}}],\"inLanguage\":\"es\"},{\"@type\":\"Organization\",\"@id\":\"https:\/\/deportesycomunicacion.com\/#organization\",\"name\":\"Deportes y Comunicaci\u00f3n\",\"url\":\"https:\/\/deportesycomunicacion.com\/\",\"logo\":{\"@type\":\"ImageObject\",\"inLanguage\":\"es\",\"@id\":\"https:\/\/deportesycomunicacion.com\/#\/schema\/logo\/image\/\",\"url\":\"https:\/\/deportesycomunicacion.com\/wp-content\/uploads\/2013\/05\/cropped-Logo-Deportes-Comunicacion.jpg\",\"contentUrl\":\"https:\/\/deportesycomunicacion.com\/wp-content\/uploads\/2013\/05\/cropped-Logo-Deportes-Comunicacion.jpg\",\"width\":300,\"height\":65,\"caption\":\"Deportes y Comunicaci\u00f3n\"},\"image\":{\"@id\":\"https:\/\/deportesycomunicacion.com\/#\/schema\/logo\/image\/\"},\"sameAs\":[\"https:\/\/www.facebook.com\/ivan.ferrercayuela\",\"https:\/\/x.com\/IFC1976\"]},{\"@type\":\"Person\",\"@id\":\"https:\/\/deportesycomunicacion.com\/#\/schema\/person\/5bd536572b924420557d2db2f98bdd16\",\"name\":\"ivanferrer\",\"url\":\"https:\/\/deportesycomunicacion.com\/?author=2\"}]}<\/script>\n<!-- \/ Yoast SEO plugin. -->","yoast_head_json":{"title":"\u00bfImposible pedir m\u00e1s?","description":"Cuando te conviertes en padre, das un metaf\u00f3rico paso atr\u00e1s para dar todo el protagonismo y prioridad a tus hijos. Desde el preciso instante en el que","robots":{"index":"index","follow":"follow","max-snippet":"max-snippet:-1","max-image-preview":"max-image-preview:large","max-video-preview":"max-video-preview:-1"},"canonical":"https:\/\/deportesycomunicacion.com\/?p=9359","og_locale":"es_ES","og_type":"article","og_title":"\u00bfImposible pedir m\u00e1s?","og_description":"Cuando te conviertes en padre, das un metaf\u00f3rico paso atr\u00e1s para dar todo el protagonismo y prioridad a tus hijos. Desde el preciso instante en el que","og_url":"https:\/\/deportesycomunicacion.com\/?p=9359","og_site_name":"Deportes y Comunicaci\u00f3n","article_publisher":"https:\/\/www.facebook.com\/ivan.ferrercayuela","article_published_time":"2025-10-25T08:16:56+00:00","article_modified_time":"2026-03-10T15:24:59+00:00","og_image":[{"width":960,"height":1280,"url":"http:\/\/deportesycomunicacion.com\/wp-content\/uploads\/2025\/10\/darts-5324616_1280.jpg","type":"image\/jpeg"}],"author":"ivanferrer","twitter_card":"summary_large_image","twitter_creator":"@IFC1976","twitter_site":"@IFC1976","twitter_misc":{"Escrito por":"ivanferrer","Tiempo de lectura":"2 minutos"},"schema":{"@context":"https:\/\/schema.org","@graph":[{"@type":"Article","@id":"https:\/\/deportesycomunicacion.com\/?p=9359#article","isPartOf":{"@id":"https:\/\/deportesycomunicacion.com\/?p=9359"},"author":{"name":"ivanferrer","@id":"https:\/\/deportesycomunicacion.com\/#\/schema\/person\/5bd536572b924420557d2db2f98bdd16"},"headline":"\u00bfImposible pedir m\u00e1s?","datePublished":"2025-10-25T08:16:56+00:00","dateModified":"2026-03-10T15:24:59+00:00","mainEntityOfPage":{"@id":"https:\/\/deportesycomunicacion.com\/?p=9359"},"wordCount":291,"publisher":{"@id":"https:\/\/deportesycomunicacion.com\/#organization"},"image":{"@id":"https:\/\/deportesycomunicacion.com\/?p=9359#primaryimage"},"thumbnailUrl":"https:\/\/deportesycomunicacion.com\/wp-content\/uploads\/2025\/10\/darts-5324616_1280.jpg","keywords":["HERMANOS MARQUEZ","MOTO GP","MOTOCICLISMO","ORGULLO PADRES"],"articleSection":["MOTOCICLISMO"],"inLanguage":"es"},{"@type":"WebPage","@id":"https:\/\/deportesycomunicacion.com\/?p=9359","url":"https:\/\/deportesycomunicacion.com\/?p=9359","name":"\u00bfImposible pedir m\u00e1s?","isPartOf":{"@id":"https:\/\/deportesycomunicacion.com\/#website"},"primaryImageOfPage":{"@id":"https:\/\/deportesycomunicacion.com\/?p=9359#primaryimage"},"image":{"@id":"https:\/\/deportesycomunicacion.com\/?p=9359#primaryimage"},"thumbnailUrl":"https:\/\/deportesycomunicacion.com\/wp-content\/uploads\/2025\/10\/darts-5324616_1280.jpg","datePublished":"2025-10-25T08:16:56+00:00","dateModified":"2026-03-10T15:24:59+00:00","description":"Cuando te conviertes en padre, das un metaf\u00f3rico paso atr\u00e1s para dar todo el protagonismo y prioridad a tus hijos. Desde el preciso instante en el que","breadcrumb":{"@id":"https:\/\/deportesycomunicacion.com\/?p=9359#breadcrumb"},"inLanguage":"es","potentialAction":[{"@type":"ReadAction","target":["https:\/\/deportesycomunicacion.com\/?p=9359"]}]},{"@type":"ImageObject","inLanguage":"es","@id":"https:\/\/deportesycomunicacion.com\/?p=9359#primaryimage","url":"https:\/\/deportesycomunicacion.com\/wp-content\/uploads\/2025\/10\/darts-5324616_1280.jpg","contentUrl":"https:\/\/deportesycomunicacion.com\/wp-content\/uploads\/2025\/10\/darts-5324616_1280.jpg","width":960,"height":1280},{"@type":"BreadcrumbList","@id":"https:\/\/deportesycomunicacion.com\/?p=9359#breadcrumb","itemListElement":[{"@type":"ListItem","position":1,"name":"Portada","item":"https:\/\/deportesycomunicacion.com\/"},{"@type":"ListItem","position":2,"name":"\u00bfImposible pedir m\u00e1s?"}]},{"@type":"WebSite","@id":"https:\/\/deportesycomunicacion.com\/#website","url":"https:\/\/deportesycomunicacion.com\/","name":"Deportes y Comunicaci\u00f3n","description":"Powered by Ivan Ferrer","publisher":{"@id":"https:\/\/deportesycomunicacion.com\/#organization"},"potentialAction":[{"@type":"SearchAction","target":{"@type":"EntryPoint","urlTemplate":"https:\/\/deportesycomunicacion.com\/?s={search_term_string}"},"query-input":{"@type":"PropertyValueSpecification","valueRequired":true,"valueName":"search_term_string"}}],"inLanguage":"es"},{"@type":"Organization","@id":"https:\/\/deportesycomunicacion.com\/#organization","name":"Deportes y Comunicaci\u00f3n","url":"https:\/\/deportesycomunicacion.com\/","logo":{"@type":"ImageObject","inLanguage":"es","@id":"https:\/\/deportesycomunicacion.com\/#\/schema\/logo\/image\/","url":"https:\/\/deportesycomunicacion.com\/wp-content\/uploads\/2013\/05\/cropped-Logo-Deportes-Comunicacion.jpg","contentUrl":"https:\/\/deportesycomunicacion.com\/wp-content\/uploads\/2013\/05\/cropped-Logo-Deportes-Comunicacion.jpg","width":300,"height":65,"caption":"Deportes y Comunicaci\u00f3n"},"image":{"@id":"https:\/\/deportesycomunicacion.com\/#\/schema\/logo\/image\/"},"sameAs":["https:\/\/www.facebook.com\/ivan.ferrercayuela","https:\/\/x.com\/IFC1976"]},{"@type":"Person","@id":"https:\/\/deportesycomunicacion.com\/#\/schema\/person\/5bd536572b924420557d2db2f98bdd16","name":"ivanferrer","url":"https:\/\/deportesycomunicacion.com\/?author=2"}]}},"_links":{"self":[{"href":"https:\/\/deportesycomunicacion.com\/index.php?rest_route=\/wp\/v2\/posts\/9359","targetHints":{"allow":["GET"]}}],"collection":[{"href":"https:\/\/deportesycomunicacion.com\/index.php?rest_route=\/wp\/v2\/posts"}],"about":[{"href":"https:\/\/deportesycomunicacion.com\/index.php?rest_route=\/wp\/v2\/types\/post"}],"author":[{"embeddable":true,"href":"https:\/\/deportesycomunicacion.com\/index.php?rest_route=\/wp\/v2\/users\/2"}],"replies":[{"embeddable":true,"href":"https:\/\/deportesycomunicacion.com\/index.php?rest_route=%2Fwp%2Fv2%2Fcomments&post=9359"}],"version-history":[{"count":2,"href":"https:\/\/deportesycomunicacion.com\/index.php?rest_route=\/wp\/v2\/posts\/9359\/revisions"}],"predecessor-version":[{"id":9362,"href":"https:\/\/deportesycomunicacion.com\/index.php?rest_route=\/wp\/v2\/posts\/9359\/revisions\/9362"}],"wp:featuredmedia":[{"embeddable":true,"href":"https:\/\/deportesycomunicacion.com\/index.php?rest_route=\/wp\/v2\/media\/9361"}],"wp:attachment":[{"href":"https:\/\/deportesycomunicacion.com\/index.php?rest_route=%2Fwp%2Fv2%2Fmedia&parent=9359"}],"wp:term":[{"taxonomy":"category","embeddable":true,"href":"https:\/\/deportesycomunicacion.com\/index.php?rest_route=%2Fwp%2Fv2%2Fcategories&post=9359"},{"taxonomy":"post_tag","embeddable":true,"href":"https:\/\/deportesycomunicacion.com\/index.php?rest_route=%2Fwp%2Fv2%2Ftags&post=9359"}],"curies":[{"name":"wp","href":"https:\/\/api.w.org\/{rel}","templated":true}]}}