{"id":9387,"date":"2025-12-08T19:48:53","date_gmt":"2025-12-08T18:48:53","guid":{"rendered":"https:\/\/deportesycomunicacion.com\/?p=9387"},"modified":"2026-03-10T16:24:59","modified_gmt":"2026-03-10T15:24:59","slug":"te-empecinas-en-hacer-el-ridiculo","status":"publish","type":"post","link":"https:\/\/deportesycomunicacion.com\/?p=9387","title":{"rendered":"\u00bfTe empecinas en hacer el rid\u00edculo?"},"content":{"rendered":"\n<p>El pr\u00f3ximo <strong>mundial de f\u00fatbol <\/strong>se va materializando con la configuraci\u00f3n de los 12 grupos de 4 equipos en los que se encuadrar\u00e1n los 48 aspirantes al t\u00edtulo. Desde las cl\u00e1sicas Brasil, Alemania, Pa\u00edses Bajos o Espa\u00f1a hasta las debutantes Cabo Verde, Curazao, Jordania o Uzbekist\u00e1n. Cuanto m\u00e1s se ampl\u00eda el cat\u00e1logo de participantes, m\u00e1s se expande el abismo de niveles entre los mejores y las cenicientas. La FIFA y las televisiones contentas, ya que ampl\u00edan su extens\u00edsimo radio de exposici\u00f3n global, pero el espect\u00e1culo en la primera fase se antoja bastante lamentable.<\/p>\n\n\n\n<p>Otro aspecto bastante deficiente es el hecho que se haya hecho el <strong><a href=\"https:\/\/www.bbc.com\/mundo\/articles\/cp34kqk65lno\" target=\"_blank\" rel=\"noreferrer noopener\">sorteo<\/a><\/strong> cuando a\u00fan se tienen que jugar repescas para determinar los \u00faltimos seis participantes. \u00bfTanto cuesta, en acontecimientos previstos tan a largo plazo, que se sepan todos los conjuntos nacionales participantes a la hora de determinar la primera fase y los posteriores cruces?<\/p>\n\n\n\n<p>Pero lo m\u00e1s triste y tremendo de la ceremonia que se celebr\u00f3 en Washington -un chiste de muy mal gusto y muestra del descr\u00e9dito que sufren muchas instituciones a nivel planetario (la <strong>FIFA<\/strong> y el actual gobierno de los Estados Unidos a la cabeza)- fue la <strong><a href=\"https:\/\/www.rtve.es\/noticias\/20251205\/donald-trump-premio-fifa-paz-promover-dialogo-conflictos\/16847722.shtml\" target=\"_blank\" rel=\"noreferrer noopener\">entrega del Premio de la Paz a Donald Trump<\/a><\/strong>. Es algo tan rid\u00edculo e insultante, solo comparable a que le entregaran un galard\u00f3n sobre el cuidado de la infancia a un pederasta. Rid\u00edculo infinito y mutua verg\u00fcenza entre premiador y premiado&#8230;<\/p>\n\n\n\n<p><strong>\u00bfExisten galardones lamentables?<\/strong><\/p>\n\n\n\n<p>Imagen de <a href=\"https:\/\/pixabay.com\/es\/users\/johnhain-352999\/?utm_source=link-attribution&amp;utm_medium=referral&amp;utm_campaign=image&amp;utm_content=652499\">John Hain<\/a> en <a href=\"https:\/\/pixabay.com\/es\/\/?utm_source=link-attribution&amp;utm_medium=referral&amp;utm_campaign=image&amp;utm_content=652499\">Pixabay<\/a><\/p>\n","protected":false},"excerpt":{"rendered":"<p>El pr\u00f3ximo mundial de f\u00fatbol se va materializando con la configuraci\u00f3n de los 12 grupos de &hellip; <a title=\"\u00bfTe empecinas en hacer el rid\u00edculo?\" class=\"hm-read-more\" href=\"https:\/\/deportesycomunicacion.com\/?p=9387\"><span class=\"screen-reader-text\">\u00bfTe empecinas en hacer el rid\u00edculo?<\/span>Leer m\u00e1s<\/a><\/p>\n","protected":false},"author":2,"featured_media":9389,"comment_status":"closed","ping_status":"open","sticky":false,"template":"","format":"standard","meta":{"footnotes":""},"categories":[7],"tags":[1373,1056,1414,2688],"class_list":["post-9387","post","type-post","status-publish","format-standard","has-post-thumbnail","hentry","category-futbol","tag-donald-trump","tag-futbol","tag-mundial-2026","tag-premio-paz-fifa"],"yoast_head":"<!-- This site is optimized with the Yoast SEO plugin v24.8.1 - https:\/\/yoast.com\/wordpress\/plugins\/seo\/ -->\n<title>\u00bfTe empecinas en hacer el rid\u00edculo?<\/title>\n<meta name=\"description\" content=\"El pr\u00f3ximo mundial de f\u00fatbol se va materializando con la configuraci\u00f3n de los 12 grupos de 4 equipos en los que se encuadrar\u00e1n los 48 aspirantes al\" \/>\n<meta name=\"robots\" content=\"index, follow, max-snippet:-1, max-image-preview:large, max-video-preview:-1\" \/>\n<link rel=\"canonical\" href=\"https:\/\/deportesycomunicacion.com\/?p=9387\" \/>\n<meta property=\"og:locale\" content=\"es_ES\" \/>\n<meta property=\"og:type\" content=\"article\" \/>\n<meta property=\"og:title\" content=\"\u00bfTe empecinas en hacer el rid\u00edculo?\" \/>\n<meta property=\"og:description\" content=\"El pr\u00f3ximo mundial de f\u00fatbol se va materializando con la configuraci\u00f3n de los 12 grupos de 4 equipos en los que se encuadrar\u00e1n los 48 aspirantes al\" \/>\n<meta property=\"og:url\" content=\"https:\/\/deportesycomunicacion.com\/?p=9387\" \/>\n<meta property=\"og:site_name\" content=\"Deportes y Comunicaci\u00f3n\" \/>\n<meta property=\"article:publisher\" content=\"https:\/\/www.facebook.com\/ivan.ferrercayuela\" \/>\n<meta property=\"article:published_time\" content=\"2025-12-08T18:48:53+00:00\" \/>\n<meta property=\"article:modified_time\" content=\"2026-03-10T15:24:59+00:00\" \/>\n<meta property=\"og:image\" content=\"http:\/\/deportesycomunicacion.com\/wp-content\/uploads\/2025\/12\/shame-652499_1280.jpg\" \/>\n\t<meta property=\"og:image:width\" content=\"1280\" \/>\n\t<meta property=\"og:image:height\" content=\"989\" \/>\n\t<meta property=\"og:image:type\" content=\"image\/jpeg\" \/>\n<meta name=\"author\" content=\"ivanferrer\" \/>\n<meta name=\"twitter:card\" content=\"summary_large_image\" \/>\n<meta name=\"twitter:creator\" content=\"@IFC1976\" \/>\n<meta name=\"twitter:site\" content=\"@IFC1976\" \/>\n<meta name=\"twitter:label1\" content=\"Escrito por\" \/>\n\t<meta name=\"twitter:data1\" content=\"ivanferrer\" \/>\n\t<meta name=\"twitter:label2\" content=\"Tiempo de lectura\" \/>\n\t<meta name=\"twitter:data2\" content=\"2 minutos\" \/>\n<script type=\"application\/ld+json\" class=\"yoast-schema-graph\">{\"@context\":\"https:\/\/schema.org\",\"@graph\":[{\"@type\":\"Article\",\"@id\":\"https:\/\/deportesycomunicacion.com\/?p=9387#article\",\"isPartOf\":{\"@id\":\"https:\/\/deportesycomunicacion.com\/?p=9387\"},\"author\":{\"name\":\"ivanferrer\",\"@id\":\"https:\/\/deportesycomunicacion.com\/#\/schema\/person\/5bd536572b924420557d2db2f98bdd16\"},\"headline\":\"\u00bfTe empecinas en hacer el rid\u00edculo?\",\"datePublished\":\"2025-12-08T18:48:53+00:00\",\"dateModified\":\"2026-03-10T15:24:59+00:00\",\"mainEntityOfPage\":{\"@id\":\"https:\/\/deportesycomunicacion.com\/?p=9387\"},\"wordCount\":273,\"publisher\":{\"@id\":\"https:\/\/deportesycomunicacion.com\/#organization\"},\"image\":{\"@id\":\"https:\/\/deportesycomunicacion.com\/?p=9387#primaryimage\"},\"thumbnailUrl\":\"https:\/\/deportesycomunicacion.com\/wp-content\/uploads\/2025\/12\/shame-652499_1280.jpg\",\"keywords\":[\"DONALD TRUMP\",\"FUTBOL\",\"MUNDIAL 2026\",\"PREMIO PAZ FIFA\"],\"articleSection\":[\"FUTBOL\"],\"inLanguage\":\"es\"},{\"@type\":\"WebPage\",\"@id\":\"https:\/\/deportesycomunicacion.com\/?p=9387\",\"url\":\"https:\/\/deportesycomunicacion.com\/?p=9387\",\"name\":\"\u00bfTe empecinas en hacer el rid\u00edculo?\",\"isPartOf\":{\"@id\":\"https:\/\/deportesycomunicacion.com\/#website\"},\"primaryImageOfPage\":{\"@id\":\"https:\/\/deportesycomunicacion.com\/?p=9387#primaryimage\"},\"image\":{\"@id\":\"https:\/\/deportesycomunicacion.com\/?p=9387#primaryimage\"},\"thumbnailUrl\":\"https:\/\/deportesycomunicacion.com\/wp-content\/uploads\/2025\/12\/shame-652499_1280.jpg\",\"datePublished\":\"2025-12-08T18:48:53+00:00\",\"dateModified\":\"2026-03-10T15:24:59+00:00\",\"description\":\"El pr\u00f3ximo mundial de f\u00fatbol se va materializando con la configuraci\u00f3n de los 12 grupos de 4 equipos en los que se encuadrar\u00e1n los 48 aspirantes al\",\"breadcrumb\":{\"@id\":\"https:\/\/deportesycomunicacion.com\/?p=9387#breadcrumb\"},\"inLanguage\":\"es\",\"potentialAction\":[{\"@type\":\"ReadAction\",\"target\":[\"https:\/\/deportesycomunicacion.com\/?p=9387\"]}]},{\"@type\":\"ImageObject\",\"inLanguage\":\"es\",\"@id\":\"https:\/\/deportesycomunicacion.com\/?p=9387#primaryimage\",\"url\":\"https:\/\/deportesycomunicacion.com\/wp-content\/uploads\/2025\/12\/shame-652499_1280.jpg\",\"contentUrl\":\"https:\/\/deportesycomunicacion.com\/wp-content\/uploads\/2025\/12\/shame-652499_1280.jpg\",\"width\":1280,\"height\":989},{\"@type\":\"BreadcrumbList\",\"@id\":\"https:\/\/deportesycomunicacion.com\/?p=9387#breadcrumb\",\"itemListElement\":[{\"@type\":\"ListItem\",\"position\":1,\"name\":\"Portada\",\"item\":\"https:\/\/deportesycomunicacion.com\/\"},{\"@type\":\"ListItem\",\"position\":2,\"name\":\"\u00bfTe empecinas en hacer el rid\u00edculo?\"}]},{\"@type\":\"WebSite\",\"@id\":\"https:\/\/deportesycomunicacion.com\/#website\",\"url\":\"https:\/\/deportesycomunicacion.com\/\",\"name\":\"Deportes y Comunicaci\u00f3n\",\"description\":\"Powered by Ivan Ferrer\",\"publisher\":{\"@id\":\"https:\/\/deportesycomunicacion.com\/#organization\"},\"potentialAction\":[{\"@type\":\"SearchAction\",\"target\":{\"@type\":\"EntryPoint\",\"urlTemplate\":\"https:\/\/deportesycomunicacion.com\/?s={search_term_string}\"},\"query-input\":{\"@type\":\"PropertyValueSpecification\",\"valueRequired\":true,\"valueName\":\"search_term_string\"}}],\"inLanguage\":\"es\"},{\"@type\":\"Organization\",\"@id\":\"https:\/\/deportesycomunicacion.com\/#organization\",\"name\":\"Deportes y Comunicaci\u00f3n\",\"url\":\"https:\/\/deportesycomunicacion.com\/\",\"logo\":{\"@type\":\"ImageObject\",\"inLanguage\":\"es\",\"@id\":\"https:\/\/deportesycomunicacion.com\/#\/schema\/logo\/image\/\",\"url\":\"https:\/\/deportesycomunicacion.com\/wp-content\/uploads\/2013\/05\/cropped-Logo-Deportes-Comunicacion.jpg\",\"contentUrl\":\"https:\/\/deportesycomunicacion.com\/wp-content\/uploads\/2013\/05\/cropped-Logo-Deportes-Comunicacion.jpg\",\"width\":300,\"height\":65,\"caption\":\"Deportes y Comunicaci\u00f3n\"},\"image\":{\"@id\":\"https:\/\/deportesycomunicacion.com\/#\/schema\/logo\/image\/\"},\"sameAs\":[\"https:\/\/www.facebook.com\/ivan.ferrercayuela\",\"https:\/\/x.com\/IFC1976\"]},{\"@type\":\"Person\",\"@id\":\"https:\/\/deportesycomunicacion.com\/#\/schema\/person\/5bd536572b924420557d2db2f98bdd16\",\"name\":\"ivanferrer\",\"url\":\"https:\/\/deportesycomunicacion.com\/?author=2\"}]}<\/script>\n<!-- \/ Yoast SEO plugin. -->","yoast_head_json":{"title":"\u00bfTe empecinas en hacer el rid\u00edculo?","description":"El pr\u00f3ximo mundial de f\u00fatbol se va materializando con la configuraci\u00f3n de los 12 grupos de 4 equipos en los que se encuadrar\u00e1n los 48 aspirantes al","robots":{"index":"index","follow":"follow","max-snippet":"max-snippet:-1","max-image-preview":"max-image-preview:large","max-video-preview":"max-video-preview:-1"},"canonical":"https:\/\/deportesycomunicacion.com\/?p=9387","og_locale":"es_ES","og_type":"article","og_title":"\u00bfTe empecinas en hacer el rid\u00edculo?","og_description":"El pr\u00f3ximo mundial de f\u00fatbol se va materializando con la configuraci\u00f3n de los 12 grupos de 4 equipos en los que se encuadrar\u00e1n los 48 aspirantes al","og_url":"https:\/\/deportesycomunicacion.com\/?p=9387","og_site_name":"Deportes y Comunicaci\u00f3n","article_publisher":"https:\/\/www.facebook.com\/ivan.ferrercayuela","article_published_time":"2025-12-08T18:48:53+00:00","article_modified_time":"2026-03-10T15:24:59+00:00","og_image":[{"width":1280,"height":989,"url":"http:\/\/deportesycomunicacion.com\/wp-content\/uploads\/2025\/12\/shame-652499_1280.jpg","type":"image\/jpeg"}],"author":"ivanferrer","twitter_card":"summary_large_image","twitter_creator":"@IFC1976","twitter_site":"@IFC1976","twitter_misc":{"Escrito por":"ivanferrer","Tiempo de lectura":"2 minutos"},"schema":{"@context":"https:\/\/schema.org","@graph":[{"@type":"Article","@id":"https:\/\/deportesycomunicacion.com\/?p=9387#article","isPartOf":{"@id":"https:\/\/deportesycomunicacion.com\/?p=9387"},"author":{"name":"ivanferrer","@id":"https:\/\/deportesycomunicacion.com\/#\/schema\/person\/5bd536572b924420557d2db2f98bdd16"},"headline":"\u00bfTe empecinas en hacer el rid\u00edculo?","datePublished":"2025-12-08T18:48:53+00:00","dateModified":"2026-03-10T15:24:59+00:00","mainEntityOfPage":{"@id":"https:\/\/deportesycomunicacion.com\/?p=9387"},"wordCount":273,"publisher":{"@id":"https:\/\/deportesycomunicacion.com\/#organization"},"image":{"@id":"https:\/\/deportesycomunicacion.com\/?p=9387#primaryimage"},"thumbnailUrl":"https:\/\/deportesycomunicacion.com\/wp-content\/uploads\/2025\/12\/shame-652499_1280.jpg","keywords":["DONALD TRUMP","FUTBOL","MUNDIAL 2026","PREMIO PAZ FIFA"],"articleSection":["FUTBOL"],"inLanguage":"es"},{"@type":"WebPage","@id":"https:\/\/deportesycomunicacion.com\/?p=9387","url":"https:\/\/deportesycomunicacion.com\/?p=9387","name":"\u00bfTe empecinas en hacer el rid\u00edculo?","isPartOf":{"@id":"https:\/\/deportesycomunicacion.com\/#website"},"primaryImageOfPage":{"@id":"https:\/\/deportesycomunicacion.com\/?p=9387#primaryimage"},"image":{"@id":"https:\/\/deportesycomunicacion.com\/?p=9387#primaryimage"},"thumbnailUrl":"https:\/\/deportesycomunicacion.com\/wp-content\/uploads\/2025\/12\/shame-652499_1280.jpg","datePublished":"2025-12-08T18:48:53+00:00","dateModified":"2026-03-10T15:24:59+00:00","description":"El pr\u00f3ximo mundial de f\u00fatbol se va materializando con la configuraci\u00f3n de los 12 grupos de 4 equipos en los que se encuadrar\u00e1n los 48 aspirantes al","breadcrumb":{"@id":"https:\/\/deportesycomunicacion.com\/?p=9387#breadcrumb"},"inLanguage":"es","potentialAction":[{"@type":"ReadAction","target":["https:\/\/deportesycomunicacion.com\/?p=9387"]}]},{"@type":"ImageObject","inLanguage":"es","@id":"https:\/\/deportesycomunicacion.com\/?p=9387#primaryimage","url":"https:\/\/deportesycomunicacion.com\/wp-content\/uploads\/2025\/12\/shame-652499_1280.jpg","contentUrl":"https:\/\/deportesycomunicacion.com\/wp-content\/uploads\/2025\/12\/shame-652499_1280.jpg","width":1280,"height":989},{"@type":"BreadcrumbList","@id":"https:\/\/deportesycomunicacion.com\/?p=9387#breadcrumb","itemListElement":[{"@type":"ListItem","position":1,"name":"Portada","item":"https:\/\/deportesycomunicacion.com\/"},{"@type":"ListItem","position":2,"name":"\u00bfTe empecinas en hacer el rid\u00edculo?"}]},{"@type":"WebSite","@id":"https:\/\/deportesycomunicacion.com\/#website","url":"https:\/\/deportesycomunicacion.com\/","name":"Deportes y Comunicaci\u00f3n","description":"Powered by Ivan Ferrer","publisher":{"@id":"https:\/\/deportesycomunicacion.com\/#organization"},"potentialAction":[{"@type":"SearchAction","target":{"@type":"EntryPoint","urlTemplate":"https:\/\/deportesycomunicacion.com\/?s={search_term_string}"},"query-input":{"@type":"PropertyValueSpecification","valueRequired":true,"valueName":"search_term_string"}}],"inLanguage":"es"},{"@type":"Organization","@id":"https:\/\/deportesycomunicacion.com\/#organization","name":"Deportes y Comunicaci\u00f3n","url":"https:\/\/deportesycomunicacion.com\/","logo":{"@type":"ImageObject","inLanguage":"es","@id":"https:\/\/deportesycomunicacion.com\/#\/schema\/logo\/image\/","url":"https:\/\/deportesycomunicacion.com\/wp-content\/uploads\/2013\/05\/cropped-Logo-Deportes-Comunicacion.jpg","contentUrl":"https:\/\/deportesycomunicacion.com\/wp-content\/uploads\/2013\/05\/cropped-Logo-Deportes-Comunicacion.jpg","width":300,"height":65,"caption":"Deportes y Comunicaci\u00f3n"},"image":{"@id":"https:\/\/deportesycomunicacion.com\/#\/schema\/logo\/image\/"},"sameAs":["https:\/\/www.facebook.com\/ivan.ferrercayuela","https:\/\/x.com\/IFC1976"]},{"@type":"Person","@id":"https:\/\/deportesycomunicacion.com\/#\/schema\/person\/5bd536572b924420557d2db2f98bdd16","name":"ivanferrer","url":"https:\/\/deportesycomunicacion.com\/?author=2"}]}},"_links":{"self":[{"href":"https:\/\/deportesycomunicacion.com\/index.php?rest_route=\/wp\/v2\/posts\/9387","targetHints":{"allow":["GET"]}}],"collection":[{"href":"https:\/\/deportesycomunicacion.com\/index.php?rest_route=\/wp\/v2\/posts"}],"about":[{"href":"https:\/\/deportesycomunicacion.com\/index.php?rest_route=\/wp\/v2\/types\/post"}],"author":[{"embeddable":true,"href":"https:\/\/deportesycomunicacion.com\/index.php?rest_route=\/wp\/v2\/users\/2"}],"replies":[{"embeddable":true,"href":"https:\/\/deportesycomunicacion.com\/index.php?rest_route=%2Fwp%2Fv2%2Fcomments&post=9387"}],"version-history":[{"count":4,"href":"https:\/\/deportesycomunicacion.com\/index.php?rest_route=\/wp\/v2\/posts\/9387\/revisions"}],"predecessor-version":[{"id":9393,"href":"https:\/\/deportesycomunicacion.com\/index.php?rest_route=\/wp\/v2\/posts\/9387\/revisions\/9393"}],"wp:featuredmedia":[{"embeddable":true,"href":"https:\/\/deportesycomunicacion.com\/index.php?rest_route=\/wp\/v2\/media\/9389"}],"wp:attachment":[{"href":"https:\/\/deportesycomunicacion.com\/index.php?rest_route=%2Fwp%2Fv2%2Fmedia&parent=9387"}],"wp:term":[{"taxonomy":"category","embeddable":true,"href":"https:\/\/deportesycomunicacion.com\/index.php?rest_route=%2Fwp%2Fv2%2Fcategories&post=9387"},{"taxonomy":"post_tag","embeddable":true,"href":"https:\/\/deportesycomunicacion.com\/index.php?rest_route=%2Fwp%2Fv2%2Ftags&post=9387"}],"curies":[{"name":"wp","href":"https:\/\/api.w.org\/{rel}","templated":true}]}}