{"id":9418,"date":"2026-01-21T20:33:10","date_gmt":"2026-01-21T19:33:10","guid":{"rendered":"https:\/\/deportesycomunicacion.com\/?p=9418"},"modified":"2026-03-10T16:24:59","modified_gmt":"2026-03-10T15:24:59","slug":"lo-quieres-conseguir-por-todos-los-medios","status":"publish","type":"post","link":"https:\/\/deportesycomunicacion.com\/?p=9418","title":{"rendered":"\u00bfLo quieres conseguir por todos los medios?"},"content":{"rendered":"\n<p>La <strong><a href=\"https:\/\/www.youtube.com\/watch?v=x4zWMJJzSSE\" target=\"_blank\" rel=\"noreferrer noopener\">final de Copa Africana de Naciones 2026<\/a><\/strong> parece que no quiere acabarse nunca. Los 90 minutos reglamentarios acabaron con una sonora traca. Todo se empez\u00f3 a acelerar, dramatizar y desmadrar con el gol anulado a Senegal por falta en ataque, seguido del penaltito a Brahim D\u00edaz. Y ah\u00ed explot\u00f3 todo. Los visitantes, a instancias de su t\u00e9cnico, abandonaron el terreno de juego para volver, al cabo de unos interminables minutos de suspense (tras la insistencia de su estrella, Sadio Man\u00e9). Y ah\u00ed se retorci\u00f3 el guion, un poco m\u00e1s, con el panenka fallado.<\/p>\n\n\n\n<p>En la pr\u00f3rroga, <strong><a href=\"https:\/\/as.com\/us\/videos\/el-golazo-de-gueye-que-le-dio-el-titulo-de-la-copa-africana-a-senegal-f202601-v\/\" target=\"_blank\" rel=\"noreferrer noopener\">Gueye<\/a><\/strong> culmin\u00f3 una jugada de fantas\u00eda con un zurriagazo que dej\u00f3 helado el estadio entero, en el minuto cuatro en el tiempo extra. Se desat\u00f3 la alegr\u00eda en <strong>Senegal<\/strong>, que se proclamaba <strong><a href=\"https:\/\/www.sport.es\/es\/noticias\/futbol-internacional\/queda-palmares-copa-africa-victoria-125835362\" target=\"_blank\" rel=\"noreferrer noopener\">bicampe\u00f3n de la competici\u00f3n<\/a><\/strong> en tan solo cinco a\u00f1os, sumiendo en una profunda depresi\u00f3n a <strong>Marruecos<\/strong>, que arrastra una sequ\u00eda de medio siglo. <\/p>\n\n\n\n<p>Y en el momento de la entrega del trofeo al ganador, nuevo giro en forma de bajeza, por parte del pr\u00edncipe de Marruecos. Se salt\u00f3 el protocolo, <strong><a href=\"https:\/\/okdiario.com\/deportes\/vergonzoso-principe-marruecos-nego-entregar-copa-africa-senegal-rabat-16099928#:~:text=El%20pr%C3%ADncipe%20Moulay%20Rachid%2C%20hermano,%C3%81frica%20a%20los%20jugadores%20senegaleses.&amp;text=En%20un%20primer%20momento%20se,que%20intercambian%20miradas%20con%20Infantino.\" target=\"_blank\" rel=\"noreferrer noopener\">neg\u00e1ndose a dar la copa a Senegal<\/a><\/strong>. Vaya acto m\u00e1s antideportivo y lamentable, trat\u00e1ndose adem\u00e1s de uno de los futuros anfitriones del mundial 2030. Los leones del Atlas, aumentando la sombra de su verg\u00fcenza, quieren ahora <strong><a href=\"https:\/\/www.larazon.es\/deportes\/futbol\/escandalo-cesa-asi-articulo-que-podria-dejar-senegal-titulo-copa-africa_2026012169708c85c48f6b4ee3685d5e.html\" target=\"_blank\" rel=\"noreferrer noopener\">recuperar el t\u00edtulo que perdieron, en el campo, en los despachos<\/a><\/strong>. Continuar\u00e1&#8230;   <\/p>\n\n\n\n<p><strong>\u00bfEstar\u00edas dispuesto a ganar un t\u00edtulo, sea como sea?<\/strong><\/p>\n\n\n\n<p>Imagen de <a href=\"https:\/\/pixabay.com\/es\/users\/geralt-9301\/?utm_source=link-attribution&amp;utm_medium=referral&amp;utm_campaign=image&amp;utm_content=648439\">Gerd Altmann<\/a> en <a href=\"https:\/\/pixabay.com\/es\/\/?utm_source=link-attribution&amp;utm_medium=referral&amp;utm_campaign=image&amp;utm_content=648439\">Pixabay<\/a><\/p>\n\n\n\n<p><\/p>\n\n\n\n<p><\/p>\n","protected":false},"excerpt":{"rendered":"<p>La final de Copa Africana de Naciones 2026 parece que no quiere acabarse nunca. Los 90 &hellip; <a title=\"\u00bfLo quieres conseguir por todos los medios?\" class=\"hm-read-more\" href=\"https:\/\/deportesycomunicacion.com\/?p=9418\"><span class=\"screen-reader-text\">\u00bfLo quieres conseguir por todos los medios?<\/span>Leer m\u00e1s<\/a><\/p>\n","protected":false},"author":2,"featured_media":9423,"comment_status":"closed","ping_status":"open","sticky":false,"template":"","format":"standard","meta":{"footnotes":""},"categories":[7],"tags":[2692,1056,149,2693],"class_list":["post-9418","post","type-post","status-publish","format-standard","has-post-thumbnail","hentry","category-futbol","tag-final-copa-africa-2026","tag-futbol","tag-polemica","tag-senegal-marruecos"],"yoast_head":"<!-- This site is optimized with the Yoast SEO plugin v24.8.1 - https:\/\/yoast.com\/wordpress\/plugins\/seo\/ -->\n<title>\u00bfLo quieres conseguir por todos los medios?<\/title>\n<meta name=\"description\" content=\"La final de Copa Africana de Naciones 2026 parece que no quiere acabarse nunca. Los 90 minutos reglamentarios acabaron con una sonora traca. Todo se\" \/>\n<meta name=\"robots\" content=\"index, follow, max-snippet:-1, max-image-preview:large, max-video-preview:-1\" \/>\n<link rel=\"canonical\" href=\"https:\/\/deportesycomunicacion.com\/?p=9418\" \/>\n<meta property=\"og:locale\" content=\"es_ES\" \/>\n<meta property=\"og:type\" content=\"article\" \/>\n<meta property=\"og:title\" content=\"\u00bfLo quieres conseguir por todos los medios?\" \/>\n<meta property=\"og:description\" content=\"La final de Copa Africana de Naciones 2026 parece que no quiere acabarse nunca. Los 90 minutos reglamentarios acabaron con una sonora traca. Todo se\" \/>\n<meta property=\"og:url\" content=\"https:\/\/deportesycomunicacion.com\/?p=9418\" \/>\n<meta property=\"og:site_name\" content=\"Deportes y Comunicaci\u00f3n\" \/>\n<meta property=\"article:publisher\" content=\"https:\/\/www.facebook.com\/ivan.ferrercayuela\" \/>\n<meta property=\"article:published_time\" content=\"2026-01-21T19:33:10+00:00\" \/>\n<meta property=\"article:modified_time\" content=\"2026-03-10T15:24:59+00:00\" \/>\n<meta property=\"og:image\" content=\"http:\/\/deportesycomunicacion.com\/wp-content\/uploads\/2026\/01\/keyboard-648439_1280.jpg\" \/>\n\t<meta property=\"og:image:width\" content=\"1280\" \/>\n\t<meta property=\"og:image:height\" content=\"853\" \/>\n\t<meta property=\"og:image:type\" content=\"image\/jpeg\" \/>\n<meta name=\"author\" content=\"ivanferrer\" \/>\n<meta name=\"twitter:card\" content=\"summary_large_image\" \/>\n<meta name=\"twitter:creator\" content=\"@IFC1976\" \/>\n<meta name=\"twitter:site\" content=\"@IFC1976\" \/>\n<meta name=\"twitter:label1\" content=\"Escrito por\" \/>\n\t<meta name=\"twitter:data1\" content=\"ivanferrer\" \/>\n\t<meta name=\"twitter:label2\" content=\"Tiempo de lectura\" \/>\n\t<meta name=\"twitter:data2\" content=\"2 minutos\" \/>\n<script type=\"application\/ld+json\" class=\"yoast-schema-graph\">{\"@context\":\"https:\/\/schema.org\",\"@graph\":[{\"@type\":\"Article\",\"@id\":\"https:\/\/deportesycomunicacion.com\/?p=9418#article\",\"isPartOf\":{\"@id\":\"https:\/\/deportesycomunicacion.com\/?p=9418\"},\"author\":{\"name\":\"ivanferrer\",\"@id\":\"https:\/\/deportesycomunicacion.com\/#\/schema\/person\/5bd536572b924420557d2db2f98bdd16\"},\"headline\":\"\u00bfLo quieres conseguir por todos los medios?\",\"datePublished\":\"2026-01-21T19:33:10+00:00\",\"dateModified\":\"2026-03-10T15:24:59+00:00\",\"mainEntityOfPage\":{\"@id\":\"https:\/\/deportesycomunicacion.com\/?p=9418\"},\"wordCount\":266,\"publisher\":{\"@id\":\"https:\/\/deportesycomunicacion.com\/#organization\"},\"image\":{\"@id\":\"https:\/\/deportesycomunicacion.com\/?p=9418#primaryimage\"},\"thumbnailUrl\":\"https:\/\/deportesycomunicacion.com\/wp-content\/uploads\/2026\/01\/keyboard-648439_1280.jpg\",\"keywords\":[\"FINAL COPA AFRICA 2026\",\"FUTBOL\",\"POLEMICA\",\"SENEGAL-MARRUECOS\"],\"articleSection\":[\"FUTBOL\"],\"inLanguage\":\"es\"},{\"@type\":\"WebPage\",\"@id\":\"https:\/\/deportesycomunicacion.com\/?p=9418\",\"url\":\"https:\/\/deportesycomunicacion.com\/?p=9418\",\"name\":\"\u00bfLo quieres conseguir por todos los medios?\",\"isPartOf\":{\"@id\":\"https:\/\/deportesycomunicacion.com\/#website\"},\"primaryImageOfPage\":{\"@id\":\"https:\/\/deportesycomunicacion.com\/?p=9418#primaryimage\"},\"image\":{\"@id\":\"https:\/\/deportesycomunicacion.com\/?p=9418#primaryimage\"},\"thumbnailUrl\":\"https:\/\/deportesycomunicacion.com\/wp-content\/uploads\/2026\/01\/keyboard-648439_1280.jpg\",\"datePublished\":\"2026-01-21T19:33:10+00:00\",\"dateModified\":\"2026-03-10T15:24:59+00:00\",\"description\":\"La final de Copa Africana de Naciones 2026 parece que no quiere acabarse nunca. Los 90 minutos reglamentarios acabaron con una sonora traca. Todo se\",\"breadcrumb\":{\"@id\":\"https:\/\/deportesycomunicacion.com\/?p=9418#breadcrumb\"},\"inLanguage\":\"es\",\"potentialAction\":[{\"@type\":\"ReadAction\",\"target\":[\"https:\/\/deportesycomunicacion.com\/?p=9418\"]}]},{\"@type\":\"ImageObject\",\"inLanguage\":\"es\",\"@id\":\"https:\/\/deportesycomunicacion.com\/?p=9418#primaryimage\",\"url\":\"https:\/\/deportesycomunicacion.com\/wp-content\/uploads\/2026\/01\/keyboard-648439_1280.jpg\",\"contentUrl\":\"https:\/\/deportesycomunicacion.com\/wp-content\/uploads\/2026\/01\/keyboard-648439_1280.jpg\",\"width\":1280,\"height\":853},{\"@type\":\"BreadcrumbList\",\"@id\":\"https:\/\/deportesycomunicacion.com\/?p=9418#breadcrumb\",\"itemListElement\":[{\"@type\":\"ListItem\",\"position\":1,\"name\":\"Portada\",\"item\":\"https:\/\/deportesycomunicacion.com\/\"},{\"@type\":\"ListItem\",\"position\":2,\"name\":\"\u00bfLo quieres conseguir por todos los medios?\"}]},{\"@type\":\"WebSite\",\"@id\":\"https:\/\/deportesycomunicacion.com\/#website\",\"url\":\"https:\/\/deportesycomunicacion.com\/\",\"name\":\"Deportes y Comunicaci\u00f3n\",\"description\":\"Powered by Ivan Ferrer\",\"publisher\":{\"@id\":\"https:\/\/deportesycomunicacion.com\/#organization\"},\"potentialAction\":[{\"@type\":\"SearchAction\",\"target\":{\"@type\":\"EntryPoint\",\"urlTemplate\":\"https:\/\/deportesycomunicacion.com\/?s={search_term_string}\"},\"query-input\":{\"@type\":\"PropertyValueSpecification\",\"valueRequired\":true,\"valueName\":\"search_term_string\"}}],\"inLanguage\":\"es\"},{\"@type\":\"Organization\",\"@id\":\"https:\/\/deportesycomunicacion.com\/#organization\",\"name\":\"Deportes y Comunicaci\u00f3n\",\"url\":\"https:\/\/deportesycomunicacion.com\/\",\"logo\":{\"@type\":\"ImageObject\",\"inLanguage\":\"es\",\"@id\":\"https:\/\/deportesycomunicacion.com\/#\/schema\/logo\/image\/\",\"url\":\"https:\/\/deportesycomunicacion.com\/wp-content\/uploads\/2013\/05\/cropped-Logo-Deportes-Comunicacion.jpg\",\"contentUrl\":\"https:\/\/deportesycomunicacion.com\/wp-content\/uploads\/2013\/05\/cropped-Logo-Deportes-Comunicacion.jpg\",\"width\":300,\"height\":65,\"caption\":\"Deportes y Comunicaci\u00f3n\"},\"image\":{\"@id\":\"https:\/\/deportesycomunicacion.com\/#\/schema\/logo\/image\/\"},\"sameAs\":[\"https:\/\/www.facebook.com\/ivan.ferrercayuela\",\"https:\/\/x.com\/IFC1976\"]},{\"@type\":\"Person\",\"@id\":\"https:\/\/deportesycomunicacion.com\/#\/schema\/person\/5bd536572b924420557d2db2f98bdd16\",\"name\":\"ivanferrer\",\"url\":\"https:\/\/deportesycomunicacion.com\/?author=2\"}]}<\/script>\n<!-- \/ Yoast SEO plugin. -->","yoast_head_json":{"title":"\u00bfLo quieres conseguir por todos los medios?","description":"La final de Copa Africana de Naciones 2026 parece que no quiere acabarse nunca. Los 90 minutos reglamentarios acabaron con una sonora traca. Todo se","robots":{"index":"index","follow":"follow","max-snippet":"max-snippet:-1","max-image-preview":"max-image-preview:large","max-video-preview":"max-video-preview:-1"},"canonical":"https:\/\/deportesycomunicacion.com\/?p=9418","og_locale":"es_ES","og_type":"article","og_title":"\u00bfLo quieres conseguir por todos los medios?","og_description":"La final de Copa Africana de Naciones 2026 parece que no quiere acabarse nunca. Los 90 minutos reglamentarios acabaron con una sonora traca. Todo se","og_url":"https:\/\/deportesycomunicacion.com\/?p=9418","og_site_name":"Deportes y Comunicaci\u00f3n","article_publisher":"https:\/\/www.facebook.com\/ivan.ferrercayuela","article_published_time":"2026-01-21T19:33:10+00:00","article_modified_time":"2026-03-10T15:24:59+00:00","og_image":[{"width":1280,"height":853,"url":"http:\/\/deportesycomunicacion.com\/wp-content\/uploads\/2026\/01\/keyboard-648439_1280.jpg","type":"image\/jpeg"}],"author":"ivanferrer","twitter_card":"summary_large_image","twitter_creator":"@IFC1976","twitter_site":"@IFC1976","twitter_misc":{"Escrito por":"ivanferrer","Tiempo de lectura":"2 minutos"},"schema":{"@context":"https:\/\/schema.org","@graph":[{"@type":"Article","@id":"https:\/\/deportesycomunicacion.com\/?p=9418#article","isPartOf":{"@id":"https:\/\/deportesycomunicacion.com\/?p=9418"},"author":{"name":"ivanferrer","@id":"https:\/\/deportesycomunicacion.com\/#\/schema\/person\/5bd536572b924420557d2db2f98bdd16"},"headline":"\u00bfLo quieres conseguir por todos los medios?","datePublished":"2026-01-21T19:33:10+00:00","dateModified":"2026-03-10T15:24:59+00:00","mainEntityOfPage":{"@id":"https:\/\/deportesycomunicacion.com\/?p=9418"},"wordCount":266,"publisher":{"@id":"https:\/\/deportesycomunicacion.com\/#organization"},"image":{"@id":"https:\/\/deportesycomunicacion.com\/?p=9418#primaryimage"},"thumbnailUrl":"https:\/\/deportesycomunicacion.com\/wp-content\/uploads\/2026\/01\/keyboard-648439_1280.jpg","keywords":["FINAL COPA AFRICA 2026","FUTBOL","POLEMICA","SENEGAL-MARRUECOS"],"articleSection":["FUTBOL"],"inLanguage":"es"},{"@type":"WebPage","@id":"https:\/\/deportesycomunicacion.com\/?p=9418","url":"https:\/\/deportesycomunicacion.com\/?p=9418","name":"\u00bfLo quieres conseguir por todos los medios?","isPartOf":{"@id":"https:\/\/deportesycomunicacion.com\/#website"},"primaryImageOfPage":{"@id":"https:\/\/deportesycomunicacion.com\/?p=9418#primaryimage"},"image":{"@id":"https:\/\/deportesycomunicacion.com\/?p=9418#primaryimage"},"thumbnailUrl":"https:\/\/deportesycomunicacion.com\/wp-content\/uploads\/2026\/01\/keyboard-648439_1280.jpg","datePublished":"2026-01-21T19:33:10+00:00","dateModified":"2026-03-10T15:24:59+00:00","description":"La final de Copa Africana de Naciones 2026 parece que no quiere acabarse nunca. Los 90 minutos reglamentarios acabaron con una sonora traca. Todo se","breadcrumb":{"@id":"https:\/\/deportesycomunicacion.com\/?p=9418#breadcrumb"},"inLanguage":"es","potentialAction":[{"@type":"ReadAction","target":["https:\/\/deportesycomunicacion.com\/?p=9418"]}]},{"@type":"ImageObject","inLanguage":"es","@id":"https:\/\/deportesycomunicacion.com\/?p=9418#primaryimage","url":"https:\/\/deportesycomunicacion.com\/wp-content\/uploads\/2026\/01\/keyboard-648439_1280.jpg","contentUrl":"https:\/\/deportesycomunicacion.com\/wp-content\/uploads\/2026\/01\/keyboard-648439_1280.jpg","width":1280,"height":853},{"@type":"BreadcrumbList","@id":"https:\/\/deportesycomunicacion.com\/?p=9418#breadcrumb","itemListElement":[{"@type":"ListItem","position":1,"name":"Portada","item":"https:\/\/deportesycomunicacion.com\/"},{"@type":"ListItem","position":2,"name":"\u00bfLo quieres conseguir por todos los medios?"}]},{"@type":"WebSite","@id":"https:\/\/deportesycomunicacion.com\/#website","url":"https:\/\/deportesycomunicacion.com\/","name":"Deportes y Comunicaci\u00f3n","description":"Powered by Ivan Ferrer","publisher":{"@id":"https:\/\/deportesycomunicacion.com\/#organization"},"potentialAction":[{"@type":"SearchAction","target":{"@type":"EntryPoint","urlTemplate":"https:\/\/deportesycomunicacion.com\/?s={search_term_string}"},"query-input":{"@type":"PropertyValueSpecification","valueRequired":true,"valueName":"search_term_string"}}],"inLanguage":"es"},{"@type":"Organization","@id":"https:\/\/deportesycomunicacion.com\/#organization","name":"Deportes y Comunicaci\u00f3n","url":"https:\/\/deportesycomunicacion.com\/","logo":{"@type":"ImageObject","inLanguage":"es","@id":"https:\/\/deportesycomunicacion.com\/#\/schema\/logo\/image\/","url":"https:\/\/deportesycomunicacion.com\/wp-content\/uploads\/2013\/05\/cropped-Logo-Deportes-Comunicacion.jpg","contentUrl":"https:\/\/deportesycomunicacion.com\/wp-content\/uploads\/2013\/05\/cropped-Logo-Deportes-Comunicacion.jpg","width":300,"height":65,"caption":"Deportes y Comunicaci\u00f3n"},"image":{"@id":"https:\/\/deportesycomunicacion.com\/#\/schema\/logo\/image\/"},"sameAs":["https:\/\/www.facebook.com\/ivan.ferrercayuela","https:\/\/x.com\/IFC1976"]},{"@type":"Person","@id":"https:\/\/deportesycomunicacion.com\/#\/schema\/person\/5bd536572b924420557d2db2f98bdd16","name":"ivanferrer","url":"https:\/\/deportesycomunicacion.com\/?author=2"}]}},"_links":{"self":[{"href":"https:\/\/deportesycomunicacion.com\/index.php?rest_route=\/wp\/v2\/posts\/9418","targetHints":{"allow":["GET"]}}],"collection":[{"href":"https:\/\/deportesycomunicacion.com\/index.php?rest_route=\/wp\/v2\/posts"}],"about":[{"href":"https:\/\/deportesycomunicacion.com\/index.php?rest_route=\/wp\/v2\/types\/post"}],"author":[{"embeddable":true,"href":"https:\/\/deportesycomunicacion.com\/index.php?rest_route=\/wp\/v2\/users\/2"}],"replies":[{"embeddable":true,"href":"https:\/\/deportesycomunicacion.com\/index.php?rest_route=%2Fwp%2Fv2%2Fcomments&post=9418"}],"version-history":[{"count":6,"href":"https:\/\/deportesycomunicacion.com\/index.php?rest_route=\/wp\/v2\/posts\/9418\/revisions"}],"predecessor-version":[{"id":9426,"href":"https:\/\/deportesycomunicacion.com\/index.php?rest_route=\/wp\/v2\/posts\/9418\/revisions\/9426"}],"wp:featuredmedia":[{"embeddable":true,"href":"https:\/\/deportesycomunicacion.com\/index.php?rest_route=\/wp\/v2\/media\/9423"}],"wp:attachment":[{"href":"https:\/\/deportesycomunicacion.com\/index.php?rest_route=%2Fwp%2Fv2%2Fmedia&parent=9418"}],"wp:term":[{"taxonomy":"category","embeddable":true,"href":"https:\/\/deportesycomunicacion.com\/index.php?rest_route=%2Fwp%2Fv2%2Fcategories&post=9418"},{"taxonomy":"post_tag","embeddable":true,"href":"https:\/\/deportesycomunicacion.com\/index.php?rest_route=%2Fwp%2Fv2%2Ftags&post=9418"}],"curies":[{"name":"wp","href":"https:\/\/api.w.org\/{rel}","templated":true}]}}