{"id":9428,"date":"2026-01-25T20:41:55","date_gmt":"2026-01-25T19:41:55","guid":{"rendered":"https:\/\/deportesycomunicacion.com\/?p=9428"},"modified":"2026-03-10T16:24:59","modified_gmt":"2026-03-10T15:24:59","slug":"en-2026-lo-quieres-conseguir","status":"publish","type":"post","link":"https:\/\/deportesycomunicacion.com\/?p=9428","title":{"rendered":"\u00bfLo quieres conseguir este a\u00f1o?"},"content":{"rendered":"\n<p>Mi hijo se ha tomado con determinaci\u00f3n y energ\u00eda sus <strong>prop\u00f3sitos de a\u00f1o nuevo<\/strong>. Durante fiestas, lo vi atareado, una tarde, con el ordenador. Muy misterioso, me pidi\u00f3 si le pod\u00eda imprimir \u00abalgo\u00bb. En cuanto pude ver la materializaci\u00f3n de su trabajo, me qued\u00e9 muy sorprendido. Hab\u00eda escrito sus objetivos para 2026 y los colg\u00f3 en el corcho, al lado de su escritorio. En \u00e9l se recog\u00edan cinco \u00e1reas de mejora: estudios, higiene, emocional, disfrute y deportiva.<\/p>\n\n\n\n<p>En lo referente al <strong>hockey en l\u00ednea<\/strong>, sus prop\u00f3sitos son tres: \u00abEsforzarme al m\u00e1ximo en los entrenamientos, no frustrarme en los partidos y confiar y creer m\u00e1s en m\u00ed\u00bb. La verdad es que esta temporada ha hecho un cambio a mejor, luchando m\u00e1s los pucks en disputa, patinando para recuperar la posici\u00f3n perdida y atento para recuperar los rechaces y rematar a puerta las pastillas desviadas. Oriol tiene unas ganas terribles de participar con su equipo en el pr\u00f3ximo Campeonato de Espa\u00f1a (el mes que viene se lo jugar\u00e1n todo en la Copa Generalitat, una final a ocho para dirimir el equipo que representar\u00e1 a Catalu\u00f1a en el certamen nacional, as\u00ed como el equipo que ir\u00e1 a la previa para intentar colarse tambi\u00e9n en la fase final).<\/p>\n\n\n\n<p>Lo veo tan enchufado que incluso se ha preocupado de proteger todo el equipaje que se ventila en la terraza (es una locura la tremenda peste que hacen los patines, casco, rodilleras, coderas, guantes y girdle -pantal\u00f3n acolchado- despu\u00e9s de cada entreno o partido). Esta tarde, mientras yo he salido a correr, ha ca\u00eddo un corto pero intenso chaparr\u00f3n. Al llegar me ha preguntado si me hab\u00eda mojado mucho, mientras yo ve\u00eda como todo el material descansaba, resguardado en la cocina. No duda que el agua es enemiga de sus palos y ruedas, as\u00ed que cuanto todo est\u00e9 m\u00e1s seco, mejor&#8230;<\/p>\n\n\n\n<p><strong>\u00bfTienes claro qu\u00e9 quieres conseguir en 2026?<\/strong><\/p>\n\n\n\n<p>Imagen de <a href=\"https:\/\/pixabay.com\/es\/users\/muralinath-51632136\/?utm_source=link-attribution&amp;utm_medium=referral&amp;utm_campaign=image&amp;utm_content=9755937\">Murali nath<\/a> en <a href=\"https:\/\/pixabay.com\/es\/\/?utm_source=link-attribution&amp;utm_medium=referral&amp;utm_campaign=image&amp;utm_content=9755937\">Pixabay<\/a><\/p>\n","protected":false},"excerpt":{"rendered":"<p>Mi hijo se ha tomado con determinaci\u00f3n y energ\u00eda sus prop\u00f3sitos de a\u00f1o nuevo. Durante fiestas, &hellip; <a title=\"\u00bfLo quieres conseguir este a\u00f1o?\" class=\"hm-read-more\" href=\"https:\/\/deportesycomunicacion.com\/?p=9428\"><span class=\"screen-reader-text\">\u00bfLo quieres conseguir este a\u00f1o?<\/span>Leer m\u00e1s<\/a><\/p>\n","protected":false},"author":2,"featured_media":9430,"comment_status":"closed","ping_status":"open","sticky":false,"template":"","format":"standard","meta":{"footnotes":""},"categories":[67,1555],"tags":[2386,1556,2694],"class_list":["post-9428","post","type-post","status-publish","format-standard","has-post-thumbnail","hentry","category-en-las-tricheras","category-hockey-en-linea","tag-chl-jujol","tag-hockey-en-linea","tag-propositos-ano-nuevo"],"yoast_head":"<!-- This site is optimized with the Yoast SEO plugin v24.8.1 - https:\/\/yoast.com\/wordpress\/plugins\/seo\/ -->\n<title>\u00bfLo quieres conseguir este a\u00f1o?<\/title>\n<meta name=\"description\" content=\"Mi hijo se ha tomado con determinaci\u00f3n y energ\u00eda sus prop\u00f3sitos de a\u00f1o nuevo. Durante fiestas, lo vi atareado, una tarde, con el ordenador. Muy\" \/>\n<meta name=\"robots\" content=\"index, follow, max-snippet:-1, max-image-preview:large, max-video-preview:-1\" \/>\n<link rel=\"canonical\" href=\"https:\/\/deportesycomunicacion.com\/?p=9428\" \/>\n<meta property=\"og:locale\" content=\"es_ES\" \/>\n<meta property=\"og:type\" content=\"article\" \/>\n<meta property=\"og:title\" content=\"\u00bfLo quieres conseguir este a\u00f1o?\" \/>\n<meta property=\"og:description\" content=\"Mi hijo se ha tomado con determinaci\u00f3n y energ\u00eda sus prop\u00f3sitos de a\u00f1o nuevo. Durante fiestas, lo vi atareado, una tarde, con el ordenador. Muy\" \/>\n<meta property=\"og:url\" content=\"https:\/\/deportesycomunicacion.com\/?p=9428\" \/>\n<meta property=\"og:site_name\" content=\"Deportes y Comunicaci\u00f3n\" \/>\n<meta property=\"article:publisher\" content=\"https:\/\/www.facebook.com\/ivan.ferrercayuela\" \/>\n<meta property=\"article:published_time\" content=\"2026-01-25T19:41:55+00:00\" \/>\n<meta property=\"article:modified_time\" content=\"2026-03-10T15:24:59+00:00\" \/>\n<meta property=\"og:image\" content=\"http:\/\/deportesycomunicacion.com\/wp-content\/uploads\/2026\/01\/celebrations-9755937_1280.jpg\" \/>\n\t<meta property=\"og:image:width\" content=\"1280\" \/>\n\t<meta property=\"og:image:height\" content=\"731\" \/>\n\t<meta property=\"og:image:type\" content=\"image\/jpeg\" \/>\n<meta name=\"author\" content=\"ivanferrer\" \/>\n<meta name=\"twitter:card\" content=\"summary_large_image\" \/>\n<meta name=\"twitter:creator\" content=\"@IFC1976\" \/>\n<meta name=\"twitter:site\" content=\"@IFC1976\" \/>\n<meta name=\"twitter:label1\" content=\"Escrito por\" \/>\n\t<meta name=\"twitter:data1\" content=\"ivanferrer\" \/>\n\t<meta name=\"twitter:label2\" content=\"Tiempo de lectura\" \/>\n\t<meta name=\"twitter:data2\" content=\"2 minutos\" \/>\n<script type=\"application\/ld+json\" class=\"yoast-schema-graph\">{\"@context\":\"https:\/\/schema.org\",\"@graph\":[{\"@type\":\"Article\",\"@id\":\"https:\/\/deportesycomunicacion.com\/?p=9428#article\",\"isPartOf\":{\"@id\":\"https:\/\/deportesycomunicacion.com\/?p=9428\"},\"author\":{\"name\":\"ivanferrer\",\"@id\":\"https:\/\/deportesycomunicacion.com\/#\/schema\/person\/5bd536572b924420557d2db2f98bdd16\"},\"headline\":\"\u00bfLo quieres conseguir este a\u00f1o?\",\"datePublished\":\"2026-01-25T19:41:55+00:00\",\"dateModified\":\"2026-03-10T15:24:59+00:00\",\"mainEntityOfPage\":{\"@id\":\"https:\/\/deportesycomunicacion.com\/?p=9428\"},\"wordCount\":348,\"publisher\":{\"@id\":\"https:\/\/deportesycomunicacion.com\/#organization\"},\"image\":{\"@id\":\"https:\/\/deportesycomunicacion.com\/?p=9428#primaryimage\"},\"thumbnailUrl\":\"https:\/\/deportesycomunicacion.com\/wp-content\/uploads\/2026\/01\/celebrations-9755937_1280.jpg\",\"keywords\":[\"CHL JUJOL\",\"HOCKEY EN LINEA\",\"PROPOSITOS A\u00d1O NUEVO\"],\"articleSection\":[\"EN LAS TRICHERAS\",\"HOCKEY EN LINEA\"],\"inLanguage\":\"es\"},{\"@type\":\"WebPage\",\"@id\":\"https:\/\/deportesycomunicacion.com\/?p=9428\",\"url\":\"https:\/\/deportesycomunicacion.com\/?p=9428\",\"name\":\"\u00bfLo quieres conseguir este a\u00f1o?\",\"isPartOf\":{\"@id\":\"https:\/\/deportesycomunicacion.com\/#website\"},\"primaryImageOfPage\":{\"@id\":\"https:\/\/deportesycomunicacion.com\/?p=9428#primaryimage\"},\"image\":{\"@id\":\"https:\/\/deportesycomunicacion.com\/?p=9428#primaryimage\"},\"thumbnailUrl\":\"https:\/\/deportesycomunicacion.com\/wp-content\/uploads\/2026\/01\/celebrations-9755937_1280.jpg\",\"datePublished\":\"2026-01-25T19:41:55+00:00\",\"dateModified\":\"2026-03-10T15:24:59+00:00\",\"description\":\"Mi hijo se ha tomado con determinaci\u00f3n y energ\u00eda sus prop\u00f3sitos de a\u00f1o nuevo. Durante fiestas, lo vi atareado, una tarde, con el ordenador. Muy\",\"breadcrumb\":{\"@id\":\"https:\/\/deportesycomunicacion.com\/?p=9428#breadcrumb\"},\"inLanguage\":\"es\",\"potentialAction\":[{\"@type\":\"ReadAction\",\"target\":[\"https:\/\/deportesycomunicacion.com\/?p=9428\"]}]},{\"@type\":\"ImageObject\",\"inLanguage\":\"es\",\"@id\":\"https:\/\/deportesycomunicacion.com\/?p=9428#primaryimage\",\"url\":\"https:\/\/deportesycomunicacion.com\/wp-content\/uploads\/2026\/01\/celebrations-9755937_1280.jpg\",\"contentUrl\":\"https:\/\/deportesycomunicacion.com\/wp-content\/uploads\/2026\/01\/celebrations-9755937_1280.jpg\",\"width\":1280,\"height\":731},{\"@type\":\"BreadcrumbList\",\"@id\":\"https:\/\/deportesycomunicacion.com\/?p=9428#breadcrumb\",\"itemListElement\":[{\"@type\":\"ListItem\",\"position\":1,\"name\":\"Portada\",\"item\":\"https:\/\/deportesycomunicacion.com\/\"},{\"@type\":\"ListItem\",\"position\":2,\"name\":\"\u00bfLo quieres conseguir este a\u00f1o?\"}]},{\"@type\":\"WebSite\",\"@id\":\"https:\/\/deportesycomunicacion.com\/#website\",\"url\":\"https:\/\/deportesycomunicacion.com\/\",\"name\":\"Deportes y Comunicaci\u00f3n\",\"description\":\"Powered by Ivan Ferrer\",\"publisher\":{\"@id\":\"https:\/\/deportesycomunicacion.com\/#organization\"},\"potentialAction\":[{\"@type\":\"SearchAction\",\"target\":{\"@type\":\"EntryPoint\",\"urlTemplate\":\"https:\/\/deportesycomunicacion.com\/?s={search_term_string}\"},\"query-input\":{\"@type\":\"PropertyValueSpecification\",\"valueRequired\":true,\"valueName\":\"search_term_string\"}}],\"inLanguage\":\"es\"},{\"@type\":\"Organization\",\"@id\":\"https:\/\/deportesycomunicacion.com\/#organization\",\"name\":\"Deportes y Comunicaci\u00f3n\",\"url\":\"https:\/\/deportesycomunicacion.com\/\",\"logo\":{\"@type\":\"ImageObject\",\"inLanguage\":\"es\",\"@id\":\"https:\/\/deportesycomunicacion.com\/#\/schema\/logo\/image\/\",\"url\":\"https:\/\/deportesycomunicacion.com\/wp-content\/uploads\/2013\/05\/cropped-Logo-Deportes-Comunicacion.jpg\",\"contentUrl\":\"https:\/\/deportesycomunicacion.com\/wp-content\/uploads\/2013\/05\/cropped-Logo-Deportes-Comunicacion.jpg\",\"width\":300,\"height\":65,\"caption\":\"Deportes y Comunicaci\u00f3n\"},\"image\":{\"@id\":\"https:\/\/deportesycomunicacion.com\/#\/schema\/logo\/image\/\"},\"sameAs\":[\"https:\/\/www.facebook.com\/ivan.ferrercayuela\",\"https:\/\/x.com\/IFC1976\"]},{\"@type\":\"Person\",\"@id\":\"https:\/\/deportesycomunicacion.com\/#\/schema\/person\/5bd536572b924420557d2db2f98bdd16\",\"name\":\"ivanferrer\",\"url\":\"https:\/\/deportesycomunicacion.com\/?author=2\"}]}<\/script>\n<!-- \/ Yoast SEO plugin. -->","yoast_head_json":{"title":"\u00bfLo quieres conseguir este a\u00f1o?","description":"Mi hijo se ha tomado con determinaci\u00f3n y energ\u00eda sus prop\u00f3sitos de a\u00f1o nuevo. Durante fiestas, lo vi atareado, una tarde, con el ordenador. Muy","robots":{"index":"index","follow":"follow","max-snippet":"max-snippet:-1","max-image-preview":"max-image-preview:large","max-video-preview":"max-video-preview:-1"},"canonical":"https:\/\/deportesycomunicacion.com\/?p=9428","og_locale":"es_ES","og_type":"article","og_title":"\u00bfLo quieres conseguir este a\u00f1o?","og_description":"Mi hijo se ha tomado con determinaci\u00f3n y energ\u00eda sus prop\u00f3sitos de a\u00f1o nuevo. Durante fiestas, lo vi atareado, una tarde, con el ordenador. Muy","og_url":"https:\/\/deportesycomunicacion.com\/?p=9428","og_site_name":"Deportes y Comunicaci\u00f3n","article_publisher":"https:\/\/www.facebook.com\/ivan.ferrercayuela","article_published_time":"2026-01-25T19:41:55+00:00","article_modified_time":"2026-03-10T15:24:59+00:00","og_image":[{"width":1280,"height":731,"url":"http:\/\/deportesycomunicacion.com\/wp-content\/uploads\/2026\/01\/celebrations-9755937_1280.jpg","type":"image\/jpeg"}],"author":"ivanferrer","twitter_card":"summary_large_image","twitter_creator":"@IFC1976","twitter_site":"@IFC1976","twitter_misc":{"Escrito por":"ivanferrer","Tiempo de lectura":"2 minutos"},"schema":{"@context":"https:\/\/schema.org","@graph":[{"@type":"Article","@id":"https:\/\/deportesycomunicacion.com\/?p=9428#article","isPartOf":{"@id":"https:\/\/deportesycomunicacion.com\/?p=9428"},"author":{"name":"ivanferrer","@id":"https:\/\/deportesycomunicacion.com\/#\/schema\/person\/5bd536572b924420557d2db2f98bdd16"},"headline":"\u00bfLo quieres conseguir este a\u00f1o?","datePublished":"2026-01-25T19:41:55+00:00","dateModified":"2026-03-10T15:24:59+00:00","mainEntityOfPage":{"@id":"https:\/\/deportesycomunicacion.com\/?p=9428"},"wordCount":348,"publisher":{"@id":"https:\/\/deportesycomunicacion.com\/#organization"},"image":{"@id":"https:\/\/deportesycomunicacion.com\/?p=9428#primaryimage"},"thumbnailUrl":"https:\/\/deportesycomunicacion.com\/wp-content\/uploads\/2026\/01\/celebrations-9755937_1280.jpg","keywords":["CHL JUJOL","HOCKEY EN LINEA","PROPOSITOS A\u00d1O NUEVO"],"articleSection":["EN LAS TRICHERAS","HOCKEY EN LINEA"],"inLanguage":"es"},{"@type":"WebPage","@id":"https:\/\/deportesycomunicacion.com\/?p=9428","url":"https:\/\/deportesycomunicacion.com\/?p=9428","name":"\u00bfLo quieres conseguir este a\u00f1o?","isPartOf":{"@id":"https:\/\/deportesycomunicacion.com\/#website"},"primaryImageOfPage":{"@id":"https:\/\/deportesycomunicacion.com\/?p=9428#primaryimage"},"image":{"@id":"https:\/\/deportesycomunicacion.com\/?p=9428#primaryimage"},"thumbnailUrl":"https:\/\/deportesycomunicacion.com\/wp-content\/uploads\/2026\/01\/celebrations-9755937_1280.jpg","datePublished":"2026-01-25T19:41:55+00:00","dateModified":"2026-03-10T15:24:59+00:00","description":"Mi hijo se ha tomado con determinaci\u00f3n y energ\u00eda sus prop\u00f3sitos de a\u00f1o nuevo. Durante fiestas, lo vi atareado, una tarde, con el ordenador. Muy","breadcrumb":{"@id":"https:\/\/deportesycomunicacion.com\/?p=9428#breadcrumb"},"inLanguage":"es","potentialAction":[{"@type":"ReadAction","target":["https:\/\/deportesycomunicacion.com\/?p=9428"]}]},{"@type":"ImageObject","inLanguage":"es","@id":"https:\/\/deportesycomunicacion.com\/?p=9428#primaryimage","url":"https:\/\/deportesycomunicacion.com\/wp-content\/uploads\/2026\/01\/celebrations-9755937_1280.jpg","contentUrl":"https:\/\/deportesycomunicacion.com\/wp-content\/uploads\/2026\/01\/celebrations-9755937_1280.jpg","width":1280,"height":731},{"@type":"BreadcrumbList","@id":"https:\/\/deportesycomunicacion.com\/?p=9428#breadcrumb","itemListElement":[{"@type":"ListItem","position":1,"name":"Portada","item":"https:\/\/deportesycomunicacion.com\/"},{"@type":"ListItem","position":2,"name":"\u00bfLo quieres conseguir este a\u00f1o?"}]},{"@type":"WebSite","@id":"https:\/\/deportesycomunicacion.com\/#website","url":"https:\/\/deportesycomunicacion.com\/","name":"Deportes y Comunicaci\u00f3n","description":"Powered by Ivan Ferrer","publisher":{"@id":"https:\/\/deportesycomunicacion.com\/#organization"},"potentialAction":[{"@type":"SearchAction","target":{"@type":"EntryPoint","urlTemplate":"https:\/\/deportesycomunicacion.com\/?s={search_term_string}"},"query-input":{"@type":"PropertyValueSpecification","valueRequired":true,"valueName":"search_term_string"}}],"inLanguage":"es"},{"@type":"Organization","@id":"https:\/\/deportesycomunicacion.com\/#organization","name":"Deportes y Comunicaci\u00f3n","url":"https:\/\/deportesycomunicacion.com\/","logo":{"@type":"ImageObject","inLanguage":"es","@id":"https:\/\/deportesycomunicacion.com\/#\/schema\/logo\/image\/","url":"https:\/\/deportesycomunicacion.com\/wp-content\/uploads\/2013\/05\/cropped-Logo-Deportes-Comunicacion.jpg","contentUrl":"https:\/\/deportesycomunicacion.com\/wp-content\/uploads\/2013\/05\/cropped-Logo-Deportes-Comunicacion.jpg","width":300,"height":65,"caption":"Deportes y Comunicaci\u00f3n"},"image":{"@id":"https:\/\/deportesycomunicacion.com\/#\/schema\/logo\/image\/"},"sameAs":["https:\/\/www.facebook.com\/ivan.ferrercayuela","https:\/\/x.com\/IFC1976"]},{"@type":"Person","@id":"https:\/\/deportesycomunicacion.com\/#\/schema\/person\/5bd536572b924420557d2db2f98bdd16","name":"ivanferrer","url":"https:\/\/deportesycomunicacion.com\/?author=2"}]}},"_links":{"self":[{"href":"https:\/\/deportesycomunicacion.com\/index.php?rest_route=\/wp\/v2\/posts\/9428","targetHints":{"allow":["GET"]}}],"collection":[{"href":"https:\/\/deportesycomunicacion.com\/index.php?rest_route=\/wp\/v2\/posts"}],"about":[{"href":"https:\/\/deportesycomunicacion.com\/index.php?rest_route=\/wp\/v2\/types\/post"}],"author":[{"embeddable":true,"href":"https:\/\/deportesycomunicacion.com\/index.php?rest_route=\/wp\/v2\/users\/2"}],"replies":[{"embeddable":true,"href":"https:\/\/deportesycomunicacion.com\/index.php?rest_route=%2Fwp%2Fv2%2Fcomments&post=9428"}],"version-history":[{"count":3,"href":"https:\/\/deportesycomunicacion.com\/index.php?rest_route=\/wp\/v2\/posts\/9428\/revisions"}],"predecessor-version":[{"id":9432,"href":"https:\/\/deportesycomunicacion.com\/index.php?rest_route=\/wp\/v2\/posts\/9428\/revisions\/9432"}],"wp:featuredmedia":[{"embeddable":true,"href":"https:\/\/deportesycomunicacion.com\/index.php?rest_route=\/wp\/v2\/media\/9430"}],"wp:attachment":[{"href":"https:\/\/deportesycomunicacion.com\/index.php?rest_route=%2Fwp%2Fv2%2Fmedia&parent=9428"}],"wp:term":[{"taxonomy":"category","embeddable":true,"href":"https:\/\/deportesycomunicacion.com\/index.php?rest_route=%2Fwp%2Fv2%2Fcategories&post=9428"},{"taxonomy":"post_tag","embeddable":true,"href":"https:\/\/deportesycomunicacion.com\/index.php?rest_route=%2Fwp%2Fv2%2Ftags&post=9428"}],"curies":[{"name":"wp","href":"https:\/\/api.w.org\/{rel}","templated":true}]}}