{"id":9476,"date":"2026-03-09T19:28:13","date_gmt":"2026-03-09T18:28:13","guid":{"rendered":"https:\/\/deportesycomunicacion.com\/?p=9476"},"modified":"2026-03-10T16:24:59","modified_gmt":"2026-03-10T15:24:59","slug":"pasado-de-rosca","status":"publish","type":"post","link":"https:\/\/deportesycomunicacion.com\/?p=9476","title":{"rendered":"\u00bfPasado de rosca?"},"content":{"rendered":"\n<p>Como los tornillos nuevos y flamantemente brillantes, <strong>Neymar Jr.<\/strong>, era el futbolista se\u00f1alado, que ten\u00eda que marcar un antes y un despu\u00e9s, sucediendo al binomio estelar protagonizado por Messi y Cristiano Ronaldo. Pero nunca ha acabado de explotar como n\u00famero 1 y, con el tiempo, parece que se ha pasado de rosca. Tras su magn\u00edfica temporada con el Barcelona (con el que gan\u00f3 un <strong><a href=\"https:\/\/www.youtube.com\/watch?v=DkRTkk6wdmE\" target=\"_blank\" rel=\"noreferrer noopener\">triplete<\/a><\/strong>, hace 11 a\u00f1os), su carrera se ha acabado difuminando y debatiendo entre <strong><a href=\"https:\/\/www.transfermarkt.es\/neymar\/verletzungen\/spieler\/68290\" target=\"_blank\" rel=\"noreferrer noopener\">lesiones<\/a><\/strong> y <strong><a href=\"https:\/\/cosas.pe\/personalidades\/240062\/los-30-de-neymar-una-vida-llena-de-escandalos\/\">problemas extradeportivos<\/a><\/strong>.<\/p>\n\n\n\n<p>De su progresi\u00f3n inicial en el Santos, explosi\u00f3n en Barcelona y glamur de Par\u00eds, empez\u00f3 una clara decadencia en Arabia Saud\u00ed y Brasil. Sus \u00faltimos a\u00f1os se han convertido en un quiero y no puedo para volver a estar en la cresta de la ola. A sus <strong><a href=\"https:\/\/es.wikipedia.org\/wiki\/Neymar\" target=\"_blank\" rel=\"noreferrer noopener\">34 a\u00f1os<\/a><\/strong> parece que ya coge su \u00faltimo tren para volver a saborear las mieles del \u00e9xito y ser reconocido internacionalmente. Dado su tortuoso historial deportivo y social, se antoja como una pel\u00edcula de ciencia-ficci\u00f3n que participe en la <strong><a href=\"https:\/\/es.wikipedia.org\/wiki\/Copa_Mundial_de_F%C3%BAtbol_de_2030\" target=\"_blank\" rel=\"noreferrer noopener\">Copa Mundial de 2030<\/a><\/strong>. As\u00ed que     su oportunidad perfecta para despedirse, en un evento planetario, ser\u00eda este verano, en el <strong><a href=\"https:\/\/www.fifa.com\/es\/tournaments\/mens\/worldcup\/canadamexicousa2026\" target=\"_blank\" rel=\"noreferrer noopener\">Mundial de EEUU, M\u00e9xico y Canad\u00e1<\/a><\/strong>. Tras un tr\u00edo de fracasos en sus participaciones anteriores, aspira a acabar su carrera con la canarinha por todo lo alto.   <\/p>\n\n\n\n<p>Ahora todo queda en manos de <strong><a href=\"https:\/\/www.mundodeportivo.com\/futbol\/20260309\/1004149051\/vuelta-inminente-anuncio-neymar-sacude-brasil.html\" target=\"_blank\" rel=\"noreferrer noopener\">Ancelotti<\/a><\/strong>. Tal vez, en un acto de fe, decida taparse los ojos e imaginarse al Neymar de 2015 para que le ofrezca un magn\u00edfico truco de magia a escala planetaria&#8230;<\/p>\n\n\n\n<p><strong>\u00bfYa ha pasado su momento? \u00bfO Neymar Jr. a\u00fan puede mostrar destellos de creatividad efectiva y ayudar a Brasil?<\/strong><\/p>\n\n\n\n<p>Imagen de <a href=\"https:\/\/pixabay.com\/es\/users\/pawing-2524720\/?utm_source=link-attribution&amp;utm_medium=referral&amp;utm_campaign=image&amp;utm_content=2633602\">PawinG<\/a> en <a href=\"https:\/\/pixabay.com\/es\/\/?utm_source=link-attribution&amp;utm_medium=referral&amp;utm_campaign=image&amp;utm_content=2633602\">Pixabay<\/a><\/p>\n\n\n\n<p><\/p>\n","protected":false},"excerpt":{"rendered":"<p>Como los tornillos nuevos y flamantemente brillantes, Neymar Jr., era el futbolista se\u00f1alado, que ten\u00eda que &hellip; <a title=\"\u00bfPasado de rosca?\" class=\"hm-read-more\" href=\"https:\/\/deportesycomunicacion.com\/?p=9476\"><span class=\"screen-reader-text\">\u00bfPasado de rosca?<\/span>Leer m\u00e1s<\/a><\/p>\n","protected":false},"author":2,"featured_media":9479,"comment_status":"closed","ping_status":"open","sticky":false,"template":"","format":"standard","meta":{"footnotes":""},"categories":[7],"tags":[1056,2708,1856],"class_list":["post-9476","post","type-post","status-publish","format-standard","has-post-thumbnail","hentry","category-futbol","tag-futbol","tag-mundial-2030","tag-neymar-jr"],"yoast_head":"<!-- This site is optimized with the Yoast SEO plugin v24.8.1 - https:\/\/yoast.com\/wordpress\/plugins\/seo\/ -->\n<title>\u00bfPasado de rosca?<\/title>\n<meta name=\"description\" content=\"Como los tornillos nuevos y flamantemente brillantes, Neymar Jr., era el futbolista se\u00f1alado, que ten\u00eda que marcar un antes y un despu\u00e9s, sucediendo al\" \/>\n<meta name=\"robots\" content=\"index, follow, max-snippet:-1, max-image-preview:large, max-video-preview:-1\" \/>\n<link rel=\"canonical\" href=\"https:\/\/deportesycomunicacion.com\/?p=9476\" \/>\n<meta property=\"og:locale\" content=\"es_ES\" \/>\n<meta property=\"og:type\" content=\"article\" \/>\n<meta property=\"og:title\" content=\"\u00bfPasado de rosca?\" \/>\n<meta property=\"og:description\" content=\"Como los tornillos nuevos y flamantemente brillantes, Neymar Jr., era el futbolista se\u00f1alado, que ten\u00eda que marcar un antes y un despu\u00e9s, sucediendo al\" \/>\n<meta property=\"og:url\" content=\"https:\/\/deportesycomunicacion.com\/?p=9476\" \/>\n<meta property=\"og:site_name\" content=\"Deportes y Comunicaci\u00f3n\" \/>\n<meta property=\"article:publisher\" content=\"https:\/\/www.facebook.com\/ivan.ferrercayuela\" \/>\n<meta property=\"article:published_time\" content=\"2026-03-09T18:28:13+00:00\" \/>\n<meta property=\"article:modified_time\" content=\"2026-03-10T15:24:59+00:00\" \/>\n<meta property=\"og:image\" content=\"http:\/\/deportesycomunicacion.com\/wp-content\/uploads\/2026\/03\/pawing-nut-2633602_1920.jpg\" \/>\n\t<meta property=\"og:image:width\" content=\"1920\" \/>\n\t<meta property=\"og:image:height\" content=\"1270\" \/>\n\t<meta property=\"og:image:type\" content=\"image\/jpeg\" \/>\n<meta name=\"author\" content=\"ivanferrer\" \/>\n<meta name=\"twitter:card\" content=\"summary_large_image\" \/>\n<meta name=\"twitter:creator\" content=\"@IFC1976\" \/>\n<meta name=\"twitter:site\" content=\"@IFC1976\" \/>\n<meta name=\"twitter:label1\" content=\"Escrito por\" \/>\n\t<meta name=\"twitter:data1\" content=\"ivanferrer\" \/>\n\t<meta name=\"twitter:label2\" content=\"Tiempo de lectura\" \/>\n\t<meta name=\"twitter:data2\" content=\"2 minutos\" \/>\n<script type=\"application\/ld+json\" class=\"yoast-schema-graph\">{\"@context\":\"https:\/\/schema.org\",\"@graph\":[{\"@type\":\"Article\",\"@id\":\"https:\/\/deportesycomunicacion.com\/?p=9476#article\",\"isPartOf\":{\"@id\":\"https:\/\/deportesycomunicacion.com\/?p=9476\"},\"author\":{\"name\":\"ivanferrer\",\"@id\":\"https:\/\/deportesycomunicacion.com\/#\/schema\/person\/5bd536572b924420557d2db2f98bdd16\"},\"headline\":\"\u00bfPasado de rosca?\",\"datePublished\":\"2026-03-09T18:28:13+00:00\",\"dateModified\":\"2026-03-10T15:24:59+00:00\",\"mainEntityOfPage\":{\"@id\":\"https:\/\/deportesycomunicacion.com\/?p=9476\"},\"wordCount\":290,\"publisher\":{\"@id\":\"https:\/\/deportesycomunicacion.com\/#organization\"},\"image\":{\"@id\":\"https:\/\/deportesycomunicacion.com\/?p=9476#primaryimage\"},\"thumbnailUrl\":\"https:\/\/deportesycomunicacion.com\/wp-content\/uploads\/2026\/03\/pawing-nut-2633602_1920.jpg\",\"keywords\":[\"FUTBOL\",\"MUNDIAL 2030\",\"NEYMAR JR\"],\"articleSection\":[\"FUTBOL\"],\"inLanguage\":\"es\"},{\"@type\":\"WebPage\",\"@id\":\"https:\/\/deportesycomunicacion.com\/?p=9476\",\"url\":\"https:\/\/deportesycomunicacion.com\/?p=9476\",\"name\":\"\u00bfPasado de rosca?\",\"isPartOf\":{\"@id\":\"https:\/\/deportesycomunicacion.com\/#website\"},\"primaryImageOfPage\":{\"@id\":\"https:\/\/deportesycomunicacion.com\/?p=9476#primaryimage\"},\"image\":{\"@id\":\"https:\/\/deportesycomunicacion.com\/?p=9476#primaryimage\"},\"thumbnailUrl\":\"https:\/\/deportesycomunicacion.com\/wp-content\/uploads\/2026\/03\/pawing-nut-2633602_1920.jpg\",\"datePublished\":\"2026-03-09T18:28:13+00:00\",\"dateModified\":\"2026-03-10T15:24:59+00:00\",\"description\":\"Como los tornillos nuevos y flamantemente brillantes, Neymar Jr., era el futbolista se\u00f1alado, que ten\u00eda que marcar un antes y un despu\u00e9s, sucediendo al\",\"breadcrumb\":{\"@id\":\"https:\/\/deportesycomunicacion.com\/?p=9476#breadcrumb\"},\"inLanguage\":\"es\",\"potentialAction\":[{\"@type\":\"ReadAction\",\"target\":[\"https:\/\/deportesycomunicacion.com\/?p=9476\"]}]},{\"@type\":\"ImageObject\",\"inLanguage\":\"es\",\"@id\":\"https:\/\/deportesycomunicacion.com\/?p=9476#primaryimage\",\"url\":\"https:\/\/deportesycomunicacion.com\/wp-content\/uploads\/2026\/03\/pawing-nut-2633602_1920.jpg\",\"contentUrl\":\"https:\/\/deportesycomunicacion.com\/wp-content\/uploads\/2026\/03\/pawing-nut-2633602_1920.jpg\",\"width\":1920,\"height\":1270},{\"@type\":\"BreadcrumbList\",\"@id\":\"https:\/\/deportesycomunicacion.com\/?p=9476#breadcrumb\",\"itemListElement\":[{\"@type\":\"ListItem\",\"position\":1,\"name\":\"Portada\",\"item\":\"https:\/\/deportesycomunicacion.com\/\"},{\"@type\":\"ListItem\",\"position\":2,\"name\":\"\u00bfPasado de rosca?\"}]},{\"@type\":\"WebSite\",\"@id\":\"https:\/\/deportesycomunicacion.com\/#website\",\"url\":\"https:\/\/deportesycomunicacion.com\/\",\"name\":\"Deportes y Comunicaci\u00f3n\",\"description\":\"Powered by Ivan Ferrer\",\"publisher\":{\"@id\":\"https:\/\/deportesycomunicacion.com\/#organization\"},\"potentialAction\":[{\"@type\":\"SearchAction\",\"target\":{\"@type\":\"EntryPoint\",\"urlTemplate\":\"https:\/\/deportesycomunicacion.com\/?s={search_term_string}\"},\"query-input\":{\"@type\":\"PropertyValueSpecification\",\"valueRequired\":true,\"valueName\":\"search_term_string\"}}],\"inLanguage\":\"es\"},{\"@type\":\"Organization\",\"@id\":\"https:\/\/deportesycomunicacion.com\/#organization\",\"name\":\"Deportes y Comunicaci\u00f3n\",\"url\":\"https:\/\/deportesycomunicacion.com\/\",\"logo\":{\"@type\":\"ImageObject\",\"inLanguage\":\"es\",\"@id\":\"https:\/\/deportesycomunicacion.com\/#\/schema\/logo\/image\/\",\"url\":\"https:\/\/deportesycomunicacion.com\/wp-content\/uploads\/2013\/05\/cropped-Logo-Deportes-Comunicacion.jpg\",\"contentUrl\":\"https:\/\/deportesycomunicacion.com\/wp-content\/uploads\/2013\/05\/cropped-Logo-Deportes-Comunicacion.jpg\",\"width\":300,\"height\":65,\"caption\":\"Deportes y Comunicaci\u00f3n\"},\"image\":{\"@id\":\"https:\/\/deportesycomunicacion.com\/#\/schema\/logo\/image\/\"},\"sameAs\":[\"https:\/\/www.facebook.com\/ivan.ferrercayuela\",\"https:\/\/x.com\/IFC1976\"]},{\"@type\":\"Person\",\"@id\":\"https:\/\/deportesycomunicacion.com\/#\/schema\/person\/5bd536572b924420557d2db2f98bdd16\",\"name\":\"ivanferrer\",\"url\":\"https:\/\/deportesycomunicacion.com\/?author=2\"}]}<\/script>\n<!-- \/ Yoast SEO plugin. -->","yoast_head_json":{"title":"\u00bfPasado de rosca?","description":"Como los tornillos nuevos y flamantemente brillantes, Neymar Jr., era el futbolista se\u00f1alado, que ten\u00eda que marcar un antes y un despu\u00e9s, sucediendo al","robots":{"index":"index","follow":"follow","max-snippet":"max-snippet:-1","max-image-preview":"max-image-preview:large","max-video-preview":"max-video-preview:-1"},"canonical":"https:\/\/deportesycomunicacion.com\/?p=9476","og_locale":"es_ES","og_type":"article","og_title":"\u00bfPasado de rosca?","og_description":"Como los tornillos nuevos y flamantemente brillantes, Neymar Jr., era el futbolista se\u00f1alado, que ten\u00eda que marcar un antes y un despu\u00e9s, sucediendo al","og_url":"https:\/\/deportesycomunicacion.com\/?p=9476","og_site_name":"Deportes y Comunicaci\u00f3n","article_publisher":"https:\/\/www.facebook.com\/ivan.ferrercayuela","article_published_time":"2026-03-09T18:28:13+00:00","article_modified_time":"2026-03-10T15:24:59+00:00","og_image":[{"width":1920,"height":1270,"url":"http:\/\/deportesycomunicacion.com\/wp-content\/uploads\/2026\/03\/pawing-nut-2633602_1920.jpg","type":"image\/jpeg"}],"author":"ivanferrer","twitter_card":"summary_large_image","twitter_creator":"@IFC1976","twitter_site":"@IFC1976","twitter_misc":{"Escrito por":"ivanferrer","Tiempo de lectura":"2 minutos"},"schema":{"@context":"https:\/\/schema.org","@graph":[{"@type":"Article","@id":"https:\/\/deportesycomunicacion.com\/?p=9476#article","isPartOf":{"@id":"https:\/\/deportesycomunicacion.com\/?p=9476"},"author":{"name":"ivanferrer","@id":"https:\/\/deportesycomunicacion.com\/#\/schema\/person\/5bd536572b924420557d2db2f98bdd16"},"headline":"\u00bfPasado de rosca?","datePublished":"2026-03-09T18:28:13+00:00","dateModified":"2026-03-10T15:24:59+00:00","mainEntityOfPage":{"@id":"https:\/\/deportesycomunicacion.com\/?p=9476"},"wordCount":290,"publisher":{"@id":"https:\/\/deportesycomunicacion.com\/#organization"},"image":{"@id":"https:\/\/deportesycomunicacion.com\/?p=9476#primaryimage"},"thumbnailUrl":"https:\/\/deportesycomunicacion.com\/wp-content\/uploads\/2026\/03\/pawing-nut-2633602_1920.jpg","keywords":["FUTBOL","MUNDIAL 2030","NEYMAR JR"],"articleSection":["FUTBOL"],"inLanguage":"es"},{"@type":"WebPage","@id":"https:\/\/deportesycomunicacion.com\/?p=9476","url":"https:\/\/deportesycomunicacion.com\/?p=9476","name":"\u00bfPasado de rosca?","isPartOf":{"@id":"https:\/\/deportesycomunicacion.com\/#website"},"primaryImageOfPage":{"@id":"https:\/\/deportesycomunicacion.com\/?p=9476#primaryimage"},"image":{"@id":"https:\/\/deportesycomunicacion.com\/?p=9476#primaryimage"},"thumbnailUrl":"https:\/\/deportesycomunicacion.com\/wp-content\/uploads\/2026\/03\/pawing-nut-2633602_1920.jpg","datePublished":"2026-03-09T18:28:13+00:00","dateModified":"2026-03-10T15:24:59+00:00","description":"Como los tornillos nuevos y flamantemente brillantes, Neymar Jr., era el futbolista se\u00f1alado, que ten\u00eda que marcar un antes y un despu\u00e9s, sucediendo al","breadcrumb":{"@id":"https:\/\/deportesycomunicacion.com\/?p=9476#breadcrumb"},"inLanguage":"es","potentialAction":[{"@type":"ReadAction","target":["https:\/\/deportesycomunicacion.com\/?p=9476"]}]},{"@type":"ImageObject","inLanguage":"es","@id":"https:\/\/deportesycomunicacion.com\/?p=9476#primaryimage","url":"https:\/\/deportesycomunicacion.com\/wp-content\/uploads\/2026\/03\/pawing-nut-2633602_1920.jpg","contentUrl":"https:\/\/deportesycomunicacion.com\/wp-content\/uploads\/2026\/03\/pawing-nut-2633602_1920.jpg","width":1920,"height":1270},{"@type":"BreadcrumbList","@id":"https:\/\/deportesycomunicacion.com\/?p=9476#breadcrumb","itemListElement":[{"@type":"ListItem","position":1,"name":"Portada","item":"https:\/\/deportesycomunicacion.com\/"},{"@type":"ListItem","position":2,"name":"\u00bfPasado de rosca?"}]},{"@type":"WebSite","@id":"https:\/\/deportesycomunicacion.com\/#website","url":"https:\/\/deportesycomunicacion.com\/","name":"Deportes y Comunicaci\u00f3n","description":"Powered by Ivan Ferrer","publisher":{"@id":"https:\/\/deportesycomunicacion.com\/#organization"},"potentialAction":[{"@type":"SearchAction","target":{"@type":"EntryPoint","urlTemplate":"https:\/\/deportesycomunicacion.com\/?s={search_term_string}"},"query-input":{"@type":"PropertyValueSpecification","valueRequired":true,"valueName":"search_term_string"}}],"inLanguage":"es"},{"@type":"Organization","@id":"https:\/\/deportesycomunicacion.com\/#organization","name":"Deportes y Comunicaci\u00f3n","url":"https:\/\/deportesycomunicacion.com\/","logo":{"@type":"ImageObject","inLanguage":"es","@id":"https:\/\/deportesycomunicacion.com\/#\/schema\/logo\/image\/","url":"https:\/\/deportesycomunicacion.com\/wp-content\/uploads\/2013\/05\/cropped-Logo-Deportes-Comunicacion.jpg","contentUrl":"https:\/\/deportesycomunicacion.com\/wp-content\/uploads\/2013\/05\/cropped-Logo-Deportes-Comunicacion.jpg","width":300,"height":65,"caption":"Deportes y Comunicaci\u00f3n"},"image":{"@id":"https:\/\/deportesycomunicacion.com\/#\/schema\/logo\/image\/"},"sameAs":["https:\/\/www.facebook.com\/ivan.ferrercayuela","https:\/\/x.com\/IFC1976"]},{"@type":"Person","@id":"https:\/\/deportesycomunicacion.com\/#\/schema\/person\/5bd536572b924420557d2db2f98bdd16","name":"ivanferrer","url":"https:\/\/deportesycomunicacion.com\/?author=2"}]}},"_links":{"self":[{"href":"https:\/\/deportesycomunicacion.com\/index.php?rest_route=\/wp\/v2\/posts\/9476","targetHints":{"allow":["GET"]}}],"collection":[{"href":"https:\/\/deportesycomunicacion.com\/index.php?rest_route=\/wp\/v2\/posts"}],"about":[{"href":"https:\/\/deportesycomunicacion.com\/index.php?rest_route=\/wp\/v2\/types\/post"}],"author":[{"embeddable":true,"href":"https:\/\/deportesycomunicacion.com\/index.php?rest_route=\/wp\/v2\/users\/2"}],"replies":[{"embeddable":true,"href":"https:\/\/deportesycomunicacion.com\/index.php?rest_route=%2Fwp%2Fv2%2Fcomments&post=9476"}],"version-history":[{"count":5,"href":"https:\/\/deportesycomunicacion.com\/index.php?rest_route=\/wp\/v2\/posts\/9476\/revisions"}],"predecessor-version":[{"id":9482,"href":"https:\/\/deportesycomunicacion.com\/index.php?rest_route=\/wp\/v2\/posts\/9476\/revisions\/9482"}],"wp:featuredmedia":[{"embeddable":true,"href":"https:\/\/deportesycomunicacion.com\/index.php?rest_route=\/wp\/v2\/media\/9479"}],"wp:attachment":[{"href":"https:\/\/deportesycomunicacion.com\/index.php?rest_route=%2Fwp%2Fv2%2Fmedia&parent=9476"}],"wp:term":[{"taxonomy":"category","embeddable":true,"href":"https:\/\/deportesycomunicacion.com\/index.php?rest_route=%2Fwp%2Fv2%2Fcategories&post=9476"},{"taxonomy":"post_tag","embeddable":true,"href":"https:\/\/deportesycomunicacion.com\/index.php?rest_route=%2Fwp%2Fv2%2Ftags&post=9476"}],"curies":[{"name":"wp","href":"https:\/\/api.w.org\/{rel}","templated":true}]}}