{"id":9501,"date":"2026-03-17T13:31:01","date_gmt":"2026-03-17T12:31:01","guid":{"rendered":"https:\/\/deportesycomunicacion.com\/?p=9501"},"modified":"2026-03-17T13:36:30","modified_gmt":"2026-03-17T12:36:30","slug":"te-sientes-especial","status":"publish","type":"post","link":"https:\/\/deportesycomunicacion.com\/?p=9501","title":{"rendered":"\u00bfTe sientes especial?"},"content":{"rendered":"\n<p>Cuando miras la estructura de la propiedad de los clubes de primera divisi\u00f3n del f\u00fatbol espa\u00f1ol, adviertes que 16 de ellos (el 80%) son SAD (Sociedades An\u00f3nimas Deportivas) que tienen propietarios mayoritarios que marcan su rumbo. En cambio, solo <strong><a href=\"https:\/\/www.dazn.com\/es-ES\/news\/f%C3%BAtbol\/equipos-laliga-no-son-sad\/dvjrfg6lye9d13qhfmav8j6md\" target=\"_blank\" rel=\"noreferrer noopener\">cuatro<\/a><\/strong> (<strong><a href=\"https:\/\/www.diariodenavarra.es\/noticias\/deportes\/futbol\/osasuna\/2025\/08\/21\/luis-sabalza-proclamado-presidente-osasuna-2029-657865-1027.html\" target=\"_blank\" rel=\"noreferrer noopener\">Osasuna<\/a><\/strong>, <strong><a href=\"https:\/\/www.elcorreo.com\/athletic\/elecciones-athletic-2022\/elecciones-athletic-2022-resultados-historicos-elecciones-desde-1977-a-2018-20220512110934-nt.html?ref=https%3A%2F%2Fwww.elcorreo.com%2Fathletic%2Felecciones-athletic-2022%2Felecciones-athletic-2022-resultados-historicos-elecciones-desde-1977-a-2018-20220512110934-nt.html\" target=\"_blank\" rel=\"noreferrer noopener\">Athletic<\/a><\/strong>, <strong>Madrid<\/strong> y <strong>Barcelona<\/strong>) siguen siendo propiedad de sus socios, que escogen por votaci\u00f3n a su m\u00e1ximo dirigente. Centr\u00e1ndonos en los dos gigantes, la gran diferencia es que en el <strong>Bar\u00e7a<\/strong> existe debate y confrontaci\u00f3n de ideas entre candidatos. En lo referente a la <strong>Casa Blanca<\/strong>, el <strong><a href=\"https:\/\/www.rtve.es\/deportes\/20250119\/florentino-perez-presidente-real-madrid-hasta-2029\/16413445.shtml\" target=\"_blank\" rel=\"noreferrer noopener\">rodillo florentinista<\/a><\/strong> ha provocado que desde <strong><a href=\"https:\/\/www.abc.es\/deportes\/real-madrid\/abci-real-madrid-florentino-perez-sin-rivales-desde-hace-doce-anos-202104122031_noticia.html?ref=https%3A%2F%2Fwww.abc.es%2Fdeportes%2Freal-madrid%2Fabci-real-madrid-florentino-perez-sin-rivales-desde-hace-doce-anos-202104122031_noticia.html\">2009<\/a><\/strong> no haga falta recurrir a la democracia en el centro de Espa\u00f1a.  <\/p>\n\n\n\n<p>Anteayer ten\u00edamos <strong><a href=\"https:\/\/www.fcbarcelona.es\/es\/club\/noticias\/4465897\/el-minuto-a-minuto-de-las-elecciones-a-la-presidencia-del-fc-barcelona-2026\" target=\"_blank\" rel=\"noreferrer noopener\">cita con las urnas en la explanada del Nou Camp<\/a><\/strong>. Fui a primera hora, ya que ten\u00edamos un compromiso al mediod\u00eda (que seguro se iba a alargar hasta tarde). Adem\u00e1s de la ilusi\u00f3n por decidir, con mi voto, los designios del club que llevo en el coraz\u00f3n, tuve una sorpresa extra en la mesa que me tocaba -ordenadas por orden alfab\u00e9tico de apellido. All\u00ed hab\u00eda dos personas para comprobar mi identidad y gestionar el voto (hasta que acabara dentro de la correspondiente urna y entrara en el recuento final); y una de ellas era <strong><a href=\"https:\/\/www.fcbarcelona.es\/es\/ficha\/2912236\/gaby-cairo\" target=\"_blank\" rel=\"noreferrer noopener\">Gaby Cairo<\/a><\/strong>, una de las leyendas del hockey patines azulgrana.   <\/p>\n\n\n\n<p>No pude dejar pasar la ocasi\u00f3n de decirle que ten\u00eda el mismo aspecto que cuando jugaba (aunque hace m\u00e1s de dos d\u00e9cadas que se retir\u00f3, se conserva muy bien). \u00c9l se ri\u00f3 y me contest\u00f3 que hab\u00eda diez kilos de diferencia entre entonces y ahora. Aunque soy totalmente partidario de introducir el voto online, de una vez por todas (me parece muy anacr\u00f3nico que solo se pueda mostrar tu opini\u00f3n, presencialmente, en pleno siglo XXI), estuve contento de haber vivido esta situaci\u00f3n inesperada&#8230;<\/p>\n\n\n\n<p><strong>\u00bfTe gusta votar absolutamente para todo? \u00bfO existen aspectos de tu vida en los que te da pereza?<\/strong><\/p>\n\n\n\n<p>Imagen de <a href=\"https:\/\/pixabay.com\/es\/users\/landrachuk-825250\/?utm_source=link-attribution&amp;utm_medium=referral&amp;utm_campaign=image&amp;utm_content=661888\">Leslie Andrachuk<\/a> en <a href=\"https:\/\/pixabay.com\/es\/\/?utm_source=link-attribution&amp;utm_medium=referral&amp;utm_campaign=image&amp;utm_content=661888\">Pixabay<\/a><\/p>\n\n\n\n<p><\/p>\n","protected":false},"excerpt":{"rendered":"<p>Cuando miras la estructura de la propiedad de los clubes de primera divisi\u00f3n del f\u00fatbol espa\u00f1ol, &hellip; <a title=\"\u00bfTe sientes especial?\" class=\"hm-read-more\" href=\"https:\/\/deportesycomunicacion.com\/?p=9501\"><span class=\"screen-reader-text\">\u00bfTe sientes especial?<\/span>Leer m\u00e1s<\/a><\/p>\n","protected":false},"author":2,"featured_media":9504,"comment_status":"closed","ping_status":"open","sticky":false,"template":"","format":"standard","meta":{"footnotes":""},"categories":[67,7],"tags":[2709,266,1056],"class_list":["post-9501","post","type-post","status-publish","format-standard","has-post-thumbnail","hentry","category-en-las-tricheras","category-futbol","tag-elecciones-2026","tag-fc-barcelona","tag-futbol"],"yoast_head":"<!-- This site is optimized with the Yoast SEO plugin v24.8.1 - https:\/\/yoast.com\/wordpress\/plugins\/seo\/ -->\n<title>\u00bfTe sientes especial?<\/title>\n<meta name=\"description\" content=\"Cuando miras la estructura de la propiedad de los clubes de primera divisi\u00f3n del f\u00fatbol espa\u00f1ol, adviertes que 16 de ellos (el 80%) son SAD (Sociedades\" \/>\n<meta name=\"robots\" content=\"index, follow, max-snippet:-1, max-image-preview:large, max-video-preview:-1\" \/>\n<link rel=\"canonical\" href=\"https:\/\/deportesycomunicacion.com\/?p=9501\" \/>\n<meta property=\"og:locale\" content=\"es_ES\" \/>\n<meta property=\"og:type\" content=\"article\" \/>\n<meta property=\"og:title\" content=\"\u00bfTe sientes especial?\" \/>\n<meta property=\"og:description\" content=\"Cuando miras la estructura de la propiedad de los clubes de primera divisi\u00f3n del f\u00fatbol espa\u00f1ol, adviertes que 16 de ellos (el 80%) son SAD (Sociedades\" \/>\n<meta property=\"og:url\" content=\"https:\/\/deportesycomunicacion.com\/?p=9501\" \/>\n<meta property=\"og:site_name\" content=\"Deportes y Comunicaci\u00f3n\" \/>\n<meta property=\"article:publisher\" content=\"https:\/\/www.facebook.com\/ivan.ferrercayuela\" \/>\n<meta property=\"article:published_time\" content=\"2026-03-17T12:31:01+00:00\" \/>\n<meta property=\"article:modified_time\" content=\"2026-03-17T12:36:30+00:00\" \/>\n<meta property=\"og:image\" content=\"http:\/\/deportesycomunicacion.com\/wp-content\/uploads\/2026\/03\/landrachuk-vote-661888-scaled.jpg\" \/>\n\t<meta property=\"og:image:width\" content=\"2560\" \/>\n\t<meta property=\"og:image:height\" content=\"1920\" \/>\n\t<meta property=\"og:image:type\" content=\"image\/jpeg\" \/>\n<meta name=\"author\" content=\"ivanferrer\" \/>\n<meta name=\"twitter:card\" content=\"summary_large_image\" \/>\n<meta name=\"twitter:creator\" content=\"@IFC1976\" \/>\n<meta name=\"twitter:site\" content=\"@IFC1976\" \/>\n<meta name=\"twitter:label1\" content=\"Escrito por\" \/>\n\t<meta name=\"twitter:data1\" content=\"ivanferrer\" \/>\n\t<meta name=\"twitter:label2\" content=\"Tiempo de lectura\" \/>\n\t<meta name=\"twitter:data2\" content=\"2 minutos\" \/>\n<script type=\"application\/ld+json\" class=\"yoast-schema-graph\">{\"@context\":\"https:\/\/schema.org\",\"@graph\":[{\"@type\":\"Article\",\"@id\":\"https:\/\/deportesycomunicacion.com\/?p=9501#article\",\"isPartOf\":{\"@id\":\"https:\/\/deportesycomunicacion.com\/?p=9501\"},\"author\":{\"name\":\"ivanferrer\",\"@id\":\"https:\/\/deportesycomunicacion.com\/#\/schema\/person\/5bd536572b924420557d2db2f98bdd16\"},\"headline\":\"\u00bfTe sientes especial?\",\"datePublished\":\"2026-03-17T12:31:01+00:00\",\"dateModified\":\"2026-03-17T12:36:30+00:00\",\"mainEntityOfPage\":{\"@id\":\"https:\/\/deportesycomunicacion.com\/?p=9501\"},\"wordCount\":346,\"publisher\":{\"@id\":\"https:\/\/deportesycomunicacion.com\/#organization\"},\"image\":{\"@id\":\"https:\/\/deportesycomunicacion.com\/?p=9501#primaryimage\"},\"thumbnailUrl\":\"https:\/\/deportesycomunicacion.com\/wp-content\/uploads\/2026\/03\/landrachuk-vote-661888-scaled.jpg\",\"keywords\":[\"ELECCIONES 2026\",\"FC BARCELONA\",\"FUTBOL\"],\"articleSection\":[\"EN LAS TRICHERAS\",\"FUTBOL\"],\"inLanguage\":\"es\"},{\"@type\":\"WebPage\",\"@id\":\"https:\/\/deportesycomunicacion.com\/?p=9501\",\"url\":\"https:\/\/deportesycomunicacion.com\/?p=9501\",\"name\":\"\u00bfTe sientes especial?\",\"isPartOf\":{\"@id\":\"https:\/\/deportesycomunicacion.com\/#website\"},\"primaryImageOfPage\":{\"@id\":\"https:\/\/deportesycomunicacion.com\/?p=9501#primaryimage\"},\"image\":{\"@id\":\"https:\/\/deportesycomunicacion.com\/?p=9501#primaryimage\"},\"thumbnailUrl\":\"https:\/\/deportesycomunicacion.com\/wp-content\/uploads\/2026\/03\/landrachuk-vote-661888-scaled.jpg\",\"datePublished\":\"2026-03-17T12:31:01+00:00\",\"dateModified\":\"2026-03-17T12:36:30+00:00\",\"description\":\"Cuando miras la estructura de la propiedad de los clubes de primera divisi\u00f3n del f\u00fatbol espa\u00f1ol, adviertes que 16 de ellos (el 80%) son SAD (Sociedades\",\"breadcrumb\":{\"@id\":\"https:\/\/deportesycomunicacion.com\/?p=9501#breadcrumb\"},\"inLanguage\":\"es\",\"potentialAction\":[{\"@type\":\"ReadAction\",\"target\":[\"https:\/\/deportesycomunicacion.com\/?p=9501\"]}]},{\"@type\":\"ImageObject\",\"inLanguage\":\"es\",\"@id\":\"https:\/\/deportesycomunicacion.com\/?p=9501#primaryimage\",\"url\":\"https:\/\/deportesycomunicacion.com\/wp-content\/uploads\/2026\/03\/landrachuk-vote-661888-scaled.jpg\",\"contentUrl\":\"https:\/\/deportesycomunicacion.com\/wp-content\/uploads\/2026\/03\/landrachuk-vote-661888-scaled.jpg\",\"width\":2560,\"height\":1920},{\"@type\":\"BreadcrumbList\",\"@id\":\"https:\/\/deportesycomunicacion.com\/?p=9501#breadcrumb\",\"itemListElement\":[{\"@type\":\"ListItem\",\"position\":1,\"name\":\"Portada\",\"item\":\"https:\/\/deportesycomunicacion.com\/\"},{\"@type\":\"ListItem\",\"position\":2,\"name\":\"\u00bfTe sientes especial?\"}]},{\"@type\":\"WebSite\",\"@id\":\"https:\/\/deportesycomunicacion.com\/#website\",\"url\":\"https:\/\/deportesycomunicacion.com\/\",\"name\":\"Deportes y Comunicaci\u00f3n\",\"description\":\"Powered by Ivan Ferrer\",\"publisher\":{\"@id\":\"https:\/\/deportesycomunicacion.com\/#organization\"},\"potentialAction\":[{\"@type\":\"SearchAction\",\"target\":{\"@type\":\"EntryPoint\",\"urlTemplate\":\"https:\/\/deportesycomunicacion.com\/?s={search_term_string}\"},\"query-input\":{\"@type\":\"PropertyValueSpecification\",\"valueRequired\":true,\"valueName\":\"search_term_string\"}}],\"inLanguage\":\"es\"},{\"@type\":\"Organization\",\"@id\":\"https:\/\/deportesycomunicacion.com\/#organization\",\"name\":\"Deportes y Comunicaci\u00f3n\",\"url\":\"https:\/\/deportesycomunicacion.com\/\",\"logo\":{\"@type\":\"ImageObject\",\"inLanguage\":\"es\",\"@id\":\"https:\/\/deportesycomunicacion.com\/#\/schema\/logo\/image\/\",\"url\":\"https:\/\/deportesycomunicacion.com\/wp-content\/uploads\/2013\/05\/cropped-Logo-Deportes-Comunicacion.jpg\",\"contentUrl\":\"https:\/\/deportesycomunicacion.com\/wp-content\/uploads\/2013\/05\/cropped-Logo-Deportes-Comunicacion.jpg\",\"width\":300,\"height\":65,\"caption\":\"Deportes y Comunicaci\u00f3n\"},\"image\":{\"@id\":\"https:\/\/deportesycomunicacion.com\/#\/schema\/logo\/image\/\"},\"sameAs\":[\"https:\/\/www.facebook.com\/ivan.ferrercayuela\",\"https:\/\/x.com\/IFC1976\"]},{\"@type\":\"Person\",\"@id\":\"https:\/\/deportesycomunicacion.com\/#\/schema\/person\/5bd536572b924420557d2db2f98bdd16\",\"name\":\"ivanferrer\",\"url\":\"https:\/\/deportesycomunicacion.com\/?author=2\"}]}<\/script>\n<!-- \/ Yoast SEO plugin. -->","yoast_head_json":{"title":"\u00bfTe sientes especial?","description":"Cuando miras la estructura de la propiedad de los clubes de primera divisi\u00f3n del f\u00fatbol espa\u00f1ol, adviertes que 16 de ellos (el 80%) son SAD (Sociedades","robots":{"index":"index","follow":"follow","max-snippet":"max-snippet:-1","max-image-preview":"max-image-preview:large","max-video-preview":"max-video-preview:-1"},"canonical":"https:\/\/deportesycomunicacion.com\/?p=9501","og_locale":"es_ES","og_type":"article","og_title":"\u00bfTe sientes especial?","og_description":"Cuando miras la estructura de la propiedad de los clubes de primera divisi\u00f3n del f\u00fatbol espa\u00f1ol, adviertes que 16 de ellos (el 80%) son SAD (Sociedades","og_url":"https:\/\/deportesycomunicacion.com\/?p=9501","og_site_name":"Deportes y Comunicaci\u00f3n","article_publisher":"https:\/\/www.facebook.com\/ivan.ferrercayuela","article_published_time":"2026-03-17T12:31:01+00:00","article_modified_time":"2026-03-17T12:36:30+00:00","og_image":[{"width":2560,"height":1920,"url":"http:\/\/deportesycomunicacion.com\/wp-content\/uploads\/2026\/03\/landrachuk-vote-661888-scaled.jpg","type":"image\/jpeg"}],"author":"ivanferrer","twitter_card":"summary_large_image","twitter_creator":"@IFC1976","twitter_site":"@IFC1976","twitter_misc":{"Escrito por":"ivanferrer","Tiempo de lectura":"2 minutos"},"schema":{"@context":"https:\/\/schema.org","@graph":[{"@type":"Article","@id":"https:\/\/deportesycomunicacion.com\/?p=9501#article","isPartOf":{"@id":"https:\/\/deportesycomunicacion.com\/?p=9501"},"author":{"name":"ivanferrer","@id":"https:\/\/deportesycomunicacion.com\/#\/schema\/person\/5bd536572b924420557d2db2f98bdd16"},"headline":"\u00bfTe sientes especial?","datePublished":"2026-03-17T12:31:01+00:00","dateModified":"2026-03-17T12:36:30+00:00","mainEntityOfPage":{"@id":"https:\/\/deportesycomunicacion.com\/?p=9501"},"wordCount":346,"publisher":{"@id":"https:\/\/deportesycomunicacion.com\/#organization"},"image":{"@id":"https:\/\/deportesycomunicacion.com\/?p=9501#primaryimage"},"thumbnailUrl":"https:\/\/deportesycomunicacion.com\/wp-content\/uploads\/2026\/03\/landrachuk-vote-661888-scaled.jpg","keywords":["ELECCIONES 2026","FC BARCELONA","FUTBOL"],"articleSection":["EN LAS TRICHERAS","FUTBOL"],"inLanguage":"es"},{"@type":"WebPage","@id":"https:\/\/deportesycomunicacion.com\/?p=9501","url":"https:\/\/deportesycomunicacion.com\/?p=9501","name":"\u00bfTe sientes especial?","isPartOf":{"@id":"https:\/\/deportesycomunicacion.com\/#website"},"primaryImageOfPage":{"@id":"https:\/\/deportesycomunicacion.com\/?p=9501#primaryimage"},"image":{"@id":"https:\/\/deportesycomunicacion.com\/?p=9501#primaryimage"},"thumbnailUrl":"https:\/\/deportesycomunicacion.com\/wp-content\/uploads\/2026\/03\/landrachuk-vote-661888-scaled.jpg","datePublished":"2026-03-17T12:31:01+00:00","dateModified":"2026-03-17T12:36:30+00:00","description":"Cuando miras la estructura de la propiedad de los clubes de primera divisi\u00f3n del f\u00fatbol espa\u00f1ol, adviertes que 16 de ellos (el 80%) son SAD (Sociedades","breadcrumb":{"@id":"https:\/\/deportesycomunicacion.com\/?p=9501#breadcrumb"},"inLanguage":"es","potentialAction":[{"@type":"ReadAction","target":["https:\/\/deportesycomunicacion.com\/?p=9501"]}]},{"@type":"ImageObject","inLanguage":"es","@id":"https:\/\/deportesycomunicacion.com\/?p=9501#primaryimage","url":"https:\/\/deportesycomunicacion.com\/wp-content\/uploads\/2026\/03\/landrachuk-vote-661888-scaled.jpg","contentUrl":"https:\/\/deportesycomunicacion.com\/wp-content\/uploads\/2026\/03\/landrachuk-vote-661888-scaled.jpg","width":2560,"height":1920},{"@type":"BreadcrumbList","@id":"https:\/\/deportesycomunicacion.com\/?p=9501#breadcrumb","itemListElement":[{"@type":"ListItem","position":1,"name":"Portada","item":"https:\/\/deportesycomunicacion.com\/"},{"@type":"ListItem","position":2,"name":"\u00bfTe sientes especial?"}]},{"@type":"WebSite","@id":"https:\/\/deportesycomunicacion.com\/#website","url":"https:\/\/deportesycomunicacion.com\/","name":"Deportes y Comunicaci\u00f3n","description":"Powered by Ivan Ferrer","publisher":{"@id":"https:\/\/deportesycomunicacion.com\/#organization"},"potentialAction":[{"@type":"SearchAction","target":{"@type":"EntryPoint","urlTemplate":"https:\/\/deportesycomunicacion.com\/?s={search_term_string}"},"query-input":{"@type":"PropertyValueSpecification","valueRequired":true,"valueName":"search_term_string"}}],"inLanguage":"es"},{"@type":"Organization","@id":"https:\/\/deportesycomunicacion.com\/#organization","name":"Deportes y Comunicaci\u00f3n","url":"https:\/\/deportesycomunicacion.com\/","logo":{"@type":"ImageObject","inLanguage":"es","@id":"https:\/\/deportesycomunicacion.com\/#\/schema\/logo\/image\/","url":"https:\/\/deportesycomunicacion.com\/wp-content\/uploads\/2013\/05\/cropped-Logo-Deportes-Comunicacion.jpg","contentUrl":"https:\/\/deportesycomunicacion.com\/wp-content\/uploads\/2013\/05\/cropped-Logo-Deportes-Comunicacion.jpg","width":300,"height":65,"caption":"Deportes y Comunicaci\u00f3n"},"image":{"@id":"https:\/\/deportesycomunicacion.com\/#\/schema\/logo\/image\/"},"sameAs":["https:\/\/www.facebook.com\/ivan.ferrercayuela","https:\/\/x.com\/IFC1976"]},{"@type":"Person","@id":"https:\/\/deportesycomunicacion.com\/#\/schema\/person\/5bd536572b924420557d2db2f98bdd16","name":"ivanferrer","url":"https:\/\/deportesycomunicacion.com\/?author=2"}]}},"_links":{"self":[{"href":"https:\/\/deportesycomunicacion.com\/index.php?rest_route=\/wp\/v2\/posts\/9501","targetHints":{"allow":["GET"]}}],"collection":[{"href":"https:\/\/deportesycomunicacion.com\/index.php?rest_route=\/wp\/v2\/posts"}],"about":[{"href":"https:\/\/deportesycomunicacion.com\/index.php?rest_route=\/wp\/v2\/types\/post"}],"author":[{"embeddable":true,"href":"https:\/\/deportesycomunicacion.com\/index.php?rest_route=\/wp\/v2\/users\/2"}],"replies":[{"embeddable":true,"href":"https:\/\/deportesycomunicacion.com\/index.php?rest_route=%2Fwp%2Fv2%2Fcomments&post=9501"}],"version-history":[{"count":8,"href":"https:\/\/deportesycomunicacion.com\/index.php?rest_route=\/wp\/v2\/posts\/9501\/revisions"}],"predecessor-version":[{"id":9511,"href":"https:\/\/deportesycomunicacion.com\/index.php?rest_route=\/wp\/v2\/posts\/9501\/revisions\/9511"}],"wp:featuredmedia":[{"embeddable":true,"href":"https:\/\/deportesycomunicacion.com\/index.php?rest_route=\/wp\/v2\/media\/9504"}],"wp:attachment":[{"href":"https:\/\/deportesycomunicacion.com\/index.php?rest_route=%2Fwp%2Fv2%2Fmedia&parent=9501"}],"wp:term":[{"taxonomy":"category","embeddable":true,"href":"https:\/\/deportesycomunicacion.com\/index.php?rest_route=%2Fwp%2Fv2%2Fcategories&post=9501"},{"taxonomy":"post_tag","embeddable":true,"href":"https:\/\/deportesycomunicacion.com\/index.php?rest_route=%2Fwp%2Fv2%2Ftags&post=9501"}],"curies":[{"name":"wp","href":"https:\/\/api.w.org\/{rel}","templated":true}]}}