{"id":9512,"date":"2026-03-17T16:22:30","date_gmt":"2026-03-17T15:22:30","guid":{"rendered":"https:\/\/deportesycomunicacion.com\/?p=9512"},"modified":"2026-03-17T16:22:31","modified_gmt":"2026-03-17T15:22:31","slug":"hacia-tiempo-que-no-veias-algo-igual","status":"publish","type":"post","link":"https:\/\/deportesycomunicacion.com\/?p=9512","title":{"rendered":"\u00bfHac\u00eda tiempo que no ve\u00edas algo igual?"},"content":{"rendered":"\n<p>Este <a href=\"https:\/\/www.sixnationsrugby.com\/en\/m6n\" target=\"_blank\" rel=\"noreferrer noopener\"><strong>Seis Naciones<\/strong><\/a> me ha enganchado a un nivel que nunca antes hab\u00eda experimentado. Es, definitivamente, el que m\u00e1s he seguido en los \u00faltimos a\u00f1os (incluso se ha acabado enganchando mi hijo Oriol) y con el que he vibrado de forma m\u00e1s intensa. Ha sido el torneo m\u00e1s loco e imprevisible, en el que cualquier equipo pod\u00eda dar la campanada. Daba igual su situaci\u00f3n en la tabla clasificatoria, cualquiera pod\u00eda ganar y ser vencido en cada contienda. Se lleg\u00f3 a la \u00faltima jornada con tres escuadras aspirantes al t\u00edtulo: Francia, Irlanda y Escocia. La \u00fanica selecci\u00f3n que depend\u00eda de s\u00ed misma era el XV del gallo, con permiso de Inglaterra (a la que se enfrentaba en el inigualable <strong><a href=\"https:\/\/en.wikipedia.org\/wiki\/History_of_rugby_union_matches_between_England_and_France#:~:text=Le%20Crunch%20(English%3A%20The%20Crunch,fixture%20between%20France%20and%20England.\" target=\"_blank\" rel=\"noreferrer noopener\">\u00abLe Crunch\u00bb<\/a><\/strong>). <\/p>\n\n\n\n<p>Tras acabar con las pocas esperanzas que ten\u00eda de que Escocia volviera a ser campeona (su \u00faltima victoria se remonta al siglo pasado, en <strong><a href=\"https:\/\/es.wikipedia.org\/wiki\/Torneo_de_las_Cinco_Naciones_1999\" target=\"_blank\" rel=\"noreferrer noopener\">1999<\/a><\/strong>, cuando a\u00fan era el Cinco Naciones, sin Italia), todo se acabar\u00eda decidiendo en el Stade de France. Los 80.000 espectadores vieron algo inaudito: dos equipos que jugaron desde el primer minuto sin concesiones, arriesgando al m\u00e1ximo y dej\u00e1ndose el alma en el campo para conseguir imponerse a su oponente. <\/p>\n\n\n\n<p>Tras una <strong><a href=\"https:\/\/www.youtube.com\/watch?v=yAxjLqmF1Fg\" target=\"_blank\" rel=\"noreferrer noopener\">batalla \u00e9pica de 80 minutos<\/a><\/strong>, todo se decidi\u00f3 con un <strong><a href=\"https:\/\/www.youtube.com\/shorts\/S54HnoN8FjY\" target=\"_blank\" rel=\"noreferrer noopener\">chute a palos de Thomas Ramos<\/a><\/strong>, con el tiempo cumplido, para poner en el electr\u00f3nico el definitivo 48 -46 a favor de los galos. Uno de los locutores de Movistar + (nada que ver con los paletos que narran los partidos de f\u00fatbol) coment\u00f3 que en los m\u00e1s de 20 a\u00f1os que llevaba narrando el <strong>Seis Naciones<\/strong>, ese fue el mejor <strong>Francia-Inglaterra<\/strong> que hab\u00eda visto nunca&#8230; Da igual si no eres un especialista en el mundo del <strong>rugby<\/strong>; si te gusta el deporte recup\u00e9ralo, no te arrepentir\u00e1s&#8230;<\/p>\n\n\n\n<p><strong>\u00bfSabes apreciar un buen partido?<\/strong><\/p>\n\n\n\n<p>Imagen de <a href=\"https:\/\/pixabay.com\/es\/users\/friededia-14700988\/?utm_source=link-attribution&amp;utm_medium=referral&amp;utm_campaign=image&amp;utm_content=9368591\">FriedeDia<\/a> en <a href=\"https:\/\/pixabay.com\/es\/\/?utm_source=link-attribution&amp;utm_medium=referral&amp;utm_campaign=image&amp;utm_content=9368591\">Pixabay<\/a><\/p>\n","protected":false},"excerpt":{"rendered":"<p>Este Seis Naciones me ha enganchado a un nivel que nunca antes hab\u00eda experimentado. Es, definitivamente, &hellip; <a title=\"\u00bfHac\u00eda tiempo que no ve\u00edas algo igual?\" class=\"hm-read-more\" href=\"https:\/\/deportesycomunicacion.com\/?p=9512\"><span class=\"screen-reader-text\">\u00bfHac\u00eda tiempo que no ve\u00edas algo igual?<\/span>Leer m\u00e1s<\/a><\/p>\n","protected":false},"author":2,"featured_media":9517,"comment_status":"closed","ping_status":"open","sticky":false,"template":"","format":"standard","meta":{"footnotes":""},"categories":[328],"tags":[2710,2711,2712,1077,726],"class_list":["post-9512","post","type-post","status-publish","format-standard","has-post-thumbnail","hentry","category-rugby","tag-2710","tag-francia-inglaterra","tag-partido-epico","tag-rugby","tag-seis-naciones"],"yoast_head":"<!-- This site is optimized with the Yoast SEO plugin v24.8.1 - https:\/\/yoast.com\/wordpress\/plugins\/seo\/ -->\n<title>\u00bfHac\u00eda tiempo que no ve\u00edas algo igual?<\/title>\n<meta name=\"description\" content=\"Este Seis Naciones me ha enganchado a un nivel que nunca antes hab\u00eda experimentado. Es, definitivamente, el que m\u00e1s he seguido en los \u00faltimos a\u00f1os\" \/>\n<meta name=\"robots\" content=\"index, follow, max-snippet:-1, max-image-preview:large, max-video-preview:-1\" \/>\n<link rel=\"canonical\" href=\"https:\/\/deportesycomunicacion.com\/?p=9512\" \/>\n<meta property=\"og:locale\" content=\"es_ES\" \/>\n<meta property=\"og:type\" content=\"article\" \/>\n<meta property=\"og:title\" content=\"\u00bfHac\u00eda tiempo que no ve\u00edas algo igual?\" \/>\n<meta property=\"og:description\" content=\"Este Seis Naciones me ha enganchado a un nivel que nunca antes hab\u00eda experimentado. Es, definitivamente, el que m\u00e1s he seguido en los \u00faltimos a\u00f1os\" \/>\n<meta property=\"og:url\" content=\"https:\/\/deportesycomunicacion.com\/?p=9512\" \/>\n<meta property=\"og:site_name\" content=\"Deportes y Comunicaci\u00f3n\" \/>\n<meta property=\"article:publisher\" content=\"https:\/\/www.facebook.com\/ivan.ferrercayuela\" \/>\n<meta property=\"article:published_time\" content=\"2026-03-17T15:22:30+00:00\" \/>\n<meta property=\"article:modified_time\" content=\"2026-03-17T15:22:31+00:00\" \/>\n<meta property=\"og:image\" content=\"http:\/\/deportesycomunicacion.com\/wp-content\/uploads\/2026\/03\/friededia-dragon-9368591-scaled.jpg\" \/>\n\t<meta property=\"og:image:width\" content=\"2560\" \/>\n\t<meta property=\"og:image:height\" content=\"1920\" \/>\n\t<meta property=\"og:image:type\" content=\"image\/jpeg\" \/>\n<meta name=\"author\" content=\"ivanferrer\" \/>\n<meta name=\"twitter:card\" content=\"summary_large_image\" \/>\n<meta name=\"twitter:creator\" content=\"@IFC1976\" \/>\n<meta name=\"twitter:site\" content=\"@IFC1976\" \/>\n<meta name=\"twitter:label1\" content=\"Escrito por\" \/>\n\t<meta name=\"twitter:data1\" content=\"ivanferrer\" \/>\n\t<meta name=\"twitter:label2\" content=\"Tiempo de lectura\" \/>\n\t<meta name=\"twitter:data2\" content=\"2 minutos\" \/>\n<script type=\"application\/ld+json\" class=\"yoast-schema-graph\">{\"@context\":\"https:\/\/schema.org\",\"@graph\":[{\"@type\":\"Article\",\"@id\":\"https:\/\/deportesycomunicacion.com\/?p=9512#article\",\"isPartOf\":{\"@id\":\"https:\/\/deportesycomunicacion.com\/?p=9512\"},\"author\":{\"name\":\"ivanferrer\",\"@id\":\"https:\/\/deportesycomunicacion.com\/#\/schema\/person\/5bd536572b924420557d2db2f98bdd16\"},\"headline\":\"\u00bfHac\u00eda tiempo que no ve\u00edas algo igual?\",\"datePublished\":\"2026-03-17T15:22:30+00:00\",\"dateModified\":\"2026-03-17T15:22:31+00:00\",\"mainEntityOfPage\":{\"@id\":\"https:\/\/deportesycomunicacion.com\/?p=9512\"},\"wordCount\":329,\"publisher\":{\"@id\":\"https:\/\/deportesycomunicacion.com\/#organization\"},\"image\":{\"@id\":\"https:\/\/deportesycomunicacion.com\/?p=9512#primaryimage\"},\"thumbnailUrl\":\"https:\/\/deportesycomunicacion.com\/wp-content\/uploads\/2026\/03\/friededia-dragon-9368591-scaled.jpg\",\"keywords\":[\"2026\",\"FRANCIA - INGLATERRA\",\"PARTIDO \u00c9PICO\",\"RUGBY\",\"SEIS NACIONES\"],\"articleSection\":[\"RUGBY\"],\"inLanguage\":\"es\"},{\"@type\":\"WebPage\",\"@id\":\"https:\/\/deportesycomunicacion.com\/?p=9512\",\"url\":\"https:\/\/deportesycomunicacion.com\/?p=9512\",\"name\":\"\u00bfHac\u00eda tiempo que no ve\u00edas algo igual?\",\"isPartOf\":{\"@id\":\"https:\/\/deportesycomunicacion.com\/#website\"},\"primaryImageOfPage\":{\"@id\":\"https:\/\/deportesycomunicacion.com\/?p=9512#primaryimage\"},\"image\":{\"@id\":\"https:\/\/deportesycomunicacion.com\/?p=9512#primaryimage\"},\"thumbnailUrl\":\"https:\/\/deportesycomunicacion.com\/wp-content\/uploads\/2026\/03\/friededia-dragon-9368591-scaled.jpg\",\"datePublished\":\"2026-03-17T15:22:30+00:00\",\"dateModified\":\"2026-03-17T15:22:31+00:00\",\"description\":\"Este Seis Naciones me ha enganchado a un nivel que nunca antes hab\u00eda experimentado. Es, definitivamente, el que m\u00e1s he seguido en los \u00faltimos a\u00f1os\",\"breadcrumb\":{\"@id\":\"https:\/\/deportesycomunicacion.com\/?p=9512#breadcrumb\"},\"inLanguage\":\"es\",\"potentialAction\":[{\"@type\":\"ReadAction\",\"target\":[\"https:\/\/deportesycomunicacion.com\/?p=9512\"]}]},{\"@type\":\"ImageObject\",\"inLanguage\":\"es\",\"@id\":\"https:\/\/deportesycomunicacion.com\/?p=9512#primaryimage\",\"url\":\"https:\/\/deportesycomunicacion.com\/wp-content\/uploads\/2026\/03\/friededia-dragon-9368591-scaled.jpg\",\"contentUrl\":\"https:\/\/deportesycomunicacion.com\/wp-content\/uploads\/2026\/03\/friededia-dragon-9368591-scaled.jpg\",\"width\":2560,\"height\":1920},{\"@type\":\"BreadcrumbList\",\"@id\":\"https:\/\/deportesycomunicacion.com\/?p=9512#breadcrumb\",\"itemListElement\":[{\"@type\":\"ListItem\",\"position\":1,\"name\":\"Portada\",\"item\":\"https:\/\/deportesycomunicacion.com\/\"},{\"@type\":\"ListItem\",\"position\":2,\"name\":\"\u00bfHac\u00eda tiempo que no ve\u00edas algo igual?\"}]},{\"@type\":\"WebSite\",\"@id\":\"https:\/\/deportesycomunicacion.com\/#website\",\"url\":\"https:\/\/deportesycomunicacion.com\/\",\"name\":\"Deportes y Comunicaci\u00f3n\",\"description\":\"Powered by Ivan Ferrer\",\"publisher\":{\"@id\":\"https:\/\/deportesycomunicacion.com\/#organization\"},\"potentialAction\":[{\"@type\":\"SearchAction\",\"target\":{\"@type\":\"EntryPoint\",\"urlTemplate\":\"https:\/\/deportesycomunicacion.com\/?s={search_term_string}\"},\"query-input\":{\"@type\":\"PropertyValueSpecification\",\"valueRequired\":true,\"valueName\":\"search_term_string\"}}],\"inLanguage\":\"es\"},{\"@type\":\"Organization\",\"@id\":\"https:\/\/deportesycomunicacion.com\/#organization\",\"name\":\"Deportes y Comunicaci\u00f3n\",\"url\":\"https:\/\/deportesycomunicacion.com\/\",\"logo\":{\"@type\":\"ImageObject\",\"inLanguage\":\"es\",\"@id\":\"https:\/\/deportesycomunicacion.com\/#\/schema\/logo\/image\/\",\"url\":\"https:\/\/deportesycomunicacion.com\/wp-content\/uploads\/2013\/05\/cropped-Logo-Deportes-Comunicacion.jpg\",\"contentUrl\":\"https:\/\/deportesycomunicacion.com\/wp-content\/uploads\/2013\/05\/cropped-Logo-Deportes-Comunicacion.jpg\",\"width\":300,\"height\":65,\"caption\":\"Deportes y Comunicaci\u00f3n\"},\"image\":{\"@id\":\"https:\/\/deportesycomunicacion.com\/#\/schema\/logo\/image\/\"},\"sameAs\":[\"https:\/\/www.facebook.com\/ivan.ferrercayuela\",\"https:\/\/x.com\/IFC1976\"]},{\"@type\":\"Person\",\"@id\":\"https:\/\/deportesycomunicacion.com\/#\/schema\/person\/5bd536572b924420557d2db2f98bdd16\",\"name\":\"ivanferrer\",\"url\":\"https:\/\/deportesycomunicacion.com\/?author=2\"}]}<\/script>\n<!-- \/ Yoast SEO plugin. -->","yoast_head_json":{"title":"\u00bfHac\u00eda tiempo que no ve\u00edas algo igual?","description":"Este Seis Naciones me ha enganchado a un nivel que nunca antes hab\u00eda experimentado. Es, definitivamente, el que m\u00e1s he seguido en los \u00faltimos a\u00f1os","robots":{"index":"index","follow":"follow","max-snippet":"max-snippet:-1","max-image-preview":"max-image-preview:large","max-video-preview":"max-video-preview:-1"},"canonical":"https:\/\/deportesycomunicacion.com\/?p=9512","og_locale":"es_ES","og_type":"article","og_title":"\u00bfHac\u00eda tiempo que no ve\u00edas algo igual?","og_description":"Este Seis Naciones me ha enganchado a un nivel que nunca antes hab\u00eda experimentado. Es, definitivamente, el que m\u00e1s he seguido en los \u00faltimos a\u00f1os","og_url":"https:\/\/deportesycomunicacion.com\/?p=9512","og_site_name":"Deportes y Comunicaci\u00f3n","article_publisher":"https:\/\/www.facebook.com\/ivan.ferrercayuela","article_published_time":"2026-03-17T15:22:30+00:00","article_modified_time":"2026-03-17T15:22:31+00:00","og_image":[{"width":2560,"height":1920,"url":"http:\/\/deportesycomunicacion.com\/wp-content\/uploads\/2026\/03\/friededia-dragon-9368591-scaled.jpg","type":"image\/jpeg"}],"author":"ivanferrer","twitter_card":"summary_large_image","twitter_creator":"@IFC1976","twitter_site":"@IFC1976","twitter_misc":{"Escrito por":"ivanferrer","Tiempo de lectura":"2 minutos"},"schema":{"@context":"https:\/\/schema.org","@graph":[{"@type":"Article","@id":"https:\/\/deportesycomunicacion.com\/?p=9512#article","isPartOf":{"@id":"https:\/\/deportesycomunicacion.com\/?p=9512"},"author":{"name":"ivanferrer","@id":"https:\/\/deportesycomunicacion.com\/#\/schema\/person\/5bd536572b924420557d2db2f98bdd16"},"headline":"\u00bfHac\u00eda tiempo que no ve\u00edas algo igual?","datePublished":"2026-03-17T15:22:30+00:00","dateModified":"2026-03-17T15:22:31+00:00","mainEntityOfPage":{"@id":"https:\/\/deportesycomunicacion.com\/?p=9512"},"wordCount":329,"publisher":{"@id":"https:\/\/deportesycomunicacion.com\/#organization"},"image":{"@id":"https:\/\/deportesycomunicacion.com\/?p=9512#primaryimage"},"thumbnailUrl":"https:\/\/deportesycomunicacion.com\/wp-content\/uploads\/2026\/03\/friededia-dragon-9368591-scaled.jpg","keywords":["2026","FRANCIA - INGLATERRA","PARTIDO \u00c9PICO","RUGBY","SEIS NACIONES"],"articleSection":["RUGBY"],"inLanguage":"es"},{"@type":"WebPage","@id":"https:\/\/deportesycomunicacion.com\/?p=9512","url":"https:\/\/deportesycomunicacion.com\/?p=9512","name":"\u00bfHac\u00eda tiempo que no ve\u00edas algo igual?","isPartOf":{"@id":"https:\/\/deportesycomunicacion.com\/#website"},"primaryImageOfPage":{"@id":"https:\/\/deportesycomunicacion.com\/?p=9512#primaryimage"},"image":{"@id":"https:\/\/deportesycomunicacion.com\/?p=9512#primaryimage"},"thumbnailUrl":"https:\/\/deportesycomunicacion.com\/wp-content\/uploads\/2026\/03\/friededia-dragon-9368591-scaled.jpg","datePublished":"2026-03-17T15:22:30+00:00","dateModified":"2026-03-17T15:22:31+00:00","description":"Este Seis Naciones me ha enganchado a un nivel que nunca antes hab\u00eda experimentado. Es, definitivamente, el que m\u00e1s he seguido en los \u00faltimos a\u00f1os","breadcrumb":{"@id":"https:\/\/deportesycomunicacion.com\/?p=9512#breadcrumb"},"inLanguage":"es","potentialAction":[{"@type":"ReadAction","target":["https:\/\/deportesycomunicacion.com\/?p=9512"]}]},{"@type":"ImageObject","inLanguage":"es","@id":"https:\/\/deportesycomunicacion.com\/?p=9512#primaryimage","url":"https:\/\/deportesycomunicacion.com\/wp-content\/uploads\/2026\/03\/friededia-dragon-9368591-scaled.jpg","contentUrl":"https:\/\/deportesycomunicacion.com\/wp-content\/uploads\/2026\/03\/friededia-dragon-9368591-scaled.jpg","width":2560,"height":1920},{"@type":"BreadcrumbList","@id":"https:\/\/deportesycomunicacion.com\/?p=9512#breadcrumb","itemListElement":[{"@type":"ListItem","position":1,"name":"Portada","item":"https:\/\/deportesycomunicacion.com\/"},{"@type":"ListItem","position":2,"name":"\u00bfHac\u00eda tiempo que no ve\u00edas algo igual?"}]},{"@type":"WebSite","@id":"https:\/\/deportesycomunicacion.com\/#website","url":"https:\/\/deportesycomunicacion.com\/","name":"Deportes y Comunicaci\u00f3n","description":"Powered by Ivan Ferrer","publisher":{"@id":"https:\/\/deportesycomunicacion.com\/#organization"},"potentialAction":[{"@type":"SearchAction","target":{"@type":"EntryPoint","urlTemplate":"https:\/\/deportesycomunicacion.com\/?s={search_term_string}"},"query-input":{"@type":"PropertyValueSpecification","valueRequired":true,"valueName":"search_term_string"}}],"inLanguage":"es"},{"@type":"Organization","@id":"https:\/\/deportesycomunicacion.com\/#organization","name":"Deportes y Comunicaci\u00f3n","url":"https:\/\/deportesycomunicacion.com\/","logo":{"@type":"ImageObject","inLanguage":"es","@id":"https:\/\/deportesycomunicacion.com\/#\/schema\/logo\/image\/","url":"https:\/\/deportesycomunicacion.com\/wp-content\/uploads\/2013\/05\/cropped-Logo-Deportes-Comunicacion.jpg","contentUrl":"https:\/\/deportesycomunicacion.com\/wp-content\/uploads\/2013\/05\/cropped-Logo-Deportes-Comunicacion.jpg","width":300,"height":65,"caption":"Deportes y Comunicaci\u00f3n"},"image":{"@id":"https:\/\/deportesycomunicacion.com\/#\/schema\/logo\/image\/"},"sameAs":["https:\/\/www.facebook.com\/ivan.ferrercayuela","https:\/\/x.com\/IFC1976"]},{"@type":"Person","@id":"https:\/\/deportesycomunicacion.com\/#\/schema\/person\/5bd536572b924420557d2db2f98bdd16","name":"ivanferrer","url":"https:\/\/deportesycomunicacion.com\/?author=2"}]}},"_links":{"self":[{"href":"https:\/\/deportesycomunicacion.com\/index.php?rest_route=\/wp\/v2\/posts\/9512","targetHints":{"allow":["GET"]}}],"collection":[{"href":"https:\/\/deportesycomunicacion.com\/index.php?rest_route=\/wp\/v2\/posts"}],"about":[{"href":"https:\/\/deportesycomunicacion.com\/index.php?rest_route=\/wp\/v2\/types\/post"}],"author":[{"embeddable":true,"href":"https:\/\/deportesycomunicacion.com\/index.php?rest_route=\/wp\/v2\/users\/2"}],"replies":[{"embeddable":true,"href":"https:\/\/deportesycomunicacion.com\/index.php?rest_route=%2Fwp%2Fv2%2Fcomments&post=9512"}],"version-history":[{"count":4,"href":"https:\/\/deportesycomunicacion.com\/index.php?rest_route=\/wp\/v2\/posts\/9512\/revisions"}],"predecessor-version":[{"id":9516,"href":"https:\/\/deportesycomunicacion.com\/index.php?rest_route=\/wp\/v2\/posts\/9512\/revisions\/9516"}],"wp:featuredmedia":[{"embeddable":true,"href":"https:\/\/deportesycomunicacion.com\/index.php?rest_route=\/wp\/v2\/media\/9517"}],"wp:attachment":[{"href":"https:\/\/deportesycomunicacion.com\/index.php?rest_route=%2Fwp%2Fv2%2Fmedia&parent=9512"}],"wp:term":[{"taxonomy":"category","embeddable":true,"href":"https:\/\/deportesycomunicacion.com\/index.php?rest_route=%2Fwp%2Fv2%2Fcategories&post=9512"},{"taxonomy":"post_tag","embeddable":true,"href":"https:\/\/deportesycomunicacion.com\/index.php?rest_route=%2Fwp%2Fv2%2Ftags&post=9512"}],"curies":[{"name":"wp","href":"https:\/\/api.w.org\/{rel}","templated":true}]}}