{"id":9518,"date":"2026-03-17T18:45:17","date_gmt":"2026-03-17T17:45:17","guid":{"rendered":"https:\/\/deportesycomunicacion.com\/?p=9518"},"modified":"2026-03-17T18:45:17","modified_gmt":"2026-03-17T17:45:17","slug":"falta-de-calidad","status":"publish","type":"post","link":"https:\/\/deportesycomunicacion.com\/?p=9518","title":{"rendered":"\u00bfFalta de calidad?"},"content":{"rendered":"\n<p>Este fin de semana ha sido muy intenso a nivel deportivo (dos partidos de Oriol de hockey en l\u00ednea el s\u00e1bado por la ma\u00f1ana, la jornada final del <strong><a href=\"https:\/\/deportesycomunicacion.com\/?p=9512\" target=\"_blank\" rel=\"noreferrer noopener\">Seis Naciones<\/a><\/strong> de rugby por la tarde y las <strong><a href=\"https:\/\/deportesycomunicacion.com\/?p=9501\" target=\"_blank\" rel=\"noreferrer noopener\">elecciones a la presidencia del FC Barcelona<\/a><\/strong> el domingo. Como no hab\u00eda suficientes acontecimientos, el ayuntamiento de Sant Joan Desp\u00ed nos regal\u00f3 cuatro entradas para ver al <strong>filial de Bar\u00e7a<\/strong> en el <strong><a href=\"https:\/\/www.fcbarcelona.es\/es\/club\/instalaciones\/johan-cruyff\" target=\"_blank\" rel=\"noreferrer noopener\">estadio Johan Cruyff<\/a><\/strong>.<\/p>\n\n\n\n<p>Aunque el d\u00eda no acompa\u00f1aba (cay\u00f3 un diluvio en los \u00faltimos minutos del partido; menos mal que el estadio tiene todas las grader\u00edas cubiertas), fuimos con los amigos del hockey -Llu\u00eds y Guillem- para ver a los cracks del futuro. Me divert\u00ed m\u00e1s con lo que vi fuera del campo (los tres peque\u00f1os situ\u00e1ndose detr\u00e1s de las porter\u00edas para pedir los guantes a los guardametas y ver si pescaban alg\u00fan bal\u00f3n perdido, tras un saque de falta, para llev\u00e1rselo a casa, aunque no se lo hubiera permitido, ja,ja,ja). <\/p>\n\n\n\n<p>Observar a un hijo de <strong><a href=\"https:\/\/es.wikipedia.org\/wiki\/Patrick_Kluivert\" target=\"_blank\" rel=\"noreferrer noopener\">Patrick Kluivert<\/a><\/strong> (a nivel de calidad, nada del otro jueves, en los diez. minutos que estuvo jugando) me hizo bastante gracia, teniendo en cuenta que vi a su padre en muchas ocasiones, en directo y por la tele. Tras un <strong><a href=\"https:\/\/www.fcbarcelona.es\/es\/futbol\/barca-b\/noticias\/4469055\/barca-atletic--girona-b-se-acaba-la-imbatibilidad-en-el-johan-0-1\" target=\"_blank\" rel=\"noreferrer noopener\">partido sopor\u00edfero<\/a><\/strong>, sin casi ocasiones (solo se activ\u00f3 en el tramo final, cuando el <strong>Bar\u00e7a Atl\u00e8tic<\/strong> se abalanz\u00f3 sobre el marco de Andreev para buscar el empate), qued\u00e9 desolado por lo que consider\u00e9 una falta alarmante de <strong>calidad<\/strong> azulgrana sobre el terreno de juego.<\/p>\n\n\n\n<p>Pero entonces algo me hizo \u00abclic\u00bb en el cerebro y entend\u00ed que no era tan descabellado, ya que en la actual <strong><a href=\"https:\/\/es.uefa.com\/uefachampionsleague\/clubs\/50080--barcelona\/squad\/\" target=\"_blank\" rel=\"noreferrer noopener\">plantilla del primer equipo del Barcelona<\/a><\/strong> hay hasta 10 jugadores que, por edad, podr\u00edan estar perfectamente jugando en el equipo de promesas: Balde (22), Cubars\u00ed (19), Casad\u00f3 (22), Mart\u00edn (24), Gavi (21), Pedri (23), Bernal (18), Lamine Yamal (18), Ferm\u00edn (22) y Bardghji (20). Viendo este panorama, le di la vuelta a la tortilla y pens\u00e9 que, con estos jugadores, el <strong>Bar\u00e7a Atl\u00e8tic<\/strong> se saldr\u00eda de la tabla en <strong><a href=\"https:\/\/www.sport.es\/resultados\/futbol\/segunda-rfef-grupo-3\/clasificacion-liga.html\" target=\"_blank\" rel=\"noreferrer noopener\">2\u00aa RFEF<\/a><\/strong>&#8230;<\/p>\n\n\n\n<p><strong>\u00bfPuedes mantener la calidad en todos los niveles? \u00bfO es imposible?<\/strong><\/p>\n\n\n\n<p>Imagen de <a href=\"https:\/\/pixabay.com\/es\/users\/thedigitalartist-202249\/?utm_source=link-attribution&amp;utm_medium=referral&amp;utm_campaign=image&amp;utm_content=5254458\">Pete Linforth<\/a> en <a href=\"https:\/\/pixabay.com\/es\/\/?utm_source=link-attribution&amp;utm_medium=referral&amp;utm_campaign=image&amp;utm_content=5254458\">Pixabay<\/a><\/p>\n","protected":false},"excerpt":{"rendered":"<p>Este fin de semana ha sido muy intenso a nivel deportivo (dos partidos de Oriol de &hellip; <a title=\"\u00bfFalta de calidad?\" class=\"hm-read-more\" href=\"https:\/\/deportesycomunicacion.com\/?p=9518\"><span class=\"screen-reader-text\">\u00bfFalta de calidad?<\/span>Leer m\u00e1s<\/a><\/p>\n","protected":false},"author":2,"featured_media":9526,"comment_status":"closed","ping_status":"open","sticky":false,"template":"","format":"standard","meta":{"footnotes":""},"categories":[7],"tags":[2715,2713,2714,1123,1056],"class_list":["post-9518","post","type-post","status-publish","format-standard","has-post-thumbnail","hentry","category-futbol","tag-2a-rfef","tag-barca-atletic-girona-b","tag-calidad","tag-filial","tag-futbol"],"yoast_head":"<!-- This site is optimized with the Yoast SEO plugin v24.8.1 - https:\/\/yoast.com\/wordpress\/plugins\/seo\/ -->\n<title>\u00bfFalta de calidad?<\/title>\n<meta name=\"description\" content=\"Este fin de semana ha sido muy intenso a nivel deportivo (dos partidos de Oriol de hockey en l\u00ednea el s\u00e1bado por la ma\u00f1ana, la jornada final del Seis\" \/>\n<meta name=\"robots\" content=\"index, follow, max-snippet:-1, max-image-preview:large, max-video-preview:-1\" \/>\n<link rel=\"canonical\" href=\"https:\/\/deportesycomunicacion.com\/?p=9518\" \/>\n<meta property=\"og:locale\" content=\"es_ES\" \/>\n<meta property=\"og:type\" content=\"article\" \/>\n<meta property=\"og:title\" content=\"\u00bfFalta de calidad?\" \/>\n<meta property=\"og:description\" content=\"Este fin de semana ha sido muy intenso a nivel deportivo (dos partidos de Oriol de hockey en l\u00ednea el s\u00e1bado por la ma\u00f1ana, la jornada final del Seis\" \/>\n<meta property=\"og:url\" content=\"https:\/\/deportesycomunicacion.com\/?p=9518\" \/>\n<meta property=\"og:site_name\" content=\"Deportes y Comunicaci\u00f3n\" \/>\n<meta property=\"article:publisher\" content=\"https:\/\/www.facebook.com\/ivan.ferrercayuela\" \/>\n<meta property=\"article:published_time\" content=\"2026-03-17T17:45:17+00:00\" \/>\n<meta property=\"og:image\" content=\"http:\/\/deportesycomunicacion.com\/wp-content\/uploads\/2026\/03\/thedigitalartist-quality-5254458-scaled.png\" \/>\n\t<meta property=\"og:image:width\" content=\"2560\" \/>\n\t<meta property=\"og:image:height\" content=\"2560\" \/>\n\t<meta property=\"og:image:type\" content=\"image\/png\" \/>\n<meta name=\"author\" content=\"ivanferrer\" \/>\n<meta name=\"twitter:card\" content=\"summary_large_image\" \/>\n<meta name=\"twitter:creator\" content=\"@IFC1976\" \/>\n<meta name=\"twitter:site\" content=\"@IFC1976\" \/>\n<meta name=\"twitter:label1\" content=\"Escrito por\" \/>\n\t<meta name=\"twitter:data1\" content=\"ivanferrer\" \/>\n\t<meta name=\"twitter:label2\" content=\"Tiempo de lectura\" \/>\n\t<meta name=\"twitter:data2\" content=\"2 minutos\" \/>\n<script type=\"application\/ld+json\" class=\"yoast-schema-graph\">{\"@context\":\"https:\/\/schema.org\",\"@graph\":[{\"@type\":\"Article\",\"@id\":\"https:\/\/deportesycomunicacion.com\/?p=9518#article\",\"isPartOf\":{\"@id\":\"https:\/\/deportesycomunicacion.com\/?p=9518\"},\"author\":{\"name\":\"ivanferrer\",\"@id\":\"https:\/\/deportesycomunicacion.com\/#\/schema\/person\/5bd536572b924420557d2db2f98bdd16\"},\"headline\":\"\u00bfFalta de calidad?\",\"datePublished\":\"2026-03-17T17:45:17+00:00\",\"mainEntityOfPage\":{\"@id\":\"https:\/\/deportesycomunicacion.com\/?p=9518\"},\"wordCount\":377,\"publisher\":{\"@id\":\"https:\/\/deportesycomunicacion.com\/#organization\"},\"image\":{\"@id\":\"https:\/\/deportesycomunicacion.com\/?p=9518#primaryimage\"},\"thumbnailUrl\":\"https:\/\/deportesycomunicacion.com\/wp-content\/uploads\/2026\/03\/thedigitalartist-quality-5254458-scaled.png\",\"keywords\":[\"2\u00aa RFEF\",\"BAR\u00c7A ATLETIC - GIRONA B\",\"CALIDAD\",\"FILIAL\",\"FUTBOL\"],\"articleSection\":[\"FUTBOL\"],\"inLanguage\":\"es\"},{\"@type\":\"WebPage\",\"@id\":\"https:\/\/deportesycomunicacion.com\/?p=9518\",\"url\":\"https:\/\/deportesycomunicacion.com\/?p=9518\",\"name\":\"\u00bfFalta de calidad?\",\"isPartOf\":{\"@id\":\"https:\/\/deportesycomunicacion.com\/#website\"},\"primaryImageOfPage\":{\"@id\":\"https:\/\/deportesycomunicacion.com\/?p=9518#primaryimage\"},\"image\":{\"@id\":\"https:\/\/deportesycomunicacion.com\/?p=9518#primaryimage\"},\"thumbnailUrl\":\"https:\/\/deportesycomunicacion.com\/wp-content\/uploads\/2026\/03\/thedigitalartist-quality-5254458-scaled.png\",\"datePublished\":\"2026-03-17T17:45:17+00:00\",\"description\":\"Este fin de semana ha sido muy intenso a nivel deportivo (dos partidos de Oriol de hockey en l\u00ednea el s\u00e1bado por la ma\u00f1ana, la jornada final del Seis\",\"breadcrumb\":{\"@id\":\"https:\/\/deportesycomunicacion.com\/?p=9518#breadcrumb\"},\"inLanguage\":\"es\",\"potentialAction\":[{\"@type\":\"ReadAction\",\"target\":[\"https:\/\/deportesycomunicacion.com\/?p=9518\"]}]},{\"@type\":\"ImageObject\",\"inLanguage\":\"es\",\"@id\":\"https:\/\/deportesycomunicacion.com\/?p=9518#primaryimage\",\"url\":\"https:\/\/deportesycomunicacion.com\/wp-content\/uploads\/2026\/03\/thedigitalartist-quality-5254458-scaled.png\",\"contentUrl\":\"https:\/\/deportesycomunicacion.com\/wp-content\/uploads\/2026\/03\/thedigitalartist-quality-5254458-scaled.png\",\"width\":2560,\"height\":2560},{\"@type\":\"BreadcrumbList\",\"@id\":\"https:\/\/deportesycomunicacion.com\/?p=9518#breadcrumb\",\"itemListElement\":[{\"@type\":\"ListItem\",\"position\":1,\"name\":\"Portada\",\"item\":\"https:\/\/deportesycomunicacion.com\/\"},{\"@type\":\"ListItem\",\"position\":2,\"name\":\"\u00bfFalta de calidad?\"}]},{\"@type\":\"WebSite\",\"@id\":\"https:\/\/deportesycomunicacion.com\/#website\",\"url\":\"https:\/\/deportesycomunicacion.com\/\",\"name\":\"Deportes y Comunicaci\u00f3n\",\"description\":\"Powered by Ivan Ferrer\",\"publisher\":{\"@id\":\"https:\/\/deportesycomunicacion.com\/#organization\"},\"potentialAction\":[{\"@type\":\"SearchAction\",\"target\":{\"@type\":\"EntryPoint\",\"urlTemplate\":\"https:\/\/deportesycomunicacion.com\/?s={search_term_string}\"},\"query-input\":{\"@type\":\"PropertyValueSpecification\",\"valueRequired\":true,\"valueName\":\"search_term_string\"}}],\"inLanguage\":\"es\"},{\"@type\":\"Organization\",\"@id\":\"https:\/\/deportesycomunicacion.com\/#organization\",\"name\":\"Deportes y Comunicaci\u00f3n\",\"url\":\"https:\/\/deportesycomunicacion.com\/\",\"logo\":{\"@type\":\"ImageObject\",\"inLanguage\":\"es\",\"@id\":\"https:\/\/deportesycomunicacion.com\/#\/schema\/logo\/image\/\",\"url\":\"https:\/\/deportesycomunicacion.com\/wp-content\/uploads\/2013\/05\/cropped-Logo-Deportes-Comunicacion.jpg\",\"contentUrl\":\"https:\/\/deportesycomunicacion.com\/wp-content\/uploads\/2013\/05\/cropped-Logo-Deportes-Comunicacion.jpg\",\"width\":300,\"height\":65,\"caption\":\"Deportes y Comunicaci\u00f3n\"},\"image\":{\"@id\":\"https:\/\/deportesycomunicacion.com\/#\/schema\/logo\/image\/\"},\"sameAs\":[\"https:\/\/www.facebook.com\/ivan.ferrercayuela\",\"https:\/\/x.com\/IFC1976\"]},{\"@type\":\"Person\",\"@id\":\"https:\/\/deportesycomunicacion.com\/#\/schema\/person\/5bd536572b924420557d2db2f98bdd16\",\"name\":\"ivanferrer\",\"url\":\"https:\/\/deportesycomunicacion.com\/?author=2\"}]}<\/script>\n<!-- \/ Yoast SEO plugin. -->","yoast_head_json":{"title":"\u00bfFalta de calidad?","description":"Este fin de semana ha sido muy intenso a nivel deportivo (dos partidos de Oriol de hockey en l\u00ednea el s\u00e1bado por la ma\u00f1ana, la jornada final del Seis","robots":{"index":"index","follow":"follow","max-snippet":"max-snippet:-1","max-image-preview":"max-image-preview:large","max-video-preview":"max-video-preview:-1"},"canonical":"https:\/\/deportesycomunicacion.com\/?p=9518","og_locale":"es_ES","og_type":"article","og_title":"\u00bfFalta de calidad?","og_description":"Este fin de semana ha sido muy intenso a nivel deportivo (dos partidos de Oriol de hockey en l\u00ednea el s\u00e1bado por la ma\u00f1ana, la jornada final del Seis","og_url":"https:\/\/deportesycomunicacion.com\/?p=9518","og_site_name":"Deportes y Comunicaci\u00f3n","article_publisher":"https:\/\/www.facebook.com\/ivan.ferrercayuela","article_published_time":"2026-03-17T17:45:17+00:00","og_image":[{"width":2560,"height":2560,"url":"http:\/\/deportesycomunicacion.com\/wp-content\/uploads\/2026\/03\/thedigitalartist-quality-5254458-scaled.png","type":"image\/png"}],"author":"ivanferrer","twitter_card":"summary_large_image","twitter_creator":"@IFC1976","twitter_site":"@IFC1976","twitter_misc":{"Escrito por":"ivanferrer","Tiempo de lectura":"2 minutos"},"schema":{"@context":"https:\/\/schema.org","@graph":[{"@type":"Article","@id":"https:\/\/deportesycomunicacion.com\/?p=9518#article","isPartOf":{"@id":"https:\/\/deportesycomunicacion.com\/?p=9518"},"author":{"name":"ivanferrer","@id":"https:\/\/deportesycomunicacion.com\/#\/schema\/person\/5bd536572b924420557d2db2f98bdd16"},"headline":"\u00bfFalta de calidad?","datePublished":"2026-03-17T17:45:17+00:00","mainEntityOfPage":{"@id":"https:\/\/deportesycomunicacion.com\/?p=9518"},"wordCount":377,"publisher":{"@id":"https:\/\/deportesycomunicacion.com\/#organization"},"image":{"@id":"https:\/\/deportesycomunicacion.com\/?p=9518#primaryimage"},"thumbnailUrl":"https:\/\/deportesycomunicacion.com\/wp-content\/uploads\/2026\/03\/thedigitalartist-quality-5254458-scaled.png","keywords":["2\u00aa RFEF","BAR\u00c7A ATLETIC - GIRONA B","CALIDAD","FILIAL","FUTBOL"],"articleSection":["FUTBOL"],"inLanguage":"es"},{"@type":"WebPage","@id":"https:\/\/deportesycomunicacion.com\/?p=9518","url":"https:\/\/deportesycomunicacion.com\/?p=9518","name":"\u00bfFalta de calidad?","isPartOf":{"@id":"https:\/\/deportesycomunicacion.com\/#website"},"primaryImageOfPage":{"@id":"https:\/\/deportesycomunicacion.com\/?p=9518#primaryimage"},"image":{"@id":"https:\/\/deportesycomunicacion.com\/?p=9518#primaryimage"},"thumbnailUrl":"https:\/\/deportesycomunicacion.com\/wp-content\/uploads\/2026\/03\/thedigitalartist-quality-5254458-scaled.png","datePublished":"2026-03-17T17:45:17+00:00","description":"Este fin de semana ha sido muy intenso a nivel deportivo (dos partidos de Oriol de hockey en l\u00ednea el s\u00e1bado por la ma\u00f1ana, la jornada final del Seis","breadcrumb":{"@id":"https:\/\/deportesycomunicacion.com\/?p=9518#breadcrumb"},"inLanguage":"es","potentialAction":[{"@type":"ReadAction","target":["https:\/\/deportesycomunicacion.com\/?p=9518"]}]},{"@type":"ImageObject","inLanguage":"es","@id":"https:\/\/deportesycomunicacion.com\/?p=9518#primaryimage","url":"https:\/\/deportesycomunicacion.com\/wp-content\/uploads\/2026\/03\/thedigitalartist-quality-5254458-scaled.png","contentUrl":"https:\/\/deportesycomunicacion.com\/wp-content\/uploads\/2026\/03\/thedigitalartist-quality-5254458-scaled.png","width":2560,"height":2560},{"@type":"BreadcrumbList","@id":"https:\/\/deportesycomunicacion.com\/?p=9518#breadcrumb","itemListElement":[{"@type":"ListItem","position":1,"name":"Portada","item":"https:\/\/deportesycomunicacion.com\/"},{"@type":"ListItem","position":2,"name":"\u00bfFalta de calidad?"}]},{"@type":"WebSite","@id":"https:\/\/deportesycomunicacion.com\/#website","url":"https:\/\/deportesycomunicacion.com\/","name":"Deportes y Comunicaci\u00f3n","description":"Powered by Ivan Ferrer","publisher":{"@id":"https:\/\/deportesycomunicacion.com\/#organization"},"potentialAction":[{"@type":"SearchAction","target":{"@type":"EntryPoint","urlTemplate":"https:\/\/deportesycomunicacion.com\/?s={search_term_string}"},"query-input":{"@type":"PropertyValueSpecification","valueRequired":true,"valueName":"search_term_string"}}],"inLanguage":"es"},{"@type":"Organization","@id":"https:\/\/deportesycomunicacion.com\/#organization","name":"Deportes y Comunicaci\u00f3n","url":"https:\/\/deportesycomunicacion.com\/","logo":{"@type":"ImageObject","inLanguage":"es","@id":"https:\/\/deportesycomunicacion.com\/#\/schema\/logo\/image\/","url":"https:\/\/deportesycomunicacion.com\/wp-content\/uploads\/2013\/05\/cropped-Logo-Deportes-Comunicacion.jpg","contentUrl":"https:\/\/deportesycomunicacion.com\/wp-content\/uploads\/2013\/05\/cropped-Logo-Deportes-Comunicacion.jpg","width":300,"height":65,"caption":"Deportes y Comunicaci\u00f3n"},"image":{"@id":"https:\/\/deportesycomunicacion.com\/#\/schema\/logo\/image\/"},"sameAs":["https:\/\/www.facebook.com\/ivan.ferrercayuela","https:\/\/x.com\/IFC1976"]},{"@type":"Person","@id":"https:\/\/deportesycomunicacion.com\/#\/schema\/person\/5bd536572b924420557d2db2f98bdd16","name":"ivanferrer","url":"https:\/\/deportesycomunicacion.com\/?author=2"}]}},"_links":{"self":[{"href":"https:\/\/deportesycomunicacion.com\/index.php?rest_route=\/wp\/v2\/posts\/9518","targetHints":{"allow":["GET"]}}],"collection":[{"href":"https:\/\/deportesycomunicacion.com\/index.php?rest_route=\/wp\/v2\/posts"}],"about":[{"href":"https:\/\/deportesycomunicacion.com\/index.php?rest_route=\/wp\/v2\/types\/post"}],"author":[{"embeddable":true,"href":"https:\/\/deportesycomunicacion.com\/index.php?rest_route=\/wp\/v2\/users\/2"}],"replies":[{"embeddable":true,"href":"https:\/\/deportesycomunicacion.com\/index.php?rest_route=%2Fwp%2Fv2%2Fcomments&post=9518"}],"version-history":[{"count":8,"href":"https:\/\/deportesycomunicacion.com\/index.php?rest_route=\/wp\/v2\/posts\/9518\/revisions"}],"predecessor-version":[{"id":9527,"href":"https:\/\/deportesycomunicacion.com\/index.php?rest_route=\/wp\/v2\/posts\/9518\/revisions\/9527"}],"wp:featuredmedia":[{"embeddable":true,"href":"https:\/\/deportesycomunicacion.com\/index.php?rest_route=\/wp\/v2\/media\/9526"}],"wp:attachment":[{"href":"https:\/\/deportesycomunicacion.com\/index.php?rest_route=%2Fwp%2Fv2%2Fmedia&parent=9518"}],"wp:term":[{"taxonomy":"category","embeddable":true,"href":"https:\/\/deportesycomunicacion.com\/index.php?rest_route=%2Fwp%2Fv2%2Fcategories&post=9518"},{"taxonomy":"post_tag","embeddable":true,"href":"https:\/\/deportesycomunicacion.com\/index.php?rest_route=%2Fwp%2Fv2%2Ftags&post=9518"}],"curies":[{"name":"wp","href":"https:\/\/api.w.org\/{rel}","templated":true}]}}