{"id":9584,"date":"2026-04-26T13:20:22","date_gmt":"2026-04-26T11:20:22","guid":{"rendered":"https:\/\/deportesycomunicacion.com\/?p=9584"},"modified":"2026-04-26T13:21:52","modified_gmt":"2026-04-26T11:21:52","slug":"y-ahora-que-3","status":"publish","type":"post","link":"https:\/\/deportesycomunicacion.com\/?p=9584","title":{"rendered":"\u00bfY ahora qu\u00e9?"},"content":{"rendered":"\n<p>Se cumpli\u00f3 el peor escenario posible para el <strong>Joventut de Badalona<\/strong>. Arroll\u00f3 al <strong><a href=\"https:\/\/www.feb.es\/lfendesa\/resultados.aspx\" target=\"_blank\" rel=\"noreferrer noopener\">farolillo rojo, pero el Araski hizo lo propio contra el Estepona<\/a><\/strong>, abortando el milagro de \u00faltima hora. As\u00ed, tras dos temporadas en la \u00e9lite del <strong>baloncesto femenino<\/strong>, la Penya baja de categor\u00eda, rumbo a la Liga Femenina Challenge. <\/p>\n\n\n\n<p>En el ecuador de la competici\u00f3n, las verdinegras se quedaron a una sola victoria de disputar la Copa de la Reina. Pero durante la segunda vuelta, los resultados se fueron envenenando hasta llegar a una \u00faltima jornada de todo o nada. Y sali\u00f3 cruz. La verdad es que el final ha sido apretad\u00edsimo, con dos equipos salvados con el mismo balance de victorias y derrotas que las de Badalona (Cad\u00ed La Seu y Araski, con 11-19) y una diferencia de solo tres victorias entre el octavo clasificado -con derecho a play-off, el Estepona- y el <strong><a href=\"https:\/\/www.feb.es\/lfendesa\/Inicio.aspx?tabid=5\" target=\"_blank\" rel=\"noreferrer noopener\">decimoquinto<\/a><\/strong> (que ha <strong>descendido<\/strong>).<\/p>\n\n\n\n<p>Ahora se abre un escenario repleto de incertidumbre. \u00bfEl Club va a seguir invirtiendo para volver a la categor\u00eda de oro lo antes posible? \u00bfO va a ser m\u00e1s conservador, apostando mayoritariamente por el talento de la casa, imitando el modelo de sus hom\u00f3logos masculinos? Dado que se trata de vasos comunicantes, se abren nuevas incertidumbres: \u00bfHay que trasvasar dinero del masculino al femenino para afianzar este <strong>proyecto<\/strong> a largo plazo (bajo mi punto de vista, al nivel en el que se encuentra el equipo de hombres actualmente, para dar un salto cualitativo deber\u00eda recibir una importante inyecci\u00f3n econ\u00f3mica)? <\/p>\n\n\n\n<p>En la postemporada, los despachos dictar\u00e1n sentencia&#8230;<\/p>\n\n\n\n<p><strong>\u00bfEmplear\u00edas una estrategia agresiva o conservadora para volver a la \u00e9lite?<\/strong><\/p>\n\n\n\n<p>Imagen de <a href=\"https:\/\/pixabay.com\/es\/users\/geralt-9301\/?utm_source=link-attribution&amp;utm_medium=referral&amp;utm_campaign=image&amp;utm_content=426994\">Gerd Altmann<\/a> en <a href=\"https:\/\/pixabay.com\/es\/\/?utm_source=link-attribution&amp;utm_medium=referral&amp;utm_campaign=image&amp;utm_content=426994\">Pixabay<\/a><\/p>\n","protected":false},"excerpt":{"rendered":"<p>Se cumpli\u00f3 el peor escenario posible para el Joventut de Badalona. Arroll\u00f3 al farolillo rojo, pero &hellip; <a title=\"\u00bfY ahora qu\u00e9?\" class=\"hm-read-more\" href=\"https:\/\/deportesycomunicacion.com\/?p=9584\"><span class=\"screen-reader-text\">\u00bfY ahora qu\u00e9?<\/span>Leer m\u00e1s<\/a><\/p>\n","protected":false},"author":2,"featured_media":9592,"comment_status":"closed","ping_status":"open","sticky":false,"template":"","format":"standard","meta":{"footnotes":""},"categories":[12],"tags":[1057,656,563,1257,662,2729,679],"class_list":["post-9584","post","type-post","status-publish","format-standard","has-post-thumbnail","hentry","category-baloncesto","tag-baloncesto","tag-descenso","tag-estrategia","tag-femenino","tag-joventut-badalona","tag-liga-endesa","tag-proyecto"],"yoast_head":"<!-- This site is optimized with the Yoast SEO plugin v24.8.1 - https:\/\/yoast.com\/wordpress\/plugins\/seo\/ -->\n<title>\u00bfY ahora qu\u00e9?<\/title>\n<meta name=\"description\" content=\"Se cumpli\u00f3 el peor escenario posible para el Joventut de Badalona. Arroll\u00f3 al farolillo rojo, pero el Araski hizo lo propio contra el Estepona, abortando\" \/>\n<meta name=\"robots\" content=\"index, follow, max-snippet:-1, max-image-preview:large, max-video-preview:-1\" \/>\n<link rel=\"canonical\" href=\"https:\/\/deportesycomunicacion.com\/?p=9584\" \/>\n<meta property=\"og:locale\" content=\"es_ES\" \/>\n<meta property=\"og:type\" content=\"article\" \/>\n<meta property=\"og:title\" content=\"\u00bfY ahora qu\u00e9?\" \/>\n<meta property=\"og:description\" content=\"Se cumpli\u00f3 el peor escenario posible para el Joventut de Badalona. Arroll\u00f3 al farolillo rojo, pero el Araski hizo lo propio contra el Estepona, abortando\" \/>\n<meta property=\"og:url\" content=\"https:\/\/deportesycomunicacion.com\/?p=9584\" \/>\n<meta property=\"og:site_name\" content=\"Deportes y Comunicaci\u00f3n\" \/>\n<meta property=\"article:publisher\" content=\"https:\/\/www.facebook.com\/ivan.ferrercayuela\" \/>\n<meta property=\"article:published_time\" content=\"2026-04-26T11:20:22+00:00\" \/>\n<meta property=\"article:modified_time\" content=\"2026-04-26T11:21:52+00:00\" \/>\n<meta property=\"og:image\" content=\"http:\/\/deportesycomunicacion.com\/wp-content\/uploads\/2026\/04\/geralt-monster-426994-scaled.jpg\" \/>\n\t<meta property=\"og:image:width\" content=\"2560\" \/>\n\t<meta property=\"og:image:height\" content=\"1920\" \/>\n\t<meta property=\"og:image:type\" content=\"image\/jpeg\" \/>\n<meta name=\"author\" content=\"ivanferrer\" \/>\n<meta name=\"twitter:card\" content=\"summary_large_image\" \/>\n<meta name=\"twitter:creator\" content=\"@IFC1976\" \/>\n<meta name=\"twitter:site\" content=\"@IFC1976\" \/>\n<meta name=\"twitter:label1\" content=\"Escrito por\" \/>\n\t<meta name=\"twitter:data1\" content=\"ivanferrer\" \/>\n\t<meta name=\"twitter:label2\" content=\"Tiempo de lectura\" \/>\n\t<meta name=\"twitter:data2\" content=\"2 minutos\" \/>\n<script type=\"application\/ld+json\" class=\"yoast-schema-graph\">{\"@context\":\"https:\/\/schema.org\",\"@graph\":[{\"@type\":\"Article\",\"@id\":\"https:\/\/deportesycomunicacion.com\/?p=9584#article\",\"isPartOf\":{\"@id\":\"https:\/\/deportesycomunicacion.com\/?p=9584\"},\"author\":{\"name\":\"ivanferrer\",\"@id\":\"https:\/\/deportesycomunicacion.com\/#\/schema\/person\/5bd536572b924420557d2db2f98bdd16\"},\"headline\":\"\u00bfY ahora qu\u00e9?\",\"datePublished\":\"2026-04-26T11:20:22+00:00\",\"dateModified\":\"2026-04-26T11:21:52+00:00\",\"mainEntityOfPage\":{\"@id\":\"https:\/\/deportesycomunicacion.com\/?p=9584\"},\"wordCount\":287,\"publisher\":{\"@id\":\"https:\/\/deportesycomunicacion.com\/#organization\"},\"image\":{\"@id\":\"https:\/\/deportesycomunicacion.com\/?p=9584#primaryimage\"},\"thumbnailUrl\":\"https:\/\/deportesycomunicacion.com\/wp-content\/uploads\/2026\/04\/geralt-monster-426994-scaled.jpg\",\"keywords\":[\"BALONCESTO\",\"DESCENSO\",\"ESTRATEGIA\",\"FEMENINO\",\"JOVENTUT BADALONA\",\"LIGA ENDESA\",\"PROYECTO\"],\"articleSection\":[\"BALONCESTO\"],\"inLanguage\":\"es\"},{\"@type\":\"WebPage\",\"@id\":\"https:\/\/deportesycomunicacion.com\/?p=9584\",\"url\":\"https:\/\/deportesycomunicacion.com\/?p=9584\",\"name\":\"\u00bfY ahora qu\u00e9?\",\"isPartOf\":{\"@id\":\"https:\/\/deportesycomunicacion.com\/#website\"},\"primaryImageOfPage\":{\"@id\":\"https:\/\/deportesycomunicacion.com\/?p=9584#primaryimage\"},\"image\":{\"@id\":\"https:\/\/deportesycomunicacion.com\/?p=9584#primaryimage\"},\"thumbnailUrl\":\"https:\/\/deportesycomunicacion.com\/wp-content\/uploads\/2026\/04\/geralt-monster-426994-scaled.jpg\",\"datePublished\":\"2026-04-26T11:20:22+00:00\",\"dateModified\":\"2026-04-26T11:21:52+00:00\",\"description\":\"Se cumpli\u00f3 el peor escenario posible para el Joventut de Badalona. Arroll\u00f3 al farolillo rojo, pero el Araski hizo lo propio contra el Estepona, abortando\",\"breadcrumb\":{\"@id\":\"https:\/\/deportesycomunicacion.com\/?p=9584#breadcrumb\"},\"inLanguage\":\"es\",\"potentialAction\":[{\"@type\":\"ReadAction\",\"target\":[\"https:\/\/deportesycomunicacion.com\/?p=9584\"]}]},{\"@type\":\"ImageObject\",\"inLanguage\":\"es\",\"@id\":\"https:\/\/deportesycomunicacion.com\/?p=9584#primaryimage\",\"url\":\"https:\/\/deportesycomunicacion.com\/wp-content\/uploads\/2026\/04\/geralt-monster-426994-scaled.jpg\",\"contentUrl\":\"https:\/\/deportesycomunicacion.com\/wp-content\/uploads\/2026\/04\/geralt-monster-426994-scaled.jpg\",\"width\":2560,\"height\":1920},{\"@type\":\"BreadcrumbList\",\"@id\":\"https:\/\/deportesycomunicacion.com\/?p=9584#breadcrumb\",\"itemListElement\":[{\"@type\":\"ListItem\",\"position\":1,\"name\":\"Portada\",\"item\":\"https:\/\/deportesycomunicacion.com\/\"},{\"@type\":\"ListItem\",\"position\":2,\"name\":\"\u00bfY ahora qu\u00e9?\"}]},{\"@type\":\"WebSite\",\"@id\":\"https:\/\/deportesycomunicacion.com\/#website\",\"url\":\"https:\/\/deportesycomunicacion.com\/\",\"name\":\"Deportes y Comunicaci\u00f3n\",\"description\":\"Powered by Ivan Ferrer\",\"publisher\":{\"@id\":\"https:\/\/deportesycomunicacion.com\/#organization\"},\"potentialAction\":[{\"@type\":\"SearchAction\",\"target\":{\"@type\":\"EntryPoint\",\"urlTemplate\":\"https:\/\/deportesycomunicacion.com\/?s={search_term_string}\"},\"query-input\":{\"@type\":\"PropertyValueSpecification\",\"valueRequired\":true,\"valueName\":\"search_term_string\"}}],\"inLanguage\":\"es\"},{\"@type\":\"Organization\",\"@id\":\"https:\/\/deportesycomunicacion.com\/#organization\",\"name\":\"Deportes y Comunicaci\u00f3n\",\"url\":\"https:\/\/deportesycomunicacion.com\/\",\"logo\":{\"@type\":\"ImageObject\",\"inLanguage\":\"es\",\"@id\":\"https:\/\/deportesycomunicacion.com\/#\/schema\/logo\/image\/\",\"url\":\"https:\/\/deportesycomunicacion.com\/wp-content\/uploads\/2013\/05\/cropped-Logo-Deportes-Comunicacion.jpg\",\"contentUrl\":\"https:\/\/deportesycomunicacion.com\/wp-content\/uploads\/2013\/05\/cropped-Logo-Deportes-Comunicacion.jpg\",\"width\":300,\"height\":65,\"caption\":\"Deportes y Comunicaci\u00f3n\"},\"image\":{\"@id\":\"https:\/\/deportesycomunicacion.com\/#\/schema\/logo\/image\/\"},\"sameAs\":[\"https:\/\/www.facebook.com\/ivan.ferrercayuela\",\"https:\/\/x.com\/IFC1976\"]},{\"@type\":\"Person\",\"@id\":\"https:\/\/deportesycomunicacion.com\/#\/schema\/person\/5bd536572b924420557d2db2f98bdd16\",\"name\":\"ivanferrer\",\"url\":\"https:\/\/deportesycomunicacion.com\/?author=2\"}]}<\/script>\n<!-- \/ Yoast SEO plugin. -->","yoast_head_json":{"title":"\u00bfY ahora qu\u00e9?","description":"Se cumpli\u00f3 el peor escenario posible para el Joventut de Badalona. Arroll\u00f3 al farolillo rojo, pero el Araski hizo lo propio contra el Estepona, abortando","robots":{"index":"index","follow":"follow","max-snippet":"max-snippet:-1","max-image-preview":"max-image-preview:large","max-video-preview":"max-video-preview:-1"},"canonical":"https:\/\/deportesycomunicacion.com\/?p=9584","og_locale":"es_ES","og_type":"article","og_title":"\u00bfY ahora qu\u00e9?","og_description":"Se cumpli\u00f3 el peor escenario posible para el Joventut de Badalona. Arroll\u00f3 al farolillo rojo, pero el Araski hizo lo propio contra el Estepona, abortando","og_url":"https:\/\/deportesycomunicacion.com\/?p=9584","og_site_name":"Deportes y Comunicaci\u00f3n","article_publisher":"https:\/\/www.facebook.com\/ivan.ferrercayuela","article_published_time":"2026-04-26T11:20:22+00:00","article_modified_time":"2026-04-26T11:21:52+00:00","og_image":[{"width":2560,"height":1920,"url":"http:\/\/deportesycomunicacion.com\/wp-content\/uploads\/2026\/04\/geralt-monster-426994-scaled.jpg","type":"image\/jpeg"}],"author":"ivanferrer","twitter_card":"summary_large_image","twitter_creator":"@IFC1976","twitter_site":"@IFC1976","twitter_misc":{"Escrito por":"ivanferrer","Tiempo de lectura":"2 minutos"},"schema":{"@context":"https:\/\/schema.org","@graph":[{"@type":"Article","@id":"https:\/\/deportesycomunicacion.com\/?p=9584#article","isPartOf":{"@id":"https:\/\/deportesycomunicacion.com\/?p=9584"},"author":{"name":"ivanferrer","@id":"https:\/\/deportesycomunicacion.com\/#\/schema\/person\/5bd536572b924420557d2db2f98bdd16"},"headline":"\u00bfY ahora qu\u00e9?","datePublished":"2026-04-26T11:20:22+00:00","dateModified":"2026-04-26T11:21:52+00:00","mainEntityOfPage":{"@id":"https:\/\/deportesycomunicacion.com\/?p=9584"},"wordCount":287,"publisher":{"@id":"https:\/\/deportesycomunicacion.com\/#organization"},"image":{"@id":"https:\/\/deportesycomunicacion.com\/?p=9584#primaryimage"},"thumbnailUrl":"https:\/\/deportesycomunicacion.com\/wp-content\/uploads\/2026\/04\/geralt-monster-426994-scaled.jpg","keywords":["BALONCESTO","DESCENSO","ESTRATEGIA","FEMENINO","JOVENTUT BADALONA","LIGA ENDESA","PROYECTO"],"articleSection":["BALONCESTO"],"inLanguage":"es"},{"@type":"WebPage","@id":"https:\/\/deportesycomunicacion.com\/?p=9584","url":"https:\/\/deportesycomunicacion.com\/?p=9584","name":"\u00bfY ahora qu\u00e9?","isPartOf":{"@id":"https:\/\/deportesycomunicacion.com\/#website"},"primaryImageOfPage":{"@id":"https:\/\/deportesycomunicacion.com\/?p=9584#primaryimage"},"image":{"@id":"https:\/\/deportesycomunicacion.com\/?p=9584#primaryimage"},"thumbnailUrl":"https:\/\/deportesycomunicacion.com\/wp-content\/uploads\/2026\/04\/geralt-monster-426994-scaled.jpg","datePublished":"2026-04-26T11:20:22+00:00","dateModified":"2026-04-26T11:21:52+00:00","description":"Se cumpli\u00f3 el peor escenario posible para el Joventut de Badalona. Arroll\u00f3 al farolillo rojo, pero el Araski hizo lo propio contra el Estepona, abortando","breadcrumb":{"@id":"https:\/\/deportesycomunicacion.com\/?p=9584#breadcrumb"},"inLanguage":"es","potentialAction":[{"@type":"ReadAction","target":["https:\/\/deportesycomunicacion.com\/?p=9584"]}]},{"@type":"ImageObject","inLanguage":"es","@id":"https:\/\/deportesycomunicacion.com\/?p=9584#primaryimage","url":"https:\/\/deportesycomunicacion.com\/wp-content\/uploads\/2026\/04\/geralt-monster-426994-scaled.jpg","contentUrl":"https:\/\/deportesycomunicacion.com\/wp-content\/uploads\/2026\/04\/geralt-monster-426994-scaled.jpg","width":2560,"height":1920},{"@type":"BreadcrumbList","@id":"https:\/\/deportesycomunicacion.com\/?p=9584#breadcrumb","itemListElement":[{"@type":"ListItem","position":1,"name":"Portada","item":"https:\/\/deportesycomunicacion.com\/"},{"@type":"ListItem","position":2,"name":"\u00bfY ahora qu\u00e9?"}]},{"@type":"WebSite","@id":"https:\/\/deportesycomunicacion.com\/#website","url":"https:\/\/deportesycomunicacion.com\/","name":"Deportes y Comunicaci\u00f3n","description":"Powered by Ivan Ferrer","publisher":{"@id":"https:\/\/deportesycomunicacion.com\/#organization"},"potentialAction":[{"@type":"SearchAction","target":{"@type":"EntryPoint","urlTemplate":"https:\/\/deportesycomunicacion.com\/?s={search_term_string}"},"query-input":{"@type":"PropertyValueSpecification","valueRequired":true,"valueName":"search_term_string"}}],"inLanguage":"es"},{"@type":"Organization","@id":"https:\/\/deportesycomunicacion.com\/#organization","name":"Deportes y Comunicaci\u00f3n","url":"https:\/\/deportesycomunicacion.com\/","logo":{"@type":"ImageObject","inLanguage":"es","@id":"https:\/\/deportesycomunicacion.com\/#\/schema\/logo\/image\/","url":"https:\/\/deportesycomunicacion.com\/wp-content\/uploads\/2013\/05\/cropped-Logo-Deportes-Comunicacion.jpg","contentUrl":"https:\/\/deportesycomunicacion.com\/wp-content\/uploads\/2013\/05\/cropped-Logo-Deportes-Comunicacion.jpg","width":300,"height":65,"caption":"Deportes y Comunicaci\u00f3n"},"image":{"@id":"https:\/\/deportesycomunicacion.com\/#\/schema\/logo\/image\/"},"sameAs":["https:\/\/www.facebook.com\/ivan.ferrercayuela","https:\/\/x.com\/IFC1976"]},{"@type":"Person","@id":"https:\/\/deportesycomunicacion.com\/#\/schema\/person\/5bd536572b924420557d2db2f98bdd16","name":"ivanferrer","url":"https:\/\/deportesycomunicacion.com\/?author=2"}]}},"_links":{"self":[{"href":"https:\/\/deportesycomunicacion.com\/index.php?rest_route=\/wp\/v2\/posts\/9584","targetHints":{"allow":["GET"]}}],"collection":[{"href":"https:\/\/deportesycomunicacion.com\/index.php?rest_route=\/wp\/v2\/posts"}],"about":[{"href":"https:\/\/deportesycomunicacion.com\/index.php?rest_route=\/wp\/v2\/types\/post"}],"author":[{"embeddable":true,"href":"https:\/\/deportesycomunicacion.com\/index.php?rest_route=\/wp\/v2\/users\/2"}],"replies":[{"embeddable":true,"href":"https:\/\/deportesycomunicacion.com\/index.php?rest_route=%2Fwp%2Fv2%2Fcomments&post=9584"}],"version-history":[{"count":7,"href":"https:\/\/deportesycomunicacion.com\/index.php?rest_route=\/wp\/v2\/posts\/9584\/revisions"}],"predecessor-version":[{"id":9593,"href":"https:\/\/deportesycomunicacion.com\/index.php?rest_route=\/wp\/v2\/posts\/9584\/revisions\/9593"}],"wp:featuredmedia":[{"embeddable":true,"href":"https:\/\/deportesycomunicacion.com\/index.php?rest_route=\/wp\/v2\/media\/9592"}],"wp:attachment":[{"href":"https:\/\/deportesycomunicacion.com\/index.php?rest_route=%2Fwp%2Fv2%2Fmedia&parent=9584"}],"wp:term":[{"taxonomy":"category","embeddable":true,"href":"https:\/\/deportesycomunicacion.com\/index.php?rest_route=%2Fwp%2Fv2%2Fcategories&post=9584"},{"taxonomy":"post_tag","embeddable":true,"href":"https:\/\/deportesycomunicacion.com\/index.php?rest_route=%2Fwp%2Fv2%2Ftags&post=9584"}],"curies":[{"name":"wp","href":"https:\/\/api.w.org\/{rel}","templated":true}]}}