{"id":9711,"date":"2026-08-31T12:12:49","date_gmt":"2026-08-31T10:12:49","guid":{"rendered":"https:\/\/deportesycomunicacion.com\/?p=9711"},"modified":"2026-08-31T12:12:50","modified_gmt":"2026-08-31T10:12:50","slug":"espana-te-desconcierta","status":"publish","type":"post","link":"https:\/\/deportesycomunicacion.com\/?p=9711","title":{"rendered":"\u00bfEspa\u00f1a te desconcierta?"},"content":{"rendered":"\n<p>En un momento hist\u00f3rico en el que parece que la identidad, el marm\u00f3reo \u00abnosotros\u00bb ante el despectivo  \u00abellos\u00bb, esta ganando terreno al concepto de solidaridad y humanidad, <strong>Espa\u00f1a<\/strong> me tiene alucinada.<\/p>\n\n\n\n<p>En un alarde de casposidad y retraso, la organizaci\u00f3n de <strong><a href=\"https:\/\/elpais.com\/deportes\/ciclismo\/2026-08-24\/la-vuelta-limita-a-erola-jons-y-reacciona-a-la-polemica-son-bromas-y-entretenimiento-hay-que-entender-el-contexto.html\" target=\"_blank\" rel=\"noreferrer noopener\">La Vuelta le dio un micro y acceso privilegiado a una influencer<\/a><\/strong>, pensando que podr\u00eda aportar algo positivo a la ronda espa\u00f1ola. Su gran contribuci\u00f3n ha sido llamar a un leyenda del ciclismo \u00ab<em>Pogachitar<\/em>\u00ab. La audiencia masiva en redes, como se ha demostrado de forma clar\u00edsima en este caso, est\u00e1 re\u00f1ida con la inteligencia, rigor y profesionalidad del que est\u00e1 dando la cara y ofreciento circo. La redes sociales nos han tra\u00eddo legiones de tontos y retrasados mentales con altavoz&#8230;<\/p>\n\n\n\n<p>En otra b\u00fasqueda -parece que incansable, en este pa\u00eds- de hermanarnos con un pasado bastante m\u00e1s gris, la <strong><a href=\"https:\/\/www.instagram.com\/reel\/DcipKvOoOd8\/\" target=\"_blank\" rel=\"noreferrer noopener\">polic\u00eda nacional quita una estelada a un menor de edad y lo muele a palos<\/a><\/strong>. Exactamente la misma proporcionalidad y rigor que aplican a los aficionados neonazis, con una actitud que raya, absurda y lamentablemente, el compadreo condescendiente y protector de cu\u00f1ado canallita, Parece como si los del casco y la porra y los del brazo derecho en alto y el 88 a la espalda, estuvieran entre colegas.<\/p>\n\n\n\n<p>Ante tanta oscuridad y sinsentido, por otro lado, hay luz. <strong><a href=\"https:\/\/elpais.com\/expres\/2026-08-31\/la-seleccion-espanola-de-futbol-financiara-la-congelacion-de-ovulos-de-sus-jugadoras.html\" target=\"_blank\" rel=\"noreferrer noopener\">La Federaci\u00f3n Espa\u00f1ola de F\u00fatbol va a pagar la congelaci\u00f3n de \u00f3vulos de las jugadoras del equipo nacional<\/a><\/strong>. En ocasiones no acabo de entender como se puede combinar tanto atraso con actitudes pioneras&#8230;A vces no s\u00e9 si avanzamos en el siglo XXI o volvemos hacia el XX&#8230;<\/p>\n\n\n\n<p><strong>\u00bfCrees que Espa\u00f1a es conservadora o innovadora?   <\/strong><\/p>\n\n\n\n<p>Imagen de <a href=\"https:\/\/pixabay.com\/es\/users\/serghei_topor-965600\/?utm_source=link-attribution&amp;utm_medium=referral&amp;utm_campaign=image&amp;utm_content=1264224\">Serghei Topor<\/a> en <a href=\"https:\/\/pixabay.com\/es\/\/?utm_source=link-attribution&amp;utm_medium=referral&amp;utm_campaign=image&amp;utm_content=1264224\">Pixabay<\/a><\/p>\n","protected":false},"excerpt":{"rendered":"<p>En un momento hist\u00f3rico en el que parece que la identidad, el marm\u00f3reo \u00abnosotros\u00bb ante el &hellip; <a title=\"\u00bfEspa\u00f1a te desconcierta?\" class=\"hm-read-more\" href=\"https:\/\/deportesycomunicacion.com\/?p=9711\"><span class=\"screen-reader-text\">\u00bfEspa\u00f1a te desconcierta?<\/span>Leer m\u00e1s<\/a><\/p>\n","protected":false},"author":2,"featured_media":9714,"comment_status":"closed","ping_status":"open","sticky":false,"template":"","format":"standard","meta":{"footnotes":""},"categories":[50,7],"tags":[1061,1056,1391,2747,2748],"class_list":["post-9711","post","type-post","status-publish","format-standard","has-post-thumbnail","hentry","category-ciclismo","category-futbol","tag-ciclismo","tag-futbol","tag-innovacion","tag-marca-espana","tag-retraso"],"yoast_head":"<!-- This site is optimized with the Yoast SEO plugin v24.8.1 - https:\/\/yoast.com\/wordpress\/plugins\/seo\/ -->\n<title>\u00bfEspa\u00f1a te desconcierta?<\/title>\n<meta name=\"description\" content=\"En un momento hist\u00f3rico en el que parece que la identidad, el marm\u00f3reo &quot;nosotros&quot; ante el despectivo &quot;ellos&quot;, esta ganando terreno al concepto de\" \/>\n<meta name=\"robots\" content=\"index, follow, max-snippet:-1, max-image-preview:large, max-video-preview:-1\" \/>\n<link rel=\"canonical\" href=\"https:\/\/deportesycomunicacion.com\/?p=9711\" \/>\n<meta property=\"og:locale\" content=\"es_ES\" \/>\n<meta property=\"og:type\" content=\"article\" \/>\n<meta property=\"og:title\" content=\"\u00bfEspa\u00f1a te desconcierta?\" \/>\n<meta property=\"og:description\" content=\"En un momento hist\u00f3rico en el que parece que la identidad, el marm\u00f3reo &quot;nosotros&quot; ante el despectivo &quot;ellos&quot;, esta ganando terreno al concepto de\" \/>\n<meta property=\"og:url\" content=\"https:\/\/deportesycomunicacion.com\/?p=9711\" \/>\n<meta property=\"og:site_name\" content=\"Deportes y Comunicaci\u00f3n\" \/>\n<meta property=\"article:publisher\" content=\"https:\/\/www.facebook.com\/ivan.ferrercayuela\" \/>\n<meta property=\"article:published_time\" content=\"2026-08-31T10:12:49+00:00\" \/>\n<meta property=\"article:modified_time\" content=\"2026-08-31T10:12:50+00:00\" \/>\n<meta property=\"og:image\" content=\"http:\/\/deportesycomunicacion.com\/wp-content\/uploads\/2026\/08\/serghei_topor-rome-1264224-scaled.jpg\" \/>\n\t<meta property=\"og:image:width\" content=\"2560\" \/>\n\t<meta property=\"og:image:height\" content=\"1600\" \/>\n\t<meta property=\"og:image:type\" content=\"image\/jpeg\" \/>\n<meta name=\"author\" content=\"ivanferrer\" \/>\n<meta name=\"twitter:card\" content=\"summary_large_image\" \/>\n<meta name=\"twitter:creator\" content=\"@IFC1976\" \/>\n<meta name=\"twitter:site\" content=\"@IFC1976\" \/>\n<meta name=\"twitter:label1\" content=\"Escrito por\" \/>\n\t<meta name=\"twitter:data1\" content=\"ivanferrer\" \/>\n\t<meta name=\"twitter:label2\" content=\"Tiempo de lectura\" \/>\n\t<meta name=\"twitter:data2\" content=\"2 minutos\" \/>\n<script type=\"application\/ld+json\" class=\"yoast-schema-graph\">{\"@context\":\"https:\/\/schema.org\",\"@graph\":[{\"@type\":\"Article\",\"@id\":\"https:\/\/deportesycomunicacion.com\/?p=9711#article\",\"isPartOf\":{\"@id\":\"https:\/\/deportesycomunicacion.com\/?p=9711\"},\"author\":{\"name\":\"ivanferrer\",\"@id\":\"https:\/\/deportesycomunicacion.com\/#\/schema\/person\/5bd536572b924420557d2db2f98bdd16\"},\"headline\":\"\u00bfEspa\u00f1a te desconcierta?\",\"datePublished\":\"2026-08-31T10:12:49+00:00\",\"dateModified\":\"2026-08-31T10:12:50+00:00\",\"mainEntityOfPage\":{\"@id\":\"https:\/\/deportesycomunicacion.com\/?p=9711\"},\"wordCount\":301,\"publisher\":{\"@id\":\"https:\/\/deportesycomunicacion.com\/#organization\"},\"image\":{\"@id\":\"https:\/\/deportesycomunicacion.com\/?p=9711#primaryimage\"},\"thumbnailUrl\":\"https:\/\/deportesycomunicacion.com\/wp-content\/uploads\/2026\/08\/serghei_topor-rome-1264224-scaled.jpg\",\"keywords\":[\"CICLISMO\",\"FUTBOL\",\"INNOVACION\",\"MARCA ESPA\u00d1A\",\"RETRASO\"],\"articleSection\":[\"CICLISMO\",\"FUTBOL\"],\"inLanguage\":\"es\"},{\"@type\":\"WebPage\",\"@id\":\"https:\/\/deportesycomunicacion.com\/?p=9711\",\"url\":\"https:\/\/deportesycomunicacion.com\/?p=9711\",\"name\":\"\u00bfEspa\u00f1a te desconcierta?\",\"isPartOf\":{\"@id\":\"https:\/\/deportesycomunicacion.com\/#website\"},\"primaryImageOfPage\":{\"@id\":\"https:\/\/deportesycomunicacion.com\/?p=9711#primaryimage\"},\"image\":{\"@id\":\"https:\/\/deportesycomunicacion.com\/?p=9711#primaryimage\"},\"thumbnailUrl\":\"https:\/\/deportesycomunicacion.com\/wp-content\/uploads\/2026\/08\/serghei_topor-rome-1264224-scaled.jpg\",\"datePublished\":\"2026-08-31T10:12:49+00:00\",\"dateModified\":\"2026-08-31T10:12:50+00:00\",\"description\":\"En un momento hist\u00f3rico en el que parece que la identidad, el marm\u00f3reo \\\"nosotros\\\" ante el despectivo \\\"ellos\\\", esta ganando terreno al concepto de\",\"breadcrumb\":{\"@id\":\"https:\/\/deportesycomunicacion.com\/?p=9711#breadcrumb\"},\"inLanguage\":\"es\",\"potentialAction\":[{\"@type\":\"ReadAction\",\"target\":[\"https:\/\/deportesycomunicacion.com\/?p=9711\"]}]},{\"@type\":\"ImageObject\",\"inLanguage\":\"es\",\"@id\":\"https:\/\/deportesycomunicacion.com\/?p=9711#primaryimage\",\"url\":\"https:\/\/deportesycomunicacion.com\/wp-content\/uploads\/2026\/08\/serghei_topor-rome-1264224-scaled.jpg\",\"contentUrl\":\"https:\/\/deportesycomunicacion.com\/wp-content\/uploads\/2026\/08\/serghei_topor-rome-1264224-scaled.jpg\",\"width\":2560,\"height\":1600},{\"@type\":\"BreadcrumbList\",\"@id\":\"https:\/\/deportesycomunicacion.com\/?p=9711#breadcrumb\",\"itemListElement\":[{\"@type\":\"ListItem\",\"position\":1,\"name\":\"Portada\",\"item\":\"https:\/\/deportesycomunicacion.com\/\"},{\"@type\":\"ListItem\",\"position\":2,\"name\":\"\u00bfEspa\u00f1a te desconcierta?\"}]},{\"@type\":\"WebSite\",\"@id\":\"https:\/\/deportesycomunicacion.com\/#website\",\"url\":\"https:\/\/deportesycomunicacion.com\/\",\"name\":\"Deportes y Comunicaci\u00f3n\",\"description\":\"Powered by Ivan Ferrer\",\"publisher\":{\"@id\":\"https:\/\/deportesycomunicacion.com\/#organization\"},\"potentialAction\":[{\"@type\":\"SearchAction\",\"target\":{\"@type\":\"EntryPoint\",\"urlTemplate\":\"https:\/\/deportesycomunicacion.com\/?s={search_term_string}\"},\"query-input\":{\"@type\":\"PropertyValueSpecification\",\"valueRequired\":true,\"valueName\":\"search_term_string\"}}],\"inLanguage\":\"es\"},{\"@type\":\"Organization\",\"@id\":\"https:\/\/deportesycomunicacion.com\/#organization\",\"name\":\"Deportes y Comunicaci\u00f3n\",\"url\":\"https:\/\/deportesycomunicacion.com\/\",\"logo\":{\"@type\":\"ImageObject\",\"inLanguage\":\"es\",\"@id\":\"https:\/\/deportesycomunicacion.com\/#\/schema\/logo\/image\/\",\"url\":\"https:\/\/deportesycomunicacion.com\/wp-content\/uploads\/2013\/05\/cropped-Logo-Deportes-Comunicacion.jpg\",\"contentUrl\":\"https:\/\/deportesycomunicacion.com\/wp-content\/uploads\/2013\/05\/cropped-Logo-Deportes-Comunicacion.jpg\",\"width\":300,\"height\":65,\"caption\":\"Deportes y Comunicaci\u00f3n\"},\"image\":{\"@id\":\"https:\/\/deportesycomunicacion.com\/#\/schema\/logo\/image\/\"},\"sameAs\":[\"https:\/\/www.facebook.com\/ivan.ferrercayuela\",\"https:\/\/x.com\/IFC1976\"]},{\"@type\":\"Person\",\"@id\":\"https:\/\/deportesycomunicacion.com\/#\/schema\/person\/5bd536572b924420557d2db2f98bdd16\",\"name\":\"ivanferrer\",\"url\":\"https:\/\/deportesycomunicacion.com\/?author=2\"}]}<\/script>\n<!-- \/ Yoast SEO plugin. -->","yoast_head_json":{"title":"\u00bfEspa\u00f1a te desconcierta?","description":"En un momento hist\u00f3rico en el que parece que la identidad, el marm\u00f3reo \"nosotros\" ante el despectivo \"ellos\", esta ganando terreno al concepto de","robots":{"index":"index","follow":"follow","max-snippet":"max-snippet:-1","max-image-preview":"max-image-preview:large","max-video-preview":"max-video-preview:-1"},"canonical":"https:\/\/deportesycomunicacion.com\/?p=9711","og_locale":"es_ES","og_type":"article","og_title":"\u00bfEspa\u00f1a te desconcierta?","og_description":"En un momento hist\u00f3rico en el que parece que la identidad, el marm\u00f3reo \"nosotros\" ante el despectivo \"ellos\", esta ganando terreno al concepto de","og_url":"https:\/\/deportesycomunicacion.com\/?p=9711","og_site_name":"Deportes y Comunicaci\u00f3n","article_publisher":"https:\/\/www.facebook.com\/ivan.ferrercayuela","article_published_time":"2026-08-31T10:12:49+00:00","article_modified_time":"2026-08-31T10:12:50+00:00","og_image":[{"width":2560,"height":1600,"url":"http:\/\/deportesycomunicacion.com\/wp-content\/uploads\/2026\/08\/serghei_topor-rome-1264224-scaled.jpg","type":"image\/jpeg"}],"author":"ivanferrer","twitter_card":"summary_large_image","twitter_creator":"@IFC1976","twitter_site":"@IFC1976","twitter_misc":{"Escrito por":"ivanferrer","Tiempo de lectura":"2 minutos"},"schema":{"@context":"https:\/\/schema.org","@graph":[{"@type":"Article","@id":"https:\/\/deportesycomunicacion.com\/?p=9711#article","isPartOf":{"@id":"https:\/\/deportesycomunicacion.com\/?p=9711"},"author":{"name":"ivanferrer","@id":"https:\/\/deportesycomunicacion.com\/#\/schema\/person\/5bd536572b924420557d2db2f98bdd16"},"headline":"\u00bfEspa\u00f1a te desconcierta?","datePublished":"2026-08-31T10:12:49+00:00","dateModified":"2026-08-31T10:12:50+00:00","mainEntityOfPage":{"@id":"https:\/\/deportesycomunicacion.com\/?p=9711"},"wordCount":301,"publisher":{"@id":"https:\/\/deportesycomunicacion.com\/#organization"},"image":{"@id":"https:\/\/deportesycomunicacion.com\/?p=9711#primaryimage"},"thumbnailUrl":"https:\/\/deportesycomunicacion.com\/wp-content\/uploads\/2026\/08\/serghei_topor-rome-1264224-scaled.jpg","keywords":["CICLISMO","FUTBOL","INNOVACION","MARCA ESPA\u00d1A","RETRASO"],"articleSection":["CICLISMO","FUTBOL"],"inLanguage":"es"},{"@type":"WebPage","@id":"https:\/\/deportesycomunicacion.com\/?p=9711","url":"https:\/\/deportesycomunicacion.com\/?p=9711","name":"\u00bfEspa\u00f1a te desconcierta?","isPartOf":{"@id":"https:\/\/deportesycomunicacion.com\/#website"},"primaryImageOfPage":{"@id":"https:\/\/deportesycomunicacion.com\/?p=9711#primaryimage"},"image":{"@id":"https:\/\/deportesycomunicacion.com\/?p=9711#primaryimage"},"thumbnailUrl":"https:\/\/deportesycomunicacion.com\/wp-content\/uploads\/2026\/08\/serghei_topor-rome-1264224-scaled.jpg","datePublished":"2026-08-31T10:12:49+00:00","dateModified":"2026-08-31T10:12:50+00:00","description":"En un momento hist\u00f3rico en el que parece que la identidad, el marm\u00f3reo \"nosotros\" ante el despectivo \"ellos\", esta ganando terreno al concepto de","breadcrumb":{"@id":"https:\/\/deportesycomunicacion.com\/?p=9711#breadcrumb"},"inLanguage":"es","potentialAction":[{"@type":"ReadAction","target":["https:\/\/deportesycomunicacion.com\/?p=9711"]}]},{"@type":"ImageObject","inLanguage":"es","@id":"https:\/\/deportesycomunicacion.com\/?p=9711#primaryimage","url":"https:\/\/deportesycomunicacion.com\/wp-content\/uploads\/2026\/08\/serghei_topor-rome-1264224-scaled.jpg","contentUrl":"https:\/\/deportesycomunicacion.com\/wp-content\/uploads\/2026\/08\/serghei_topor-rome-1264224-scaled.jpg","width":2560,"height":1600},{"@type":"BreadcrumbList","@id":"https:\/\/deportesycomunicacion.com\/?p=9711#breadcrumb","itemListElement":[{"@type":"ListItem","position":1,"name":"Portada","item":"https:\/\/deportesycomunicacion.com\/"},{"@type":"ListItem","position":2,"name":"\u00bfEspa\u00f1a te desconcierta?"}]},{"@type":"WebSite","@id":"https:\/\/deportesycomunicacion.com\/#website","url":"https:\/\/deportesycomunicacion.com\/","name":"Deportes y Comunicaci\u00f3n","description":"Powered by Ivan Ferrer","publisher":{"@id":"https:\/\/deportesycomunicacion.com\/#organization"},"potentialAction":[{"@type":"SearchAction","target":{"@type":"EntryPoint","urlTemplate":"https:\/\/deportesycomunicacion.com\/?s={search_term_string}"},"query-input":{"@type":"PropertyValueSpecification","valueRequired":true,"valueName":"search_term_string"}}],"inLanguage":"es"},{"@type":"Organization","@id":"https:\/\/deportesycomunicacion.com\/#organization","name":"Deportes y Comunicaci\u00f3n","url":"https:\/\/deportesycomunicacion.com\/","logo":{"@type":"ImageObject","inLanguage":"es","@id":"https:\/\/deportesycomunicacion.com\/#\/schema\/logo\/image\/","url":"https:\/\/deportesycomunicacion.com\/wp-content\/uploads\/2013\/05\/cropped-Logo-Deportes-Comunicacion.jpg","contentUrl":"https:\/\/deportesycomunicacion.com\/wp-content\/uploads\/2013\/05\/cropped-Logo-Deportes-Comunicacion.jpg","width":300,"height":65,"caption":"Deportes y Comunicaci\u00f3n"},"image":{"@id":"https:\/\/deportesycomunicacion.com\/#\/schema\/logo\/image\/"},"sameAs":["https:\/\/www.facebook.com\/ivan.ferrercayuela","https:\/\/x.com\/IFC1976"]},{"@type":"Person","@id":"https:\/\/deportesycomunicacion.com\/#\/schema\/person\/5bd536572b924420557d2db2f98bdd16","name":"ivanferrer","url":"https:\/\/deportesycomunicacion.com\/?author=2"}]}},"_links":{"self":[{"href":"https:\/\/deportesycomunicacion.com\/index.php?rest_route=\/wp\/v2\/posts\/9711","targetHints":{"allow":["GET"]}}],"collection":[{"href":"https:\/\/deportesycomunicacion.com\/index.php?rest_route=\/wp\/v2\/posts"}],"about":[{"href":"https:\/\/deportesycomunicacion.com\/index.php?rest_route=\/wp\/v2\/types\/post"}],"author":[{"embeddable":true,"href":"https:\/\/deportesycomunicacion.com\/index.php?rest_route=\/wp\/v2\/users\/2"}],"replies":[{"embeddable":true,"href":"https:\/\/deportesycomunicacion.com\/index.php?rest_route=%2Fwp%2Fv2%2Fcomments&post=9711"}],"version-history":[{"count":4,"href":"https:\/\/deportesycomunicacion.com\/index.php?rest_route=\/wp\/v2\/posts\/9711\/revisions"}],"predecessor-version":[{"id":9716,"href":"https:\/\/deportesycomunicacion.com\/index.php?rest_route=\/wp\/v2\/posts\/9711\/revisions\/9716"}],"wp:featuredmedia":[{"embeddable":true,"href":"https:\/\/deportesycomunicacion.com\/index.php?rest_route=\/wp\/v2\/media\/9714"}],"wp:attachment":[{"href":"https:\/\/deportesycomunicacion.com\/index.php?rest_route=%2Fwp%2Fv2%2Fmedia&parent=9711"}],"wp:term":[{"taxonomy":"category","embeddable":true,"href":"https:\/\/deportesycomunicacion.com\/index.php?rest_route=%2Fwp%2Fv2%2Fcategories&post=9711"},{"taxonomy":"post_tag","embeddable":true,"href":"https:\/\/deportesycomunicacion.com\/index.php?rest_route=%2Fwp%2Fv2%2Ftags&post=9711"}],"curies":[{"name":"wp","href":"https:\/\/api.w.org\/{rel}","templated":true}]}}